{"id":10848,"date":"2016-01-08T15:23:14","date_gmt":"2016-01-08T14:23:14","guid":{"rendered":"http:\/\/blog.zeit.de\/teilchen\/?p=10848"},"modified":"2016-01-08T15:39:14","modified_gmt":"2016-01-08T14:39:14","slug":"claus-kleber-dunja-hayali-goldene-kamera","status":"publish","type":"post","link":"https:\/\/blog.zeit.de\/teilchen\/2016\/01\/08\/claus-kleber-dunja-hayali-goldene-kamera\/","title":{"rendered":"Und pl\u00f6tzlich ruft Claus Kleber an"},"content":{"rendered":"<p>https:\/\/www.youtube.com\/watch?v=SwFTPGanBio<\/p>\n<p>Eigentlich erwartet Dunja Hayali einen gewissen Karl Weber aus Eltville am Telefon. Im <em>ZDF-Morgenmagazin<\/em> steht am Freitag das t\u00e4gliche Quiz an, es geht um die Moma-Tasse, Anrufer gegen Studiogast. Aber in der Leitung ist gar nicht Herr Weber. In der Leitung ist Herr Kleber. Claus Kleber. Mit einer \u00dcberraschung.<!--more--><\/p>\n<p>Der <em>heute-journal<\/em>-Moderator gibt zun\u00e4chst selbst den \u00dcberraschten (&#8222;Wie komme ich denn jetzt in diese Leitung?&#8220;), doch dann l\u00f6st er schnell auf: &#8222;Ich rufe dich an, um dir zu sagen, dass du ein spektakul\u00e4res Kleid anziehen musst am 6. Februar.&#8220; Keine <em>Versteckte Kamera<\/em>. Kein Witz. Dunja Hayali wird mit der Goldenen Kamera ausgezeichnet, f\u00fcr ihre Leistung als Journalistin und Reporterin, etwa zu Fl\u00fcchtlingsthemen. Und w\u00e4hrend Hayali selbst noch f\u00fcrchtet, ver\u00e4ppelt zu werden, stellt ihr <em>Morgenmagazin<\/em>-Kollege Mitri Sirin schon eine Nachbildung der Goldenen Kamera auf den Tisch.<\/p>\n<p>Die Ehrung d\u00fcrfte Hayali auch f\u00fcr einen Beitrag aus dem vergangenen Oktober erhalten. <a href=\"https:\/\/blog.zeit.de\/teilchen\/2015\/10\/30\/demonstration-alternative-fuer-deutschland-erfurt-zdf-interviews\/\" target=\"_blank\">Damals war die Reporterin bei einer von der AfD organisierten Demo in Erfurt und sprach mit den Teilnehmern \u00fcber die Gr\u00fcnde f\u00fcr ihren Protest<\/a>. Im Netz ver\u00f6ffentlichte die Redaktion anschlie\u00dfend einen Film von 26 Minuten, das ungek\u00fcrzte Interview. Auch in den Sozialen Netzwerken bezieht die Journalistin immer wieder Stellung gegen Fremdenfeindlichkeit. In ihrem neuesten Posting auf Facebook sagt sie vor allem eines: Danke!<\/p>\n<div class=\"fb-post\" data-href=\"https:\/\/www.facebook.com\/DunjaHayali\/posts\/934270579960776\" data-width=\"552\" style=\"background-color: #fff; display: inline-block;\"><\/div>\n<p><em>Weitere <a href=\"https:\/\/blog.zeit.de\/teilchen\/\" target=\"_blank\">Teilchen gibt es hier<\/a>.<\/em><\/p>\n","protected":false},"excerpt":{"rendered":"<p>https:\/\/www.youtube.com\/watch?v=SwFTPGanBio Eigentlich erwartet Dunja Hayali einen gewissen Karl Weber aus Eltville am Telefon. Im ZDF-Morgenmagazin steht am Freitag das t\u00e4gliche Quiz an, es geht [\u2026]<\/p>\n","protected":false},"author":556,"featured_media":10851,"comment_status":"open","ping_status":"closed","sticky":false,"template":"","format":"standard","meta":{"_jetpack_memberships_contains_paid_content":false,"footnotes":""},"categories":[28],"tags":[],"class_list":["post-10848","post","type-post","status-publish","format-standard","has-post-thumbnail","hentry","category-video"],"yoast_head":"<!-- This site is optimized with the Yoast SEO plugin v21.0 - https:\/\/yoast.com\/wordpress\/plugins\/seo\/ -->\n<title>Und pl\u00f6tzlich klingelt Claus Kleber durch<\/title>\n<meta name=\"description\" content=\"Dunja Hayali wird diesen Anruf von Claus Kleber nicht so schnell vergessen.\" \/>\n<meta name=\"robots\" content=\"index, follow, max-snippet:-1, max-image-preview:large, max-video-preview:-1\" \/>\n<link rel=\"canonical\" href=\"https:\/\/blog.zeit.de\/teilchen\/2016\/01\/08\/claus-kleber-dunja-hayali-goldene-kamera\/\" \/>\n<meta property=\"og:locale\" content=\"de_DE\" \/>\n<meta property=\"og:type\" content=\"article\" \/>\n<meta property=\"og:title\" content=\"Und pl\u00f6tzlich klingelt Claus Kleber durch\" \/>\n<meta property=\"og:description\" content=\"Dunja Hayali wird diesen Anruf von Claus Kleber nicht so schnell vergessen.\" \/>\n<meta property=\"og:url\" content=\"https:\/\/blog.zeit.de\/teilchen\/2016\/01\/08\/claus-kleber-dunja-hayali-goldene-kamera\/\" \/>\n<meta property=\"og:site_name\" content=\"Teilchen\" \/>\n<meta property=\"article:published_time\" content=\"2016-01-08T14:23:14+00:00\" \/>\n<meta property=\"article:modified_time\" content=\"2016-01-08T14:39:14+00:00\" \/>\n<meta property=\"og:image\" content=\"https:\/\/blog.zeit.de\/teilchen\/files\/2016\/01\/hayali.jpg\" \/>\n\t<meta property=\"og:image:width\" content=\"1280\" \/>\n\t<meta property=\"og:image:height\" content=\"720\" \/>\n\t<meta property=\"og:image:type\" content=\"image\/jpeg\" \/>\n<meta name=\"author\" content=\"Tobias Dorfer\" \/>\n<meta name=\"twitter:card\" content=\"summary_large_image\" \/>\n<meta name=\"twitter:creator\" content=\"@tobiasdorfer\" \/>\n<meta name=\"twitter:site\" content=\"@zeitonline\" \/>\n<meta name=\"twitter:label1\" content=\"Geschrieben von\" \/>\n\t<meta name=\"twitter:data1\" content=\"Tobias Dorfer\" \/>\n\t<meta name=\"twitter:label2\" content=\"Gesch\u00e4tzte Lesezeit\" \/>\n\t<meta name=\"twitter:data2\" content=\"1\u00a0Minute\" \/>\n<script type=\"application\/ld+json\" class=\"yoast-schema-graph\">{\"@context\":\"https:\/\/schema.org\",\"@graph\":[{\"@type\":\"WebPage\",\"@id\":\"https:\/\/blog.zeit.de\/teilchen\/2016\/01\/08\/claus-kleber-dunja-hayali-goldene-kamera\/\",\"url\":\"https:\/\/blog.zeit.de\/teilchen\/2016\/01\/08\/claus-kleber-dunja-hayali-goldene-kamera\/\",\"name\":\"Und pl\u00f6tzlich klingelt Claus Kleber durch\",\"isPartOf\":{\"@id\":\"https:\/\/blog.zeit.de\/teilchen\/#website\"},\"datePublished\":\"2016-01-08T14:23:14+00:00\",\"dateModified\":\"2016-01-08T14:39:14+00:00\",\"author\":{\"@id\":\"https:\/\/blog.zeit.de\/teilchen\/#\/schema\/person\/e90ba849254185115fd919d4fad07dc0\"},\"description\":\"Dunja Hayali wird diesen Anruf von Claus Kleber nicht so schnell vergessen.\",\"breadcrumb\":{\"@id\":\"https:\/\/blog.zeit.de\/teilchen\/2016\/01\/08\/claus-kleber-dunja-hayali-goldene-kamera\/#breadcrumb\"},\"inLanguage\":\"de\",\"potentialAction\":[{\"@type\":\"ReadAction\",\"target\":[\"https:\/\/blog.zeit.de\/teilchen\/2016\/01\/08\/claus-kleber-dunja-hayali-goldene-kamera\/\"]}]},{\"@type\":\"BreadcrumbList\",\"@id\":\"https:\/\/blog.zeit.de\/teilchen\/2016\/01\/08\/claus-kleber-dunja-hayali-goldene-kamera\/#breadcrumb\",\"itemListElement\":[{\"@type\":\"ListItem\",\"position\":1,\"name\":\"Startseite\",\"item\":\"https:\/\/blog.zeit.de\/teilchen\/\"},{\"@type\":\"ListItem\",\"position\":2,\"name\":\"Und pl\u00f6tzlich ruft Claus Kleber an\"}]},{\"@type\":\"WebSite\",\"@id\":\"https:\/\/blog.zeit.de\/teilchen\/#website\",\"url\":\"https:\/\/blog.zeit.de\/teilchen\/\",\"name\":\"Teilchen\",\"description\":\"Im Netz verstecken sich kleine Sch\u00e4tze - ZEIT ONLINE findet sie.\",\"potentialAction\":[{\"@type\":\"SearchAction\",\"target\":{\"@type\":\"EntryPoint\",\"urlTemplate\":\"https:\/\/blog.zeit.de\/teilchen\/?s={search_term_string}\"},\"query-input\":\"required name=search_term_string\"}],\"inLanguage\":\"de\"},{\"@type\":\"Person\",\"@id\":\"https:\/\/blog.zeit.de\/teilchen\/#\/schema\/person\/e90ba849254185115fd919d4fad07dc0\",\"name\":\"Tobias Dorfer\",\"image\":{\"@type\":\"ImageObject\",\"inLanguage\":\"de\",\"@id\":\"https:\/\/blog.zeit.de\/teilchen\/#\/schema\/person\/image\/\",\"url\":\"https:\/\/secure.gravatar.com\/avatar\/0021e1a3fe9f799912804bcca6f1bcbbe58ee3bf29c8f714a0f453695a888d0a?s=96&d=mm&r=g\",\"contentUrl\":\"https:\/\/secure.gravatar.com\/avatar\/0021e1a3fe9f799912804bcca6f1bcbbe58ee3bf29c8f714a0f453695a888d0a?s=96&d=mm&r=g\",\"caption\":\"Tobias Dorfer\"},\"description\":\"Teamleiter Social Media bei ZEIT ONLINE. Zuvor sieben Jahre bei S\u00fcddeutsche.de, als Redakteur im Wirtschafts- und Regional-Ressort sowie Editorial SEO. Ausbildung an der Deutschen Journalistenschule in M\u00fcnchen mit Hospitanzen bei S\u00fcddeutsche Zeitung, SPIEGEL und SPIEGEL Online.\",\"sameAs\":[\"https:\/\/twitter.com\/tobiasdorfer\"],\"url\":\"https:\/\/blog.zeit.de\/teilchen\/author\/tdorfer\/\"}]}<\/script>\n<!-- \/ Yoast SEO plugin. -->","yoast_head_json":{"title":"Und pl\u00f6tzlich klingelt Claus Kleber durch","description":"Dunja Hayali wird diesen Anruf von Claus Kleber nicht so schnell vergessen.","robots":{"index":"index","follow":"follow","max-snippet":"max-snippet:-1","max-image-preview":"max-image-preview:large","max-video-preview":"max-video-preview:-1"},"canonical":"https:\/\/blog.zeit.de\/teilchen\/2016\/01\/08\/claus-kleber-dunja-hayali-goldene-kamera\/","og_locale":"de_DE","og_type":"article","og_title":"Und pl\u00f6tzlich klingelt Claus Kleber durch","og_description":"Dunja Hayali wird diesen Anruf von Claus Kleber nicht so schnell vergessen.","og_url":"https:\/\/blog.zeit.de\/teilchen\/2016\/01\/08\/claus-kleber-dunja-hayali-goldene-kamera\/","og_site_name":"Teilchen","article_published_time":"2016-01-08T14:23:14+00:00","article_modified_time":"2016-01-08T14:39:14+00:00","og_image":[{"width":1280,"height":720,"url":"https:\/\/blog.zeit.de\/teilchen\/files\/2016\/01\/hayali.jpg","type":"image\/jpeg"}],"author":"Tobias Dorfer","twitter_card":"summary_large_image","twitter_creator":"@tobiasdorfer","twitter_site":"@zeitonline","twitter_misc":{"Geschrieben von":"Tobias Dorfer","Gesch\u00e4tzte Lesezeit":"1\u00a0Minute"},"schema":{"@context":"https:\/\/schema.org","@graph":[{"@type":"WebPage","@id":"https:\/\/blog.zeit.de\/teilchen\/2016\/01\/08\/claus-kleber-dunja-hayali-goldene-kamera\/","url":"https:\/\/blog.zeit.de\/teilchen\/2016\/01\/08\/claus-kleber-dunja-hayali-goldene-kamera\/","name":"Und pl\u00f6tzlich klingelt Claus Kleber durch","isPartOf":{"@id":"https:\/\/blog.zeit.de\/teilchen\/#website"},"datePublished":"2016-01-08T14:23:14+00:00","dateModified":"2016-01-08T14:39:14+00:00","author":{"@id":"https:\/\/blog.zeit.de\/teilchen\/#\/schema\/person\/e90ba849254185115fd919d4fad07dc0"},"description":"Dunja Hayali wird diesen Anruf von Claus Kleber nicht so schnell vergessen.","breadcrumb":{"@id":"https:\/\/blog.zeit.de\/teilchen\/2016\/01\/08\/claus-kleber-dunja-hayali-goldene-kamera\/#breadcrumb"},"inLanguage":"de","potentialAction":[{"@type":"ReadAction","target":["https:\/\/blog.zeit.de\/teilchen\/2016\/01\/08\/claus-kleber-dunja-hayali-goldene-kamera\/"]}]},{"@type":"BreadcrumbList","@id":"https:\/\/blog.zeit.de\/teilchen\/2016\/01\/08\/claus-kleber-dunja-hayali-goldene-kamera\/#breadcrumb","itemListElement":[{"@type":"ListItem","position":1,"name":"Startseite","item":"https:\/\/blog.zeit.de\/teilchen\/"},{"@type":"ListItem","position":2,"name":"Und pl\u00f6tzlich ruft Claus Kleber an"}]},{"@type":"WebSite","@id":"https:\/\/blog.zeit.de\/teilchen\/#website","url":"https:\/\/blog.zeit.de\/teilchen\/","name":"Teilchen","description":"Im Netz verstecken sich kleine Sch\u00e4tze - ZEIT ONLINE findet sie.","potentialAction":[{"@type":"SearchAction","target":{"@type":"EntryPoint","urlTemplate":"https:\/\/blog.zeit.de\/teilchen\/?s={search_term_string}"},"query-input":"required name=search_term_string"}],"inLanguage":"de"},{"@type":"Person","@id":"https:\/\/blog.zeit.de\/teilchen\/#\/schema\/person\/e90ba849254185115fd919d4fad07dc0","name":"Tobias Dorfer","image":{"@type":"ImageObject","inLanguage":"de","@id":"https:\/\/blog.zeit.de\/teilchen\/#\/schema\/person\/image\/","url":"https:\/\/secure.gravatar.com\/avatar\/0021e1a3fe9f799912804bcca6f1bcbbe58ee3bf29c8f714a0f453695a888d0a?s=96&d=mm&r=g","contentUrl":"https:\/\/secure.gravatar.com\/avatar\/0021e1a3fe9f799912804bcca6f1bcbbe58ee3bf29c8f714a0f453695a888d0a?s=96&d=mm&r=g","caption":"Tobias Dorfer"},"description":"Teamleiter Social Media bei ZEIT ONLINE. Zuvor sieben Jahre bei S\u00fcddeutsche.de, als Redakteur im Wirtschafts- und Regional-Ressort sowie Editorial SEO. Ausbildung an der Deutschen Journalistenschule in M\u00fcnchen mit Hospitanzen bei S\u00fcddeutsche Zeitung, SPIEGEL und SPIEGEL Online.","sameAs":["https:\/\/twitter.com\/tobiasdorfer"],"url":"https:\/\/blog.zeit.de\/teilchen\/author\/tdorfer\/"}]}},"jetpack_featured_media_url":"https:\/\/blog.zeit.de\/teilchen\/files\/2016\/01\/hayali.jpg","jetpack_sharing_enabled":true,"_links":{"self":[{"href":"https:\/\/blog.zeit.de\/teilchen\/wp-json\/wp\/v2\/posts\/10848","targetHints":{"allow":["GET"]}}],"collection":[{"href":"https:\/\/blog.zeit.de\/teilchen\/wp-json\/wp\/v2\/posts"}],"about":[{"href":"https:\/\/blog.zeit.de\/teilchen\/wp-json\/wp\/v2\/types\/post"}],"author":[{"embeddable":true,"href":"https:\/\/blog.zeit.de\/teilchen\/wp-json\/wp\/v2\/users\/556"}],"replies":[{"embeddable":true,"href":"https:\/\/blog.zeit.de\/teilchen\/wp-json\/wp\/v2\/comments?post=10848"}],"version-history":[{"count":9,"href":"https:\/\/blog.zeit.de\/teilchen\/wp-json\/wp\/v2\/posts\/10848\/revisions"}],"predecessor-version":[{"id":10863,"href":"https:\/\/blog.zeit.de\/teilchen\/wp-json\/wp\/v2\/posts\/10848\/revisions\/10863"}],"wp:featuredmedia":[{"embeddable":true,"href":"https:\/\/blog.zeit.de\/teilchen\/wp-json\/wp\/v2\/media\/10851"}],"wp:attachment":[{"href":"https:\/\/blog.zeit.de\/teilchen\/wp-json\/wp\/v2\/media?parent=10848"}],"wp:term":[{"taxonomy":"category","embeddable":true,"href":"https:\/\/blog.zeit.de\/teilchen\/wp-json\/wp\/v2\/categories?post=10848"},{"taxonomy":"post_tag","embeddable":true,"href":"https:\/\/blog.zeit.de\/teilchen\/wp-json\/wp\/v2\/tags?post=10848"}],"curies":[{"name":"wp","href":"https:\/\/api.w.org\/{rel}","templated":true}]}}