{"id":10903,"date":"2016-01-14T10:01:43","date_gmt":"2016-01-14T09:01:43","guid":{"rendered":"http:\/\/blog.zeit.de\/teilchen\/?p=10903"},"modified":"2016-01-14T17:14:03","modified_gmt":"2016-01-14T16:14:03","slug":"mutter-el-chapo-kommentar-gefaengnis","status":"publish","type":"post","link":"https:\/\/blog.zeit.de\/teilchen\/2016\/01\/14\/mutter-el-chapo-kommentar-gefaengnis\/","title":{"rendered":"&#8222;Gott will nicht, dass mein Sohn im Gef\u00e4ngnis sitzt&#8220;"},"content":{"rendered":"<p><figure id=\"attachment_10943\" aria-describedby=\"caption-attachment-10943\" style=\"width: 620px\" class=\"wp-caption aligncenter\"><img loading=\"lazy\" decoding=\"async\" class=\"wp-image-10943 size-medium\" src=\"https:\/\/blog.zeit.de\/teilchen\/files\/2016\/01\/elchapo11-620x348.jpg\" alt=\"Die Mexikaner trauen El Chapo erneuten Ausbruch zu\" width=\"620\" height=\"348\" srcset=\"https:\/\/blog.zeit.de\/teilchen\/files\/2016\/01\/elchapo11-620x348.jpg 620w, https:\/\/blog.zeit.de\/teilchen\/files\/2016\/01\/elchapo11.jpg 1000w\" sizes=\"auto, (max-width: 620px) 100vw, 620px\" \/><figcaption id=\"caption-attachment-10943\" class=\"wp-caption-text\">Joaqu\u00edn Guzm\u00e1n nach seiner neuesten Festnahme \u00a9 Xinhua\/dpa<\/figcaption><\/figure><\/p>\n<p>Zwei Mal ist Joaqu\u00edn Guzm\u00e1n alias El Chapo schon aus mexikanischen Hochsicherheitsgef\u00e4ngnissen ausgebrochen \u2013 das erste Mal im Januar 2001 in einem W\u00e4schetransporter, das zweite Mal <a href=\"http:\/\/www.zeit.de\/politik\/ausland\/2015-07\/el-chapo-mexiko-korruption-politiker\" target=\"_blank\">im vergangenen Sommer per Motorrad durch einen Tunnel<\/a>. Das sind die offiziellen Versionen. Viele Mexikaner glauben sie nicht. Sie vermuten, dass der Mafiaboss, <a href=\"https:\/\/de.wikipedia.org\/wiki\/The_World%E2%80%99s_Most_Powerful_People#cite_note-3\" target=\"_blank\">vom Magazin <em>Forbes<\/em> lange als eine der m\u00e4chtigsten Personen der Welt gelistet<\/a>, beide Male mit den Beh\u00f6rden einen Deal geschlossen hat. Der <a href=\"http:\/\/www.theguardian.com\/books\/2014\/nov\/21\/narcoland-the-mexican-drugs-lords-and-their-godfathers-by-anabel-hernandez-review\" target=\"_blank\">Journalistin Anabel Hern\u00e1ndez<\/a> zufolge soll der ehemalige Pr\u00e4sident <a href=\"https:\/\/de.wikipedia.org\/wiki\/Joaqu%C3%ADn_Guzm%C3%A1n\" target=\"_blank\">Vicente Fox Millionen von Guzm\u00e1n daf\u00fcr erhalten haben<\/a>, dass er seinen ersten Ausbruch erm\u00f6glichte.<\/p>\n<p><!--more--><\/p>\n<p>Vor seiner Festnahme k\u00f6nnte El Chapo versucht haben, mit der aktuellen mexikanischen Regierung ins Gesch\u00e4ft zu kommen. Das jedenfalls <a href=\"http:\/\/www.eluniversal.com.mx\/entrada-de-opinion\/articulo\/alejandro-hope\/nacion\/2016\/01\/12\/el-chapo-y-su-entrevista-algo-mas-que\" target=\"_blank\">vermutet der Sicherheitsberater Alejandro Hope.<\/a> Warum sonst h\u00e4tte der Drogenbaron das Risiko eingehen sollen, sich als meistgesuchte Person des Landes von Sean Penn und Kate del Castillo interviewen zu lassen? <a href=\"http:\/\/www.eldailypost.com\/opinion\/2016\/01\/five-reasons-why-el-chapo-could-escape-again\/\" target=\"_blank\">Hope glaubt: Es ist sehr wahrscheinlich, dass Joaqu\u00edn Guzm\u00e1n auch dieses Mal wieder entkommt.<\/a> Der Mafiaboss sei in einem Gef\u00e4ngnis, das er und seine Leute sehr gut kennten. Sie h\u00e4tten die Baupl\u00e4ne. Und \u2013 noch wichtiger: Die W\u00e4rter seien heute ebenso schlecht ausgebildet und bezahlt wie zur Zeit von El Chapos letzter Flucht. &#8222;Er hat die Mittel, das Motiv, und die Erfahrung, einen weiteren Stunt zu versuchen&#8220;, schreibt Hope.<\/p>\n<p>In einer aktuellen <a href=\"http:\/\/interactivo.eluniversal.com.mx\/online\/PDF_16\/PDF_encuesta_chapo.pdf\" target=\"_blank\">Umfrage der Zeitung <em>El Universal<\/em> sagen 77 Prozent der Befragten,<\/a> dass El Chapo wieder ausbrechen werde. Immerhin: 41 Prozent glauben, dass der echte Joaqu\u00edn Guzm\u00e1n festgesetzt wurde und kein Double. Es spricht B\u00e4nde, dass die Zeitung diese Frage \u00fcberhaupt stellt. Und mehr als die H\u00e4lfte findet, <a href=\"http:\/\/www.latinario.de\/2016\/01\/wird-el-chapo-wirklich-ausgeliefert\/\" target=\"_blank\">der Drogenboss m\u00fcsse jetzt an die USA ausgeliefert werden. <\/a><\/p>\n<p><figure id=\"attachment_10914\" aria-describedby=\"caption-attachment-10914\" style=\"width: 620px\" class=\"wp-caption aligncenter\"><img loading=\"lazy\" decoding=\"async\" class=\"wp-image-10914 size-medium\" src=\"https:\/\/blog.zeit.de\/teilchen\/files\/2016\/01\/Bildschirmfoto-2016-01-13-um-15.52.07-620x288.png\" alt=\"Die Infografik der Zeitung El Universal zur Umfrage\" width=\"620\" height=\"288\" srcset=\"https:\/\/blog.zeit.de\/teilchen\/files\/2016\/01\/Bildschirmfoto-2016-01-13-um-15.52.07-620x288.png 620w, https:\/\/blog.zeit.de\/teilchen\/files\/2016\/01\/Bildschirmfoto-2016-01-13-um-15.52.07-1024x476.png 1024w\" sizes=\"auto, (max-width: 620px) 100vw, 620px\" \/><figcaption id=\"caption-attachment-10914\" class=\"wp-caption-text\">Die Infografik der Zeitung <em>El Universal<\/em> zur Umfrage \u00a9 Screenshot <em>El Universal<\/em><\/figcaption><\/figure><\/p>\n<p>In Mexiko ist die Festnahme von Guzm\u00e1n derzeit das alles bestimmende Thema. Die Zeitschrift <em>Proceso <\/em>widmete ihr eine Titelgeschichte: &#8222;Die Dem\u00fctigung&#8220; hei\u00dft sie, bebildert mit dem Foto des Verhafteten in Handschellen und schmutzigem Unterhemd, mit leerem Blick ins Nichts starrend. Im Heft steht auch eine Reportage \u00fcber die Mutter von El Chapo. Sie wird als einfache, religi\u00f6se Frau gezeichnet, die auf himmlischen Beistand vertraut: &#8222;<a href=\"http:\/\/www.proceso.com.mx\/?p=425742\" target=\"_blank\">Gott will nicht, dass mein Sohn im Gef\u00e4ngnis sitzt&#8220;, sagt sie.<\/a> &#8222;Deshalb gibt er ihm die Mittel, auszubrechen. Die Regierung versteht das nicht.&#8220;<\/p>\n<p>Das Gespr\u00e4ch mit Consuelo Loera P\u00e9rez f\u00fchrten die Journalisten vor der erneuten Festnahme ihres Sohnes. Wom\u00f6glich wird ihr Glaube, ihr Sohn geh\u00f6re in die Freiheit, sich aber erf\u00fcllen. Ob durch himmlischen oder irdischen Beistand.<\/p>\n<p><em>Weitere <a href=\"https:\/\/blog.zeit.de\/teilchen\/\" target=\"_blank\">Teilchen gibt es hier<\/a>.<\/em><\/p>\n","protected":false},"excerpt":{"rendered":"<p>Zwei Mal ist Joaqu\u00edn Guzm\u00e1n alias El Chapo schon aus mexikanischen Hochsicherheitsgef\u00e4ngnissen ausgebrochen \u2013 das erste Mal im Januar 2001 in einem W\u00e4schetransporter, das [\u2026]<\/p>\n","protected":false},"author":362,"featured_media":10943,"comment_status":"open","ping_status":"closed","sticky":false,"template":"","format":"standard","meta":{"_jetpack_memberships_contains_paid_content":false,"footnotes":""},"categories":[29747],"tags":[],"class_list":["post-10903","post","type-post","status-publish","format-standard","has-post-thumbnail","hentry","category-geschichten"],"yoast_head":"<!-- This site is optimized with the Yoast SEO plugin v21.0 - https:\/\/yoast.com\/wordpress\/plugins\/seo\/ -->\n<title>Die Mexikaner trauen El Chapo erneuten Ausbruch zu<\/title>\n<meta name=\"description\" content=\"Zwei Mal ist El Chapo schon aus Hochsicherheitsgef\u00e4ngnissen ausgebrochen. 77 Prozent der Mexikaner glauben, dass er es wieder schafft.\" \/>\n<meta name=\"robots\" content=\"index, follow, max-snippet:-1, max-image-preview:large, max-video-preview:-1\" \/>\n<link rel=\"canonical\" href=\"https:\/\/blog.zeit.de\/teilchen\/2016\/01\/14\/mutter-el-chapo-kommentar-gefaengnis\/\" \/>\n<meta property=\"og:locale\" content=\"de_DE\" \/>\n<meta property=\"og:type\" content=\"article\" \/>\n<meta property=\"og:title\" content=\"Die Mexikaner trauen El Chapo erneuten Ausbruch zu\" \/>\n<meta property=\"og:description\" content=\"Zwei Mal ist El Chapo schon aus Hochsicherheitsgef\u00e4ngnissen ausgebrochen. 77 Prozent der Mexikaner glauben, dass er es wieder schafft.\" \/>\n<meta property=\"og:url\" content=\"https:\/\/blog.zeit.de\/teilchen\/2016\/01\/14\/mutter-el-chapo-kommentar-gefaengnis\/\" \/>\n<meta property=\"og:site_name\" content=\"Teilchen\" \/>\n<meta property=\"article:published_time\" content=\"2016-01-14T09:01:43+00:00\" \/>\n<meta property=\"article:modified_time\" content=\"2016-01-14T16:14:03+00:00\" \/>\n<meta property=\"og:image\" content=\"https:\/\/blog.zeit.de\/teilchen\/files\/2016\/01\/elchapo11.jpg\" \/>\n\t<meta property=\"og:image:width\" content=\"1000\" \/>\n\t<meta property=\"og:image:height\" content=\"562\" \/>\n\t<meta property=\"og:image:type\" content=\"image\/jpeg\" \/>\n<meta name=\"author\" content=\"Alexandra Endres\" \/>\n<meta name=\"twitter:card\" content=\"summary_large_image\" \/>\n<meta name=\"twitter:creator\" content=\"@zeitonline\" \/>\n<meta name=\"twitter:site\" content=\"@zeitonline\" \/>\n<meta name=\"twitter:label1\" content=\"Geschrieben von\" \/>\n\t<meta name=\"twitter:data1\" content=\"Alexandra Endres\" \/>\n\t<meta name=\"twitter:label2\" content=\"Gesch\u00e4tzte Lesezeit\" \/>\n\t<meta name=\"twitter:data2\" content=\"2\u00a0Minuten\" \/>\n<script type=\"application\/ld+json\" class=\"yoast-schema-graph\">{\"@context\":\"https:\/\/schema.org\",\"@graph\":[{\"@type\":\"WebPage\",\"@id\":\"https:\/\/blog.zeit.de\/teilchen\/2016\/01\/14\/mutter-el-chapo-kommentar-gefaengnis\/\",\"url\":\"https:\/\/blog.zeit.de\/teilchen\/2016\/01\/14\/mutter-el-chapo-kommentar-gefaengnis\/\",\"name\":\"Die Mexikaner trauen El Chapo erneuten Ausbruch zu\",\"isPartOf\":{\"@id\":\"https:\/\/blog.zeit.de\/teilchen\/#website\"},\"datePublished\":\"2016-01-14T09:01:43+00:00\",\"dateModified\":\"2016-01-14T16:14:03+00:00\",\"author\":{\"@id\":\"https:\/\/blog.zeit.de\/teilchen\/#\/schema\/person\/9800073d6d9fe684355572d5262cdf1b\"},\"description\":\"Zwei Mal ist El Chapo schon aus Hochsicherheitsgef\u00e4ngnissen ausgebrochen. 77 Prozent der Mexikaner glauben, dass er es wieder schafft.\",\"breadcrumb\":{\"@id\":\"https:\/\/blog.zeit.de\/teilchen\/2016\/01\/14\/mutter-el-chapo-kommentar-gefaengnis\/#breadcrumb\"},\"inLanguage\":\"de\",\"potentialAction\":[{\"@type\":\"ReadAction\",\"target\":[\"https:\/\/blog.zeit.de\/teilchen\/2016\/01\/14\/mutter-el-chapo-kommentar-gefaengnis\/\"]}]},{\"@type\":\"BreadcrumbList\",\"@id\":\"https:\/\/blog.zeit.de\/teilchen\/2016\/01\/14\/mutter-el-chapo-kommentar-gefaengnis\/#breadcrumb\",\"itemListElement\":[{\"@type\":\"ListItem\",\"position\":1,\"name\":\"Startseite\",\"item\":\"https:\/\/blog.zeit.de\/teilchen\/\"},{\"@type\":\"ListItem\",\"position\":2,\"name\":\"&#8222;Gott will nicht, dass mein Sohn im Gef\u00e4ngnis sitzt&#8220;\"}]},{\"@type\":\"WebSite\",\"@id\":\"https:\/\/blog.zeit.de\/teilchen\/#website\",\"url\":\"https:\/\/blog.zeit.de\/teilchen\/\",\"name\":\"Teilchen\",\"description\":\"Im Netz verstecken sich kleine Sch\u00e4tze - ZEIT ONLINE findet sie.\",\"potentialAction\":[{\"@type\":\"SearchAction\",\"target\":{\"@type\":\"EntryPoint\",\"urlTemplate\":\"https:\/\/blog.zeit.de\/teilchen\/?s={search_term_string}\"},\"query-input\":\"required name=search_term_string\"}],\"inLanguage\":\"de\"},{\"@type\":\"Person\",\"@id\":\"https:\/\/blog.zeit.de\/teilchen\/#\/schema\/person\/9800073d6d9fe684355572d5262cdf1b\",\"name\":\"Alexandra Endres\",\"image\":{\"@type\":\"ImageObject\",\"inLanguage\":\"de\",\"@id\":\"https:\/\/blog.zeit.de\/teilchen\/#\/schema\/person\/image\/\",\"url\":\"https:\/\/secure.gravatar.com\/avatar\/fa5a088fefcc734cb2b38eb26d4faf181de377e057eae66f32ca4bc5e59d7fec?s=96&d=mm&r=g\",\"contentUrl\":\"https:\/\/secure.gravatar.com\/avatar\/fa5a088fefcc734cb2b38eb26d4faf181de377e057eae66f32ca4bc5e59d7fec?s=96&d=mm&r=g\",\"caption\":\"Alexandra Endres\"},\"description\":\"ist Journalistin, Volkswirtin und seit 2006 Redakteurin bei ZEIT ONLINE. Sie schreibt \u00fcber wirtschaftliche Entwicklung, Arbeit, Ern\u00e4hrungssicherheit, Klima, Energie und Nachhaltigkeit. Hat in Mexiko erforscht, woher Unternehmen der Autoindustrie ihr Know-how beziehen, und in K\u00f6ln und Argentinien Volkswirtschaft und Politik studiert. Reist leidenschaftlich gern, zuletzt durch Kolumbien.\",\"url\":\"https:\/\/blog.zeit.de\/teilchen\/author\/aendres\/\"}]}<\/script>\n<!-- \/ Yoast SEO plugin. -->","yoast_head_json":{"title":"Die Mexikaner trauen El Chapo erneuten Ausbruch zu","description":"Zwei Mal ist El Chapo schon aus Hochsicherheitsgef\u00e4ngnissen ausgebrochen. 77 Prozent der Mexikaner glauben, dass er es wieder schafft.","robots":{"index":"index","follow":"follow","max-snippet":"max-snippet:-1","max-image-preview":"max-image-preview:large","max-video-preview":"max-video-preview:-1"},"canonical":"https:\/\/blog.zeit.de\/teilchen\/2016\/01\/14\/mutter-el-chapo-kommentar-gefaengnis\/","og_locale":"de_DE","og_type":"article","og_title":"Die Mexikaner trauen El Chapo erneuten Ausbruch zu","og_description":"Zwei Mal ist El Chapo schon aus Hochsicherheitsgef\u00e4ngnissen ausgebrochen. 77 Prozent der Mexikaner glauben, dass er es wieder schafft.","og_url":"https:\/\/blog.zeit.de\/teilchen\/2016\/01\/14\/mutter-el-chapo-kommentar-gefaengnis\/","og_site_name":"Teilchen","article_published_time":"2016-01-14T09:01:43+00:00","article_modified_time":"2016-01-14T16:14:03+00:00","og_image":[{"width":1000,"height":562,"url":"https:\/\/blog.zeit.de\/teilchen\/files\/2016\/01\/elchapo11.jpg","type":"image\/jpeg"}],"author":"Alexandra Endres","twitter_card":"summary_large_image","twitter_creator":"@zeitonline","twitter_site":"@zeitonline","twitter_misc":{"Geschrieben von":"Alexandra Endres","Gesch\u00e4tzte Lesezeit":"2\u00a0Minuten"},"schema":{"@context":"https:\/\/schema.org","@graph":[{"@type":"WebPage","@id":"https:\/\/blog.zeit.de\/teilchen\/2016\/01\/14\/mutter-el-chapo-kommentar-gefaengnis\/","url":"https:\/\/blog.zeit.de\/teilchen\/2016\/01\/14\/mutter-el-chapo-kommentar-gefaengnis\/","name":"Die Mexikaner trauen El Chapo erneuten Ausbruch zu","isPartOf":{"@id":"https:\/\/blog.zeit.de\/teilchen\/#website"},"datePublished":"2016-01-14T09:01:43+00:00","dateModified":"2016-01-14T16:14:03+00:00","author":{"@id":"https:\/\/blog.zeit.de\/teilchen\/#\/schema\/person\/9800073d6d9fe684355572d5262cdf1b"},"description":"Zwei Mal ist El Chapo schon aus Hochsicherheitsgef\u00e4ngnissen ausgebrochen. 77 Prozent der Mexikaner glauben, dass er es wieder schafft.","breadcrumb":{"@id":"https:\/\/blog.zeit.de\/teilchen\/2016\/01\/14\/mutter-el-chapo-kommentar-gefaengnis\/#breadcrumb"},"inLanguage":"de","potentialAction":[{"@type":"ReadAction","target":["https:\/\/blog.zeit.de\/teilchen\/2016\/01\/14\/mutter-el-chapo-kommentar-gefaengnis\/"]}]},{"@type":"BreadcrumbList","@id":"https:\/\/blog.zeit.de\/teilchen\/2016\/01\/14\/mutter-el-chapo-kommentar-gefaengnis\/#breadcrumb","itemListElement":[{"@type":"ListItem","position":1,"name":"Startseite","item":"https:\/\/blog.zeit.de\/teilchen\/"},{"@type":"ListItem","position":2,"name":"&#8222;Gott will nicht, dass mein Sohn im Gef\u00e4ngnis sitzt&#8220;"}]},{"@type":"WebSite","@id":"https:\/\/blog.zeit.de\/teilchen\/#website","url":"https:\/\/blog.zeit.de\/teilchen\/","name":"Teilchen","description":"Im Netz verstecken sich kleine Sch\u00e4tze - ZEIT ONLINE findet sie.","potentialAction":[{"@type":"SearchAction","target":{"@type":"EntryPoint","urlTemplate":"https:\/\/blog.zeit.de\/teilchen\/?s={search_term_string}"},"query-input":"required name=search_term_string"}],"inLanguage":"de"},{"@type":"Person","@id":"https:\/\/blog.zeit.de\/teilchen\/#\/schema\/person\/9800073d6d9fe684355572d5262cdf1b","name":"Alexandra Endres","image":{"@type":"ImageObject","inLanguage":"de","@id":"https:\/\/blog.zeit.de\/teilchen\/#\/schema\/person\/image\/","url":"https:\/\/secure.gravatar.com\/avatar\/fa5a088fefcc734cb2b38eb26d4faf181de377e057eae66f32ca4bc5e59d7fec?s=96&d=mm&r=g","contentUrl":"https:\/\/secure.gravatar.com\/avatar\/fa5a088fefcc734cb2b38eb26d4faf181de377e057eae66f32ca4bc5e59d7fec?s=96&d=mm&r=g","caption":"Alexandra Endres"},"description":"ist Journalistin, Volkswirtin und seit 2006 Redakteurin bei ZEIT ONLINE. Sie schreibt \u00fcber wirtschaftliche Entwicklung, Arbeit, Ern\u00e4hrungssicherheit, Klima, Energie und Nachhaltigkeit. Hat in Mexiko erforscht, woher Unternehmen der Autoindustrie ihr Know-how beziehen, und in K\u00f6ln und Argentinien Volkswirtschaft und Politik studiert. Reist leidenschaftlich gern, zuletzt durch Kolumbien.","url":"https:\/\/blog.zeit.de\/teilchen\/author\/aendres\/"}]}},"jetpack_featured_media_url":"https:\/\/blog.zeit.de\/teilchen\/files\/2016\/01\/elchapo11.jpg","jetpack_sharing_enabled":true,"_links":{"self":[{"href":"https:\/\/blog.zeit.de\/teilchen\/wp-json\/wp\/v2\/posts\/10903","targetHints":{"allow":["GET"]}}],"collection":[{"href":"https:\/\/blog.zeit.de\/teilchen\/wp-json\/wp\/v2\/posts"}],"about":[{"href":"https:\/\/blog.zeit.de\/teilchen\/wp-json\/wp\/v2\/types\/post"}],"author":[{"embeddable":true,"href":"https:\/\/blog.zeit.de\/teilchen\/wp-json\/wp\/v2\/users\/362"}],"replies":[{"embeddable":true,"href":"https:\/\/blog.zeit.de\/teilchen\/wp-json\/wp\/v2\/comments?post=10903"}],"version-history":[{"count":12,"href":"https:\/\/blog.zeit.de\/teilchen\/wp-json\/wp\/v2\/posts\/10903\/revisions"}],"predecessor-version":[{"id":10996,"href":"https:\/\/blog.zeit.de\/teilchen\/wp-json\/wp\/v2\/posts\/10903\/revisions\/10996"}],"wp:featuredmedia":[{"embeddable":true,"href":"https:\/\/blog.zeit.de\/teilchen\/wp-json\/wp\/v2\/media\/10943"}],"wp:attachment":[{"href":"https:\/\/blog.zeit.de\/teilchen\/wp-json\/wp\/v2\/media?parent=10903"}],"wp:term":[{"taxonomy":"category","embeddable":true,"href":"https:\/\/blog.zeit.de\/teilchen\/wp-json\/wp\/v2\/categories?post=10903"},{"taxonomy":"post_tag","embeddable":true,"href":"https:\/\/blog.zeit.de\/teilchen\/wp-json\/wp\/v2\/tags?post=10903"}],"curies":[{"name":"wp","href":"https:\/\/api.w.org\/{rel}","templated":true}]}}