{"id":10970,"date":"2016-01-14T15:49:01","date_gmt":"2016-01-14T14:49:01","guid":{"rendered":"http:\/\/blog.zeit.de\/teilchen\/?p=10970"},"modified":"2016-01-14T15:49:01","modified_gmt":"2016-01-14T14:49:01","slug":"waesche-waschen-eine-jeans-waescht-man-nicht","status":"publish","type":"post","link":"https:\/\/blog.zeit.de\/teilchen\/2016\/01\/14\/waesche-waschen-eine-jeans-waescht-man-nicht\/","title":{"rendered":"Eine Jeans w\u00e4scht man (nicht)"},"content":{"rendered":"<div class=\"fb-post\" data-href=\"https:\/\/www.facebook.com\/manilabullletin\/photos\/a.147434127984.134626.139149407984\/10154071757812985\/?type=3\" data-width=\"552\" style=\"background-color: #fff; display: inline-block;\"><\/div>\n<p>Das wissen Sie nat\u00fcrlich \u2013\u00a0sp\u00e4testens <a href=\"http:\/\/levistrauss.com\/unzipped-blog\/2014\/05\/stop-washing-your-jeans-lsco-ceo-chip-bergh-talks-sustainability-at-fortunes-brainstorm-green-conference\/\" target=\"_blank\">seit es der Chef von Levi Strauss selbst gesagt hat<\/a>. Andere Experten empfehlen einen Waschvorgang nach f\u00fcnf- bis sechsmaligem Tragen. Aber wie oft sollten Sie zum Beispiel Kissen oder Handt\u00fccher waschen? Die <a href=\"http:\/\/www.mb.com.ph\/wash-on-wash-off\/\" target=\"_blank\">Antwort haben wir im <em>Manila Bulletin<\/em> entdeckt<\/a>.<!--more--><\/p>\n<p>Waschen von Textilien bietet die Grundlage f\u00fcr einen Dauerkonflikt: Tun Sie es zu oft, schaden Sie dem Stoff. Zu wenig hingegen k\u00f6nnte unhygienisch sein.<\/p>\n<p>Autositzbez\u00fcge zum Beispiel sollten alle zwei Monate gewaschen werden \u2013\u00a0das ist aber nur n\u00f6tig, wenn Ihr Kind \u00e4lter als ein Jahr ist, schreibt der <em>Manila Bulletin<\/em>. Okay.<\/p>\n<p>Handt\u00fccher sollten Sie schon nach drei- bis viermaligem Gebrauch einer gr\u00fcndlichen Reinigung unterziehen und blo\u00df nicht unter Familienmitgliedern teilen. Warum das so ist und wie Sie zum Beispiel mit Vorh\u00e4ngen und Kissen verfahren sollten, <a href=\"http:\/\/www.mb.com.ph\/wash-on-wash-off\/\" target=\"_blank\">lesen Sie hier<\/a>. Was die <a href=\"http:\/\/www.zeit.de\/2014\/40\/waesche-waschen-30-grad-stimmts\" target=\"_blank\">Temperatur angeht, so ist das nat\u00fcrlich noch einmal eine ganz andere Geschichte<\/a>.<\/p>\n<p>Zugegeben: Die philippinische Zeitung kommt komplett ohne Quellen aus. Aber als Diskussionsgrundlage wollten wir Ihnen dieses Teilchen nicht vorenthalten.<\/p>\n<p><em>Weitere <a href=\"https:\/\/blog.zeit.de\/teilchen\/\">Teilchen finden Sie hier<\/a>.<\/em><\/p>\n","protected":false},"excerpt":{"rendered":"<p>Das wissen Sie nat\u00fcrlich \u2013\u00a0sp\u00e4testens seit es der Chef von Levi Strauss selbst gesagt hat. Andere Experten empfehlen einen Waschvorgang nach f\u00fcnf- bis sechsmaligem [\u2026]<\/p>\n","protected":false},"author":528,"featured_media":0,"comment_status":"open","ping_status":"closed","sticky":false,"template":"","format":"standard","meta":{"_jetpack_memberships_contains_paid_content":false,"footnotes":""},"categories":[9469],"tags":[],"class_list":["post-10970","post","type-post","status-publish","format-standard","hentry","category-infografiken"],"yoast_head":"<!-- This site is optimized with the Yoast SEO plugin v21.0 - https:\/\/yoast.com\/wordpress\/plugins\/seo\/ -->\n<title>Goldene Regeln f\u00fcrs W\u00e4schewaschen<\/title>\n<meta name=\"description\" content=\"Dauerkonflikt W\u00e4schewaschen: Tun Sie es zu oft, schaden Sie dem Stoff. Zu wenig hingegen kann unhygienisch sein.\" \/>\n<meta name=\"robots\" content=\"index, follow, max-snippet:-1, max-image-preview:large, max-video-preview:-1\" \/>\n<link rel=\"canonical\" href=\"https:\/\/blog.zeit.de\/teilchen\/2016\/01\/14\/waesche-waschen-eine-jeans-waescht-man-nicht\/\" \/>\n<meta property=\"og:locale\" content=\"de_DE\" \/>\n<meta property=\"og:type\" content=\"article\" \/>\n<meta property=\"og:title\" content=\"Goldene Regeln f\u00fcrs W\u00e4schewaschen\" \/>\n<meta property=\"og:description\" content=\"Dauerkonflikt W\u00e4schewaschen: Tun Sie es zu oft, schaden Sie dem Stoff. Zu wenig hingegen kann unhygienisch sein.\" \/>\n<meta property=\"og:url\" content=\"https:\/\/blog.zeit.de\/teilchen\/2016\/01\/14\/waesche-waschen-eine-jeans-waescht-man-nicht\/\" \/>\n<meta property=\"og:site_name\" content=\"Teilchen\" \/>\n<meta property=\"article:published_time\" content=\"2016-01-14T14:49:01+00:00\" \/>\n<meta property=\"og:image\" content=\"https:\/\/blog.zeit.de\/teilchen\/files\/2015\/03\/teilchen-facebook-fallback.jpg\" \/>\n\t<meta property=\"og:image:width\" content=\"1200\" \/>\n\t<meta property=\"og:image:height\" content=\"900\" \/>\n\t<meta property=\"og:image:type\" content=\"image\/jpeg\" \/>\n<meta name=\"author\" content=\"Bj\u00f6rn Maatz\" \/>\n<meta name=\"twitter:card\" content=\"summary_large_image\" \/>\n<meta name=\"twitter:creator\" content=\"@BjoernMaatz\" \/>\n<meta name=\"twitter:site\" content=\"@zeitonline\" \/>\n<meta name=\"twitter:label1\" content=\"Geschrieben von\" \/>\n\t<meta name=\"twitter:data1\" content=\"Bj\u00f6rn Maatz\" \/>\n\t<meta name=\"twitter:label2\" content=\"Gesch\u00e4tzte Lesezeit\" \/>\n\t<meta name=\"twitter:data2\" content=\"1\u00a0Minute\" \/>\n<script type=\"application\/ld+json\" class=\"yoast-schema-graph\">{\"@context\":\"https:\/\/schema.org\",\"@graph\":[{\"@type\":\"WebPage\",\"@id\":\"https:\/\/blog.zeit.de\/teilchen\/2016\/01\/14\/waesche-waschen-eine-jeans-waescht-man-nicht\/\",\"url\":\"https:\/\/blog.zeit.de\/teilchen\/2016\/01\/14\/waesche-waschen-eine-jeans-waescht-man-nicht\/\",\"name\":\"Goldene Regeln f\u00fcrs W\u00e4schewaschen\",\"isPartOf\":{\"@id\":\"https:\/\/blog.zeit.de\/teilchen\/#website\"},\"datePublished\":\"2016-01-14T14:49:01+00:00\",\"dateModified\":\"2016-01-14T14:49:01+00:00\",\"author\":{\"@id\":\"https:\/\/blog.zeit.de\/teilchen\/#\/schema\/person\/20ae47479c9c6443ed61f03c9eac892f\"},\"description\":\"Dauerkonflikt W\u00e4schewaschen: Tun Sie es zu oft, schaden Sie dem Stoff. Zu wenig hingegen kann unhygienisch sein.\",\"breadcrumb\":{\"@id\":\"https:\/\/blog.zeit.de\/teilchen\/2016\/01\/14\/waesche-waschen-eine-jeans-waescht-man-nicht\/#breadcrumb\"},\"inLanguage\":\"de\",\"potentialAction\":[{\"@type\":\"ReadAction\",\"target\":[\"https:\/\/blog.zeit.de\/teilchen\/2016\/01\/14\/waesche-waschen-eine-jeans-waescht-man-nicht\/\"]}]},{\"@type\":\"BreadcrumbList\",\"@id\":\"https:\/\/blog.zeit.de\/teilchen\/2016\/01\/14\/waesche-waschen-eine-jeans-waescht-man-nicht\/#breadcrumb\",\"itemListElement\":[{\"@type\":\"ListItem\",\"position\":1,\"name\":\"Startseite\",\"item\":\"https:\/\/blog.zeit.de\/teilchen\/\"},{\"@type\":\"ListItem\",\"position\":2,\"name\":\"Eine Jeans w\u00e4scht man (nicht)\"}]},{\"@type\":\"WebSite\",\"@id\":\"https:\/\/blog.zeit.de\/teilchen\/#website\",\"url\":\"https:\/\/blog.zeit.de\/teilchen\/\",\"name\":\"Teilchen\",\"description\":\"Im Netz verstecken sich kleine Sch\u00e4tze - ZEIT ONLINE findet sie.\",\"potentialAction\":[{\"@type\":\"SearchAction\",\"target\":{\"@type\":\"EntryPoint\",\"urlTemplate\":\"https:\/\/blog.zeit.de\/teilchen\/?s={search_term_string}\"},\"query-input\":\"required name=search_term_string\"}],\"inLanguage\":\"de\"},{\"@type\":\"Person\",\"@id\":\"https:\/\/blog.zeit.de\/teilchen\/#\/schema\/person\/20ae47479c9c6443ed61f03c9eac892f\",\"name\":\"Bj\u00f6rn Maatz\",\"image\":{\"@type\":\"ImageObject\",\"inLanguage\":\"de\",\"@id\":\"https:\/\/blog.zeit.de\/teilchen\/#\/schema\/person\/image\/\",\"url\":\"https:\/\/secure.gravatar.com\/avatar\/4ed13ddffa21af7dcec9d6d36d2b36f05bfc49e1676e43abd84a80376d644278?s=96&d=mm&r=g\",\"contentUrl\":\"https:\/\/secure.gravatar.com\/avatar\/4ed13ddffa21af7dcec9d6d36d2b36f05bfc49e1676e43abd84a80376d644278?s=96&d=mm&r=g\",\"caption\":\"Bj\u00f6rn Maatz\"},\"description\":\"Leitet die Online-Redaktion der Kreativagentur Philipp und Keuntje. Zuvor Engagement-Redakteur bei ZEIT ONLINE und bei FINANCIAL TIMES DEUTSCHLAND, u.a. als Print-Redakteur im Unternehmensressort sowie als erster und letzter Social-Media-Redakteur. Studium der Wirtschaftsjournalistik in Bremen und Melbourne mit Hospitanzen beim NDR, der dpa und dem Hamburger Abendblatt.\",\"sameAs\":[\"https:\/\/twitter.com\/BjoernMaatz\"],\"url\":\"https:\/\/blog.zeit.de\/teilchen\/author\/bjoernmaatz\/\"}]}<\/script>\n<!-- \/ Yoast SEO plugin. -->","yoast_head_json":{"title":"Goldene Regeln f\u00fcrs W\u00e4schewaschen","description":"Dauerkonflikt W\u00e4schewaschen: Tun Sie es zu oft, schaden Sie dem Stoff. Zu wenig hingegen kann unhygienisch sein.","robots":{"index":"index","follow":"follow","max-snippet":"max-snippet:-1","max-image-preview":"max-image-preview:large","max-video-preview":"max-video-preview:-1"},"canonical":"https:\/\/blog.zeit.de\/teilchen\/2016\/01\/14\/waesche-waschen-eine-jeans-waescht-man-nicht\/","og_locale":"de_DE","og_type":"article","og_title":"Goldene Regeln f\u00fcrs W\u00e4schewaschen","og_description":"Dauerkonflikt W\u00e4schewaschen: Tun Sie es zu oft, schaden Sie dem Stoff. Zu wenig hingegen kann unhygienisch sein.","og_url":"https:\/\/blog.zeit.de\/teilchen\/2016\/01\/14\/waesche-waschen-eine-jeans-waescht-man-nicht\/","og_site_name":"Teilchen","article_published_time":"2016-01-14T14:49:01+00:00","og_image":[{"width":1200,"height":900,"url":"https:\/\/blog.zeit.de\/teilchen\/files\/2015\/03\/teilchen-facebook-fallback.jpg","type":"image\/jpeg"}],"author":"Bj\u00f6rn Maatz","twitter_card":"summary_large_image","twitter_creator":"@BjoernMaatz","twitter_site":"@zeitonline","twitter_misc":{"Geschrieben von":"Bj\u00f6rn Maatz","Gesch\u00e4tzte Lesezeit":"1\u00a0Minute"},"schema":{"@context":"https:\/\/schema.org","@graph":[{"@type":"WebPage","@id":"https:\/\/blog.zeit.de\/teilchen\/2016\/01\/14\/waesche-waschen-eine-jeans-waescht-man-nicht\/","url":"https:\/\/blog.zeit.de\/teilchen\/2016\/01\/14\/waesche-waschen-eine-jeans-waescht-man-nicht\/","name":"Goldene Regeln f\u00fcrs W\u00e4schewaschen","isPartOf":{"@id":"https:\/\/blog.zeit.de\/teilchen\/#website"},"datePublished":"2016-01-14T14:49:01+00:00","dateModified":"2016-01-14T14:49:01+00:00","author":{"@id":"https:\/\/blog.zeit.de\/teilchen\/#\/schema\/person\/20ae47479c9c6443ed61f03c9eac892f"},"description":"Dauerkonflikt W\u00e4schewaschen: Tun Sie es zu oft, schaden Sie dem Stoff. Zu wenig hingegen kann unhygienisch sein.","breadcrumb":{"@id":"https:\/\/blog.zeit.de\/teilchen\/2016\/01\/14\/waesche-waschen-eine-jeans-waescht-man-nicht\/#breadcrumb"},"inLanguage":"de","potentialAction":[{"@type":"ReadAction","target":["https:\/\/blog.zeit.de\/teilchen\/2016\/01\/14\/waesche-waschen-eine-jeans-waescht-man-nicht\/"]}]},{"@type":"BreadcrumbList","@id":"https:\/\/blog.zeit.de\/teilchen\/2016\/01\/14\/waesche-waschen-eine-jeans-waescht-man-nicht\/#breadcrumb","itemListElement":[{"@type":"ListItem","position":1,"name":"Startseite","item":"https:\/\/blog.zeit.de\/teilchen\/"},{"@type":"ListItem","position":2,"name":"Eine Jeans w\u00e4scht man (nicht)"}]},{"@type":"WebSite","@id":"https:\/\/blog.zeit.de\/teilchen\/#website","url":"https:\/\/blog.zeit.de\/teilchen\/","name":"Teilchen","description":"Im Netz verstecken sich kleine Sch\u00e4tze - ZEIT ONLINE findet sie.","potentialAction":[{"@type":"SearchAction","target":{"@type":"EntryPoint","urlTemplate":"https:\/\/blog.zeit.de\/teilchen\/?s={search_term_string}"},"query-input":"required name=search_term_string"}],"inLanguage":"de"},{"@type":"Person","@id":"https:\/\/blog.zeit.de\/teilchen\/#\/schema\/person\/20ae47479c9c6443ed61f03c9eac892f","name":"Bj\u00f6rn Maatz","image":{"@type":"ImageObject","inLanguage":"de","@id":"https:\/\/blog.zeit.de\/teilchen\/#\/schema\/person\/image\/","url":"https:\/\/secure.gravatar.com\/avatar\/4ed13ddffa21af7dcec9d6d36d2b36f05bfc49e1676e43abd84a80376d644278?s=96&d=mm&r=g","contentUrl":"https:\/\/secure.gravatar.com\/avatar\/4ed13ddffa21af7dcec9d6d36d2b36f05bfc49e1676e43abd84a80376d644278?s=96&d=mm&r=g","caption":"Bj\u00f6rn Maatz"},"description":"Leitet die Online-Redaktion der Kreativagentur Philipp und Keuntje. Zuvor Engagement-Redakteur bei ZEIT ONLINE und bei FINANCIAL TIMES DEUTSCHLAND, u.a. als Print-Redakteur im Unternehmensressort sowie als erster und letzter Social-Media-Redakteur. Studium der Wirtschaftsjournalistik in Bremen und Melbourne mit Hospitanzen beim NDR, der dpa und dem Hamburger Abendblatt.","sameAs":["https:\/\/twitter.com\/BjoernMaatz"],"url":"https:\/\/blog.zeit.de\/teilchen\/author\/bjoernmaatz\/"}]}},"jetpack_featured_media_url":"","jetpack_sharing_enabled":true,"_links":{"self":[{"href":"https:\/\/blog.zeit.de\/teilchen\/wp-json\/wp\/v2\/posts\/10970","targetHints":{"allow":["GET"]}}],"collection":[{"href":"https:\/\/blog.zeit.de\/teilchen\/wp-json\/wp\/v2\/posts"}],"about":[{"href":"https:\/\/blog.zeit.de\/teilchen\/wp-json\/wp\/v2\/types\/post"}],"author":[{"embeddable":true,"href":"https:\/\/blog.zeit.de\/teilchen\/wp-json\/wp\/v2\/users\/528"}],"replies":[{"embeddable":true,"href":"https:\/\/blog.zeit.de\/teilchen\/wp-json\/wp\/v2\/comments?post=10970"}],"version-history":[{"count":11,"href":"https:\/\/blog.zeit.de\/teilchen\/wp-json\/wp\/v2\/posts\/10970\/revisions"}],"predecessor-version":[{"id":10994,"href":"https:\/\/blog.zeit.de\/teilchen\/wp-json\/wp\/v2\/posts\/10970\/revisions\/10994"}],"wp:attachment":[{"href":"https:\/\/blog.zeit.de\/teilchen\/wp-json\/wp\/v2\/media?parent=10970"}],"wp:term":[{"taxonomy":"category","embeddable":true,"href":"https:\/\/blog.zeit.de\/teilchen\/wp-json\/wp\/v2\/categories?post=10970"},{"taxonomy":"post_tag","embeddable":true,"href":"https:\/\/blog.zeit.de\/teilchen\/wp-json\/wp\/v2\/tags?post=10970"}],"curies":[{"name":"wp","href":"https:\/\/api.w.org\/{rel}","templated":true}]}}