{"id":11028,"date":"2016-01-19T16:41:58","date_gmt":"2016-01-19T15:41:58","guid":{"rendered":"http:\/\/blog.zeit.de\/teilchen\/?p=11028"},"modified":"2016-01-19T16:41:58","modified_gmt":"2016-01-19T15:41:58","slug":"be-like-bill-cartoon-ueber-ich","status":"publish","type":"post","link":"https:\/\/blog.zeit.de\/teilchen\/2016\/01\/19\/be-like-bill-cartoon-ueber-ich\/","title":{"rendered":"Bill \u2013 unser perfektes \u00dcber-Ich"},"content":{"rendered":"<p>&nbsp;<\/p>\n<div class=\"fb-post\" data-href=\"https:\/\/www.facebook.com\/OfficialBLB\/photos\/a.1546319922354945.1073741827.1546319045688366\/1551871688466435\/?type=3&#038;permPage=1\" data-width=\"552\" style=\"background-color: #fff; display: inline-block;\"><\/div>\n<p>Das ist Bill. Bill ist auf Facebook, aber er trollt nicht und schickt seinen Freunden auch <a href=\"https:\/\/www.facebook.com\/OfficialBLB\/photos\/a.1546319922354945.1073741827.1546319045688366\/1552656298387974\/?type=3&amp;theater\" target=\"_blank\">keine <em>Candy Crush<\/em>-Einladungen<\/a>. Bill <a href=\"https:\/\/www.facebook.com\/OfficialBLB\/photos\/a.1546319922354945.1073741827.1546319045688366\/1551650805155190\/?type=3&amp;permPage=1\" target=\"_blank\">betr\u00fcgt auch seine Freundin nicht<\/a>. Er l\u00e4sst <a href=\"https:\/\/www.facebook.com\/OfficialBLB\/photos\/pb.1546319045688366.-2207520000.1453213570.\/1549441462042791\/?type=3&amp;size=913%2C907&amp;fbid=1549441462042791\" target=\"_blank\">seinen Neffen beim Spielen gewinnen<\/a>. Und <a href=\"https:\/\/www.facebook.com\/OfficialBLB\/photos\/pb.1546319045688366.-2207520000.1453213570.\/1548743195445951\/?type=3&amp;size=960%2C960&amp;fbid=1548743195445951\" target=\"_blank\">protzt nicht mit seinem iPhone herum<\/a>. Bill ist ein toller Typ. Aber: Wer ist dieser Bill?<\/p>\n<p><!--more-->Bill begegnet uns derzeit jeden Tag im Netz. &#8222;Be like Bill&#8220; hei\u00dft die Cartoon-Reihe. Unsere Timelines sp\u00fclen uns Bill und sein perfektes Verhalten immer wieder nach oben. Uns, die wir st\u00e4ndig <a href=\"http:\/\/www.zeit.de\/zeit-magazin\/leben\/2014-05\/ralf-moeller-selfie-cannes-stallone\" target=\"_blank\">Bilder unserer Fitnessstudio-Besuche posten<\/a>. Die wir unserem Umfeld <a href=\"http:\/\/www.zeit.de\/lebensart\/2013-10\/thema-vegan-leben-ethik-dogma-lifestyle\" target=\"_blank\">mit unserem perfekten veganen Lebensstil<\/a> ein schlechtes Gewissen machen. Die wir unseren Freundeskreis st\u00e4ndig mit der immer gleichen Debatte nerven, <a href=\"http:\/\/www.zeit.de\/sport\/2011-04\/ronaldo-messi-vergleich-clasico\" target=\"_blank\">wer denn nun der bessere Fu\u00dfballer ist \u2013 Messi oder Ronaldo<\/a>? Bill h\u00e4lt uns allen den Spiegel vor. Konfrontiert uns mit unseren gro\u00dfen und kleinen Schw\u00e4chen. Erzieht im Idealfall so manchen zu einem besseren (Netz-) Menschen\u00a0\u2013 ohne dabei allzu moralisierend zu sein.<\/p>\n<p>Das ber\u00fchmte Strichm\u00e4nnchen tauchte bereits Ende des vergangenen Jahres auf, <a href=\"http:\/\/www.bbc.com\/news\/blogs-trending-35344300\" target=\"_blank\">schreibt die BBC<\/a>. Befl\u00fcgelt wurde seine Netz-Karriere durch einen Facebook-Account, hinter dem\u00a0Eugeniu Croitoru steht \u2013 ein geb\u00fcrtiger Moldawier, der inzwischen in Mailand lebt und die Cartoons mit einer Kollegin zeichnet. &#8222;Die Idee ist ganz einfach. Jeder, der klug ist, Menschenverstand besitzt und andere nicht langweilt, kann Bill sein.&#8220;<\/p>\n<p>Inzwischen kursieren im Netz unz\u00e4hlige Weiterentwicklungen. Die Namen wechseln. Es gibt Jos\u00e9s und Rashids. Klug sind sie alle. Inzwischen ist Bill sehr ber\u00fchmt. Aber er macht sich nicht viel draus. Er macht einfach weiter. Schlie\u00dflich ist er bescheiden.<\/p>\n<div class=\"fb-post\" data-href=\"https:\/\/www.facebook.com\/OfficialBLB\/photos\/a.1546319922354945.1073741827.1546319045688366\/1553621724958098\/?type=3\" data-width=\"552\" style=\"background-color: #fff; display: inline-block;\"><\/div>\n<p>Nur wenn es um Donald Trump geht, vergisst Bill kurzzeitig seine gute Kinderstube. Aber er kann ja schlie\u00dflich nicht immer perfekt sein.<\/p>\n<div class=\"fb-post\" data-href=\"https:\/\/www.facebook.com\/OfficialBLB\/photos\/pb.1546319045688366.-2207520000.1453213394.\/1550409188612685\/?type=3&#038;size=913%2C907&#038;fbid=1550409188612685\" data-width=\"552\" style=\"background-color: #fff; display: inline-block;\"><\/div>\n<p><em>Lust auf weitere Teilchen? <a href=\"https:\/\/blog.zeit.de\/teilchen\/\" target=\"_blank\">Hier werden Sie f\u00fcndig.<\/a><\/em><\/p>\n","protected":false},"excerpt":{"rendered":"<p>&nbsp; Das ist Bill. Bill ist auf Facebook, aber er trollt nicht und schickt seinen Freunden auch keine Candy Crush-Einladungen. Bill betr\u00fcgt auch seine [\u2026]<\/p>\n","protected":false},"author":556,"featured_media":11038,"comment_status":"open","ping_status":"closed","sticky":false,"template":"","format":"standard","meta":{"_jetpack_memberships_contains_paid_content":false,"footnotes":""},"categories":[9469],"tags":[],"class_list":["post-11028","post","type-post","status-publish","format-standard","has-post-thumbnail","hentry","category-infografiken"],"yoast_head":"<!-- This site is optimized with the Yoast SEO plugin v21.0 - https:\/\/yoast.com\/wordpress\/plugins\/seo\/ -->\n<title>Be like Bill \u2013 unser perfektes \u00dcber-Ich<\/title>\n<meta name=\"description\" content=\"Das ist Bill. Bill ist ein toller Typ. Er h\u00e4lt uns allen den Spiegel vor. Be like Bill.\" \/>\n<meta name=\"robots\" content=\"index, follow, max-snippet:-1, max-image-preview:large, max-video-preview:-1\" \/>\n<link rel=\"canonical\" href=\"https:\/\/blog.zeit.de\/teilchen\/2016\/01\/19\/be-like-bill-cartoon-ueber-ich\/\" \/>\n<meta property=\"og:locale\" content=\"de_DE\" \/>\n<meta property=\"og:type\" content=\"article\" \/>\n<meta property=\"og:title\" content=\"Be like Bill \u2013 unser perfektes \u00dcber-Ich\" \/>\n<meta property=\"og:description\" content=\"Das ist Bill. Bill ist ein toller Typ. Er h\u00e4lt uns allen den Spiegel vor. Be like Bill.\" \/>\n<meta property=\"og:url\" content=\"https:\/\/blog.zeit.de\/teilchen\/2016\/01\/19\/be-like-bill-cartoon-ueber-ich\/\" \/>\n<meta property=\"og:site_name\" content=\"Teilchen\" \/>\n<meta property=\"article:published_time\" content=\"2016-01-19T15:41:58+00:00\" \/>\n<meta property=\"og:image\" content=\"https:\/\/blog.zeit.de\/teilchen\/files\/2016\/01\/bill_Facebook.jpg\" \/>\n\t<meta property=\"og:image:width\" content=\"960\" \/>\n\t<meta property=\"og:image:height\" content=\"960\" \/>\n\t<meta property=\"og:image:type\" content=\"image\/jpeg\" \/>\n<meta name=\"author\" content=\"Tobias Dorfer\" \/>\n<meta name=\"twitter:card\" content=\"summary_large_image\" \/>\n<meta name=\"twitter:creator\" content=\"@tobiasdorfer\" \/>\n<meta name=\"twitter:site\" content=\"@zeitonline\" \/>\n<meta name=\"twitter:label1\" content=\"Geschrieben von\" \/>\n\t<meta name=\"twitter:data1\" content=\"Tobias Dorfer\" \/>\n\t<meta name=\"twitter:label2\" content=\"Gesch\u00e4tzte Lesezeit\" \/>\n\t<meta name=\"twitter:data2\" content=\"2\u00a0Minuten\" \/>\n<script type=\"application\/ld+json\" class=\"yoast-schema-graph\">{\"@context\":\"https:\/\/schema.org\",\"@graph\":[{\"@type\":\"WebPage\",\"@id\":\"https:\/\/blog.zeit.de\/teilchen\/2016\/01\/19\/be-like-bill-cartoon-ueber-ich\/\",\"url\":\"https:\/\/blog.zeit.de\/teilchen\/2016\/01\/19\/be-like-bill-cartoon-ueber-ich\/\",\"name\":\"Be like Bill \u2013 unser perfektes \u00dcber-Ich\",\"isPartOf\":{\"@id\":\"https:\/\/blog.zeit.de\/teilchen\/#website\"},\"datePublished\":\"2016-01-19T15:41:58+00:00\",\"dateModified\":\"2016-01-19T15:41:58+00:00\",\"author\":{\"@id\":\"https:\/\/blog.zeit.de\/teilchen\/#\/schema\/person\/e90ba849254185115fd919d4fad07dc0\"},\"description\":\"Das ist Bill. Bill ist ein toller Typ. Er h\u00e4lt uns allen den Spiegel vor. Be like Bill.\",\"breadcrumb\":{\"@id\":\"https:\/\/blog.zeit.de\/teilchen\/2016\/01\/19\/be-like-bill-cartoon-ueber-ich\/#breadcrumb\"},\"inLanguage\":\"de\",\"potentialAction\":[{\"@type\":\"ReadAction\",\"target\":[\"https:\/\/blog.zeit.de\/teilchen\/2016\/01\/19\/be-like-bill-cartoon-ueber-ich\/\"]}]},{\"@type\":\"BreadcrumbList\",\"@id\":\"https:\/\/blog.zeit.de\/teilchen\/2016\/01\/19\/be-like-bill-cartoon-ueber-ich\/#breadcrumb\",\"itemListElement\":[{\"@type\":\"ListItem\",\"position\":1,\"name\":\"Startseite\",\"item\":\"https:\/\/blog.zeit.de\/teilchen\/\"},{\"@type\":\"ListItem\",\"position\":2,\"name\":\"Bill \u2013 unser perfektes \u00dcber-Ich\"}]},{\"@type\":\"WebSite\",\"@id\":\"https:\/\/blog.zeit.de\/teilchen\/#website\",\"url\":\"https:\/\/blog.zeit.de\/teilchen\/\",\"name\":\"Teilchen\",\"description\":\"Im Netz verstecken sich kleine Sch\u00e4tze - ZEIT ONLINE findet sie.\",\"potentialAction\":[{\"@type\":\"SearchAction\",\"target\":{\"@type\":\"EntryPoint\",\"urlTemplate\":\"https:\/\/blog.zeit.de\/teilchen\/?s={search_term_string}\"},\"query-input\":\"required name=search_term_string\"}],\"inLanguage\":\"de\"},{\"@type\":\"Person\",\"@id\":\"https:\/\/blog.zeit.de\/teilchen\/#\/schema\/person\/e90ba849254185115fd919d4fad07dc0\",\"name\":\"Tobias Dorfer\",\"image\":{\"@type\":\"ImageObject\",\"inLanguage\":\"de\",\"@id\":\"https:\/\/blog.zeit.de\/teilchen\/#\/schema\/person\/image\/\",\"url\":\"https:\/\/secure.gravatar.com\/avatar\/0021e1a3fe9f799912804bcca6f1bcbbe58ee3bf29c8f714a0f453695a888d0a?s=96&d=mm&r=g\",\"contentUrl\":\"https:\/\/secure.gravatar.com\/avatar\/0021e1a3fe9f799912804bcca6f1bcbbe58ee3bf29c8f714a0f453695a888d0a?s=96&d=mm&r=g\",\"caption\":\"Tobias Dorfer\"},\"description\":\"Teamleiter Social Media bei ZEIT ONLINE. Zuvor sieben Jahre bei S\u00fcddeutsche.de, als Redakteur im Wirtschafts- und Regional-Ressort sowie Editorial SEO. Ausbildung an der Deutschen Journalistenschule in M\u00fcnchen mit Hospitanzen bei S\u00fcddeutsche Zeitung, SPIEGEL und SPIEGEL Online.\",\"sameAs\":[\"https:\/\/twitter.com\/tobiasdorfer\"],\"url\":\"https:\/\/blog.zeit.de\/teilchen\/author\/tdorfer\/\"}]}<\/script>\n<!-- \/ Yoast SEO plugin. -->","yoast_head_json":{"title":"Be like Bill \u2013 unser perfektes \u00dcber-Ich","description":"Das ist Bill. Bill ist ein toller Typ. Er h\u00e4lt uns allen den Spiegel vor. Be like Bill.","robots":{"index":"index","follow":"follow","max-snippet":"max-snippet:-1","max-image-preview":"max-image-preview:large","max-video-preview":"max-video-preview:-1"},"canonical":"https:\/\/blog.zeit.de\/teilchen\/2016\/01\/19\/be-like-bill-cartoon-ueber-ich\/","og_locale":"de_DE","og_type":"article","og_title":"Be like Bill \u2013 unser perfektes \u00dcber-Ich","og_description":"Das ist Bill. Bill ist ein toller Typ. Er h\u00e4lt uns allen den Spiegel vor. Be like Bill.","og_url":"https:\/\/blog.zeit.de\/teilchen\/2016\/01\/19\/be-like-bill-cartoon-ueber-ich\/","og_site_name":"Teilchen","article_published_time":"2016-01-19T15:41:58+00:00","og_image":[{"width":960,"height":960,"url":"https:\/\/blog.zeit.de\/teilchen\/files\/2016\/01\/bill_Facebook.jpg","type":"image\/jpeg"}],"author":"Tobias Dorfer","twitter_card":"summary_large_image","twitter_creator":"@tobiasdorfer","twitter_site":"@zeitonline","twitter_misc":{"Geschrieben von":"Tobias Dorfer","Gesch\u00e4tzte Lesezeit":"2\u00a0Minuten"},"schema":{"@context":"https:\/\/schema.org","@graph":[{"@type":"WebPage","@id":"https:\/\/blog.zeit.de\/teilchen\/2016\/01\/19\/be-like-bill-cartoon-ueber-ich\/","url":"https:\/\/blog.zeit.de\/teilchen\/2016\/01\/19\/be-like-bill-cartoon-ueber-ich\/","name":"Be like Bill \u2013 unser perfektes \u00dcber-Ich","isPartOf":{"@id":"https:\/\/blog.zeit.de\/teilchen\/#website"},"datePublished":"2016-01-19T15:41:58+00:00","dateModified":"2016-01-19T15:41:58+00:00","author":{"@id":"https:\/\/blog.zeit.de\/teilchen\/#\/schema\/person\/e90ba849254185115fd919d4fad07dc0"},"description":"Das ist Bill. Bill ist ein toller Typ. Er h\u00e4lt uns allen den Spiegel vor. Be like Bill.","breadcrumb":{"@id":"https:\/\/blog.zeit.de\/teilchen\/2016\/01\/19\/be-like-bill-cartoon-ueber-ich\/#breadcrumb"},"inLanguage":"de","potentialAction":[{"@type":"ReadAction","target":["https:\/\/blog.zeit.de\/teilchen\/2016\/01\/19\/be-like-bill-cartoon-ueber-ich\/"]}]},{"@type":"BreadcrumbList","@id":"https:\/\/blog.zeit.de\/teilchen\/2016\/01\/19\/be-like-bill-cartoon-ueber-ich\/#breadcrumb","itemListElement":[{"@type":"ListItem","position":1,"name":"Startseite","item":"https:\/\/blog.zeit.de\/teilchen\/"},{"@type":"ListItem","position":2,"name":"Bill \u2013 unser perfektes \u00dcber-Ich"}]},{"@type":"WebSite","@id":"https:\/\/blog.zeit.de\/teilchen\/#website","url":"https:\/\/blog.zeit.de\/teilchen\/","name":"Teilchen","description":"Im Netz verstecken sich kleine Sch\u00e4tze - ZEIT ONLINE findet sie.","potentialAction":[{"@type":"SearchAction","target":{"@type":"EntryPoint","urlTemplate":"https:\/\/blog.zeit.de\/teilchen\/?s={search_term_string}"},"query-input":"required name=search_term_string"}],"inLanguage":"de"},{"@type":"Person","@id":"https:\/\/blog.zeit.de\/teilchen\/#\/schema\/person\/e90ba849254185115fd919d4fad07dc0","name":"Tobias Dorfer","image":{"@type":"ImageObject","inLanguage":"de","@id":"https:\/\/blog.zeit.de\/teilchen\/#\/schema\/person\/image\/","url":"https:\/\/secure.gravatar.com\/avatar\/0021e1a3fe9f799912804bcca6f1bcbbe58ee3bf29c8f714a0f453695a888d0a?s=96&d=mm&r=g","contentUrl":"https:\/\/secure.gravatar.com\/avatar\/0021e1a3fe9f799912804bcca6f1bcbbe58ee3bf29c8f714a0f453695a888d0a?s=96&d=mm&r=g","caption":"Tobias Dorfer"},"description":"Teamleiter Social Media bei ZEIT ONLINE. Zuvor sieben Jahre bei S\u00fcddeutsche.de, als Redakteur im Wirtschafts- und Regional-Ressort sowie Editorial SEO. Ausbildung an der Deutschen Journalistenschule in M\u00fcnchen mit Hospitanzen bei S\u00fcddeutsche Zeitung, SPIEGEL und SPIEGEL Online.","sameAs":["https:\/\/twitter.com\/tobiasdorfer"],"url":"https:\/\/blog.zeit.de\/teilchen\/author\/tdorfer\/"}]}},"jetpack_featured_media_url":"https:\/\/blog.zeit.de\/teilchen\/files\/2016\/01\/bill_Facebook.jpg","jetpack_sharing_enabled":true,"_links":{"self":[{"href":"https:\/\/blog.zeit.de\/teilchen\/wp-json\/wp\/v2\/posts\/11028","targetHints":{"allow":["GET"]}}],"collection":[{"href":"https:\/\/blog.zeit.de\/teilchen\/wp-json\/wp\/v2\/posts"}],"about":[{"href":"https:\/\/blog.zeit.de\/teilchen\/wp-json\/wp\/v2\/types\/post"}],"author":[{"embeddable":true,"href":"https:\/\/blog.zeit.de\/teilchen\/wp-json\/wp\/v2\/users\/556"}],"replies":[{"embeddable":true,"href":"https:\/\/blog.zeit.de\/teilchen\/wp-json\/wp\/v2\/comments?post=11028"}],"version-history":[{"count":6,"href":"https:\/\/blog.zeit.de\/teilchen\/wp-json\/wp\/v2\/posts\/11028\/revisions"}],"predecessor-version":[{"id":11041,"href":"https:\/\/blog.zeit.de\/teilchen\/wp-json\/wp\/v2\/posts\/11028\/revisions\/11041"}],"wp:featuredmedia":[{"embeddable":true,"href":"https:\/\/blog.zeit.de\/teilchen\/wp-json\/wp\/v2\/media\/11038"}],"wp:attachment":[{"href":"https:\/\/blog.zeit.de\/teilchen\/wp-json\/wp\/v2\/media?parent=11028"}],"wp:term":[{"taxonomy":"category","embeddable":true,"href":"https:\/\/blog.zeit.de\/teilchen\/wp-json\/wp\/v2\/categories?post=11028"},{"taxonomy":"post_tag","embeddable":true,"href":"https:\/\/blog.zeit.de\/teilchen\/wp-json\/wp\/v2\/tags?post=11028"}],"curies":[{"name":"wp","href":"https:\/\/api.w.org\/{rel}","templated":true}]}}