{"id":11118,"date":"2016-01-21T12:24:52","date_gmt":"2016-01-21T11:24:52","guid":{"rendered":"http:\/\/blog.zeit.de\/teilchen\/?p=11118"},"modified":"2016-01-21T13:19:11","modified_gmt":"2016-01-21T12:19:11","slug":"wer-in-davos-mit-wem-kumpelt","status":"publish","type":"post","link":"https:\/\/blog.zeit.de\/teilchen\/2016\/01\/21\/wer-in-davos-mit-wem-kumpelt\/","title":{"rendered":"Wer in Davos mit wem kumpelt"},"content":{"rendered":"<p><figure id=\"attachment_11119\" aria-describedby=\"caption-attachment-11119\" style=\"width: 600px\" class=\"wp-caption alignnone\"><img loading=\"lazy\" decoding=\"async\" class=\"wp-image-11119 size-full\" src=\"https:\/\/blog.zeit.de\/teilchen\/files\/2016\/01\/Bildschirmfoto-2016-01-21-um-11.58.46.png\" alt=\"Wer in Davos mit wem kumpelt\" width=\"600\" height=\"533\" \/><figcaption id=\"caption-attachment-11119\" class=\"wp-caption-text\">Erhellend und nicht selten erheiternd: Die BBC entlarvt Verbindungen zwischen Teilnehmern des Weltwirtschaftsforums. Screenshot: www.bbc.com<\/figcaption><\/figure><\/p>\n<p>Falls Sie zuf\u00e4llig ihren Chef oder Pr\u00e4sidenten vermissen \u2013\u00a0die Chancen stehen gut, dass er (eher selten: sie) gerade <a href=\"http:\/\/www.zeit.de\/thema\/davos\" target=\"_blank\">in Davos weilt. Sie wissen schon: bei diesem elit\u00e4ren Weltwirtschaftsforum<\/a>, bei dem sich immer zum Jahresanfang alle wichtigen Menschen treffen und die Welt verbessern. Die <a href=\"http:\/\/www.bbc.com\/capital\/story\/20160115-who-are-the-most-connected-at-davos-2016\" target=\"_blank\">BBC zeigt uns, wer da mit wem verbandelt ist<\/a>. Eines vorab: Hollywood-Schauspieler stecken mittendrin im Beziehungsgeflecht.<!--more--><\/p>\n<p>Gesch\u00e4ftlich, pers\u00f6nlich, politisch, philanthropisch, \u00fcberraschend: In diese Kategorien hat die BBC ausgew\u00e4hlte Verbindungen von Davos-Mitgliedern unterteilt. Das ist mitunter sehr erhellend. Wussten Sie etwa, dass <a href=\"http:\/\/www.zeit.de\/2015\/06\/bill-gates-stiftung-armut-hilfe\" target=\"_blank\">Microsoft-Gr\u00fcnder Bill Gates<\/a> und <a href=\"http:\/\/www.zeit.de\/wirtschaft\/unternehmen\/2012-04\/blankfein-aktionaere\" target=\"_blank\">Goldman-Sachs-Chef Lloyd Blankfein<\/a> beide Mitte der 1970er Jahre in Harvard studierten? Oder dass sich <a href=\"http:\/\/www.zeit.de\/zeit-magazin\/leben\/2016-01\/leonardo-dicaprio-revenant-trennung\" target=\"_blank\">Schauspieler Leonardo DiCaprio (\u00fcbrigens wieder solo)<\/a> und Israels Ex-Pr\u00e4sident Schimon Peres schon vor fast zehn Jahren pers\u00f6nlich begegnet sind? Oder dass der indische Stahlmagnat Lakshmi Mittal im vergangenen Jahr bei S\u00fcdafrikas Pr\u00e4sidenten Jacob Zuma vorgesprochen haben soll?<\/p>\n<p>Besonders viele Verbindungen pflegt US-Au\u00dfenminister John Kerry. Aber wir wollen nicht zu viel verraten.<\/p>\n<p><em>Weitere <a href=\"https:\/\/blog.zeit.de\/teilchen\/\" target=\"_blank\">Teilchen finden Sie hier<\/a>.<\/em><\/p>\n","protected":false},"excerpt":{"rendered":"<p>Falls Sie zuf\u00e4llig ihren Chef oder Pr\u00e4sidenten vermissen \u2013\u00a0die Chancen stehen gut, dass er (eher selten: sie) gerade in Davos weilt. Sie wissen schon: [\u2026]<\/p>\n","protected":false},"author":528,"featured_media":11119,"comment_status":"open","ping_status":"closed","sticky":false,"template":"","format":"standard","meta":{"_jetpack_memberships_contains_paid_content":false,"footnotes":""},"categories":[9469],"tags":[],"class_list":["post-11118","post","type-post","status-publish","format-standard","has-post-thumbnail","hentry","category-infografiken"],"yoast_head":"<!-- This site is optimized with the Yoast SEO plugin v21.0 - https:\/\/yoast.com\/wordpress\/plugins\/seo\/ -->\n<title>Wer in Davos mit wem kumpelt<\/title>\n<meta name=\"description\" content=\"Gesch\u00e4ftlich, pers\u00f6nlich, politisch, etc.: In diese Kategorien hat die BBC ausgew\u00e4hlte Verbindungen von Davos-Mitgliedern unterteilt.\" \/>\n<meta name=\"robots\" content=\"index, follow, max-snippet:-1, max-image-preview:large, max-video-preview:-1\" \/>\n<link rel=\"canonical\" href=\"https:\/\/blog.zeit.de\/teilchen\/2016\/01\/21\/wer-in-davos-mit-wem-kumpelt\/\" \/>\n<meta property=\"og:locale\" content=\"de_DE\" \/>\n<meta property=\"og:type\" content=\"article\" \/>\n<meta property=\"og:title\" content=\"Wer in Davos mit wem kumpelt\" \/>\n<meta property=\"og:description\" content=\"Gesch\u00e4ftlich, pers\u00f6nlich, politisch, etc.: In diese Kategorien hat die BBC ausgew\u00e4hlte Verbindungen von Davos-Mitgliedern unterteilt.\" \/>\n<meta property=\"og:url\" content=\"https:\/\/blog.zeit.de\/teilchen\/2016\/01\/21\/wer-in-davos-mit-wem-kumpelt\/\" \/>\n<meta property=\"og:site_name\" content=\"Teilchen\" \/>\n<meta property=\"article:published_time\" content=\"2016-01-21T11:24:52+00:00\" \/>\n<meta property=\"article:modified_time\" content=\"2016-01-21T12:19:11+00:00\" \/>\n<meta property=\"og:image\" content=\"https:\/\/blog.zeit.de\/teilchen\/files\/2016\/01\/Bildschirmfoto-2016-01-21-um-11.58.46.png\" \/>\n\t<meta property=\"og:image:width\" content=\"600\" \/>\n\t<meta property=\"og:image:height\" content=\"533\" \/>\n\t<meta property=\"og:image:type\" content=\"image\/png\" \/>\n<meta name=\"author\" content=\"Bj\u00f6rn Maatz\" \/>\n<meta name=\"twitter:card\" content=\"summary_large_image\" \/>\n<meta name=\"twitter:creator\" content=\"@BjoernMaatz\" \/>\n<meta name=\"twitter:site\" content=\"@zeitonline\" \/>\n<meta name=\"twitter:label1\" content=\"Geschrieben von\" \/>\n\t<meta name=\"twitter:data1\" content=\"Bj\u00f6rn Maatz\" \/>\n\t<meta name=\"twitter:label2\" content=\"Gesch\u00e4tzte Lesezeit\" \/>\n\t<meta name=\"twitter:data2\" content=\"1\u00a0Minute\" \/>\n<script type=\"application\/ld+json\" class=\"yoast-schema-graph\">{\"@context\":\"https:\/\/schema.org\",\"@graph\":[{\"@type\":\"WebPage\",\"@id\":\"https:\/\/blog.zeit.de\/teilchen\/2016\/01\/21\/wer-in-davos-mit-wem-kumpelt\/\",\"url\":\"https:\/\/blog.zeit.de\/teilchen\/2016\/01\/21\/wer-in-davos-mit-wem-kumpelt\/\",\"name\":\"Wer in Davos mit wem kumpelt\",\"isPartOf\":{\"@id\":\"https:\/\/blog.zeit.de\/teilchen\/#website\"},\"datePublished\":\"2016-01-21T11:24:52+00:00\",\"dateModified\":\"2016-01-21T12:19:11+00:00\",\"author\":{\"@id\":\"https:\/\/blog.zeit.de\/teilchen\/#\/schema\/person\/20ae47479c9c6443ed61f03c9eac892f\"},\"description\":\"Gesch\u00e4ftlich, pers\u00f6nlich, politisch, etc.: In diese Kategorien hat die BBC ausgew\u00e4hlte Verbindungen von Davos-Mitgliedern unterteilt.\",\"breadcrumb\":{\"@id\":\"https:\/\/blog.zeit.de\/teilchen\/2016\/01\/21\/wer-in-davos-mit-wem-kumpelt\/#breadcrumb\"},\"inLanguage\":\"de\",\"potentialAction\":[{\"@type\":\"ReadAction\",\"target\":[\"https:\/\/blog.zeit.de\/teilchen\/2016\/01\/21\/wer-in-davos-mit-wem-kumpelt\/\"]}]},{\"@type\":\"BreadcrumbList\",\"@id\":\"https:\/\/blog.zeit.de\/teilchen\/2016\/01\/21\/wer-in-davos-mit-wem-kumpelt\/#breadcrumb\",\"itemListElement\":[{\"@type\":\"ListItem\",\"position\":1,\"name\":\"Startseite\",\"item\":\"https:\/\/blog.zeit.de\/teilchen\/\"},{\"@type\":\"ListItem\",\"position\":2,\"name\":\"Wer in Davos mit wem kumpelt\"}]},{\"@type\":\"WebSite\",\"@id\":\"https:\/\/blog.zeit.de\/teilchen\/#website\",\"url\":\"https:\/\/blog.zeit.de\/teilchen\/\",\"name\":\"Teilchen\",\"description\":\"Im Netz verstecken sich kleine Sch\u00e4tze - ZEIT ONLINE findet sie.\",\"potentialAction\":[{\"@type\":\"SearchAction\",\"target\":{\"@type\":\"EntryPoint\",\"urlTemplate\":\"https:\/\/blog.zeit.de\/teilchen\/?s={search_term_string}\"},\"query-input\":\"required name=search_term_string\"}],\"inLanguage\":\"de\"},{\"@type\":\"Person\",\"@id\":\"https:\/\/blog.zeit.de\/teilchen\/#\/schema\/person\/20ae47479c9c6443ed61f03c9eac892f\",\"name\":\"Bj\u00f6rn Maatz\",\"image\":{\"@type\":\"ImageObject\",\"inLanguage\":\"de\",\"@id\":\"https:\/\/blog.zeit.de\/teilchen\/#\/schema\/person\/image\/\",\"url\":\"https:\/\/secure.gravatar.com\/avatar\/4ed13ddffa21af7dcec9d6d36d2b36f05bfc49e1676e43abd84a80376d644278?s=96&d=mm&r=g\",\"contentUrl\":\"https:\/\/secure.gravatar.com\/avatar\/4ed13ddffa21af7dcec9d6d36d2b36f05bfc49e1676e43abd84a80376d644278?s=96&d=mm&r=g\",\"caption\":\"Bj\u00f6rn Maatz\"},\"description\":\"Leitet die Online-Redaktion der Kreativagentur Philipp und Keuntje. Zuvor Engagement-Redakteur bei ZEIT ONLINE und bei FINANCIAL TIMES DEUTSCHLAND, u.a. als Print-Redakteur im Unternehmensressort sowie als erster und letzter Social-Media-Redakteur. Studium der Wirtschaftsjournalistik in Bremen und Melbourne mit Hospitanzen beim NDR, der dpa und dem Hamburger Abendblatt.\",\"sameAs\":[\"https:\/\/twitter.com\/BjoernMaatz\"],\"url\":\"https:\/\/blog.zeit.de\/teilchen\/author\/bjoernmaatz\/\"}]}<\/script>\n<!-- \/ Yoast SEO plugin. -->","yoast_head_json":{"title":"Wer in Davos mit wem kumpelt","description":"Gesch\u00e4ftlich, pers\u00f6nlich, politisch, etc.: In diese Kategorien hat die BBC ausgew\u00e4hlte Verbindungen von Davos-Mitgliedern unterteilt.","robots":{"index":"index","follow":"follow","max-snippet":"max-snippet:-1","max-image-preview":"max-image-preview:large","max-video-preview":"max-video-preview:-1"},"canonical":"https:\/\/blog.zeit.de\/teilchen\/2016\/01\/21\/wer-in-davos-mit-wem-kumpelt\/","og_locale":"de_DE","og_type":"article","og_title":"Wer in Davos mit wem kumpelt","og_description":"Gesch\u00e4ftlich, pers\u00f6nlich, politisch, etc.: In diese Kategorien hat die BBC ausgew\u00e4hlte Verbindungen von Davos-Mitgliedern unterteilt.","og_url":"https:\/\/blog.zeit.de\/teilchen\/2016\/01\/21\/wer-in-davos-mit-wem-kumpelt\/","og_site_name":"Teilchen","article_published_time":"2016-01-21T11:24:52+00:00","article_modified_time":"2016-01-21T12:19:11+00:00","og_image":[{"width":600,"height":533,"url":"https:\/\/blog.zeit.de\/teilchen\/files\/2016\/01\/Bildschirmfoto-2016-01-21-um-11.58.46.png","type":"image\/png"}],"author":"Bj\u00f6rn Maatz","twitter_card":"summary_large_image","twitter_creator":"@BjoernMaatz","twitter_site":"@zeitonline","twitter_misc":{"Geschrieben von":"Bj\u00f6rn Maatz","Gesch\u00e4tzte Lesezeit":"1\u00a0Minute"},"schema":{"@context":"https:\/\/schema.org","@graph":[{"@type":"WebPage","@id":"https:\/\/blog.zeit.de\/teilchen\/2016\/01\/21\/wer-in-davos-mit-wem-kumpelt\/","url":"https:\/\/blog.zeit.de\/teilchen\/2016\/01\/21\/wer-in-davos-mit-wem-kumpelt\/","name":"Wer in Davos mit wem kumpelt","isPartOf":{"@id":"https:\/\/blog.zeit.de\/teilchen\/#website"},"datePublished":"2016-01-21T11:24:52+00:00","dateModified":"2016-01-21T12:19:11+00:00","author":{"@id":"https:\/\/blog.zeit.de\/teilchen\/#\/schema\/person\/20ae47479c9c6443ed61f03c9eac892f"},"description":"Gesch\u00e4ftlich, pers\u00f6nlich, politisch, etc.: In diese Kategorien hat die BBC ausgew\u00e4hlte Verbindungen von Davos-Mitgliedern unterteilt.","breadcrumb":{"@id":"https:\/\/blog.zeit.de\/teilchen\/2016\/01\/21\/wer-in-davos-mit-wem-kumpelt\/#breadcrumb"},"inLanguage":"de","potentialAction":[{"@type":"ReadAction","target":["https:\/\/blog.zeit.de\/teilchen\/2016\/01\/21\/wer-in-davos-mit-wem-kumpelt\/"]}]},{"@type":"BreadcrumbList","@id":"https:\/\/blog.zeit.de\/teilchen\/2016\/01\/21\/wer-in-davos-mit-wem-kumpelt\/#breadcrumb","itemListElement":[{"@type":"ListItem","position":1,"name":"Startseite","item":"https:\/\/blog.zeit.de\/teilchen\/"},{"@type":"ListItem","position":2,"name":"Wer in Davos mit wem kumpelt"}]},{"@type":"WebSite","@id":"https:\/\/blog.zeit.de\/teilchen\/#website","url":"https:\/\/blog.zeit.de\/teilchen\/","name":"Teilchen","description":"Im Netz verstecken sich kleine Sch\u00e4tze - ZEIT ONLINE findet sie.","potentialAction":[{"@type":"SearchAction","target":{"@type":"EntryPoint","urlTemplate":"https:\/\/blog.zeit.de\/teilchen\/?s={search_term_string}"},"query-input":"required name=search_term_string"}],"inLanguage":"de"},{"@type":"Person","@id":"https:\/\/blog.zeit.de\/teilchen\/#\/schema\/person\/20ae47479c9c6443ed61f03c9eac892f","name":"Bj\u00f6rn Maatz","image":{"@type":"ImageObject","inLanguage":"de","@id":"https:\/\/blog.zeit.de\/teilchen\/#\/schema\/person\/image\/","url":"https:\/\/secure.gravatar.com\/avatar\/4ed13ddffa21af7dcec9d6d36d2b36f05bfc49e1676e43abd84a80376d644278?s=96&d=mm&r=g","contentUrl":"https:\/\/secure.gravatar.com\/avatar\/4ed13ddffa21af7dcec9d6d36d2b36f05bfc49e1676e43abd84a80376d644278?s=96&d=mm&r=g","caption":"Bj\u00f6rn Maatz"},"description":"Leitet die Online-Redaktion der Kreativagentur Philipp und Keuntje. Zuvor Engagement-Redakteur bei ZEIT ONLINE und bei FINANCIAL TIMES DEUTSCHLAND, u.a. als Print-Redakteur im Unternehmensressort sowie als erster und letzter Social-Media-Redakteur. Studium der Wirtschaftsjournalistik in Bremen und Melbourne mit Hospitanzen beim NDR, der dpa und dem Hamburger Abendblatt.","sameAs":["https:\/\/twitter.com\/BjoernMaatz"],"url":"https:\/\/blog.zeit.de\/teilchen\/author\/bjoernmaatz\/"}]}},"jetpack_featured_media_url":"https:\/\/blog.zeit.de\/teilchen\/files\/2016\/01\/Bildschirmfoto-2016-01-21-um-11.58.46.png","jetpack_sharing_enabled":true,"_links":{"self":[{"href":"https:\/\/blog.zeit.de\/teilchen\/wp-json\/wp\/v2\/posts\/11118","targetHints":{"allow":["GET"]}}],"collection":[{"href":"https:\/\/blog.zeit.de\/teilchen\/wp-json\/wp\/v2\/posts"}],"about":[{"href":"https:\/\/blog.zeit.de\/teilchen\/wp-json\/wp\/v2\/types\/post"}],"author":[{"embeddable":true,"href":"https:\/\/blog.zeit.de\/teilchen\/wp-json\/wp\/v2\/users\/528"}],"replies":[{"embeddable":true,"href":"https:\/\/blog.zeit.de\/teilchen\/wp-json\/wp\/v2\/comments?post=11118"}],"version-history":[{"count":10,"href":"https:\/\/blog.zeit.de\/teilchen\/wp-json\/wp\/v2\/posts\/11118\/revisions"}],"predecessor-version":[{"id":11134,"href":"https:\/\/blog.zeit.de\/teilchen\/wp-json\/wp\/v2\/posts\/11118\/revisions\/11134"}],"wp:featuredmedia":[{"embeddable":true,"href":"https:\/\/blog.zeit.de\/teilchen\/wp-json\/wp\/v2\/media\/11119"}],"wp:attachment":[{"href":"https:\/\/blog.zeit.de\/teilchen\/wp-json\/wp\/v2\/media?parent=11118"}],"wp:term":[{"taxonomy":"category","embeddable":true,"href":"https:\/\/blog.zeit.de\/teilchen\/wp-json\/wp\/v2\/categories?post=11118"},{"taxonomy":"post_tag","embeddable":true,"href":"https:\/\/blog.zeit.de\/teilchen\/wp-json\/wp\/v2\/tags?post=11118"}],"curies":[{"name":"wp","href":"https:\/\/api.w.org\/{rel}","templated":true}]}}