{"id":11128,"date":"2016-01-21T14:02:53","date_gmt":"2016-01-21T13:02:53","guid":{"rendered":"http:\/\/blog.zeit.de\/teilchen\/?p=11128"},"modified":"2016-01-21T15:33:33","modified_gmt":"2016-01-21T14:33:33","slug":"wir-leben-im-besten-land-der-welt","status":"publish","type":"post","link":"https:\/\/blog.zeit.de\/teilchen\/2016\/01\/21\/wir-leben-im-besten-land-der-welt\/","title":{"rendered":"Wir leben im besten Land der Welt"},"content":{"rendered":"<p><figure id=\"attachment_11129\" aria-describedby=\"caption-attachment-11129\" style=\"width: 595px\" class=\"wp-caption alignnone\"><img loading=\"lazy\" decoding=\"async\" class=\"wp-image-11129 size-full\" src=\"https:\/\/blog.zeit.de\/teilchen\/files\/2016\/01\/Bildschirmfoto-2016-01-21-um-12.56.33.png\" alt=\"Deutschland, das beste Land der Welt\" width=\"595\" height=\"313\" \/><figcaption id=\"caption-attachment-11129\" class=\"wp-caption-text\">Deutschland \u2013\u00a0das beste Land der Welt (laut diesem Ranking zumindest). Screenshot: www.usnews.com<\/figcaption><\/figure><\/p>\n<p>Das glauben Sie nicht? D\u00fcrfen Sie aber. Der <a href=\"http:\/\/www.usnews.com\/news\/best-countries\/overall-full-list\" target=\"_blank\"><em>U.S. News &amp; World Report<\/em><\/a> ist in Zusammenarbeit mit der Universit\u00e4t von Pennsylvania zu genau diesem Ergebnis gekommen. Was unser Land auszeichnet (und wie es passieren konnte, dass <a href=\"https:\/\/www.washingtonpost.com\/news\/worldviews\/wp\/2016\/01\/20\/these-are-the-worlds-best-countries-sorry-america-youre-number-4\/\" target=\"_blank\">die USA nur auf Platz vier landen \u2013 das bedauert die <em>Washington Post<\/em> bereits in der Schlagzeile<\/a>), <a href=\"http:\/\/www.usnews.com\/news\/best-countries\/overall-full-list\" target=\"_blank\">lesen Sie hier<\/a>.<!--more--><\/p>\n<p>Halten wir uns nicht lange mit den Nachplatzierten Kanada, Gro\u00dfbritannien, USA und Schweden auf. Kommen wir <a href=\"http:\/\/www.usnews.com\/news\/best-countries\/germany\" target=\"_blank\">direkt zu Deutschland<\/a>: Wir k\u00f6nnen uns gl\u00fccklich sch\u00e4tzen, dass <a href=\"http:\/\/www.zeit.de\/karriere\/beruf\/2014-09\/gruender-unternehmer-bildungsabschluss-alter-kapital\" target=\"_blank\">Unternehmergeist<\/a> mit anteilig 17,42 Prozent im Messverfahren den gr\u00f6\u00dften Anteil bekommen hat, denn nur in diesem Punkt erreicht Deutschland die Bestnote.<\/p>\n<p>Reicht es in drei anderen Kategorien (darunter <a href=\"http:\/\/www.zeit.de\/gesellschaft\/zeitgeschehen\/2015-09\/generation-mitte-umfrage-wohlstand-lebensqualitaet\" target=\"_blank\">Lebensqualit\u00e4t<\/a>) immerhin noch zu einer Top-Ten-Platzierung, sind wir in anderen Punkten bestenfalls Durchschnitt \u2013 und in einem noch nicht mal das: Deutschland ist kein <a href=\"https:\/\/www.youtube.com\/watch?v=_1Cy7OxdpDw\" target=\"_blank\">Abenteuerland<\/a>. Verst\u00e4ndlich bei all unseren Regeln. Laut Definition der Ranking-Ersteller ist Deutschland nicht besonders freundlich, lustig, szenisch, sexy und klimatisch angenehm (<a href=\"http:\/\/www.zeit.de\/wissen\/umwelt\/2015-12\/klimawandel-deutschland-temperatur-hitzerekord\" target=\"_blank\">Letzteres \u00e4ndert sich langsam, leider<\/a>). Nun denn, jeder muss Abstriche machen.<\/p>\n<p>Untersucht wurden \u00fcbrigens 60 L\u00e4nder in 24 unterschiedlichen Rankings nach 75 Kriterien. Zur <a href=\"http:\/\/www.usnews.com\/news\/best-countries\/articles\/methodology\" target=\"_blank\">Methodologie gelangen Sie hier<\/a>.<\/p>\n<ul>\n<li><em>In <a href=\"https:\/\/blog.zeit.de\/teilchen\/2015\/04\/24\/kleines-land-grosses-glueck\/\" target=\"_blank\">diesem Land leben besonders gl\u00fcckliche Menschen<\/a>.<\/em><\/li>\n<li><em>Jetzt wollen Sie <a href=\"https:\/\/blog.zeit.de\/teilchen\/\" target=\"_blank\">weitere Teilchen? Unbedingt!<\/a><\/em><\/li>\n<\/ul>\n","protected":false},"excerpt":{"rendered":"<p>Das glauben Sie nicht? D\u00fcrfen Sie aber. Der U.S. News &amp; World Report ist in Zusammenarbeit mit der Universit\u00e4t von Pennsylvania zu genau diesem [\u2026]<\/p>\n","protected":false},"author":528,"featured_media":11129,"comment_status":"open","ping_status":"closed","sticky":false,"template":"","format":"standard","meta":{"_jetpack_memberships_contains_paid_content":false,"footnotes":""},"categories":[9469],"tags":[],"class_list":["post-11128","post","type-post","status-publish","format-standard","has-post-thumbnail","hentry","category-infografiken"],"yoast_head":"<!-- This site is optimized with the Yoast SEO plugin v21.0 - https:\/\/yoast.com\/wordpress\/plugins\/seo\/ -->\n<title>Deutschland, das beste Land der Welt<\/title>\n<meta name=\"description\" content=\"Deutschland siegt in Sachen Unternehmergeist. Freundlichkeit und Sexyness geh\u00f6ren nicht zu unseren St\u00e4rken, aber man kann auch Abstriche machen.\" \/>\n<meta name=\"robots\" content=\"index, follow, max-snippet:-1, max-image-preview:large, max-video-preview:-1\" \/>\n<link rel=\"canonical\" href=\"https:\/\/blog.zeit.de\/teilchen\/2016\/01\/21\/wir-leben-im-besten-land-der-welt\/\" \/>\n<meta property=\"og:locale\" content=\"de_DE\" \/>\n<meta property=\"og:type\" content=\"article\" \/>\n<meta property=\"og:title\" content=\"Deutschland, das beste Land der Welt\" \/>\n<meta property=\"og:description\" content=\"Deutschland siegt in Sachen Unternehmergeist. Freundlichkeit und Sexyness geh\u00f6ren nicht zu unseren St\u00e4rken, aber man kann auch Abstriche machen.\" \/>\n<meta property=\"og:url\" content=\"https:\/\/blog.zeit.de\/teilchen\/2016\/01\/21\/wir-leben-im-besten-land-der-welt\/\" \/>\n<meta property=\"og:site_name\" content=\"Teilchen\" \/>\n<meta property=\"article:published_time\" content=\"2016-01-21T13:02:53+00:00\" \/>\n<meta property=\"article:modified_time\" content=\"2016-01-21T14:33:33+00:00\" \/>\n<meta property=\"og:image\" content=\"https:\/\/blog.zeit.de\/teilchen\/files\/2016\/01\/Bildschirmfoto-2016-01-21-um-12.56.33.png\" \/>\n\t<meta property=\"og:image:width\" content=\"595\" \/>\n\t<meta property=\"og:image:height\" content=\"313\" \/>\n\t<meta property=\"og:image:type\" content=\"image\/png\" \/>\n<meta name=\"author\" content=\"Bj\u00f6rn Maatz\" \/>\n<meta name=\"twitter:card\" content=\"summary_large_image\" \/>\n<meta name=\"twitter:creator\" content=\"@BjoernMaatz\" \/>\n<meta name=\"twitter:site\" content=\"@zeitonline\" \/>\n<meta name=\"twitter:label1\" content=\"Geschrieben von\" \/>\n\t<meta name=\"twitter:data1\" content=\"Bj\u00f6rn Maatz\" \/>\n\t<meta name=\"twitter:label2\" content=\"Gesch\u00e4tzte Lesezeit\" \/>\n\t<meta name=\"twitter:data2\" content=\"1\u00a0Minute\" \/>\n<script type=\"application\/ld+json\" class=\"yoast-schema-graph\">{\"@context\":\"https:\/\/schema.org\",\"@graph\":[{\"@type\":\"WebPage\",\"@id\":\"https:\/\/blog.zeit.de\/teilchen\/2016\/01\/21\/wir-leben-im-besten-land-der-welt\/\",\"url\":\"https:\/\/blog.zeit.de\/teilchen\/2016\/01\/21\/wir-leben-im-besten-land-der-welt\/\",\"name\":\"Deutschland, das beste Land der Welt\",\"isPartOf\":{\"@id\":\"https:\/\/blog.zeit.de\/teilchen\/#website\"},\"datePublished\":\"2016-01-21T13:02:53+00:00\",\"dateModified\":\"2016-01-21T14:33:33+00:00\",\"author\":{\"@id\":\"https:\/\/blog.zeit.de\/teilchen\/#\/schema\/person\/20ae47479c9c6443ed61f03c9eac892f\"},\"description\":\"Deutschland siegt in Sachen Unternehmergeist. Freundlichkeit und Sexyness geh\u00f6ren nicht zu unseren St\u00e4rken, aber man kann auch Abstriche machen.\",\"breadcrumb\":{\"@id\":\"https:\/\/blog.zeit.de\/teilchen\/2016\/01\/21\/wir-leben-im-besten-land-der-welt\/#breadcrumb\"},\"inLanguage\":\"de\",\"potentialAction\":[{\"@type\":\"ReadAction\",\"target\":[\"https:\/\/blog.zeit.de\/teilchen\/2016\/01\/21\/wir-leben-im-besten-land-der-welt\/\"]}]},{\"@type\":\"BreadcrumbList\",\"@id\":\"https:\/\/blog.zeit.de\/teilchen\/2016\/01\/21\/wir-leben-im-besten-land-der-welt\/#breadcrumb\",\"itemListElement\":[{\"@type\":\"ListItem\",\"position\":1,\"name\":\"Startseite\",\"item\":\"https:\/\/blog.zeit.de\/teilchen\/\"},{\"@type\":\"ListItem\",\"position\":2,\"name\":\"Wir leben im besten Land der Welt\"}]},{\"@type\":\"WebSite\",\"@id\":\"https:\/\/blog.zeit.de\/teilchen\/#website\",\"url\":\"https:\/\/blog.zeit.de\/teilchen\/\",\"name\":\"Teilchen\",\"description\":\"Im Netz verstecken sich kleine Sch\u00e4tze - ZEIT ONLINE findet sie.\",\"potentialAction\":[{\"@type\":\"SearchAction\",\"target\":{\"@type\":\"EntryPoint\",\"urlTemplate\":\"https:\/\/blog.zeit.de\/teilchen\/?s={search_term_string}\"},\"query-input\":\"required name=search_term_string\"}],\"inLanguage\":\"de\"},{\"@type\":\"Person\",\"@id\":\"https:\/\/blog.zeit.de\/teilchen\/#\/schema\/person\/20ae47479c9c6443ed61f03c9eac892f\",\"name\":\"Bj\u00f6rn Maatz\",\"image\":{\"@type\":\"ImageObject\",\"inLanguage\":\"de\",\"@id\":\"https:\/\/blog.zeit.de\/teilchen\/#\/schema\/person\/image\/\",\"url\":\"https:\/\/secure.gravatar.com\/avatar\/4ed13ddffa21af7dcec9d6d36d2b36f05bfc49e1676e43abd84a80376d644278?s=96&d=mm&r=g\",\"contentUrl\":\"https:\/\/secure.gravatar.com\/avatar\/4ed13ddffa21af7dcec9d6d36d2b36f05bfc49e1676e43abd84a80376d644278?s=96&d=mm&r=g\",\"caption\":\"Bj\u00f6rn Maatz\"},\"description\":\"Leitet die Online-Redaktion der Kreativagentur Philipp und Keuntje. Zuvor Engagement-Redakteur bei ZEIT ONLINE und bei FINANCIAL TIMES DEUTSCHLAND, u.a. als Print-Redakteur im Unternehmensressort sowie als erster und letzter Social-Media-Redakteur. Studium der Wirtschaftsjournalistik in Bremen und Melbourne mit Hospitanzen beim NDR, der dpa und dem Hamburger Abendblatt.\",\"sameAs\":[\"https:\/\/twitter.com\/BjoernMaatz\"],\"url\":\"https:\/\/blog.zeit.de\/teilchen\/author\/bjoernmaatz\/\"}]}<\/script>\n<!-- \/ Yoast SEO plugin. -->","yoast_head_json":{"title":"Deutschland, das beste Land der Welt","description":"Deutschland siegt in Sachen Unternehmergeist. Freundlichkeit und Sexyness geh\u00f6ren nicht zu unseren St\u00e4rken, aber man kann auch Abstriche machen.","robots":{"index":"index","follow":"follow","max-snippet":"max-snippet:-1","max-image-preview":"max-image-preview:large","max-video-preview":"max-video-preview:-1"},"canonical":"https:\/\/blog.zeit.de\/teilchen\/2016\/01\/21\/wir-leben-im-besten-land-der-welt\/","og_locale":"de_DE","og_type":"article","og_title":"Deutschland, das beste Land der Welt","og_description":"Deutschland siegt in Sachen Unternehmergeist. Freundlichkeit und Sexyness geh\u00f6ren nicht zu unseren St\u00e4rken, aber man kann auch Abstriche machen.","og_url":"https:\/\/blog.zeit.de\/teilchen\/2016\/01\/21\/wir-leben-im-besten-land-der-welt\/","og_site_name":"Teilchen","article_published_time":"2016-01-21T13:02:53+00:00","article_modified_time":"2016-01-21T14:33:33+00:00","og_image":[{"width":595,"height":313,"url":"https:\/\/blog.zeit.de\/teilchen\/files\/2016\/01\/Bildschirmfoto-2016-01-21-um-12.56.33.png","type":"image\/png"}],"author":"Bj\u00f6rn Maatz","twitter_card":"summary_large_image","twitter_creator":"@BjoernMaatz","twitter_site":"@zeitonline","twitter_misc":{"Geschrieben von":"Bj\u00f6rn Maatz","Gesch\u00e4tzte Lesezeit":"1\u00a0Minute"},"schema":{"@context":"https:\/\/schema.org","@graph":[{"@type":"WebPage","@id":"https:\/\/blog.zeit.de\/teilchen\/2016\/01\/21\/wir-leben-im-besten-land-der-welt\/","url":"https:\/\/blog.zeit.de\/teilchen\/2016\/01\/21\/wir-leben-im-besten-land-der-welt\/","name":"Deutschland, das beste Land der Welt","isPartOf":{"@id":"https:\/\/blog.zeit.de\/teilchen\/#website"},"datePublished":"2016-01-21T13:02:53+00:00","dateModified":"2016-01-21T14:33:33+00:00","author":{"@id":"https:\/\/blog.zeit.de\/teilchen\/#\/schema\/person\/20ae47479c9c6443ed61f03c9eac892f"},"description":"Deutschland siegt in Sachen Unternehmergeist. Freundlichkeit und Sexyness geh\u00f6ren nicht zu unseren St\u00e4rken, aber man kann auch Abstriche machen.","breadcrumb":{"@id":"https:\/\/blog.zeit.de\/teilchen\/2016\/01\/21\/wir-leben-im-besten-land-der-welt\/#breadcrumb"},"inLanguage":"de","potentialAction":[{"@type":"ReadAction","target":["https:\/\/blog.zeit.de\/teilchen\/2016\/01\/21\/wir-leben-im-besten-land-der-welt\/"]}]},{"@type":"BreadcrumbList","@id":"https:\/\/blog.zeit.de\/teilchen\/2016\/01\/21\/wir-leben-im-besten-land-der-welt\/#breadcrumb","itemListElement":[{"@type":"ListItem","position":1,"name":"Startseite","item":"https:\/\/blog.zeit.de\/teilchen\/"},{"@type":"ListItem","position":2,"name":"Wir leben im besten Land der Welt"}]},{"@type":"WebSite","@id":"https:\/\/blog.zeit.de\/teilchen\/#website","url":"https:\/\/blog.zeit.de\/teilchen\/","name":"Teilchen","description":"Im Netz verstecken sich kleine Sch\u00e4tze - ZEIT ONLINE findet sie.","potentialAction":[{"@type":"SearchAction","target":{"@type":"EntryPoint","urlTemplate":"https:\/\/blog.zeit.de\/teilchen\/?s={search_term_string}"},"query-input":"required name=search_term_string"}],"inLanguage":"de"},{"@type":"Person","@id":"https:\/\/blog.zeit.de\/teilchen\/#\/schema\/person\/20ae47479c9c6443ed61f03c9eac892f","name":"Bj\u00f6rn Maatz","image":{"@type":"ImageObject","inLanguage":"de","@id":"https:\/\/blog.zeit.de\/teilchen\/#\/schema\/person\/image\/","url":"https:\/\/secure.gravatar.com\/avatar\/4ed13ddffa21af7dcec9d6d36d2b36f05bfc49e1676e43abd84a80376d644278?s=96&d=mm&r=g","contentUrl":"https:\/\/secure.gravatar.com\/avatar\/4ed13ddffa21af7dcec9d6d36d2b36f05bfc49e1676e43abd84a80376d644278?s=96&d=mm&r=g","caption":"Bj\u00f6rn Maatz"},"description":"Leitet die Online-Redaktion der Kreativagentur Philipp und Keuntje. Zuvor Engagement-Redakteur bei ZEIT ONLINE und bei FINANCIAL TIMES DEUTSCHLAND, u.a. als Print-Redakteur im Unternehmensressort sowie als erster und letzter Social-Media-Redakteur. Studium der Wirtschaftsjournalistik in Bremen und Melbourne mit Hospitanzen beim NDR, der dpa und dem Hamburger Abendblatt.","sameAs":["https:\/\/twitter.com\/BjoernMaatz"],"url":"https:\/\/blog.zeit.de\/teilchen\/author\/bjoernmaatz\/"}]}},"jetpack_featured_media_url":"https:\/\/blog.zeit.de\/teilchen\/files\/2016\/01\/Bildschirmfoto-2016-01-21-um-12.56.33.png","jetpack_sharing_enabled":true,"_links":{"self":[{"href":"https:\/\/blog.zeit.de\/teilchen\/wp-json\/wp\/v2\/posts\/11128","targetHints":{"allow":["GET"]}}],"collection":[{"href":"https:\/\/blog.zeit.de\/teilchen\/wp-json\/wp\/v2\/posts"}],"about":[{"href":"https:\/\/blog.zeit.de\/teilchen\/wp-json\/wp\/v2\/types\/post"}],"author":[{"embeddable":true,"href":"https:\/\/blog.zeit.de\/teilchen\/wp-json\/wp\/v2\/users\/528"}],"replies":[{"embeddable":true,"href":"https:\/\/blog.zeit.de\/teilchen\/wp-json\/wp\/v2\/comments?post=11128"}],"version-history":[{"count":8,"href":"https:\/\/blog.zeit.de\/teilchen\/wp-json\/wp\/v2\/posts\/11128\/revisions"}],"predecessor-version":[{"id":11139,"href":"https:\/\/blog.zeit.de\/teilchen\/wp-json\/wp\/v2\/posts\/11128\/revisions\/11139"}],"wp:featuredmedia":[{"embeddable":true,"href":"https:\/\/blog.zeit.de\/teilchen\/wp-json\/wp\/v2\/media\/11129"}],"wp:attachment":[{"href":"https:\/\/blog.zeit.de\/teilchen\/wp-json\/wp\/v2\/media?parent=11128"}],"wp:term":[{"taxonomy":"category","embeddable":true,"href":"https:\/\/blog.zeit.de\/teilchen\/wp-json\/wp\/v2\/categories?post=11128"},{"taxonomy":"post_tag","embeddable":true,"href":"https:\/\/blog.zeit.de\/teilchen\/wp-json\/wp\/v2\/tags?post=11128"}],"curies":[{"name":"wp","href":"https:\/\/api.w.org\/{rel}","templated":true}]}}