{"id":11356,"date":"2016-02-04T18:44:10","date_gmt":"2016-02-04T17:44:10","guid":{"rendered":"http:\/\/blog.zeit.de\/teilchen\/?p=11356"},"modified":"2016-02-04T18:44:10","modified_gmt":"2016-02-04T17:44:10","slug":"japan-geschichte-zeitreise-video","status":"publish","type":"post","link":"https:\/\/blog.zeit.de\/teilchen\/2016\/02\/04\/japan-geschichte-zeitreise-video\/","title":{"rendered":"Die unglaubliche Reise durch Japans Geschichte in einem verr\u00fcckten Video"},"content":{"rendered":"\n<div class=\"embed-wrapper embed-wrapper--blocked js-embed-consent\" data-method=\"embed\">\n<script class=\"raw__source\" type=\"text\/template\"><iframe loading=\"lazy\" title=\"history of japan\" width=\"640\" height=\"360\" src=\"https:\/\/www.youtube-nocookie.com\/embed\/Mh5LY4Mz15o?feature=oembed\" frameborder=\"0\" allow=\"accelerometer; autoplay; clipboard-write; encrypted-media; gyroscope; picture-in-picture; web-share\" referrerpolicy=\"strict-origin-when-cross-origin\" allowfullscreen><\/iframe><\/script>\n<div class=\"embed-wrapper__inner\">\n<div class=\"embed-wrapper__text\">\n<h3>Empfohlener redaktioneller Inhalt<\/h3>\n<p data-replace=\"no\">An dieser Stelle finden Sie externen Inhalt, der den Artikel erg\u00e4nzt. Sie k\u00f6nnen sich externe Inhalte mit einem Klick anzeigen lassen und wieder ausblenden.<noscript>Bitte aktivieren Sie JavaScript damit Sie diesen Inhalt anzeigen k\u00f6nnen.<\/noscript><\/p>\n<\/div>\n<div class=\"embed-consent\">\n<label class=\"embed-consent__toggle\">\n<input class=\"js-embed-consent__toggle\" type=\"checkbox\" autocomplete=\"off\">\n<span><\/span>\nExterner Inhalt\n<\/label>\n<a href=\"https:\/\/www.zeit.de\/hilfe\/datenschutz\" target=\"_blank\" class=\"embed-consent__datalink-when-active\">Datenschutzerkl\u00e4rung<\/a>\n<\/div>\n<div class=\"embed-wrapper__footer\">\n<p data-replace=\"no\">\nIch bin damit einverstanden, dass mir externe Inhalte angezeigt werden. Damit k\u00f6nnen personenbezogene Daten an Drittplattformen \u00fcbermittelt werden. <a href=\"https:\/\/www.zeit.de\/hilfe\/datenschutz\" target=\"_blank\">Mehr dazu in unserer Datenschutzerkl\u00e4rung.<\/a>\n<\/p>\n<\/div>\n<\/div>\n<\/div>\n<p>Es gibt ein Land, in dem gestandene Vorstandsvorsitzende bei Pressekonferenzen <a href=\"http:\/\/qz.com\/24241\/the-five-best-japanese-corporate-apologies\/\" target=\"_blank\">aus H\u00f6flichkeit weinend zusammenbrechen<\/a>, wenn Sie Fehler eingestehen. Es gibt ein Land, das einen <a href=\"http:\/\/www.zeit.de\/2015\/15\/toiletten-toto-intelligente-junichi-tani-japan\" target=\"_blank\">obsessiven Umgang mit Toiletten<\/a> pflegt. Es gibt ein Land, das technisch viel entwickelter ist als die meisten Industrienationen, aber dennoch <a href=\"http:\/\/www.bbc.com\/news\/business-34667380\" target=\"_blank\">nicht von Fax-Ger\u00e4ten und Kassetten lassen<\/a> kann. Dieses Land wollen wir n\u00e4her kennenlernen: Wir versprechen Ihnen neun bizarre, farbenfrohe und unterhaltsame Minuten bei dieser ungew\u00f6hnlichen Zeitreise durch Japans Geschichte.<!--more--><\/p>\n<p><a href=\"http:\/\/www.billwurtz.com\/\" target=\"_blank\">Bill Wurtz<\/a> spannt in seinem Video einen Bogen von der Besiedlung via damals noch vorhandener Landbr\u00fccken \u00fcber den <a href=\"http:\/\/www.sciencemag.org\/news\/2003\/05\/earlier-start-japanese-rice-cultivation\" target=\"_blank\">Reisanbau<\/a> und die Weltkriege bis hin zum modernen Japan. Leider l\u00e4sst er einige dunkle Kapitel aus, wie etwa den <a href=\"http:\/\/www.vox.com\/2015\/12\/28\/10677136\/japan-korea-comfort-women-agreement\" target=\"_blank\">Missbrauch von koreanischen Frauen<\/a> in den 30er und 40er Jahren als Sex-Sklaven. Darauf haben <a href=\"https:\/\/www.reddit.com\/r\/videos\/comments\/43wsdi\/history_of_japan\/czlzu8d\" target=\"_blank\"><em>Reddit<\/em>-Nutzer bereits<\/a> <a href=\"https:\/\/www.reddit.com\/r\/videos\/comments\/43wsdi\/history_of_japan\/czluzqx\" target=\"_blank\">aufmerksam<\/a> <a href=\"https:\/\/www.reddit.com\/r\/videos\/comments\/43wsdi\/history_of_japan\/czlvads\" target=\"_blank\">gemacht<\/a>.<\/p>\n<p>Das Video will vor allem unterhalten \u2013 durch schnelle Schnitte und bunte Farben. Wenn Sie Pop-Art oder Video-Games m\u00f6gen und auch noch etwas lernen wollen, <a href=\"https:\/\/www.youtube.com\/watch?v=Mh5LY4Mz15o\" target=\"_blank\">g\u00f6nnen Sie sich die neun Minuten<\/a>.<\/p>\n<p><em>Weitere <a href=\"https:\/\/blog.zeit.de\/teilchen\/\" target=\"_blank\">Teilchen finden Sie hier<\/a>.<\/em><\/p>\n","protected":false},"excerpt":{"rendered":"<p>Empfohlener redaktioneller Inhalt An dieser Stelle finden Sie externen Inhalt, der den Artikel erg\u00e4nzt. Sie k\u00f6nnen sich externe Inhalte mit einem Klick anzeigen lassen [\u2026]<\/p>\n","protected":false},"author":528,"featured_media":11358,"comment_status":"open","ping_status":"closed","sticky":false,"template":"","format":"standard","meta":{"_jetpack_memberships_contains_paid_content":false,"footnotes":""},"categories":[28],"tags":[],"class_list":["post-11356","post","type-post","status-publish","format-standard","has-post-thumbnail","hentry","category-video"],"yoast_head":"<!-- This site is optimized with the Yoast SEO plugin v21.0 - https:\/\/yoast.com\/wordpress\/plugins\/seo\/ -->\n<title>Japan \u2013 eine ungew\u00f6hnliche Zeitreise<\/title>\n<meta name=\"description\" content=\"In seinem Video \u00fcber Japan spannt Bill Wurtz einen Bogen von der Besiedlung \u00fcber Weltkriege bis in die heutige Zeit.\" \/>\n<meta name=\"robots\" content=\"index, follow, max-snippet:-1, max-image-preview:large, max-video-preview:-1\" \/>\n<link rel=\"canonical\" href=\"https:\/\/blog.zeit.de\/teilchen\/2016\/02\/04\/japan-geschichte-zeitreise-video\/\" \/>\n<meta property=\"og:locale\" content=\"de_DE\" \/>\n<meta property=\"og:type\" content=\"article\" \/>\n<meta property=\"og:title\" content=\"Japan \u2013 eine ungew\u00f6hnliche Zeitreise\" \/>\n<meta property=\"og:description\" content=\"In seinem Video \u00fcber Japan spannt Bill Wurtz einen Bogen von der Besiedlung \u00fcber Weltkriege bis in die heutige Zeit.\" \/>\n<meta property=\"og:url\" content=\"https:\/\/blog.zeit.de\/teilchen\/2016\/02\/04\/japan-geschichte-zeitreise-video\/\" \/>\n<meta property=\"og:site_name\" content=\"Teilchen\" \/>\n<meta property=\"article:published_time\" content=\"2016-02-04T17:44:10+00:00\" \/>\n<meta property=\"og:image\" content=\"https:\/\/blog.zeit.de\/teilchen\/files\/2016\/02\/preview1.jpg\" \/>\n\t<meta property=\"og:image:width\" content=\"500\" \/>\n\t<meta property=\"og:image:height\" content=\"355\" \/>\n\t<meta property=\"og:image:type\" content=\"image\/jpeg\" \/>\n<meta name=\"author\" content=\"Bj\u00f6rn Maatz\" \/>\n<meta name=\"twitter:card\" content=\"summary_large_image\" \/>\n<meta name=\"twitter:creator\" content=\"@BjoernMaatz\" \/>\n<meta name=\"twitter:site\" content=\"@zeitonline\" \/>\n<meta name=\"twitter:label1\" content=\"Geschrieben von\" \/>\n\t<meta name=\"twitter:data1\" content=\"Bj\u00f6rn Maatz\" \/>\n\t<meta name=\"twitter:label2\" content=\"Gesch\u00e4tzte Lesezeit\" \/>\n\t<meta name=\"twitter:data2\" content=\"1\u00a0Minute\" \/>\n<script type=\"application\/ld+json\" class=\"yoast-schema-graph\">{\"@context\":\"https:\/\/schema.org\",\"@graph\":[{\"@type\":\"WebPage\",\"@id\":\"https:\/\/blog.zeit.de\/teilchen\/2016\/02\/04\/japan-geschichte-zeitreise-video\/\",\"url\":\"https:\/\/blog.zeit.de\/teilchen\/2016\/02\/04\/japan-geschichte-zeitreise-video\/\",\"name\":\"Japan \u2013 eine ungew\u00f6hnliche Zeitreise\",\"isPartOf\":{\"@id\":\"https:\/\/blog.zeit.de\/teilchen\/#website\"},\"datePublished\":\"2016-02-04T17:44:10+00:00\",\"dateModified\":\"2016-02-04T17:44:10+00:00\",\"author\":{\"@id\":\"https:\/\/blog.zeit.de\/teilchen\/#\/schema\/person\/20ae47479c9c6443ed61f03c9eac892f\"},\"description\":\"In seinem Video \u00fcber Japan spannt Bill Wurtz einen Bogen von der Besiedlung \u00fcber Weltkriege bis in die heutige Zeit.\",\"breadcrumb\":{\"@id\":\"https:\/\/blog.zeit.de\/teilchen\/2016\/02\/04\/japan-geschichte-zeitreise-video\/#breadcrumb\"},\"inLanguage\":\"de\",\"potentialAction\":[{\"@type\":\"ReadAction\",\"target\":[\"https:\/\/blog.zeit.de\/teilchen\/2016\/02\/04\/japan-geschichte-zeitreise-video\/\"]}]},{\"@type\":\"BreadcrumbList\",\"@id\":\"https:\/\/blog.zeit.de\/teilchen\/2016\/02\/04\/japan-geschichte-zeitreise-video\/#breadcrumb\",\"itemListElement\":[{\"@type\":\"ListItem\",\"position\":1,\"name\":\"Startseite\",\"item\":\"https:\/\/blog.zeit.de\/teilchen\/\"},{\"@type\":\"ListItem\",\"position\":2,\"name\":\"Die unglaubliche Reise durch Japans Geschichte in einem verr\u00fcckten Video\"}]},{\"@type\":\"WebSite\",\"@id\":\"https:\/\/blog.zeit.de\/teilchen\/#website\",\"url\":\"https:\/\/blog.zeit.de\/teilchen\/\",\"name\":\"Teilchen\",\"description\":\"Im Netz verstecken sich kleine Sch\u00e4tze - ZEIT ONLINE findet sie.\",\"potentialAction\":[{\"@type\":\"SearchAction\",\"target\":{\"@type\":\"EntryPoint\",\"urlTemplate\":\"https:\/\/blog.zeit.de\/teilchen\/?s={search_term_string}\"},\"query-input\":\"required name=search_term_string\"}],\"inLanguage\":\"de\"},{\"@type\":\"Person\",\"@id\":\"https:\/\/blog.zeit.de\/teilchen\/#\/schema\/person\/20ae47479c9c6443ed61f03c9eac892f\",\"name\":\"Bj\u00f6rn Maatz\",\"image\":{\"@type\":\"ImageObject\",\"inLanguage\":\"de\",\"@id\":\"https:\/\/blog.zeit.de\/teilchen\/#\/schema\/person\/image\/\",\"url\":\"https:\/\/secure.gravatar.com\/avatar\/4ed13ddffa21af7dcec9d6d36d2b36f05bfc49e1676e43abd84a80376d644278?s=96&d=mm&r=g\",\"contentUrl\":\"https:\/\/secure.gravatar.com\/avatar\/4ed13ddffa21af7dcec9d6d36d2b36f05bfc49e1676e43abd84a80376d644278?s=96&d=mm&r=g\",\"caption\":\"Bj\u00f6rn Maatz\"},\"description\":\"Leitet die Online-Redaktion der Kreativagentur Philipp und Keuntje. Zuvor Engagement-Redakteur bei ZEIT ONLINE und bei FINANCIAL TIMES DEUTSCHLAND, u.a. als Print-Redakteur im Unternehmensressort sowie als erster und letzter Social-Media-Redakteur. Studium der Wirtschaftsjournalistik in Bremen und Melbourne mit Hospitanzen beim NDR, der dpa und dem Hamburger Abendblatt.\",\"sameAs\":[\"https:\/\/twitter.com\/BjoernMaatz\"],\"url\":\"https:\/\/blog.zeit.de\/teilchen\/author\/bjoernmaatz\/\"}]}<\/script>\n<!-- \/ Yoast SEO plugin. -->","yoast_head_json":{"title":"Japan \u2013 eine ungew\u00f6hnliche Zeitreise","description":"In seinem Video \u00fcber Japan spannt Bill Wurtz einen Bogen von der Besiedlung \u00fcber Weltkriege bis in die heutige Zeit.","robots":{"index":"index","follow":"follow","max-snippet":"max-snippet:-1","max-image-preview":"max-image-preview:large","max-video-preview":"max-video-preview:-1"},"canonical":"https:\/\/blog.zeit.de\/teilchen\/2016\/02\/04\/japan-geschichte-zeitreise-video\/","og_locale":"de_DE","og_type":"article","og_title":"Japan \u2013 eine ungew\u00f6hnliche Zeitreise","og_description":"In seinem Video \u00fcber Japan spannt Bill Wurtz einen Bogen von der Besiedlung \u00fcber Weltkriege bis in die heutige Zeit.","og_url":"https:\/\/blog.zeit.de\/teilchen\/2016\/02\/04\/japan-geschichte-zeitreise-video\/","og_site_name":"Teilchen","article_published_time":"2016-02-04T17:44:10+00:00","og_image":[{"width":500,"height":355,"url":"https:\/\/blog.zeit.de\/teilchen\/files\/2016\/02\/preview1.jpg","type":"image\/jpeg"}],"author":"Bj\u00f6rn Maatz","twitter_card":"summary_large_image","twitter_creator":"@BjoernMaatz","twitter_site":"@zeitonline","twitter_misc":{"Geschrieben von":"Bj\u00f6rn Maatz","Gesch\u00e4tzte Lesezeit":"1\u00a0Minute"},"schema":{"@context":"https:\/\/schema.org","@graph":[{"@type":"WebPage","@id":"https:\/\/blog.zeit.de\/teilchen\/2016\/02\/04\/japan-geschichte-zeitreise-video\/","url":"https:\/\/blog.zeit.de\/teilchen\/2016\/02\/04\/japan-geschichte-zeitreise-video\/","name":"Japan \u2013 eine ungew\u00f6hnliche Zeitreise","isPartOf":{"@id":"https:\/\/blog.zeit.de\/teilchen\/#website"},"datePublished":"2016-02-04T17:44:10+00:00","dateModified":"2016-02-04T17:44:10+00:00","author":{"@id":"https:\/\/blog.zeit.de\/teilchen\/#\/schema\/person\/20ae47479c9c6443ed61f03c9eac892f"},"description":"In seinem Video \u00fcber Japan spannt Bill Wurtz einen Bogen von der Besiedlung \u00fcber Weltkriege bis in die heutige Zeit.","breadcrumb":{"@id":"https:\/\/blog.zeit.de\/teilchen\/2016\/02\/04\/japan-geschichte-zeitreise-video\/#breadcrumb"},"inLanguage":"de","potentialAction":[{"@type":"ReadAction","target":["https:\/\/blog.zeit.de\/teilchen\/2016\/02\/04\/japan-geschichte-zeitreise-video\/"]}]},{"@type":"BreadcrumbList","@id":"https:\/\/blog.zeit.de\/teilchen\/2016\/02\/04\/japan-geschichte-zeitreise-video\/#breadcrumb","itemListElement":[{"@type":"ListItem","position":1,"name":"Startseite","item":"https:\/\/blog.zeit.de\/teilchen\/"},{"@type":"ListItem","position":2,"name":"Die unglaubliche Reise durch Japans Geschichte in einem verr\u00fcckten Video"}]},{"@type":"WebSite","@id":"https:\/\/blog.zeit.de\/teilchen\/#website","url":"https:\/\/blog.zeit.de\/teilchen\/","name":"Teilchen","description":"Im Netz verstecken sich kleine Sch\u00e4tze - ZEIT ONLINE findet sie.","potentialAction":[{"@type":"SearchAction","target":{"@type":"EntryPoint","urlTemplate":"https:\/\/blog.zeit.de\/teilchen\/?s={search_term_string}"},"query-input":"required name=search_term_string"}],"inLanguage":"de"},{"@type":"Person","@id":"https:\/\/blog.zeit.de\/teilchen\/#\/schema\/person\/20ae47479c9c6443ed61f03c9eac892f","name":"Bj\u00f6rn Maatz","image":{"@type":"ImageObject","inLanguage":"de","@id":"https:\/\/blog.zeit.de\/teilchen\/#\/schema\/person\/image\/","url":"https:\/\/secure.gravatar.com\/avatar\/4ed13ddffa21af7dcec9d6d36d2b36f05bfc49e1676e43abd84a80376d644278?s=96&d=mm&r=g","contentUrl":"https:\/\/secure.gravatar.com\/avatar\/4ed13ddffa21af7dcec9d6d36d2b36f05bfc49e1676e43abd84a80376d644278?s=96&d=mm&r=g","caption":"Bj\u00f6rn Maatz"},"description":"Leitet die Online-Redaktion der Kreativagentur Philipp und Keuntje. Zuvor Engagement-Redakteur bei ZEIT ONLINE und bei FINANCIAL TIMES DEUTSCHLAND, u.a. als Print-Redakteur im Unternehmensressort sowie als erster und letzter Social-Media-Redakteur. Studium der Wirtschaftsjournalistik in Bremen und Melbourne mit Hospitanzen beim NDR, der dpa und dem Hamburger Abendblatt.","sameAs":["https:\/\/twitter.com\/BjoernMaatz"],"url":"https:\/\/blog.zeit.de\/teilchen\/author\/bjoernmaatz\/"}]}},"jetpack_featured_media_url":"https:\/\/blog.zeit.de\/teilchen\/files\/2016\/02\/preview1.jpg","jetpack_sharing_enabled":true,"_links":{"self":[{"href":"https:\/\/blog.zeit.de\/teilchen\/wp-json\/wp\/v2\/posts\/11356","targetHints":{"allow":["GET"]}}],"collection":[{"href":"https:\/\/blog.zeit.de\/teilchen\/wp-json\/wp\/v2\/posts"}],"about":[{"href":"https:\/\/blog.zeit.de\/teilchen\/wp-json\/wp\/v2\/types\/post"}],"author":[{"embeddable":true,"href":"https:\/\/blog.zeit.de\/teilchen\/wp-json\/wp\/v2\/users\/528"}],"replies":[{"embeddable":true,"href":"https:\/\/blog.zeit.de\/teilchen\/wp-json\/wp\/v2\/comments?post=11356"}],"version-history":[{"count":4,"href":"https:\/\/blog.zeit.de\/teilchen\/wp-json\/wp\/v2\/posts\/11356\/revisions"}],"predecessor-version":[{"id":11363,"href":"https:\/\/blog.zeit.de\/teilchen\/wp-json\/wp\/v2\/posts\/11356\/revisions\/11363"}],"wp:featuredmedia":[{"embeddable":true,"href":"https:\/\/blog.zeit.de\/teilchen\/wp-json\/wp\/v2\/media\/11358"}],"wp:attachment":[{"href":"https:\/\/blog.zeit.de\/teilchen\/wp-json\/wp\/v2\/media?parent=11356"}],"wp:term":[{"taxonomy":"category","embeddable":true,"href":"https:\/\/blog.zeit.de\/teilchen\/wp-json\/wp\/v2\/categories?post=11356"},{"taxonomy":"post_tag","embeddable":true,"href":"https:\/\/blog.zeit.de\/teilchen\/wp-json\/wp\/v2\/tags?post=11356"}],"curies":[{"name":"wp","href":"https:\/\/api.w.org\/{rel}","templated":true}]}}