{"id":1136,"date":"2015-01-20T17:48:01","date_gmt":"2015-01-20T16:48:01","guid":{"rendered":"http:\/\/blog.zeit.de\/teilchen\/?p=1136"},"modified":"2015-03-10T12:52:39","modified_gmt":"2015-03-10T11:52:39","slug":"12-jahre-unschuldig-guantanamo","status":"publish","type":"post","link":"https:\/\/blog.zeit.de\/teilchen\/2015\/01\/20\/12-jahre-unschuldig-guantanamo\/","title":{"rendered":"Zw\u00f6lf Jahre unschuldig in Guant\u00e1namo"},"content":{"rendered":"<p><a href=\"http:\/\/guantanamodiary.com\/\"><img loading=\"lazy\" decoding=\"async\" class=\"alignnone size-medium wp-image-1137\" src=\"https:\/\/blog.zeit.de\/teilchen\/files\/2015\/01\/Bildschirmfoto-2015-01-20-um-16.50.11-580x399.png\" alt=\"Bildschirmfoto 2015-01-20 um 16.50.11\" width=\"580\" height=\"399\" srcset=\"https:\/\/blog.zeit.de\/teilchen\/files\/2015\/01\/Bildschirmfoto-2015-01-20-um-16.50.11-580x399.png 580w, https:\/\/blog.zeit.de\/teilchen\/files\/2015\/01\/Bildschirmfoto-2015-01-20-um-16.50.11.png 976w\" sizes=\"auto, (max-width: 580px) 100vw, 580px\" \/><\/a><\/p>\n<p>&#8222;Die Zelle \u2013\u00a0besser: die Box \u2013 war so sehr heruntergek\u00fchlt, dass ich fast die ganze Zeit zitterte. In den n\u00e4chsten 70 Tagen w\u00fcrde ich nicht mehr die Anmut des Schlafes erfahren. Verh\u00f6re 24 Stunden am Tag, ich lebte sprichw\u00f6rtlich in Angst.&#8220; Mit diesen Worten beginnt das gut achtmin\u00fctige <a href=\"http:\/\/guantanamodiary.com\/\" target=\"_blank\">Video des <em>Guardian<\/em><\/a>, das die Tortur des Guant\u00e1namo-H\u00e4ftlings Mohamedou Ould Slahi dokumentiert. Wie brutal der US-Geheimdienst CIA bei seinen Verh\u00f6rmethoden vorging, verdeutlicht <a href=\"http:\/\/www.intelligence.senate.gov\/study2014\/sscistudy1.pdf\" target=\"_blank\">dieser Bericht<\/a>.<\/p>\n<p>Seit zw\u00f6lf Jahren befindet sich Slahi in dem US-Gefangenenlager \u2013\u00a0bis heute ohne formelle Anklage. Die USA verd\u00e4chtigen den Mauretanier, Kontakt zu einigen 9\/11-Attent\u00e4tern und anderen hochrangigen Al-Kaida-Mitgliedern gehabt zu haben. Beweise daf\u00fcr gibt es nicht. Ein US-Bundesrichter hatte bereits 2010 seine Freilassung angeordnet. Geschehen ist bislang nichts.<\/p>\n<p>Slahi schrieb im Sommer 2005 ein 466-seitiges Tagebuch \u00fcber seine Erlebnisse in Guant\u00e1namo. Sieben Jahre lang verhandelten seine Anw\u00e4lte mit der US-Milit\u00e4rverwaltung, 2012 schlie\u00dflich erhielten sie die Aufzeichnungen mit dem Recht, diese zu ver\u00f6ffentlichen. Die handschriftlichen Notizen, die der <em>Guardian<\/em> <a href=\"http:\/\/www.theguardian.com\/world\/ng-interactive\/2015\/jan\/20\/-sp-read-mohamedou-ould-slahis-original-handwritten-manuscript\" target=\"_blank\">hier<\/a> dokumentiert, wurden jedoch mit Schw\u00e4rzungen von Namen und anderer Details versehen. Am Dienstag erscheint <a href=\"http:\/\/www.zeit.de\/politik\/ausland\/2015-01\/guantanamo-tagebuch-geschichten-aus-der-folterkammer\" target=\"_blank\">Slahis Dokument der Folter<\/a>.<\/p>\n<p><em>Weitere Teilchen finden Sie <a href=\"https:\/\/blog.zeit.de\/teilchen\/\" target=\"_blank\">hier<\/a>.<\/em><\/p>\n","protected":false},"excerpt":{"rendered":"<p>&#8222;Die Zelle \u2013\u00a0besser: die Box \u2013 war so sehr heruntergek\u00fchlt, dass ich fast die ganze Zeit zitterte. In den n\u00e4chsten 70 Tagen w\u00fcrde ich [\u2026]<\/p>\n","protected":false},"author":528,"featured_media":0,"comment_status":"open","ping_status":"closed","sticky":false,"template":"","format":"standard","meta":{"_jetpack_memberships_contains_paid_content":false,"footnotes":""},"categories":[29747],"tags":[],"class_list":["post-1136","post","type-post","status-publish","format-standard","hentry","category-geschichten"],"yoast_head":"<!-- This site is optimized with the Yoast SEO plugin v21.0 - https:\/\/yoast.com\/wordpress\/plugins\/seo\/ -->\n<title>Zw\u00f6lf Jahre unschuldig in Guant\u00e1namo &#8902; Teilchen<\/title>\n<meta name=\"description\" content=\"Seit zw\u00f6lf Jahren befindet sich Slahi in dem US-Gefangenenlager in Guant\u00e1namo. Er begann Tagebuch zu schreiben. Der &quot;Guardian&quot; hat es nun ver\u00f6ffentlicht.\" \/>\n<meta name=\"robots\" content=\"index, follow, max-snippet:-1, max-image-preview:large, max-video-preview:-1\" \/>\n<link rel=\"canonical\" href=\"https:\/\/blog.zeit.de\/teilchen\/2015\/01\/20\/12-jahre-unschuldig-guantanamo\/\" \/>\n<meta property=\"og:locale\" content=\"de_DE\" \/>\n<meta property=\"og:type\" content=\"article\" \/>\n<meta property=\"og:title\" content=\"Zw\u00f6lf Jahre unschuldig in Guant\u00e1namo &#8902; Teilchen\" \/>\n<meta property=\"og:description\" content=\"Seit zw\u00f6lf Jahren befindet sich Slahi in dem US-Gefangenenlager in Guant\u00e1namo. Er begann Tagebuch zu schreiben. Der &quot;Guardian&quot; hat es nun ver\u00f6ffentlicht.\" \/>\n<meta property=\"og:url\" content=\"https:\/\/blog.zeit.de\/teilchen\/2015\/01\/20\/12-jahre-unschuldig-guantanamo\/\" \/>\n<meta property=\"og:site_name\" content=\"Teilchen\" \/>\n<meta property=\"article:published_time\" content=\"2015-01-20T16:48:01+00:00\" \/>\n<meta property=\"article:modified_time\" content=\"2015-03-10T11:52:39+00:00\" \/>\n<meta property=\"og:image\" content=\"https:\/\/blog.zeit.de\/teilchen\/files\/2015\/01\/Bildschirmfoto-2015-01-20-um-16.50.11-580x399.png\" \/>\n<meta name=\"author\" content=\"Bj\u00f6rn Maatz\" \/>\n<meta name=\"twitter:card\" content=\"summary_large_image\" \/>\n<meta name=\"twitter:creator\" content=\"@BjoernMaatz\" \/>\n<meta name=\"twitter:site\" content=\"@zeitonline\" \/>\n<meta name=\"twitter:label1\" content=\"Geschrieben von\" \/>\n\t<meta name=\"twitter:data1\" content=\"Bj\u00f6rn Maatz\" \/>\n\t<meta name=\"twitter:label2\" content=\"Gesch\u00e4tzte Lesezeit\" \/>\n\t<meta name=\"twitter:data2\" content=\"1\u00a0Minute\" \/>\n<script type=\"application\/ld+json\" class=\"yoast-schema-graph\">{\"@context\":\"https:\/\/schema.org\",\"@graph\":[{\"@type\":\"WebPage\",\"@id\":\"https:\/\/blog.zeit.de\/teilchen\/2015\/01\/20\/12-jahre-unschuldig-guantanamo\/\",\"url\":\"https:\/\/blog.zeit.de\/teilchen\/2015\/01\/20\/12-jahre-unschuldig-guantanamo\/\",\"name\":\"Zw\u00f6lf Jahre unschuldig in Guant\u00e1namo &#8902; Teilchen\",\"isPartOf\":{\"@id\":\"https:\/\/blog.zeit.de\/teilchen\/#website\"},\"datePublished\":\"2015-01-20T16:48:01+00:00\",\"dateModified\":\"2015-03-10T11:52:39+00:00\",\"author\":{\"@id\":\"https:\/\/blog.zeit.de\/teilchen\/#\/schema\/person\/20ae47479c9c6443ed61f03c9eac892f\"},\"description\":\"Seit zw\u00f6lf Jahren befindet sich Slahi in dem US-Gefangenenlager in Guant\u00e1namo. Er begann Tagebuch zu schreiben. Der \\\"Guardian\\\" hat es nun ver\u00f6ffentlicht.\",\"breadcrumb\":{\"@id\":\"https:\/\/blog.zeit.de\/teilchen\/2015\/01\/20\/12-jahre-unschuldig-guantanamo\/#breadcrumb\"},\"inLanguage\":\"de\",\"potentialAction\":[{\"@type\":\"ReadAction\",\"target\":[\"https:\/\/blog.zeit.de\/teilchen\/2015\/01\/20\/12-jahre-unschuldig-guantanamo\/\"]}]},{\"@type\":\"BreadcrumbList\",\"@id\":\"https:\/\/blog.zeit.de\/teilchen\/2015\/01\/20\/12-jahre-unschuldig-guantanamo\/#breadcrumb\",\"itemListElement\":[{\"@type\":\"ListItem\",\"position\":1,\"name\":\"Startseite\",\"item\":\"https:\/\/blog.zeit.de\/teilchen\/\"},{\"@type\":\"ListItem\",\"position\":2,\"name\":\"Zw\u00f6lf Jahre unschuldig in Guant\u00e1namo\"}]},{\"@type\":\"WebSite\",\"@id\":\"https:\/\/blog.zeit.de\/teilchen\/#website\",\"url\":\"https:\/\/blog.zeit.de\/teilchen\/\",\"name\":\"Teilchen\",\"description\":\"Im Netz verstecken sich kleine Sch\u00e4tze - ZEIT ONLINE findet sie.\",\"potentialAction\":[{\"@type\":\"SearchAction\",\"target\":{\"@type\":\"EntryPoint\",\"urlTemplate\":\"https:\/\/blog.zeit.de\/teilchen\/?s={search_term_string}\"},\"query-input\":\"required name=search_term_string\"}],\"inLanguage\":\"de\"},{\"@type\":\"Person\",\"@id\":\"https:\/\/blog.zeit.de\/teilchen\/#\/schema\/person\/20ae47479c9c6443ed61f03c9eac892f\",\"name\":\"Bj\u00f6rn Maatz\",\"image\":{\"@type\":\"ImageObject\",\"inLanguage\":\"de\",\"@id\":\"https:\/\/blog.zeit.de\/teilchen\/#\/schema\/person\/image\/\",\"url\":\"https:\/\/secure.gravatar.com\/avatar\/4ed13ddffa21af7dcec9d6d36d2b36f05bfc49e1676e43abd84a80376d644278?s=96&d=mm&r=g\",\"contentUrl\":\"https:\/\/secure.gravatar.com\/avatar\/4ed13ddffa21af7dcec9d6d36d2b36f05bfc49e1676e43abd84a80376d644278?s=96&d=mm&r=g\",\"caption\":\"Bj\u00f6rn Maatz\"},\"description\":\"Leitet die Online-Redaktion der Kreativagentur Philipp und Keuntje. Zuvor Engagement-Redakteur bei ZEIT ONLINE und bei FINANCIAL TIMES DEUTSCHLAND, u.a. als Print-Redakteur im Unternehmensressort sowie als erster und letzter Social-Media-Redakteur. Studium der Wirtschaftsjournalistik in Bremen und Melbourne mit Hospitanzen beim NDR, der dpa und dem Hamburger Abendblatt.\",\"sameAs\":[\"https:\/\/twitter.com\/BjoernMaatz\"],\"url\":\"https:\/\/blog.zeit.de\/teilchen\/author\/bjoernmaatz\/\"}]}<\/script>\n<!-- \/ Yoast SEO plugin. -->","yoast_head_json":{"title":"Zw\u00f6lf Jahre unschuldig in Guant\u00e1namo &#8902; Teilchen","description":"Seit zw\u00f6lf Jahren befindet sich Slahi in dem US-Gefangenenlager in Guant\u00e1namo. Er begann Tagebuch zu schreiben. Der \"Guardian\" hat es nun ver\u00f6ffentlicht.","robots":{"index":"index","follow":"follow","max-snippet":"max-snippet:-1","max-image-preview":"max-image-preview:large","max-video-preview":"max-video-preview:-1"},"canonical":"https:\/\/blog.zeit.de\/teilchen\/2015\/01\/20\/12-jahre-unschuldig-guantanamo\/","og_locale":"de_DE","og_type":"article","og_title":"Zw\u00f6lf Jahre unschuldig in Guant\u00e1namo &#8902; Teilchen","og_description":"Seit zw\u00f6lf Jahren befindet sich Slahi in dem US-Gefangenenlager in Guant\u00e1namo. Er begann Tagebuch zu schreiben. Der \"Guardian\" hat es nun ver\u00f6ffentlicht.","og_url":"https:\/\/blog.zeit.de\/teilchen\/2015\/01\/20\/12-jahre-unschuldig-guantanamo\/","og_site_name":"Teilchen","article_published_time":"2015-01-20T16:48:01+00:00","article_modified_time":"2015-03-10T11:52:39+00:00","og_image":[{"url":"https:\/\/blog.zeit.de\/teilchen\/files\/2015\/01\/Bildschirmfoto-2015-01-20-um-16.50.11-580x399.png"}],"author":"Bj\u00f6rn Maatz","twitter_card":"summary_large_image","twitter_creator":"@BjoernMaatz","twitter_site":"@zeitonline","twitter_misc":{"Geschrieben von":"Bj\u00f6rn Maatz","Gesch\u00e4tzte Lesezeit":"1\u00a0Minute"},"schema":{"@context":"https:\/\/schema.org","@graph":[{"@type":"WebPage","@id":"https:\/\/blog.zeit.de\/teilchen\/2015\/01\/20\/12-jahre-unschuldig-guantanamo\/","url":"https:\/\/blog.zeit.de\/teilchen\/2015\/01\/20\/12-jahre-unschuldig-guantanamo\/","name":"Zw\u00f6lf Jahre unschuldig in Guant\u00e1namo &#8902; Teilchen","isPartOf":{"@id":"https:\/\/blog.zeit.de\/teilchen\/#website"},"datePublished":"2015-01-20T16:48:01+00:00","dateModified":"2015-03-10T11:52:39+00:00","author":{"@id":"https:\/\/blog.zeit.de\/teilchen\/#\/schema\/person\/20ae47479c9c6443ed61f03c9eac892f"},"description":"Seit zw\u00f6lf Jahren befindet sich Slahi in dem US-Gefangenenlager in Guant\u00e1namo. Er begann Tagebuch zu schreiben. Der \"Guardian\" hat es nun ver\u00f6ffentlicht.","breadcrumb":{"@id":"https:\/\/blog.zeit.de\/teilchen\/2015\/01\/20\/12-jahre-unschuldig-guantanamo\/#breadcrumb"},"inLanguage":"de","potentialAction":[{"@type":"ReadAction","target":["https:\/\/blog.zeit.de\/teilchen\/2015\/01\/20\/12-jahre-unschuldig-guantanamo\/"]}]},{"@type":"BreadcrumbList","@id":"https:\/\/blog.zeit.de\/teilchen\/2015\/01\/20\/12-jahre-unschuldig-guantanamo\/#breadcrumb","itemListElement":[{"@type":"ListItem","position":1,"name":"Startseite","item":"https:\/\/blog.zeit.de\/teilchen\/"},{"@type":"ListItem","position":2,"name":"Zw\u00f6lf Jahre unschuldig in Guant\u00e1namo"}]},{"@type":"WebSite","@id":"https:\/\/blog.zeit.de\/teilchen\/#website","url":"https:\/\/blog.zeit.de\/teilchen\/","name":"Teilchen","description":"Im Netz verstecken sich kleine Sch\u00e4tze - ZEIT ONLINE findet sie.","potentialAction":[{"@type":"SearchAction","target":{"@type":"EntryPoint","urlTemplate":"https:\/\/blog.zeit.de\/teilchen\/?s={search_term_string}"},"query-input":"required name=search_term_string"}],"inLanguage":"de"},{"@type":"Person","@id":"https:\/\/blog.zeit.de\/teilchen\/#\/schema\/person\/20ae47479c9c6443ed61f03c9eac892f","name":"Bj\u00f6rn Maatz","image":{"@type":"ImageObject","inLanguage":"de","@id":"https:\/\/blog.zeit.de\/teilchen\/#\/schema\/person\/image\/","url":"https:\/\/secure.gravatar.com\/avatar\/4ed13ddffa21af7dcec9d6d36d2b36f05bfc49e1676e43abd84a80376d644278?s=96&d=mm&r=g","contentUrl":"https:\/\/secure.gravatar.com\/avatar\/4ed13ddffa21af7dcec9d6d36d2b36f05bfc49e1676e43abd84a80376d644278?s=96&d=mm&r=g","caption":"Bj\u00f6rn Maatz"},"description":"Leitet die Online-Redaktion der Kreativagentur Philipp und Keuntje. Zuvor Engagement-Redakteur bei ZEIT ONLINE und bei FINANCIAL TIMES DEUTSCHLAND, u.a. als Print-Redakteur im Unternehmensressort sowie als erster und letzter Social-Media-Redakteur. Studium der Wirtschaftsjournalistik in Bremen und Melbourne mit Hospitanzen beim NDR, der dpa und dem Hamburger Abendblatt.","sameAs":["https:\/\/twitter.com\/BjoernMaatz"],"url":"https:\/\/blog.zeit.de\/teilchen\/author\/bjoernmaatz\/"}]}},"jetpack_featured_media_url":"","jetpack_sharing_enabled":true,"_links":{"self":[{"href":"https:\/\/blog.zeit.de\/teilchen\/wp-json\/wp\/v2\/posts\/1136","targetHints":{"allow":["GET"]}}],"collection":[{"href":"https:\/\/blog.zeit.de\/teilchen\/wp-json\/wp\/v2\/posts"}],"about":[{"href":"https:\/\/blog.zeit.de\/teilchen\/wp-json\/wp\/v2\/types\/post"}],"author":[{"embeddable":true,"href":"https:\/\/blog.zeit.de\/teilchen\/wp-json\/wp\/v2\/users\/528"}],"replies":[{"embeddable":true,"href":"https:\/\/blog.zeit.de\/teilchen\/wp-json\/wp\/v2\/comments?post=1136"}],"version-history":[{"count":6,"href":"https:\/\/blog.zeit.de\/teilchen\/wp-json\/wp\/v2\/posts\/1136\/revisions"}],"predecessor-version":[{"id":2109,"href":"https:\/\/blog.zeit.de\/teilchen\/wp-json\/wp\/v2\/posts\/1136\/revisions\/2109"}],"wp:attachment":[{"href":"https:\/\/blog.zeit.de\/teilchen\/wp-json\/wp\/v2\/media?parent=1136"}],"wp:term":[{"taxonomy":"category","embeddable":true,"href":"https:\/\/blog.zeit.de\/teilchen\/wp-json\/wp\/v2\/categories?post=1136"},{"taxonomy":"post_tag","embeddable":true,"href":"https:\/\/blog.zeit.de\/teilchen\/wp-json\/wp\/v2\/tags?post=1136"}],"curies":[{"name":"wp","href":"https:\/\/api.w.org\/{rel}","templated":true}]}}