{"id":11385,"date":"2016-02-08T10:12:33","date_gmt":"2016-02-08T09:12:33","guid":{"rendered":"http:\/\/blog.zeit.de\/teilchen\/?p=11385"},"modified":"2016-02-08T11:45:29","modified_gmt":"2016-02-08T10:45:29","slug":"superbowl-michael-jacksons-geist-schwebt-uber-santa-clara","status":"publish","type":"post","link":"https:\/\/blog.zeit.de\/teilchen\/2016\/02\/08\/superbowl-michael-jacksons-geist-schwebt-uber-santa-clara\/","title":{"rendered":"Michael Jacksons Geist schwebt \u00fcber Santa Clara"},"content":{"rendered":"<p><figure id=\"attachment_11396\" aria-describedby=\"caption-attachment-11396\" style=\"width: 537px\" class=\"wp-caption aligncenter\"><img loading=\"lazy\" decoding=\"async\" class=\"wp-image-11396 size-full\" src=\"https:\/\/blog.zeit.de\/teilchen\/files\/2016\/02\/Bildschirmfoto-2016-02-08-um-10.48.30.png\" alt=\"Yeah, Superbowl!\" width=\"537\" height=\"396\" \/><figcaption id=\"caption-attachment-11396\" class=\"wp-caption-text\">Michael Jackson war auch beim Super Bowl \u2013 irgendwie. \u00a9 Screenshot Twitter<\/figcaption><\/figure><\/p>\n<p>Vielleicht haben Sie in der Nacht geschlafen. Vielleicht interessieren Sie sich auch gar nicht f\u00fcr American Football \u2013 und fragen sich jetzt dennoch, ob Sie etwas verpasst haben. Ganz ehrlich? Ja, haben Sie. Eine gro\u00dfe Show. Den Sieg der Denver Broncos mit dem Superstar\u00a0Peyton Manning, der m\u00f6glicherweise mit dem Erfolg seine Karriere beendet. Unz\u00e4hlige, extra f\u00fcr dieses Event gedrehte, Werbespots (<a href=\"http:\/\/digg.com\/2016\/best-super-bowl-commercials-2016-if-your-ad-didnt-make-this-list-make-better-ads-next-year\" target=\"_blank\">hier k\u00f6nnen Sie sich die Highlights anschauen<\/a>).<\/p>\n<p><!--more-->Skandale \u00e0 la Nippelgate gab es in diesem Jahr \u00fcbrigens keine \u2013 im Gegenteil, die Halbzeitperformance von Beyonc\u00e9 und Coldplay <a href=\"http:\/\/www.zeit.de\/sport\/2016-02\/super-bowl-2016-live\" target=\"_blank\">geriet eher etwas bieder<\/a>. Keine abgefahrenen Kost\u00fcme, stattdessen reichlich Popowackeln und Haareschleudern \u2013 und dann schwebte der Geist von Michael Jackson \u00fcber der Arena von Santa Clara. So war der Superbowl das wahrscheinlich bildst\u00e4rkste Event dieses noch jungen Jahres. Wir haben die sch\u00f6nsten Eindr\u00fccke in einer Foto-Tweet-Galerie zusammengetragen.<\/p>\n<p><a class=\"twitter-grid\" href=\"https:\/\/twitter.com\/zeitonline\/timelines\/696593648339832833\">Superbowl-Eindr\u00fccke<\/a><\/p>\n<p><em>Falls Sie mehr \u00fcber den Superbowl lesen wollen, <a href=\"http:\/\/www.zeit.de\/sport\/2016-02\/super-bowl-2016-live\" target=\"_blank\">empfehlen wir unseren Blog mit allen wichtigen Facts (und Nebens\u00e4chlichkeiten) der gro\u00dfen Football-Nacht<\/a>.<\/em><\/p>\n<p><em>Und <a href=\"https:\/\/blog.zeit.de\/teilchen\/\" target=\"_blank\">hier finden Sie weitere Teilchen<\/a>.<\/em><br \/>\n<script src=\"\/\/platform.twitter.com\/widgets.js\" async=\"\" charset=\"utf-8\"><\/script><\/p>\n","protected":false},"excerpt":{"rendered":"<p>Vielleicht haben Sie in der Nacht geschlafen. Vielleicht interessieren Sie sich auch gar nicht f\u00fcr American Football \u2013 und fragen sich jetzt dennoch, ob [\u2026]<\/p>\n","protected":false},"author":556,"featured_media":11394,"comment_status":"open","ping_status":"closed","sticky":false,"template":"","format":"standard","meta":{"_jetpack_memberships_contains_paid_content":false,"footnotes":""},"categories":[14172],"tags":[],"class_list":["post-11385","post","type-post","status-publish","format-standard","has-post-thumbnail","hentry","category-bilder"],"yoast_head":"<!-- This site is optimized with the Yoast SEO plugin v21.0 - https:\/\/yoast.com\/wordpress\/plugins\/seo\/ -->\n<title>Yeah, Superbowl!<\/title>\n<meta name=\"description\" content=\"Der Superbowl bot eifriges Popowackeln und Haareschleudern. Wer lieber geschlafen hat, findet alle Highlights in unserer Foto-Tweet-Galerie.\" \/>\n<meta name=\"robots\" content=\"index, follow, max-snippet:-1, max-image-preview:large, max-video-preview:-1\" \/>\n<link rel=\"canonical\" href=\"https:\/\/blog.zeit.de\/teilchen\/2016\/02\/08\/superbowl-michael-jacksons-geist-schwebt-uber-santa-clara\/\" \/>\n<meta property=\"og:locale\" content=\"de_DE\" \/>\n<meta property=\"og:type\" content=\"article\" \/>\n<meta property=\"og:title\" content=\"Yeah, Superbowl!\" \/>\n<meta property=\"og:description\" content=\"Der Superbowl bot eifriges Popowackeln und Haareschleudern. Wer lieber geschlafen hat, findet alle Highlights in unserer Foto-Tweet-Galerie.\" \/>\n<meta property=\"og:url\" content=\"https:\/\/blog.zeit.de\/teilchen\/2016\/02\/08\/superbowl-michael-jacksons-geist-schwebt-uber-santa-clara\/\" \/>\n<meta property=\"og:site_name\" content=\"Teilchen\" \/>\n<meta property=\"article:published_time\" content=\"2016-02-08T09:12:33+00:00\" \/>\n<meta property=\"article:modified_time\" content=\"2016-02-08T10:45:29+00:00\" \/>\n<meta property=\"og:image\" content=\"https:\/\/blog.zeit.de\/teilchen\/files\/2016\/02\/Bildschirmfoto-2016-02-08-um-10.03.00.png\" \/>\n\t<meta property=\"og:image:width\" content=\"480\" \/>\n\t<meta property=\"og:image:height\" content=\"235\" \/>\n\t<meta property=\"og:image:type\" content=\"image\/png\" \/>\n<meta name=\"author\" content=\"Tobias Dorfer\" \/>\n<meta name=\"twitter:card\" content=\"summary_large_image\" \/>\n<meta name=\"twitter:creator\" content=\"@tobiasdorfer\" \/>\n<meta name=\"twitter:site\" content=\"@zeitonline\" \/>\n<meta name=\"twitter:label1\" content=\"Geschrieben von\" \/>\n\t<meta name=\"twitter:data1\" content=\"Tobias Dorfer\" \/>\n\t<meta name=\"twitter:label2\" content=\"Gesch\u00e4tzte Lesezeit\" \/>\n\t<meta name=\"twitter:data2\" content=\"1\u00a0Minute\" \/>\n<script type=\"application\/ld+json\" class=\"yoast-schema-graph\">{\"@context\":\"https:\/\/schema.org\",\"@graph\":[{\"@type\":\"WebPage\",\"@id\":\"https:\/\/blog.zeit.de\/teilchen\/2016\/02\/08\/superbowl-michael-jacksons-geist-schwebt-uber-santa-clara\/\",\"url\":\"https:\/\/blog.zeit.de\/teilchen\/2016\/02\/08\/superbowl-michael-jacksons-geist-schwebt-uber-santa-clara\/\",\"name\":\"Yeah, Superbowl!\",\"isPartOf\":{\"@id\":\"https:\/\/blog.zeit.de\/teilchen\/#website\"},\"datePublished\":\"2016-02-08T09:12:33+00:00\",\"dateModified\":\"2016-02-08T10:45:29+00:00\",\"author\":{\"@id\":\"https:\/\/blog.zeit.de\/teilchen\/#\/schema\/person\/e90ba849254185115fd919d4fad07dc0\"},\"description\":\"Der Superbowl bot eifriges Popowackeln und Haareschleudern. Wer lieber geschlafen hat, findet alle Highlights in unserer Foto-Tweet-Galerie.\",\"breadcrumb\":{\"@id\":\"https:\/\/blog.zeit.de\/teilchen\/2016\/02\/08\/superbowl-michael-jacksons-geist-schwebt-uber-santa-clara\/#breadcrumb\"},\"inLanguage\":\"de\",\"potentialAction\":[{\"@type\":\"ReadAction\",\"target\":[\"https:\/\/blog.zeit.de\/teilchen\/2016\/02\/08\/superbowl-michael-jacksons-geist-schwebt-uber-santa-clara\/\"]}]},{\"@type\":\"BreadcrumbList\",\"@id\":\"https:\/\/blog.zeit.de\/teilchen\/2016\/02\/08\/superbowl-michael-jacksons-geist-schwebt-uber-santa-clara\/#breadcrumb\",\"itemListElement\":[{\"@type\":\"ListItem\",\"position\":1,\"name\":\"Startseite\",\"item\":\"https:\/\/blog.zeit.de\/teilchen\/\"},{\"@type\":\"ListItem\",\"position\":2,\"name\":\"Michael Jacksons Geist schwebt \u00fcber Santa Clara\"}]},{\"@type\":\"WebSite\",\"@id\":\"https:\/\/blog.zeit.de\/teilchen\/#website\",\"url\":\"https:\/\/blog.zeit.de\/teilchen\/\",\"name\":\"Teilchen\",\"description\":\"Im Netz verstecken sich kleine Sch\u00e4tze - ZEIT ONLINE findet sie.\",\"potentialAction\":[{\"@type\":\"SearchAction\",\"target\":{\"@type\":\"EntryPoint\",\"urlTemplate\":\"https:\/\/blog.zeit.de\/teilchen\/?s={search_term_string}\"},\"query-input\":\"required name=search_term_string\"}],\"inLanguage\":\"de\"},{\"@type\":\"Person\",\"@id\":\"https:\/\/blog.zeit.de\/teilchen\/#\/schema\/person\/e90ba849254185115fd919d4fad07dc0\",\"name\":\"Tobias Dorfer\",\"image\":{\"@type\":\"ImageObject\",\"inLanguage\":\"de\",\"@id\":\"https:\/\/blog.zeit.de\/teilchen\/#\/schema\/person\/image\/\",\"url\":\"https:\/\/secure.gravatar.com\/avatar\/0021e1a3fe9f799912804bcca6f1bcbbe58ee3bf29c8f714a0f453695a888d0a?s=96&d=mm&r=g\",\"contentUrl\":\"https:\/\/secure.gravatar.com\/avatar\/0021e1a3fe9f799912804bcca6f1bcbbe58ee3bf29c8f714a0f453695a888d0a?s=96&d=mm&r=g\",\"caption\":\"Tobias Dorfer\"},\"description\":\"Teamleiter Social Media bei ZEIT ONLINE. Zuvor sieben Jahre bei S\u00fcddeutsche.de, als Redakteur im Wirtschafts- und Regional-Ressort sowie Editorial SEO. Ausbildung an der Deutschen Journalistenschule in M\u00fcnchen mit Hospitanzen bei S\u00fcddeutsche Zeitung, SPIEGEL und SPIEGEL Online.\",\"sameAs\":[\"https:\/\/twitter.com\/tobiasdorfer\"],\"url\":\"https:\/\/blog.zeit.de\/teilchen\/author\/tdorfer\/\"}]}<\/script>\n<!-- \/ Yoast SEO plugin. -->","yoast_head_json":{"title":"Yeah, Superbowl!","description":"Der Superbowl bot eifriges Popowackeln und Haareschleudern. Wer lieber geschlafen hat, findet alle Highlights in unserer Foto-Tweet-Galerie.","robots":{"index":"index","follow":"follow","max-snippet":"max-snippet:-1","max-image-preview":"max-image-preview:large","max-video-preview":"max-video-preview:-1"},"canonical":"https:\/\/blog.zeit.de\/teilchen\/2016\/02\/08\/superbowl-michael-jacksons-geist-schwebt-uber-santa-clara\/","og_locale":"de_DE","og_type":"article","og_title":"Yeah, Superbowl!","og_description":"Der Superbowl bot eifriges Popowackeln und Haareschleudern. Wer lieber geschlafen hat, findet alle Highlights in unserer Foto-Tweet-Galerie.","og_url":"https:\/\/blog.zeit.de\/teilchen\/2016\/02\/08\/superbowl-michael-jacksons-geist-schwebt-uber-santa-clara\/","og_site_name":"Teilchen","article_published_time":"2016-02-08T09:12:33+00:00","article_modified_time":"2016-02-08T10:45:29+00:00","og_image":[{"width":480,"height":235,"url":"https:\/\/blog.zeit.de\/teilchen\/files\/2016\/02\/Bildschirmfoto-2016-02-08-um-10.03.00.png","type":"image\/png"}],"author":"Tobias Dorfer","twitter_card":"summary_large_image","twitter_creator":"@tobiasdorfer","twitter_site":"@zeitonline","twitter_misc":{"Geschrieben von":"Tobias Dorfer","Gesch\u00e4tzte Lesezeit":"1\u00a0Minute"},"schema":{"@context":"https:\/\/schema.org","@graph":[{"@type":"WebPage","@id":"https:\/\/blog.zeit.de\/teilchen\/2016\/02\/08\/superbowl-michael-jacksons-geist-schwebt-uber-santa-clara\/","url":"https:\/\/blog.zeit.de\/teilchen\/2016\/02\/08\/superbowl-michael-jacksons-geist-schwebt-uber-santa-clara\/","name":"Yeah, Superbowl!","isPartOf":{"@id":"https:\/\/blog.zeit.de\/teilchen\/#website"},"datePublished":"2016-02-08T09:12:33+00:00","dateModified":"2016-02-08T10:45:29+00:00","author":{"@id":"https:\/\/blog.zeit.de\/teilchen\/#\/schema\/person\/e90ba849254185115fd919d4fad07dc0"},"description":"Der Superbowl bot eifriges Popowackeln und Haareschleudern. Wer lieber geschlafen hat, findet alle Highlights in unserer Foto-Tweet-Galerie.","breadcrumb":{"@id":"https:\/\/blog.zeit.de\/teilchen\/2016\/02\/08\/superbowl-michael-jacksons-geist-schwebt-uber-santa-clara\/#breadcrumb"},"inLanguage":"de","potentialAction":[{"@type":"ReadAction","target":["https:\/\/blog.zeit.de\/teilchen\/2016\/02\/08\/superbowl-michael-jacksons-geist-schwebt-uber-santa-clara\/"]}]},{"@type":"BreadcrumbList","@id":"https:\/\/blog.zeit.de\/teilchen\/2016\/02\/08\/superbowl-michael-jacksons-geist-schwebt-uber-santa-clara\/#breadcrumb","itemListElement":[{"@type":"ListItem","position":1,"name":"Startseite","item":"https:\/\/blog.zeit.de\/teilchen\/"},{"@type":"ListItem","position":2,"name":"Michael Jacksons Geist schwebt \u00fcber Santa Clara"}]},{"@type":"WebSite","@id":"https:\/\/blog.zeit.de\/teilchen\/#website","url":"https:\/\/blog.zeit.de\/teilchen\/","name":"Teilchen","description":"Im Netz verstecken sich kleine Sch\u00e4tze - ZEIT ONLINE findet sie.","potentialAction":[{"@type":"SearchAction","target":{"@type":"EntryPoint","urlTemplate":"https:\/\/blog.zeit.de\/teilchen\/?s={search_term_string}"},"query-input":"required name=search_term_string"}],"inLanguage":"de"},{"@type":"Person","@id":"https:\/\/blog.zeit.de\/teilchen\/#\/schema\/person\/e90ba849254185115fd919d4fad07dc0","name":"Tobias Dorfer","image":{"@type":"ImageObject","inLanguage":"de","@id":"https:\/\/blog.zeit.de\/teilchen\/#\/schema\/person\/image\/","url":"https:\/\/secure.gravatar.com\/avatar\/0021e1a3fe9f799912804bcca6f1bcbbe58ee3bf29c8f714a0f453695a888d0a?s=96&d=mm&r=g","contentUrl":"https:\/\/secure.gravatar.com\/avatar\/0021e1a3fe9f799912804bcca6f1bcbbe58ee3bf29c8f714a0f453695a888d0a?s=96&d=mm&r=g","caption":"Tobias Dorfer"},"description":"Teamleiter Social Media bei ZEIT ONLINE. Zuvor sieben Jahre bei S\u00fcddeutsche.de, als Redakteur im Wirtschafts- und Regional-Ressort sowie Editorial SEO. Ausbildung an der Deutschen Journalistenschule in M\u00fcnchen mit Hospitanzen bei S\u00fcddeutsche Zeitung, SPIEGEL und SPIEGEL Online.","sameAs":["https:\/\/twitter.com\/tobiasdorfer"],"url":"https:\/\/blog.zeit.de\/teilchen\/author\/tdorfer\/"}]}},"jetpack_featured_media_url":"https:\/\/blog.zeit.de\/teilchen\/files\/2016\/02\/Bildschirmfoto-2016-02-08-um-10.03.00.png","jetpack_sharing_enabled":true,"_links":{"self":[{"href":"https:\/\/blog.zeit.de\/teilchen\/wp-json\/wp\/v2\/posts\/11385","targetHints":{"allow":["GET"]}}],"collection":[{"href":"https:\/\/blog.zeit.de\/teilchen\/wp-json\/wp\/v2\/posts"}],"about":[{"href":"https:\/\/blog.zeit.de\/teilchen\/wp-json\/wp\/v2\/types\/post"}],"author":[{"embeddable":true,"href":"https:\/\/blog.zeit.de\/teilchen\/wp-json\/wp\/v2\/users\/556"}],"replies":[{"embeddable":true,"href":"https:\/\/blog.zeit.de\/teilchen\/wp-json\/wp\/v2\/comments?post=11385"}],"version-history":[{"count":12,"href":"https:\/\/blog.zeit.de\/teilchen\/wp-json\/wp\/v2\/posts\/11385\/revisions"}],"predecessor-version":[{"id":11400,"href":"https:\/\/blog.zeit.de\/teilchen\/wp-json\/wp\/v2\/posts\/11385\/revisions\/11400"}],"wp:featuredmedia":[{"embeddable":true,"href":"https:\/\/blog.zeit.de\/teilchen\/wp-json\/wp\/v2\/media\/11394"}],"wp:attachment":[{"href":"https:\/\/blog.zeit.de\/teilchen\/wp-json\/wp\/v2\/media?parent=11385"}],"wp:term":[{"taxonomy":"category","embeddable":true,"href":"https:\/\/blog.zeit.de\/teilchen\/wp-json\/wp\/v2\/categories?post=11385"},{"taxonomy":"post_tag","embeddable":true,"href":"https:\/\/blog.zeit.de\/teilchen\/wp-json\/wp\/v2\/tags?post=11385"}],"curies":[{"name":"wp","href":"https:\/\/api.w.org\/{rel}","templated":true}]}}