{"id":11428,"date":"2016-02-09T16:54:45","date_gmt":"2016-02-09T15:54:45","guid":{"rendered":"http:\/\/blog.zeit.de\/teilchen\/?p=11428"},"modified":"2016-02-09T18:33:50","modified_gmt":"2016-02-09T17:33:50","slug":"weltraum-wer-hat-im-all-recht","status":"publish","type":"post","link":"https:\/\/blog.zeit.de\/teilchen\/2016\/02\/09\/weltraum-wer-hat-im-all-recht\/","title":{"rendered":"Wer hat im All recht?"},"content":{"rendered":"\n<div class=\"embed-wrapper embed-wrapper--blocked js-embed-consent\" data-method=\"embed\">\n<script class=\"raw__source\" type=\"text\/template\"><iframe loading=\"lazy\" title=\"Space Law-What Laws are There in Space?\" width=\"640\" height=\"360\" src=\"https:\/\/www.youtube-nocookie.com\/embed\/h6AWAoc_Lr0?feature=oembed\" frameborder=\"0\" allow=\"accelerometer; autoplay; clipboard-write; encrypted-media; gyroscope; picture-in-picture; web-share\" referrerpolicy=\"strict-origin-when-cross-origin\" allowfullscreen><\/iframe><\/script>\n<div class=\"embed-wrapper__inner\">\n<div class=\"embed-wrapper__text\">\n<h3>Empfohlener redaktioneller Inhalt<\/h3>\n<p data-replace=\"no\">An dieser Stelle finden Sie externen Inhalt, der den Artikel erg\u00e4nzt. Sie k\u00f6nnen sich externe Inhalte mit einem Klick anzeigen lassen und wieder ausblenden.<noscript>Bitte aktivieren Sie JavaScript damit Sie diesen Inhalt anzeigen k\u00f6nnen.<\/noscript><\/p>\n<\/div>\n<div class=\"embed-consent\">\n<label class=\"embed-consent__toggle\">\n<input class=\"js-embed-consent__toggle\" type=\"checkbox\" autocomplete=\"off\">\n<span><\/span>\nExterner Inhalt\n<\/label>\n<a href=\"https:\/\/www.zeit.de\/hilfe\/datenschutz\" target=\"_blank\" class=\"embed-consent__datalink-when-active\">Datenschutzerkl\u00e4rung<\/a>\n<\/div>\n<div class=\"embed-wrapper__footer\">\n<p data-replace=\"no\">\nIch bin damit einverstanden, dass mir externe Inhalte angezeigt werden. Damit k\u00f6nnen personenbezogene Daten an Drittplattformen \u00fcbermittelt werden. <a href=\"https:\/\/www.zeit.de\/hilfe\/datenschutz\" target=\"_blank\">Mehr dazu in unserer Datenschutzerkl\u00e4rung.<\/a>\n<\/p>\n<\/div>\n<\/div>\n<\/div>\n<p>Auf Dauer ist es langweilig, immer nur nach Gran Canaria zu fliegen oder nach Australien oder Patagonien. <a href=\"http:\/\/www.zeit.de\/wissen\/geschichte\/2011-04\/weltraumtourismus-all\" target=\"_blank\">Weltraumtourismus<\/a> wird irgendwann Realit\u00e4t sein \u2013 <a href=\"http:\/\/www.ingenieur.de\/Panorama\/Am-Rande\/Anzug-Y-3-Adidas-kleidet-jetzt-Astronauten-All-Touristen\" target=\"_blank\">selbst Bekleidungshersteller wie Adidas wittern schon da das gro\u00dfe Gesch\u00e4ft<\/a>. Aber bevor wir uns um modische Fragen k\u00fcmmern, sollten wir uns Grundlegendem widmen. Wer muss bezahlen, wenn Sie Ihrem Mitreisenden versehentlich etwas Mondgestein an den Kopf werfen? Oder wenn Ihre Gucci-Handtasche in der Schwerelosigkeit auf Nimmerwiedersehen davonschwebt? Und d\u00fcrfen die <a href=\"https:\/\/www.youtube.com\/watch?v=VscoEdKtIvU\" target=\"_blank\">Bewohner des Planeten Melmac Ihre Katze essen<\/a>, die Sie naiverweise ins All mitgenommen haben? Welches Recht im Weltall gilt, <a href=\"https:\/\/www.youtube.com\/watch?v=h6AWAoc_Lr0&amp;feature=youtu.be\" target=\"_blank\">erkl\u00e4ren die Macher von Wendover Productions in einem Video<\/a>.<\/p>\n<p><!--more--><a href=\"http:\/\/www.auswaertiges-amt.de\/DE\/Aussenpolitik\/InternatRecht\/Einzelfragen\/Weltraumrecht\/Uebersicht_node.html\" target=\"_blank\">Weltraumrecht hei\u00dft diese juristische Disziplin<\/a> und die beginnt schon mit der gar nicht so leicht zu beantwortenden Frage, wo eigentlich der Weltraum anf\u00e4ngt. Dar\u00fcber gibt es unterschiedliche Meinungen. Grunds\u00e4tzlich l\u00e4sst sich sagen, dass ab <a href=\"http:\/\/scienceblogs.de\/astrodicticum-simplex\/2015\/03\/02\/wo-beginnt-der-weltraum\/\" target=\"_blank\">etwa 100 Kilometern<\/a> (manche sagen auch: erst ab 160 Kilometern) das All beginnt und die Hoheitsrechte der Staaten enden. Das hei\u00dft, dass in dieser H\u00f6he selbst US-Satelliten \u00fcber Nordkorea fliegen d\u00fcrfen, ohne gleich eine Krise auszul\u00f6sen. Welches Recht in Raumkapseln oder Raumstationen Anwendung findet, h\u00e4ngt vor allem davon, ab unter welcher Flagge das jeweilige Gef\u00e4hrt unterwegs ist. Doch welches Recht gilt auf anderen Planeten?<\/p>\n<p>Die Antwort steht im <a href=\"https:\/\/www.vilp.de\/treaty_full?lid=en&amp;cid=196\" target=\"_blank\">Weltraumvertrag von 1967<\/a>, den 102 Staaten, darunter auch Deutschland, unterzeichnet haben. Dieser sieht unter anderem vor, dass kein Land einen anderen Planeten f\u00fcr sich beanspruchen darf. Interessant wird diese Frage beispielsweise dann, wenn es \u2013 irgendwann einmal \u2013 um den Abbau von Bodensch\u00e4tzen oder Rohstoffen geht. Der Clip kl\u00e4rt aber noch weitere Fragen: zum Beispiel, warum ein Brite auf dem Mond schon mit 18 Jahren Bier trinken darf, ein Amerikaner aber erst mit 21. Oder was passiert, wenn ein US-Astronaut einen franz\u00f6sischen Kollegen schl\u00e4gt. Und welche Nationalit\u00e4t hat eigentlich ein Baby, das im Weltall geboren wird?<\/p>\n<p>Es gibt jedoch auch viele Fragen, die noch nicht eindeutig gekl\u00e4rt werden k\u00f6nnen. <a href=\"http:\/\/www.zeit.de\/wissen\/2015-05\/weltall-raumfahrt-weltraumrecht-tagung-koeln-vorschlagen\" target=\"_blank\">M\u00f6glicherweise m\u00fcssen in Zukunft Gesetze neu geschrieben oder verfeinert werden<\/a>. Ihre Katze sollten Sie bei Ihrem ersten Trip ins Weltall vielleicht trotzdem zu Hause lassen.<\/p>\n<p><em>Mehr <a href=\"https:\/\/blog.zeit.de\/teilchen\/\" target=\"_blank\">Teilchen gibt es hier.<\/a><\/em><\/p>\n","protected":false},"excerpt":{"rendered":"<p>Empfohlener redaktioneller Inhalt An dieser Stelle finden Sie externen Inhalt, der den Artikel erg\u00e4nzt. Sie k\u00f6nnen sich externe Inhalte mit einem Klick anzeigen lassen [\u2026]<\/p>\n","protected":false},"author":556,"featured_media":11431,"comment_status":"open","ping_status":"closed","sticky":false,"template":"","format":"standard","meta":{"_jetpack_memberships_contains_paid_content":false,"footnotes":""},"categories":[28],"tags":[],"class_list":["post-11428","post","type-post","status-publish","format-standard","has-post-thumbnail","hentry","category-video"],"yoast_head":"<!-- This site is optimized with the Yoast SEO plugin v21.0 - https:\/\/yoast.com\/wordpress\/plugins\/seo\/ -->\n<title>Wer hat im Weltraum recht?<\/title>\n<meta name=\"description\" content=\"Wo der Weltraum anf\u00e4ngt und welches Recht in einer Raumkapsel gilt, zeigt dieses Video.\" \/>\n<meta name=\"robots\" content=\"index, follow, max-snippet:-1, max-image-preview:large, max-video-preview:-1\" \/>\n<link rel=\"canonical\" href=\"https:\/\/blog.zeit.de\/teilchen\/2016\/02\/09\/weltraum-wer-hat-im-all-recht\/\" \/>\n<meta property=\"og:locale\" content=\"de_DE\" \/>\n<meta property=\"og:type\" content=\"article\" \/>\n<meta property=\"og:title\" content=\"Wer hat im Weltraum recht?\" \/>\n<meta property=\"og:description\" content=\"Wo der Weltraum anf\u00e4ngt und welches Recht in einer Raumkapsel gilt, zeigt dieses Video.\" \/>\n<meta property=\"og:url\" content=\"https:\/\/blog.zeit.de\/teilchen\/2016\/02\/09\/weltraum-wer-hat-im-all-recht\/\" \/>\n<meta property=\"og:site_name\" content=\"Teilchen\" \/>\n<meta property=\"article:published_time\" content=\"2016-02-09T15:54:45+00:00\" \/>\n<meta property=\"article:modified_time\" content=\"2016-02-09T17:33:50+00:00\" \/>\n<meta property=\"og:image\" content=\"https:\/\/blog.zeit.de\/teilchen\/files\/2016\/02\/Bildschirmfoto-2016-02-09-um-12.24.40.png\" \/>\n\t<meta property=\"og:image:width\" content=\"844\" \/>\n\t<meta property=\"og:image:height\" content=\"471\" \/>\n\t<meta property=\"og:image:type\" content=\"image\/png\" \/>\n<meta name=\"author\" content=\"Tobias Dorfer\" \/>\n<meta name=\"twitter:card\" content=\"summary_large_image\" \/>\n<meta name=\"twitter:creator\" content=\"@tobiasdorfer\" \/>\n<meta name=\"twitter:site\" content=\"@zeitonline\" \/>\n<meta name=\"twitter:label1\" content=\"Geschrieben von\" \/>\n\t<meta name=\"twitter:data1\" content=\"Tobias Dorfer\" \/>\n\t<meta name=\"twitter:label2\" content=\"Gesch\u00e4tzte Lesezeit\" \/>\n\t<meta name=\"twitter:data2\" content=\"2\u00a0Minuten\" \/>\n<script type=\"application\/ld+json\" class=\"yoast-schema-graph\">{\"@context\":\"https:\/\/schema.org\",\"@graph\":[{\"@type\":\"WebPage\",\"@id\":\"https:\/\/blog.zeit.de\/teilchen\/2016\/02\/09\/weltraum-wer-hat-im-all-recht\/\",\"url\":\"https:\/\/blog.zeit.de\/teilchen\/2016\/02\/09\/weltraum-wer-hat-im-all-recht\/\",\"name\":\"Wer hat im Weltraum recht?\",\"isPartOf\":{\"@id\":\"https:\/\/blog.zeit.de\/teilchen\/#website\"},\"datePublished\":\"2016-02-09T15:54:45+00:00\",\"dateModified\":\"2016-02-09T17:33:50+00:00\",\"author\":{\"@id\":\"https:\/\/blog.zeit.de\/teilchen\/#\/schema\/person\/e90ba849254185115fd919d4fad07dc0\"},\"description\":\"Wo der Weltraum anf\u00e4ngt und welches Recht in einer Raumkapsel gilt, zeigt dieses Video.\",\"breadcrumb\":{\"@id\":\"https:\/\/blog.zeit.de\/teilchen\/2016\/02\/09\/weltraum-wer-hat-im-all-recht\/#breadcrumb\"},\"inLanguage\":\"de\",\"potentialAction\":[{\"@type\":\"ReadAction\",\"target\":[\"https:\/\/blog.zeit.de\/teilchen\/2016\/02\/09\/weltraum-wer-hat-im-all-recht\/\"]}]},{\"@type\":\"BreadcrumbList\",\"@id\":\"https:\/\/blog.zeit.de\/teilchen\/2016\/02\/09\/weltraum-wer-hat-im-all-recht\/#breadcrumb\",\"itemListElement\":[{\"@type\":\"ListItem\",\"position\":1,\"name\":\"Startseite\",\"item\":\"https:\/\/blog.zeit.de\/teilchen\/\"},{\"@type\":\"ListItem\",\"position\":2,\"name\":\"Wer hat im All recht?\"}]},{\"@type\":\"WebSite\",\"@id\":\"https:\/\/blog.zeit.de\/teilchen\/#website\",\"url\":\"https:\/\/blog.zeit.de\/teilchen\/\",\"name\":\"Teilchen\",\"description\":\"Im Netz verstecken sich kleine Sch\u00e4tze - ZEIT ONLINE findet sie.\",\"potentialAction\":[{\"@type\":\"SearchAction\",\"target\":{\"@type\":\"EntryPoint\",\"urlTemplate\":\"https:\/\/blog.zeit.de\/teilchen\/?s={search_term_string}\"},\"query-input\":\"required name=search_term_string\"}],\"inLanguage\":\"de\"},{\"@type\":\"Person\",\"@id\":\"https:\/\/blog.zeit.de\/teilchen\/#\/schema\/person\/e90ba849254185115fd919d4fad07dc0\",\"name\":\"Tobias Dorfer\",\"image\":{\"@type\":\"ImageObject\",\"inLanguage\":\"de\",\"@id\":\"https:\/\/blog.zeit.de\/teilchen\/#\/schema\/person\/image\/\",\"url\":\"https:\/\/secure.gravatar.com\/avatar\/0021e1a3fe9f799912804bcca6f1bcbbe58ee3bf29c8f714a0f453695a888d0a?s=96&d=mm&r=g\",\"contentUrl\":\"https:\/\/secure.gravatar.com\/avatar\/0021e1a3fe9f799912804bcca6f1bcbbe58ee3bf29c8f714a0f453695a888d0a?s=96&d=mm&r=g\",\"caption\":\"Tobias Dorfer\"},\"description\":\"Teamleiter Social Media bei ZEIT ONLINE. Zuvor sieben Jahre bei S\u00fcddeutsche.de, als Redakteur im Wirtschafts- und Regional-Ressort sowie Editorial SEO. Ausbildung an der Deutschen Journalistenschule in M\u00fcnchen mit Hospitanzen bei S\u00fcddeutsche Zeitung, SPIEGEL und SPIEGEL Online.\",\"sameAs\":[\"https:\/\/twitter.com\/tobiasdorfer\"],\"url\":\"https:\/\/blog.zeit.de\/teilchen\/author\/tdorfer\/\"}]}<\/script>\n<!-- \/ Yoast SEO plugin. -->","yoast_head_json":{"title":"Wer hat im Weltraum recht?","description":"Wo der Weltraum anf\u00e4ngt und welches Recht in einer Raumkapsel gilt, zeigt dieses Video.","robots":{"index":"index","follow":"follow","max-snippet":"max-snippet:-1","max-image-preview":"max-image-preview:large","max-video-preview":"max-video-preview:-1"},"canonical":"https:\/\/blog.zeit.de\/teilchen\/2016\/02\/09\/weltraum-wer-hat-im-all-recht\/","og_locale":"de_DE","og_type":"article","og_title":"Wer hat im Weltraum recht?","og_description":"Wo der Weltraum anf\u00e4ngt und welches Recht in einer Raumkapsel gilt, zeigt dieses Video.","og_url":"https:\/\/blog.zeit.de\/teilchen\/2016\/02\/09\/weltraum-wer-hat-im-all-recht\/","og_site_name":"Teilchen","article_published_time":"2016-02-09T15:54:45+00:00","article_modified_time":"2016-02-09T17:33:50+00:00","og_image":[{"width":844,"height":471,"url":"https:\/\/blog.zeit.de\/teilchen\/files\/2016\/02\/Bildschirmfoto-2016-02-09-um-12.24.40.png","type":"image\/png"}],"author":"Tobias Dorfer","twitter_card":"summary_large_image","twitter_creator":"@tobiasdorfer","twitter_site":"@zeitonline","twitter_misc":{"Geschrieben von":"Tobias Dorfer","Gesch\u00e4tzte Lesezeit":"2\u00a0Minuten"},"schema":{"@context":"https:\/\/schema.org","@graph":[{"@type":"WebPage","@id":"https:\/\/blog.zeit.de\/teilchen\/2016\/02\/09\/weltraum-wer-hat-im-all-recht\/","url":"https:\/\/blog.zeit.de\/teilchen\/2016\/02\/09\/weltraum-wer-hat-im-all-recht\/","name":"Wer hat im Weltraum recht?","isPartOf":{"@id":"https:\/\/blog.zeit.de\/teilchen\/#website"},"datePublished":"2016-02-09T15:54:45+00:00","dateModified":"2016-02-09T17:33:50+00:00","author":{"@id":"https:\/\/blog.zeit.de\/teilchen\/#\/schema\/person\/e90ba849254185115fd919d4fad07dc0"},"description":"Wo der Weltraum anf\u00e4ngt und welches Recht in einer Raumkapsel gilt, zeigt dieses Video.","breadcrumb":{"@id":"https:\/\/blog.zeit.de\/teilchen\/2016\/02\/09\/weltraum-wer-hat-im-all-recht\/#breadcrumb"},"inLanguage":"de","potentialAction":[{"@type":"ReadAction","target":["https:\/\/blog.zeit.de\/teilchen\/2016\/02\/09\/weltraum-wer-hat-im-all-recht\/"]}]},{"@type":"BreadcrumbList","@id":"https:\/\/blog.zeit.de\/teilchen\/2016\/02\/09\/weltraum-wer-hat-im-all-recht\/#breadcrumb","itemListElement":[{"@type":"ListItem","position":1,"name":"Startseite","item":"https:\/\/blog.zeit.de\/teilchen\/"},{"@type":"ListItem","position":2,"name":"Wer hat im All recht?"}]},{"@type":"WebSite","@id":"https:\/\/blog.zeit.de\/teilchen\/#website","url":"https:\/\/blog.zeit.de\/teilchen\/","name":"Teilchen","description":"Im Netz verstecken sich kleine Sch\u00e4tze - ZEIT ONLINE findet sie.","potentialAction":[{"@type":"SearchAction","target":{"@type":"EntryPoint","urlTemplate":"https:\/\/blog.zeit.de\/teilchen\/?s={search_term_string}"},"query-input":"required name=search_term_string"}],"inLanguage":"de"},{"@type":"Person","@id":"https:\/\/blog.zeit.de\/teilchen\/#\/schema\/person\/e90ba849254185115fd919d4fad07dc0","name":"Tobias Dorfer","image":{"@type":"ImageObject","inLanguage":"de","@id":"https:\/\/blog.zeit.de\/teilchen\/#\/schema\/person\/image\/","url":"https:\/\/secure.gravatar.com\/avatar\/0021e1a3fe9f799912804bcca6f1bcbbe58ee3bf29c8f714a0f453695a888d0a?s=96&d=mm&r=g","contentUrl":"https:\/\/secure.gravatar.com\/avatar\/0021e1a3fe9f799912804bcca6f1bcbbe58ee3bf29c8f714a0f453695a888d0a?s=96&d=mm&r=g","caption":"Tobias Dorfer"},"description":"Teamleiter Social Media bei ZEIT ONLINE. Zuvor sieben Jahre bei S\u00fcddeutsche.de, als Redakteur im Wirtschafts- und Regional-Ressort sowie Editorial SEO. Ausbildung an der Deutschen Journalistenschule in M\u00fcnchen mit Hospitanzen bei S\u00fcddeutsche Zeitung, SPIEGEL und SPIEGEL Online.","sameAs":["https:\/\/twitter.com\/tobiasdorfer"],"url":"https:\/\/blog.zeit.de\/teilchen\/author\/tdorfer\/"}]}},"jetpack_featured_media_url":"https:\/\/blog.zeit.de\/teilchen\/files\/2016\/02\/Bildschirmfoto-2016-02-09-um-12.24.40.png","jetpack_sharing_enabled":true,"_links":{"self":[{"href":"https:\/\/blog.zeit.de\/teilchen\/wp-json\/wp\/v2\/posts\/11428","targetHints":{"allow":["GET"]}}],"collection":[{"href":"https:\/\/blog.zeit.de\/teilchen\/wp-json\/wp\/v2\/posts"}],"about":[{"href":"https:\/\/blog.zeit.de\/teilchen\/wp-json\/wp\/v2\/types\/post"}],"author":[{"embeddable":true,"href":"https:\/\/blog.zeit.de\/teilchen\/wp-json\/wp\/v2\/users\/556"}],"replies":[{"embeddable":true,"href":"https:\/\/blog.zeit.de\/teilchen\/wp-json\/wp\/v2\/comments?post=11428"}],"version-history":[{"count":9,"href":"https:\/\/blog.zeit.de\/teilchen\/wp-json\/wp\/v2\/posts\/11428\/revisions"}],"predecessor-version":[{"id":11441,"href":"https:\/\/blog.zeit.de\/teilchen\/wp-json\/wp\/v2\/posts\/11428\/revisions\/11441"}],"wp:featuredmedia":[{"embeddable":true,"href":"https:\/\/blog.zeit.de\/teilchen\/wp-json\/wp\/v2\/media\/11431"}],"wp:attachment":[{"href":"https:\/\/blog.zeit.de\/teilchen\/wp-json\/wp\/v2\/media?parent=11428"}],"wp:term":[{"taxonomy":"category","embeddable":true,"href":"https:\/\/blog.zeit.de\/teilchen\/wp-json\/wp\/v2\/categories?post=11428"},{"taxonomy":"post_tag","embeddable":true,"href":"https:\/\/blog.zeit.de\/teilchen\/wp-json\/wp\/v2\/tags?post=11428"}],"curies":[{"name":"wp","href":"https:\/\/api.w.org\/{rel}","templated":true}]}}