{"id":11648,"date":"2016-02-23T13:42:34","date_gmt":"2016-02-23T12:42:34","guid":{"rendered":"http:\/\/blog.zeit.de\/teilchen\/?p=11648"},"modified":"2016-04-25T11:36:40","modified_gmt":"2016-04-25T09:36:40","slug":"wien-lebenswerteste-stadt-wanda","status":"publish","type":"post","link":"https:\/\/blog.zeit.de\/teilchen\/2016\/02\/23\/wien-lebenswerteste-stadt-wanda\/","title":{"rendered":"Wenn jemand fragt, wohin du gehst, sag nach Wien!"},"content":{"rendered":"\n<div class=\"embed-wrapper embed-wrapper--blocked js-embed-consent\" data-method=\"embed\">\n<script class=\"raw__source\" type=\"text\/template\"><iframe loading=\"lazy\" title=\"A Taste of Vienna\" src=\"https:\/\/player.vimeo.com\/video\/156161909?dnt=1&amp;app_id=122963\" width=\"640\" height=\"360\" frameborder=\"0\" allow=\"autoplay; fullscreen; picture-in-picture; clipboard-write; encrypted-media\"><\/iframe><\/script>\n<div class=\"embed-wrapper__inner\">\n<div class=\"embed-wrapper__text\">\n<h3>Empfohlener redaktioneller Inhalt<\/h3>\n<p data-replace=\"no\">An dieser Stelle finden Sie externen Inhalt, der den Artikel erg\u00e4nzt. Sie k\u00f6nnen sich externe Inhalte mit einem Klick anzeigen lassen und wieder ausblenden.<noscript>Bitte aktivieren Sie JavaScript damit Sie diesen Inhalt anzeigen k\u00f6nnen.<\/noscript><\/p>\n<\/div>\n<div class=\"embed-consent\">\n<label class=\"embed-consent__toggle\">\n<input class=\"js-embed-consent__toggle\" type=\"checkbox\" autocomplete=\"off\">\n<span><\/span>\nExterner Inhalt\n<\/label>\n<a href=\"https:\/\/www.zeit.de\/hilfe\/datenschutz\" target=\"_blank\" class=\"embed-consent__datalink-when-active\">Datenschutzerkl\u00e4rung<\/a>\n<\/div>\n<div class=\"embed-wrapper__footer\">\n<p data-replace=\"no\">\nIch bin damit einverstanden, dass mir externe Inhalte angezeigt werden. Damit k\u00f6nnen personenbezogene Daten an Drittplattformen \u00fcbermittelt werden. <a href=\"https:\/\/www.zeit.de\/hilfe\/datenschutz\" target=\"_blank\">Mehr dazu in unserer Datenschutzerkl\u00e4rung.<\/a>\n<\/p>\n<\/div>\n<\/div>\n<\/div>\n<p>Vergessen Sie die deutsche Hauptstadt mit ihren pseudohipstrigen Kiezcaf\u00e9s, die f\u00fcr einen Americano 3,80 Euro verlangen. Es gibt ein besseres Berlin. Hip und zugleich bodenst\u00e4ndig. Das Essen ist lecker und bezahlbar. Der \u00f6ffentliche Nahverkehr funktioniert. An den Kunsthochschulen unterrichten weltber\u00fchmte Dozenten. Die Museen geh\u00f6ren zu den sehenswertesten in Europa. Und vor allem: Es ist einfach sch\u00f6n in diesem Wien. Wie sch\u00f6n, das zeigt nun ein knapp dreimin\u00fctiges Zeitraffervideo.<\/p>\n<p><!--more-->Thomas P\u00f6cksteiner und Peter Jablonowski, zwei Wiener Filmemacher, haben nach eigener Aussage ein Jahr ihrer Freizeit in <a href=\"https:\/\/vimeo.com\/156161909\" target=\"_blank\">das Projekt <em>A Taste of Vienna<\/em><\/a> investiert. Das Ergebnis ist ein atemloser Trip durch die Gassen und Boulevards von \u00d6sterreichs Hauptstadt. Sonnenaufgang. Sonnenuntergang. Burgtheater und Hofburg. Kunsthistorisches Museum und Donauinselfest. Prater, U-Bahnh\u00f6fe und Restaurants, die einen atemberaubenden Blick auf Wien gew\u00e4hren.<\/p>\n<p>Doch die Kapitale unseres Nachbarlands hat noch mehr zu bieten als die in diesem Video abgefeierten touristischen Hotspots. <a href=\"http:\/\/www.zeit.de\/zeit-magazin\/2015\/46\/wien-szene-jugend-wanda-bilderbuch-jasna-fritzi-bauer-vea-kaiser\" target=\"_blank\">Wer mit den Wienern ins Gespr\u00e4ch kommen will, muss in die Beisln gehen<\/a>, diese urigen kleinen Kneipen, in denen fantastisches Gulasch serviert wird und der Veltliner bezahlbar ist. Die Musiker der Band Wanda sind beispielsweise regelm\u00e4\u00dfig im Leopoldist\u00fcberl anzutreffen. Und wer eine ebenso bezahlbare Bleibe sucht, wird sich \u00fcber den hohen Anteil kommunal gef\u00f6rderter Wohnungen freuen.<\/p>\n<p>Auch deshalb ist Wien nun von einer Studie <a href=\"http:\/\/www.mercer.com\/newsroom\/western-european-cities-top-quality-of-living-ranking-mercer.html\" target=\"_blank\">der Beratungsgesellschaft Mercer zur lebenswertesten Stadt der Welt gek\u00fcrt worden<\/a> \u2013 vor St\u00e4dten wie Z\u00fcrich, London, Paris oder New York. Die Untersuchung bewertet Metropolen anhand von Faktoren wie Wirtschaftskraft, \u00f6ffentlicher Nahverkehr, Gesundheit, Umweltbewusstsein, Freizeitm\u00f6glichkeiten und Bildung.<\/p>\n<p>P\u00f6cksteiner und Jablonowski wollen mit ihrem Clip Nicht-Wienern die Sch\u00f6nheit ihrer Stadt n\u00e4her bringen. F\u00fcr Aufsehen sorgten sie vor knapp einem Jahr mit ihrem Vorg\u00e4ngervideo <em>A Taste of Austria<\/em>. FP\u00d6-Chef Heinz-Christian Strache hatte den Zeitrafferclip auf seiner Facebook-Seite geteilt. <a href=\"http:\/\/www.heute.at\/news\/politik\/Filmfirma-straft-Strache-fuer-Facebook-Posting-ab;art23660,1142874\" target=\"_blank\">Daraufhin baten die beiden Filmemacher den Politiker, den Post zu entfernen:<\/a> &#8222;Wir haben das Video gedreht, um die b\u00f6sen Ausl\u00e4nder auf den Geschmack (&#8222;Taste&#8220;= ausl\u00e4ndisch f\u00fcr &#8222;Geschmack&#8220;) von \u00d6sterreich zu bringen, und nicht, um den Nationalstolz von dir und deiner Fangemeinde zu f\u00f6rdern.&#8220;<\/p>\n<p><em>Mehr <a href=\"https:\/\/blog.zeit.de\/teilchen\/\" target=\"_blank\">Teilchen gibt es hier.<\/a><\/em><\/p>\n","protected":false},"excerpt":{"rendered":"<p>Empfohlener redaktioneller Inhalt An dieser Stelle finden Sie externen Inhalt, der den Artikel erg\u00e4nzt. Sie k\u00f6nnen sich externe Inhalte mit einem Klick anzeigen lassen [\u2026]<\/p>\n","protected":false},"author":556,"featured_media":11649,"comment_status":"open","ping_status":"closed","sticky":false,"template":"","format":"standard","meta":{"_jetpack_memberships_contains_paid_content":false,"footnotes":""},"categories":[28],"tags":[],"class_list":["post-11648","post","type-post","status-publish","format-standard","has-post-thumbnail","hentry","category-video"],"yoast_head":"<!-- This site is optimized with the Yoast SEO plugin v21.0 - https:\/\/yoast.com\/wordpress\/plugins\/seo\/ -->\n<title>Wenn jemand fragt, wohin du gehst, sag&#039; nach Wien!<\/title>\n<meta name=\"description\" content=\"Es gibt ein besseres Berlin. Hip und zugleich bodenst\u00e4ndig. Und vor allem: Es ist einfach sch\u00f6n in diesem Wien. Wie sch\u00f6n, zeigt dieses Zeitraffervideo.\" \/>\n<meta name=\"robots\" content=\"index, follow, max-snippet:-1, max-image-preview:large, max-video-preview:-1\" \/>\n<link rel=\"canonical\" href=\"https:\/\/blog.zeit.de\/teilchen\/2016\/02\/23\/wien-lebenswerteste-stadt-wanda\/\" \/>\n<meta property=\"og:locale\" content=\"de_DE\" \/>\n<meta property=\"og:type\" content=\"article\" \/>\n<meta property=\"og:title\" content=\"Wenn jemand fragt, wohin du gehst, sag&#039; nach Wien!\" \/>\n<meta property=\"og:description\" content=\"Es gibt ein besseres Berlin. Hip und zugleich bodenst\u00e4ndig. Und vor allem: Es ist einfach sch\u00f6n in diesem Wien. Wie sch\u00f6n, zeigt dieses Zeitraffervideo.\" \/>\n<meta property=\"og:url\" content=\"https:\/\/blog.zeit.de\/teilchen\/2016\/02\/23\/wien-lebenswerteste-stadt-wanda\/\" \/>\n<meta property=\"og:site_name\" content=\"Teilchen\" \/>\n<meta property=\"article:published_time\" content=\"2016-02-23T12:42:34+00:00\" \/>\n<meta property=\"article:modified_time\" content=\"2016-04-25T09:36:40+00:00\" \/>\n<meta property=\"og:image\" content=\"https:\/\/blog.zeit.de\/teilchen\/files\/2016\/02\/Bildschirmfoto-2016-02-23-um-11.25.44.png\" \/>\n\t<meta property=\"og:image:width\" content=\"948\" \/>\n\t<meta property=\"og:image:height\" content=\"525\" \/>\n\t<meta property=\"og:image:type\" content=\"image\/png\" \/>\n<meta name=\"author\" content=\"Tobias Dorfer\" \/>\n<meta name=\"twitter:card\" content=\"summary_large_image\" \/>\n<meta name=\"twitter:image\" content=\"https:\/\/blog.zeit.de\/teilchen\/files\/2016\/02\/Bildschirmfoto-2016-02-23-um-11.25.44.png\" \/>\n<meta name=\"twitter:creator\" content=\"@tobiasdorfer\" \/>\n<meta name=\"twitter:site\" content=\"@zeitonline\" \/>\n<meta name=\"twitter:label1\" content=\"Geschrieben von\" \/>\n\t<meta name=\"twitter:data1\" content=\"Tobias Dorfer\" \/>\n\t<meta name=\"twitter:label2\" content=\"Gesch\u00e4tzte Lesezeit\" \/>\n\t<meta name=\"twitter:data2\" content=\"2\u00a0Minuten\" \/>\n<script type=\"application\/ld+json\" class=\"yoast-schema-graph\">{\"@context\":\"https:\/\/schema.org\",\"@graph\":[{\"@type\":\"WebPage\",\"@id\":\"https:\/\/blog.zeit.de\/teilchen\/2016\/02\/23\/wien-lebenswerteste-stadt-wanda\/\",\"url\":\"https:\/\/blog.zeit.de\/teilchen\/2016\/02\/23\/wien-lebenswerteste-stadt-wanda\/\",\"name\":\"Wenn jemand fragt, wohin du gehst, sag' nach Wien!\",\"isPartOf\":{\"@id\":\"https:\/\/blog.zeit.de\/teilchen\/#website\"},\"datePublished\":\"2016-02-23T12:42:34+00:00\",\"dateModified\":\"2016-04-25T09:36:40+00:00\",\"author\":{\"@id\":\"https:\/\/blog.zeit.de\/teilchen\/#\/schema\/person\/e90ba849254185115fd919d4fad07dc0\"},\"description\":\"Es gibt ein besseres Berlin. Hip und zugleich bodenst\u00e4ndig. Und vor allem: Es ist einfach sch\u00f6n in diesem Wien. Wie sch\u00f6n, zeigt dieses Zeitraffervideo.\",\"breadcrumb\":{\"@id\":\"https:\/\/blog.zeit.de\/teilchen\/2016\/02\/23\/wien-lebenswerteste-stadt-wanda\/#breadcrumb\"},\"inLanguage\":\"de\",\"potentialAction\":[{\"@type\":\"ReadAction\",\"target\":[\"https:\/\/blog.zeit.de\/teilchen\/2016\/02\/23\/wien-lebenswerteste-stadt-wanda\/\"]}]},{\"@type\":\"BreadcrumbList\",\"@id\":\"https:\/\/blog.zeit.de\/teilchen\/2016\/02\/23\/wien-lebenswerteste-stadt-wanda\/#breadcrumb\",\"itemListElement\":[{\"@type\":\"ListItem\",\"position\":1,\"name\":\"Startseite\",\"item\":\"https:\/\/blog.zeit.de\/teilchen\/\"},{\"@type\":\"ListItem\",\"position\":2,\"name\":\"Wenn jemand fragt, wohin du gehst, sag nach Wien!\"}]},{\"@type\":\"WebSite\",\"@id\":\"https:\/\/blog.zeit.de\/teilchen\/#website\",\"url\":\"https:\/\/blog.zeit.de\/teilchen\/\",\"name\":\"Teilchen\",\"description\":\"Im Netz verstecken sich kleine Sch\u00e4tze - ZEIT ONLINE findet sie.\",\"potentialAction\":[{\"@type\":\"SearchAction\",\"target\":{\"@type\":\"EntryPoint\",\"urlTemplate\":\"https:\/\/blog.zeit.de\/teilchen\/?s={search_term_string}\"},\"query-input\":\"required name=search_term_string\"}],\"inLanguage\":\"de\"},{\"@type\":\"Person\",\"@id\":\"https:\/\/blog.zeit.de\/teilchen\/#\/schema\/person\/e90ba849254185115fd919d4fad07dc0\",\"name\":\"Tobias Dorfer\",\"image\":{\"@type\":\"ImageObject\",\"inLanguage\":\"de\",\"@id\":\"https:\/\/blog.zeit.de\/teilchen\/#\/schema\/person\/image\/\",\"url\":\"https:\/\/secure.gravatar.com\/avatar\/0021e1a3fe9f799912804bcca6f1bcbbe58ee3bf29c8f714a0f453695a888d0a?s=96&d=mm&r=g\",\"contentUrl\":\"https:\/\/secure.gravatar.com\/avatar\/0021e1a3fe9f799912804bcca6f1bcbbe58ee3bf29c8f714a0f453695a888d0a?s=96&d=mm&r=g\",\"caption\":\"Tobias Dorfer\"},\"description\":\"Teamleiter Social Media bei ZEIT ONLINE. Zuvor sieben Jahre bei S\u00fcddeutsche.de, als Redakteur im Wirtschafts- und Regional-Ressort sowie Editorial SEO. Ausbildung an der Deutschen Journalistenschule in M\u00fcnchen mit Hospitanzen bei S\u00fcddeutsche Zeitung, SPIEGEL und SPIEGEL Online.\",\"sameAs\":[\"https:\/\/twitter.com\/tobiasdorfer\"],\"url\":\"https:\/\/blog.zeit.de\/teilchen\/author\/tdorfer\/\"}]}<\/script>\n<!-- \/ Yoast SEO plugin. -->","yoast_head_json":{"title":"Wenn jemand fragt, wohin du gehst, sag' nach Wien!","description":"Es gibt ein besseres Berlin. Hip und zugleich bodenst\u00e4ndig. Und vor allem: Es ist einfach sch\u00f6n in diesem Wien. Wie sch\u00f6n, zeigt dieses Zeitraffervideo.","robots":{"index":"index","follow":"follow","max-snippet":"max-snippet:-1","max-image-preview":"max-image-preview:large","max-video-preview":"max-video-preview:-1"},"canonical":"https:\/\/blog.zeit.de\/teilchen\/2016\/02\/23\/wien-lebenswerteste-stadt-wanda\/","og_locale":"de_DE","og_type":"article","og_title":"Wenn jemand fragt, wohin du gehst, sag' nach Wien!","og_description":"Es gibt ein besseres Berlin. Hip und zugleich bodenst\u00e4ndig. Und vor allem: Es ist einfach sch\u00f6n in diesem Wien. Wie sch\u00f6n, zeigt dieses Zeitraffervideo.","og_url":"https:\/\/blog.zeit.de\/teilchen\/2016\/02\/23\/wien-lebenswerteste-stadt-wanda\/","og_site_name":"Teilchen","article_published_time":"2016-02-23T12:42:34+00:00","article_modified_time":"2016-04-25T09:36:40+00:00","og_image":[{"width":948,"height":525,"url":"https:\/\/blog.zeit.de\/teilchen\/files\/2016\/02\/Bildschirmfoto-2016-02-23-um-11.25.44.png","type":"image\/png"}],"author":"Tobias Dorfer","twitter_card":"summary_large_image","twitter_image":"https:\/\/blog.zeit.de\/teilchen\/files\/2016\/02\/Bildschirmfoto-2016-02-23-um-11.25.44.png","twitter_creator":"@tobiasdorfer","twitter_site":"@zeitonline","twitter_misc":{"Geschrieben von":"Tobias Dorfer","Gesch\u00e4tzte Lesezeit":"2\u00a0Minuten"},"schema":{"@context":"https:\/\/schema.org","@graph":[{"@type":"WebPage","@id":"https:\/\/blog.zeit.de\/teilchen\/2016\/02\/23\/wien-lebenswerteste-stadt-wanda\/","url":"https:\/\/blog.zeit.de\/teilchen\/2016\/02\/23\/wien-lebenswerteste-stadt-wanda\/","name":"Wenn jemand fragt, wohin du gehst, sag' nach Wien!","isPartOf":{"@id":"https:\/\/blog.zeit.de\/teilchen\/#website"},"datePublished":"2016-02-23T12:42:34+00:00","dateModified":"2016-04-25T09:36:40+00:00","author":{"@id":"https:\/\/blog.zeit.de\/teilchen\/#\/schema\/person\/e90ba849254185115fd919d4fad07dc0"},"description":"Es gibt ein besseres Berlin. Hip und zugleich bodenst\u00e4ndig. Und vor allem: Es ist einfach sch\u00f6n in diesem Wien. Wie sch\u00f6n, zeigt dieses Zeitraffervideo.","breadcrumb":{"@id":"https:\/\/blog.zeit.de\/teilchen\/2016\/02\/23\/wien-lebenswerteste-stadt-wanda\/#breadcrumb"},"inLanguage":"de","potentialAction":[{"@type":"ReadAction","target":["https:\/\/blog.zeit.de\/teilchen\/2016\/02\/23\/wien-lebenswerteste-stadt-wanda\/"]}]},{"@type":"BreadcrumbList","@id":"https:\/\/blog.zeit.de\/teilchen\/2016\/02\/23\/wien-lebenswerteste-stadt-wanda\/#breadcrumb","itemListElement":[{"@type":"ListItem","position":1,"name":"Startseite","item":"https:\/\/blog.zeit.de\/teilchen\/"},{"@type":"ListItem","position":2,"name":"Wenn jemand fragt, wohin du gehst, sag nach Wien!"}]},{"@type":"WebSite","@id":"https:\/\/blog.zeit.de\/teilchen\/#website","url":"https:\/\/blog.zeit.de\/teilchen\/","name":"Teilchen","description":"Im Netz verstecken sich kleine Sch\u00e4tze - ZEIT ONLINE findet sie.","potentialAction":[{"@type":"SearchAction","target":{"@type":"EntryPoint","urlTemplate":"https:\/\/blog.zeit.de\/teilchen\/?s={search_term_string}"},"query-input":"required name=search_term_string"}],"inLanguage":"de"},{"@type":"Person","@id":"https:\/\/blog.zeit.de\/teilchen\/#\/schema\/person\/e90ba849254185115fd919d4fad07dc0","name":"Tobias Dorfer","image":{"@type":"ImageObject","inLanguage":"de","@id":"https:\/\/blog.zeit.de\/teilchen\/#\/schema\/person\/image\/","url":"https:\/\/secure.gravatar.com\/avatar\/0021e1a3fe9f799912804bcca6f1bcbbe58ee3bf29c8f714a0f453695a888d0a?s=96&d=mm&r=g","contentUrl":"https:\/\/secure.gravatar.com\/avatar\/0021e1a3fe9f799912804bcca6f1bcbbe58ee3bf29c8f714a0f453695a888d0a?s=96&d=mm&r=g","caption":"Tobias Dorfer"},"description":"Teamleiter Social Media bei ZEIT ONLINE. Zuvor sieben Jahre bei S\u00fcddeutsche.de, als Redakteur im Wirtschafts- und Regional-Ressort sowie Editorial SEO. Ausbildung an der Deutschen Journalistenschule in M\u00fcnchen mit Hospitanzen bei S\u00fcddeutsche Zeitung, SPIEGEL und SPIEGEL Online.","sameAs":["https:\/\/twitter.com\/tobiasdorfer"],"url":"https:\/\/blog.zeit.de\/teilchen\/author\/tdorfer\/"}]}},"jetpack_featured_media_url":"https:\/\/blog.zeit.de\/teilchen\/files\/2016\/02\/Bildschirmfoto-2016-02-23-um-11.25.44.png","jetpack_sharing_enabled":true,"_links":{"self":[{"href":"https:\/\/blog.zeit.de\/teilchen\/wp-json\/wp\/v2\/posts\/11648","targetHints":{"allow":["GET"]}}],"collection":[{"href":"https:\/\/blog.zeit.de\/teilchen\/wp-json\/wp\/v2\/posts"}],"about":[{"href":"https:\/\/blog.zeit.de\/teilchen\/wp-json\/wp\/v2\/types\/post"}],"author":[{"embeddable":true,"href":"https:\/\/blog.zeit.de\/teilchen\/wp-json\/wp\/v2\/users\/556"}],"replies":[{"embeddable":true,"href":"https:\/\/blog.zeit.de\/teilchen\/wp-json\/wp\/v2\/comments?post=11648"}],"version-history":[{"count":6,"href":"https:\/\/blog.zeit.de\/teilchen\/wp-json\/wp\/v2\/posts\/11648\/revisions"}],"predecessor-version":[{"id":11656,"href":"https:\/\/blog.zeit.de\/teilchen\/wp-json\/wp\/v2\/posts\/11648\/revisions\/11656"}],"wp:featuredmedia":[{"embeddable":true,"href":"https:\/\/blog.zeit.de\/teilchen\/wp-json\/wp\/v2\/media\/11649"}],"wp:attachment":[{"href":"https:\/\/blog.zeit.de\/teilchen\/wp-json\/wp\/v2\/media?parent=11648"}],"wp:term":[{"taxonomy":"category","embeddable":true,"href":"https:\/\/blog.zeit.de\/teilchen\/wp-json\/wp\/v2\/categories?post=11648"},{"taxonomy":"post_tag","embeddable":true,"href":"https:\/\/blog.zeit.de\/teilchen\/wp-json\/wp\/v2\/tags?post=11648"}],"curies":[{"name":"wp","href":"https:\/\/api.w.org\/{rel}","templated":true}]}}