{"id":11719,"date":"2016-03-08T16:44:28","date_gmt":"2016-03-08T15:44:28","guid":{"rendered":"http:\/\/blog.zeit.de\/teilchen\/?p=11719"},"modified":"2016-03-08T16:51:05","modified_gmt":"2016-03-08T15:51:05","slug":"your-fat-friend-flugreisen-mach-dich-mal-duenne","status":"publish","type":"post","link":"https:\/\/blog.zeit.de\/teilchen\/2016\/03\/08\/your-fat-friend-flugreisen-mach-dich-mal-duenne\/","title":{"rendered":"Mach dich mal d\u00fcnne!"},"content":{"rendered":"<p><figure id=\"attachment_11740\" aria-describedby=\"caption-attachment-11740\" style=\"width: 620px\" class=\"wp-caption aligncenter\"><img loading=\"lazy\" decoding=\"async\" class=\"size-medium wp-image-11740\" src=\"https:\/\/blog.zeit.de\/teilchen\/files\/2016\/03\/Flugzeug2-620x413.jpg\" alt=\"Nicht nur f\u00fcr dicke Menschen kann es im Flugzeug ganz sch\u00f6n eng werden. \u00a9 Kirill Kudryavtsev\/AFP\/Getty Images \" width=\"620\" height=\"413\" srcset=\"https:\/\/blog.zeit.de\/teilchen\/files\/2016\/03\/Flugzeug2-620x413.jpg 620w, https:\/\/blog.zeit.de\/teilchen\/files\/2016\/03\/Flugzeug2-1024x682.jpg 1024w, https:\/\/blog.zeit.de\/teilchen\/files\/2016\/03\/Flugzeug2.jpg 2000w\" sizes=\"auto, (max-width: 620px) 100vw, 620px\" \/><figcaption id=\"caption-attachment-11740\" class=\"wp-caption-text\">Nicht nur f\u00fcr dicke Menschen kann es im Flugzeug ganz sch\u00f6n eng werden. \u00a9 Kirill Kudryavtsev\/AFP\/Getty Images<\/figcaption><\/figure><\/p>\n<p><a href=\"http:\/\/www.zeit.de\/reisen\/2014-07\/flugreisen-flughafen-sicherheit-anleitung\" target=\"_blank\">&#8222;Flugreisen sind eine Zumutung.&#8220;<\/a> Es gibt \u00fcberraschend viele Menschen, die diesen Satz unterschreiben w\u00fcrden. Das liegt nicht nur an langen Warteschlangen vor Sicherheitschecks, <a href=\"http:\/\/www.zeit.de\/digital\/datenschutz\/2014-10\/koerperscanner-deutschland-flughaefen\" target=\"_blank\">modernen Ganzk\u00f6rperscannern<\/a>, langen Busfahrten vom Gate zum Flugzeug oder den K\u00e4mpfen um den letzten Stauraum f\u00fcr das Handgep\u00e4ck. Die gr\u00f6\u00dfte Zumutung auf Flugreisen ist das Engegef\u00fchl, das sich einstellt, wenn man endlich Platz genommen und den Gurt f\u00fcr die kommenden Flugstunden geschlossen hat: Wohin mit den Beinen, wohin mit den Armen, wohin mit dem ganzen eigenen K\u00f6rper? Wie sch\u00f6n, wenn der Sitz neben einem frei bleibt. (Wie Sie das erreichen k\u00f6nnen, <a href=\"https:\/\/blog.zeit.de\/teilchen\/2015\/08\/18\/freier-flugzeugsitz-neben-ihnen\/\" target=\"_blank\">erfahren Sie \u00fcbrigens hier<\/a>.)<\/p>\n<p><!--more-->Was f\u00fcr schlanke Menschen eine Zumutung ist, wird f\u00fcr \u00fcbergewichtige Menschen zur Qual. So auch f\u00fcr die <a href=\"https:\/\/medium.com\/@thefatshadow\" target=\"_blank\">Bloggerin<\/a> und <a href=\"https:\/\/twitter.com\/yrfatfriend\" target=\"_blank\">Twittererin,<\/a> die sich Your Fat Friend nennt. <a href=\"https:\/\/medium.com\/@thefatshadow\/what-it-s-like-to-be-that-fat-person-sitting-next-to-you-on-the-plane-85006e263778#.ariabh14i\" target=\"_blank\">In einem vielbeachteten Beitrag f\u00fcr<\/a> <em>Medium<\/em> fasst sie zusammen, wie es sich anf\u00fchlt, immer diejenige im Flugzeug zu sein, bei der alle anderen Flugg\u00e4ste Angst haben, dass sie sich neben sie setzen k\u00f6nnte.<\/p>\n<p>In Filmen, Werbespots oder satirischen Fernsehsendungen werden \u00fcbergewichtige Menschen in Flugzeugen als laut, raumgreifend, nervt\u00f6tend und pausenlos essend gezeigt. Und dieser Stereotyp hat sich in den K\u00f6pfen der Menschen festgesetzt. Das macht es f\u00fcr \u00fcbergewichtige Flugreisende doppelt schwer: Da ist nicht nur die eigene Angst vor den Beschwerlichkeiten eines Fluges, sondern zus\u00e4tzlich das viel belastendere Wissen um die kritischen Blicke der anderen Passagiere.<\/p>\n<p>Doch auch <a href=\"http:\/\/www.zeit.de\/2002\/43\/200243_xxl_an_bord_xml\" target=\"_blank\">Fluggesellschaften verweisen gerne auf die Probleme<\/a>, die stark \u00fcbergewichtige Passagiere verursachen. Kurzzeitig wurde sogar dar\u00fcber debattiert, <a href=\"http:\/\/www.zeit.de\/wirtschaft\/unternehmen\/2010-01\/air-france-klm-uebergewicht\" target=\"_blank\">ob \u00dcbergewichtige dazu gezwungen werden k\u00f6nnen, zwei Tickets zu kaufen<\/a>, um anderen Reisenden nicht allzu viel Platz wegzunehmen.<\/p>\n<p>Vielleicht sollten wir uns lieber wieder vor Augen f\u00fchren, was Solidarit\u00e4t in einem solchen Fall bedeuten kann. Die Bloggerin Your Fat Friend leistet ihren Beitrag zu einem besseren Verst\u00e4ndnis der Problematik. Sie listet auf, mit welchen Widrigkeiten sich \u00dcbergewichtige auf Flugreisen auseinandersetzen m\u00fcssen. Und wie sie selbst bei jedem Flug alles daf\u00fcr tut, anderen Reisenden nicht zur Last zu fallen. Zum Beispiel w\u00e4hlt sie immer den Fensterplatz, um sich gegen die Flugzeugwand und weg von ihrem Sitznachbarn zu dr\u00fccken.<\/p>\n<p>So ist der Text vor allem ein Denkansto\u00df, der dazu auffordert, die Situation aus den Augen einer Betroffenen zu sehen.<\/p>\n<p><em>Mehr <a href=\"https:\/\/blog.zeit.de\/teilchen\/\" target=\"_blank\">Teilchen finden Sie hier<\/a>.<\/em><\/p>\n","protected":false},"excerpt":{"rendered":"<p>&#8222;Flugreisen sind eine Zumutung.&#8220; Es gibt \u00fcberraschend viele Menschen, die diesen Satz unterschreiben w\u00fcrden. Das liegt nicht nur an langen Warteschlangen vor Sicherheitschecks, modernen [\u2026]<\/p>\n","protected":false},"author":572,"featured_media":11740,"comment_status":"open","ping_status":"closed","sticky":false,"template":"","format":"standard","meta":{"_jetpack_memberships_contains_paid_content":false,"footnotes":""},"categories":[29747],"tags":[],"class_list":["post-11719","post","type-post","status-publish","format-standard","has-post-thumbnail","hentry","category-geschichten"],"yoast_head":"<!-- This site is optimized with the Yoast SEO plugin v21.0 - https:\/\/yoast.com\/wordpress\/plugins\/seo\/ -->\n<title>&quot;Your Fat Friend&quot;: Mach\u2019 dich mal d\u00fcnne!<\/title>\n<meta name=\"description\" content=\"Wie f\u00fchlt es sich an, auf Flugreisen der dicke Mensch zu sein, neben dem keiner sitzen will? Die Bloggerin &quot;Your Fat Friend&quot; wei\u00df es.\" \/>\n<meta name=\"robots\" content=\"index, follow, max-snippet:-1, max-image-preview:large, max-video-preview:-1\" \/>\n<link rel=\"canonical\" href=\"https:\/\/blog.zeit.de\/teilchen\/2016\/03\/08\/your-fat-friend-flugreisen-mach-dich-mal-duenne\/\" \/>\n<meta property=\"og:locale\" content=\"de_DE\" \/>\n<meta property=\"og:type\" content=\"article\" \/>\n<meta property=\"og:title\" content=\"&quot;Your Fat Friend&quot;: Mach\u2019 dich mal d\u00fcnne!\" \/>\n<meta property=\"og:description\" content=\"Wie f\u00fchlt es sich an, auf Flugreisen der dicke Mensch zu sein, neben dem keiner sitzen will? Die Bloggerin &quot;Your Fat Friend&quot; wei\u00df es.\" \/>\n<meta property=\"og:url\" content=\"https:\/\/blog.zeit.de\/teilchen\/2016\/03\/08\/your-fat-friend-flugreisen-mach-dich-mal-duenne\/\" \/>\n<meta property=\"og:site_name\" content=\"Teilchen\" \/>\n<meta property=\"article:published_time\" content=\"2016-03-08T15:44:28+00:00\" \/>\n<meta property=\"article:modified_time\" content=\"2016-03-08T15:51:05+00:00\" \/>\n<meta property=\"og:image\" content=\"https:\/\/blog.zeit.de\/teilchen\/files\/2016\/03\/Flugzeug2.jpg\" \/>\n\t<meta property=\"og:image:width\" content=\"2000\" \/>\n\t<meta property=\"og:image:height\" content=\"1333\" \/>\n\t<meta property=\"og:image:type\" content=\"image\/jpeg\" \/>\n<meta name=\"author\" content=\"Benjamin Lauterbach\" \/>\n<meta name=\"twitter:card\" content=\"summary_large_image\" \/>\n<meta name=\"twitter:creator\" content=\"@kuenstlerpech\" \/>\n<meta name=\"twitter:site\" content=\"@zeitonline\" \/>\n<meta name=\"twitter:label1\" content=\"Geschrieben von\" \/>\n\t<meta name=\"twitter:data1\" content=\"Benjamin Lauterbach\" \/>\n\t<meta name=\"twitter:label2\" content=\"Gesch\u00e4tzte Lesezeit\" \/>\n\t<meta name=\"twitter:data2\" content=\"2\u00a0Minuten\" \/>\n<script type=\"application\/ld+json\" class=\"yoast-schema-graph\">{\"@context\":\"https:\/\/schema.org\",\"@graph\":[{\"@type\":\"WebPage\",\"@id\":\"https:\/\/blog.zeit.de\/teilchen\/2016\/03\/08\/your-fat-friend-flugreisen-mach-dich-mal-duenne\/\",\"url\":\"https:\/\/blog.zeit.de\/teilchen\/2016\/03\/08\/your-fat-friend-flugreisen-mach-dich-mal-duenne\/\",\"name\":\"\\\"Your Fat Friend\\\": Mach\u2019 dich mal d\u00fcnne!\",\"isPartOf\":{\"@id\":\"https:\/\/blog.zeit.de\/teilchen\/#website\"},\"datePublished\":\"2016-03-08T15:44:28+00:00\",\"dateModified\":\"2016-03-08T15:51:05+00:00\",\"author\":{\"@id\":\"https:\/\/blog.zeit.de\/teilchen\/#\/schema\/person\/cf8b6ec552fc83b5e3ad7c66116fd773\"},\"description\":\"Wie f\u00fchlt es sich an, auf Flugreisen der dicke Mensch zu sein, neben dem keiner sitzen will? Die Bloggerin \\\"Your Fat Friend\\\" wei\u00df es.\",\"breadcrumb\":{\"@id\":\"https:\/\/blog.zeit.de\/teilchen\/2016\/03\/08\/your-fat-friend-flugreisen-mach-dich-mal-duenne\/#breadcrumb\"},\"inLanguage\":\"de\",\"potentialAction\":[{\"@type\":\"ReadAction\",\"target\":[\"https:\/\/blog.zeit.de\/teilchen\/2016\/03\/08\/your-fat-friend-flugreisen-mach-dich-mal-duenne\/\"]}]},{\"@type\":\"BreadcrumbList\",\"@id\":\"https:\/\/blog.zeit.de\/teilchen\/2016\/03\/08\/your-fat-friend-flugreisen-mach-dich-mal-duenne\/#breadcrumb\",\"itemListElement\":[{\"@type\":\"ListItem\",\"position\":1,\"name\":\"Startseite\",\"item\":\"https:\/\/blog.zeit.de\/teilchen\/\"},{\"@type\":\"ListItem\",\"position\":2,\"name\":\"Mach dich mal d\u00fcnne!\"}]},{\"@type\":\"WebSite\",\"@id\":\"https:\/\/blog.zeit.de\/teilchen\/#website\",\"url\":\"https:\/\/blog.zeit.de\/teilchen\/\",\"name\":\"Teilchen\",\"description\":\"Im Netz verstecken sich kleine Sch\u00e4tze - ZEIT ONLINE findet sie.\",\"potentialAction\":[{\"@type\":\"SearchAction\",\"target\":{\"@type\":\"EntryPoint\",\"urlTemplate\":\"https:\/\/blog.zeit.de\/teilchen\/?s={search_term_string}\"},\"query-input\":\"required name=search_term_string\"}],\"inLanguage\":\"de\"},{\"@type\":\"Person\",\"@id\":\"https:\/\/blog.zeit.de\/teilchen\/#\/schema\/person\/cf8b6ec552fc83b5e3ad7c66116fd773\",\"name\":\"Benjamin Lauterbach\",\"image\":{\"@type\":\"ImageObject\",\"inLanguage\":\"de\",\"@id\":\"https:\/\/blog.zeit.de\/teilchen\/#\/schema\/person\/image\/\",\"url\":\"https:\/\/secure.gravatar.com\/avatar\/96736df0f439506407a6591428fddae99f673997acc495168987c69c26c78ad7?s=96&d=mm&r=g\",\"contentUrl\":\"https:\/\/secure.gravatar.com\/avatar\/96736df0f439506407a6591428fddae99f673997acc495168987c69c26c78ad7?s=96&d=mm&r=g\",\"caption\":\"Benjamin Lauterbach\"},\"description\":\"Geboren 1975 in Kronberg\/Taunus. Studium am Deutschen Literaturinstitut Leipzig. Autor von Prosa und Theaterst\u00fccken, Journalist f\u00fcr TV, Print und Online, seit Januar 2015 bei ZEIT ONLINE. Lebt in Berlin und Frankfurt am Main.\",\"sameAs\":[\"http:\/\/bit.ly\/lauterbach\",\"https:\/\/twitter.com\/kuenstlerpech\"],\"url\":\"https:\/\/blog.zeit.de\/teilchen\/author\/blauterbach\/\"}]}<\/script>\n<!-- \/ Yoast SEO plugin. -->","yoast_head_json":{"title":"\"Your Fat Friend\": Mach\u2019 dich mal d\u00fcnne!","description":"Wie f\u00fchlt es sich an, auf Flugreisen der dicke Mensch zu sein, neben dem keiner sitzen will? Die Bloggerin \"Your Fat Friend\" wei\u00df es.","robots":{"index":"index","follow":"follow","max-snippet":"max-snippet:-1","max-image-preview":"max-image-preview:large","max-video-preview":"max-video-preview:-1"},"canonical":"https:\/\/blog.zeit.de\/teilchen\/2016\/03\/08\/your-fat-friend-flugreisen-mach-dich-mal-duenne\/","og_locale":"de_DE","og_type":"article","og_title":"\"Your Fat Friend\": Mach\u2019 dich mal d\u00fcnne!","og_description":"Wie f\u00fchlt es sich an, auf Flugreisen der dicke Mensch zu sein, neben dem keiner sitzen will? Die Bloggerin \"Your Fat Friend\" wei\u00df es.","og_url":"https:\/\/blog.zeit.de\/teilchen\/2016\/03\/08\/your-fat-friend-flugreisen-mach-dich-mal-duenne\/","og_site_name":"Teilchen","article_published_time":"2016-03-08T15:44:28+00:00","article_modified_time":"2016-03-08T15:51:05+00:00","og_image":[{"width":2000,"height":1333,"url":"https:\/\/blog.zeit.de\/teilchen\/files\/2016\/03\/Flugzeug2.jpg","type":"image\/jpeg"}],"author":"Benjamin Lauterbach","twitter_card":"summary_large_image","twitter_creator":"@kuenstlerpech","twitter_site":"@zeitonline","twitter_misc":{"Geschrieben von":"Benjamin Lauterbach","Gesch\u00e4tzte Lesezeit":"2\u00a0Minuten"},"schema":{"@context":"https:\/\/schema.org","@graph":[{"@type":"WebPage","@id":"https:\/\/blog.zeit.de\/teilchen\/2016\/03\/08\/your-fat-friend-flugreisen-mach-dich-mal-duenne\/","url":"https:\/\/blog.zeit.de\/teilchen\/2016\/03\/08\/your-fat-friend-flugreisen-mach-dich-mal-duenne\/","name":"\"Your Fat Friend\": Mach\u2019 dich mal d\u00fcnne!","isPartOf":{"@id":"https:\/\/blog.zeit.de\/teilchen\/#website"},"datePublished":"2016-03-08T15:44:28+00:00","dateModified":"2016-03-08T15:51:05+00:00","author":{"@id":"https:\/\/blog.zeit.de\/teilchen\/#\/schema\/person\/cf8b6ec552fc83b5e3ad7c66116fd773"},"description":"Wie f\u00fchlt es sich an, auf Flugreisen der dicke Mensch zu sein, neben dem keiner sitzen will? Die Bloggerin \"Your Fat Friend\" wei\u00df es.","breadcrumb":{"@id":"https:\/\/blog.zeit.de\/teilchen\/2016\/03\/08\/your-fat-friend-flugreisen-mach-dich-mal-duenne\/#breadcrumb"},"inLanguage":"de","potentialAction":[{"@type":"ReadAction","target":["https:\/\/blog.zeit.de\/teilchen\/2016\/03\/08\/your-fat-friend-flugreisen-mach-dich-mal-duenne\/"]}]},{"@type":"BreadcrumbList","@id":"https:\/\/blog.zeit.de\/teilchen\/2016\/03\/08\/your-fat-friend-flugreisen-mach-dich-mal-duenne\/#breadcrumb","itemListElement":[{"@type":"ListItem","position":1,"name":"Startseite","item":"https:\/\/blog.zeit.de\/teilchen\/"},{"@type":"ListItem","position":2,"name":"Mach dich mal d\u00fcnne!"}]},{"@type":"WebSite","@id":"https:\/\/blog.zeit.de\/teilchen\/#website","url":"https:\/\/blog.zeit.de\/teilchen\/","name":"Teilchen","description":"Im Netz verstecken sich kleine Sch\u00e4tze - ZEIT ONLINE findet sie.","potentialAction":[{"@type":"SearchAction","target":{"@type":"EntryPoint","urlTemplate":"https:\/\/blog.zeit.de\/teilchen\/?s={search_term_string}"},"query-input":"required name=search_term_string"}],"inLanguage":"de"},{"@type":"Person","@id":"https:\/\/blog.zeit.de\/teilchen\/#\/schema\/person\/cf8b6ec552fc83b5e3ad7c66116fd773","name":"Benjamin Lauterbach","image":{"@type":"ImageObject","inLanguage":"de","@id":"https:\/\/blog.zeit.de\/teilchen\/#\/schema\/person\/image\/","url":"https:\/\/secure.gravatar.com\/avatar\/96736df0f439506407a6591428fddae99f673997acc495168987c69c26c78ad7?s=96&d=mm&r=g","contentUrl":"https:\/\/secure.gravatar.com\/avatar\/96736df0f439506407a6591428fddae99f673997acc495168987c69c26c78ad7?s=96&d=mm&r=g","caption":"Benjamin Lauterbach"},"description":"Geboren 1975 in Kronberg\/Taunus. Studium am Deutschen Literaturinstitut Leipzig. Autor von Prosa und Theaterst\u00fccken, Journalist f\u00fcr TV, Print und Online, seit Januar 2015 bei ZEIT ONLINE. Lebt in Berlin und Frankfurt am Main.","sameAs":["http:\/\/bit.ly\/lauterbach","https:\/\/twitter.com\/kuenstlerpech"],"url":"https:\/\/blog.zeit.de\/teilchen\/author\/blauterbach\/"}]}},"jetpack_featured_media_url":"https:\/\/blog.zeit.de\/teilchen\/files\/2016\/03\/Flugzeug2.jpg","jetpack_sharing_enabled":true,"_links":{"self":[{"href":"https:\/\/blog.zeit.de\/teilchen\/wp-json\/wp\/v2\/posts\/11719","targetHints":{"allow":["GET"]}}],"collection":[{"href":"https:\/\/blog.zeit.de\/teilchen\/wp-json\/wp\/v2\/posts"}],"about":[{"href":"https:\/\/blog.zeit.de\/teilchen\/wp-json\/wp\/v2\/types\/post"}],"author":[{"embeddable":true,"href":"https:\/\/blog.zeit.de\/teilchen\/wp-json\/wp\/v2\/users\/572"}],"replies":[{"embeddable":true,"href":"https:\/\/blog.zeit.de\/teilchen\/wp-json\/wp\/v2\/comments?post=11719"}],"version-history":[{"count":5,"href":"https:\/\/blog.zeit.de\/teilchen\/wp-json\/wp\/v2\/posts\/11719\/revisions"}],"predecessor-version":[{"id":11741,"href":"https:\/\/blog.zeit.de\/teilchen\/wp-json\/wp\/v2\/posts\/11719\/revisions\/11741"}],"wp:featuredmedia":[{"embeddable":true,"href":"https:\/\/blog.zeit.de\/teilchen\/wp-json\/wp\/v2\/media\/11740"}],"wp:attachment":[{"href":"https:\/\/blog.zeit.de\/teilchen\/wp-json\/wp\/v2\/media?parent=11719"}],"wp:term":[{"taxonomy":"category","embeddable":true,"href":"https:\/\/blog.zeit.de\/teilchen\/wp-json\/wp\/v2\/categories?post=11719"},{"taxonomy":"post_tag","embeddable":true,"href":"https:\/\/blog.zeit.de\/teilchen\/wp-json\/wp\/v2\/tags?post=11719"}],"curies":[{"name":"wp","href":"https:\/\/api.w.org\/{rel}","templated":true}]}}