{"id":12013,"date":"2016-03-30T16:11:39","date_gmt":"2016-03-30T14:11:39","guid":{"rendered":"http:\/\/blog.zeit.de\/teilchen\/?p=12013"},"modified":"2016-03-31T22:15:56","modified_gmt":"2016-03-31T20:15:56","slug":"wer-war-noch-mal-chakib-akrouh","status":"publish","type":"post","link":"https:\/\/blog.zeit.de\/teilchen\/2016\/03\/30\/wer-war-noch-mal-chakib-akrouh\/","title":{"rendered":"Wer war noch mal Chakib Akrouh?"},"content":{"rendered":"<p><figure id=\"attachment_12015\" aria-describedby=\"caption-attachment-12015\" style=\"width: 434px\" class=\"wp-caption aligncenter\"><img loading=\"lazy\" decoding=\"async\" class=\"wp-image-12015 size-full\" src=\"https:\/\/blog.zeit.de\/teilchen\/files\/2016\/03\/Bildschirmfoto-2016-03-30-um-13.57.13.png\" alt=\"Wer war noch mal Chakib Akrouh?\" width=\"434\" height=\"366\" \/><figcaption id=\"caption-attachment-12015\" class=\"wp-caption-text\">Screenshot von Le Monde, AFP | Illustrations : Clara Dealberto<\/figcaption><\/figure><\/p>\n<p>Das Terrornetzwerk um Abdelhamid Abaaoud und Salah Abdeslam ist komplex, seine Strukturen erstrecken sich \u00fcber halb Europa bis nach Syrien. \u00dcber einige mutma\u00dfliche Attent\u00e4ter wei\u00df man immer noch so gut wie gar nichts. Bei anderen kennen wir nicht viel mehr als die Namen. Welche Attent\u00e4ter sind nach den Anschl\u00e4gen von Paris und Br\u00fcssel noch auf der Flucht? Welche Verbindung gibt es zwischen beiden Anschl\u00e4gen? Und wer war noch mal Chakib Akrouh? <!--more--><\/p>\n<p>Mittlerweile haben mehrere Nachrichtenseiten versucht, die Spuren der T\u00e4ter in Grafiken und Schaubildern nachzuzeichnen. Eine der informativsten und anschaulichsten hat <a href=\"http:\/\/www.lemonde.fr\/les-decodeurs\/visuel\/2016\/03\/29\/attentats-les-multiples-visages-de-la-filiere-franco-belge_4891890_4355770.html\" target=\"_blank\">soeben die franz\u00f6sische Zeitung <em>Le Monde<\/em> ver\u00f6ffentlicht<\/a>.<\/p>\n<p>Seit den <a href=\"http:\/\/www.zeit.de\/feature\/attentat-charlie-hebdo-rekonstruktion\" target=\"_blank\">Terroranschl\u00e4gen auf die Redaktion von<\/a> <em>Charlie Hebdo<\/em> und einen j\u00fcdischen Supermarkt in Paris im Januar 2015 haben die Ermittler Informationen \u00fcber 19 M\u00e4nner und eine Frau zusammengetragen. Dass die Namen von sechs dieser M\u00e4nner auch in Zusammenhang mit den Br\u00fcsseler Anschl\u00e4gen genannt werden, verdeutlicht die Grafik von <em>Le Monde<\/em> auf einen Blick unter <em>Tous les Individus<\/em>.<\/p>\n<p>Im Zentrum steht <a href=\"http:\/\/www.zeit.de\/gesellschaft\/zeitgeschehen\/2015-11\/abdelhamid-abaaoud-paris-is-attentat\" target=\"_blank\">Abdelhamid Abaaoud<\/a>, der als Planer der Paris-Attentate vom November gilt. In einem kurzen Steckbrief erf\u00e4hrt man das Wichtigste, was \u00fcber ihn bekannt ist: Abaaoud war belgischer Staatsb\u00fcrger und hat sich eine Zeitlang in Syrien aufgehalten. Seine Fingerabdr\u00fccke wurden in dem Seat Leon gefunden, der am Abend der Pariser Anschl\u00e4ge von den Attent\u00e4tern gefahren wurde. Am 18. November 2015 wurde Abaaoud in dem Pariser Vorort Saint-Denis get\u00f6tet.<\/p>\n<p>Farblich gekennzeichnet ist, welche Attent\u00e4ter auf der Flucht (roter Kreis), get\u00f6tet (schwarz) oder bereits gefasst (blau) sind. Auch zeigt sich schnell, dass \u00fcber <a href=\"http:\/\/www.zeit.de\/politik\/ausland\/2016-03\/attentaeter-bruessel-anschlaege\" target=\"_blank\">drei mutma\u00dfliche Attent\u00e4ter<\/a> \u2013 darunter der Mann mit Hut vom Br\u00fcsseler Flughafen \u2013 in der \u00d6ffentlichkeit noch so gut wie gar nichts bekannt ist.<\/p>\n<p>Die Grafik unterteilt sich weiter in vier wichtige Ereignisse seit den Anschl\u00e4gen auf <em>Charlie Hebdo<\/em>, beginnend mit einer Terrorrazzia im belgischen Verviers. F\u00fcnf Verd\u00e4chtige werden an diesem Tag festgenommen, zwei Personen werden bei der Razzia get\u00f6tet. Neun weitere k\u00f6nnen entkommen \u2013 darunter auch Abaaoud.<\/p>\n<p>Der Vorteil der Grafik ist, dass sie leicht verst\u00e4ndlich ist und einen guten \u00dcberblick gibt. Der Nachteil: Wer sich f\u00fcr die Details und weitere Entwicklungen interessiert, st\u00f6\u00dft beim Lesen schnell an Grenzen. Man erf\u00e4hrt beispielsweise nicht, wer die Terrorverd\u00e4chtigen sind, die w\u00e4hrend der Razzia in Verviers von der Polizei erschossen wurden. Auch \u00fcber Schl\u00fcsselfiguren wie Abaaoud gibt es zahlreiche weitere Informationen. Weiterf\u00fchrende Links innerhalb der Grafik w\u00e4ren hier hilfreich gewesen.<\/p>\n<p>Andere Nachrichtenseiten haben sich daran versucht, weiter ins Detail zu gehen, einige beziehen die Kontakte der Attent\u00e4ter nach Syrien mit ein. Sie alle haben ihre Schwachstellen, allen voran, dass sie nicht regelm\u00e4\u00dfig aktualisiert werden. Ein weiteres Manko ist, dass die Grafiken so weit in die Vergangenheit zur\u00fcckgehen, dass sie die Grenze der \u00dcbersichtlichkeit \u00fcberschreiten (wie es bei der belgischen Zeitung <a href=\"http:\/\/www.tijd.be\/dossier\/terreur-in-brussel\/De_alumni_van_dertig_jaar_jihadisme_in_Belgie.9748496-8351.art?ckc=1#\" target=\"_blank\"><em>De Tijd<\/em><\/a> der Fall ist). Andere pressen weitere Anschl\u00e4ge in Europa in ihre Grafik, was zu Lasten der Gesamt\u00fcbersicht geht: Bei der <a href=\"http:\/\/www.welt.de\/politik\/deutschland\/article153714801\/Der-beunruhigende-Vorteil-des-Islamischen-Staates.html\" target=\"_blank\"><em>Welt<\/em><\/a> beispielsweise k\u00f6nnte man bei Betrachtung der Grafik zu der Ansicht gelangen, dass die Pariser Anschl\u00e4ge von nur zwei Attent\u00e4tern ausgef\u00fchrt wurden. Besser macht es da noch die <a href=\"http:\/\/www.nytimes.com\/interactive\/2016\/03\/23\/world\/europe\/how-the-brussels-and-paris-attackers-could-be-connected.html?_r=0\" target=\"_blank\"><em>New York Times<\/em><\/a>, die sich intensiver mit der Herkunft der T\u00e4ter besch\u00e4ftigt hat.<\/p>\n<p><a href=\"https:\/\/blog.zeit.de\/teilchen\/\"><em>Weitere Teilchen finden Sie hier<\/em><\/a>.<\/p>\n","protected":false},"excerpt":{"rendered":"<p>Das Terrornetzwerk um Abdelhamid Abaaoud und Salah Abdeslam ist komplex, seine Strukturen erstrecken sich \u00fcber halb Europa bis nach Syrien. \u00dcber einige mutma\u00dfliche Attent\u00e4ter [\u2026]<\/p>\n","protected":false},"author":397,"featured_media":12015,"comment_status":"open","ping_status":"closed","sticky":false,"template":"","format":"standard","meta":{"_jetpack_memberships_contains_paid_content":false,"footnotes":""},"categories":[9469],"tags":[248,37007,1012,24009,462,15398],"class_list":["post-12013","post","type-post","status-publish","format-standard","has-post-thumbnail","hentry","category-infografiken","tag-belgien","tag-brussel","tag-frankreich","tag-islamischer-staat","tag-paris","tag-terrorismus"],"yoast_head":"<!-- This site is optimized with the Yoast SEO plugin v21.0 - https:\/\/yoast.com\/wordpress\/plugins\/seo\/ -->\n<title>Wer war noch mal Chakib Akrouh?<\/title>\n<meta name=\"description\" content=\"Wie stehen Salah Abdeslam und Chakib Akrouh in Verbindung zueinander? Wie ist ihr Terrornetzwerk gestrickt? Eine Infografik\" \/>\n<meta name=\"robots\" content=\"index, follow, max-snippet:-1, max-image-preview:large, max-video-preview:-1\" \/>\n<link rel=\"canonical\" href=\"https:\/\/blog.zeit.de\/teilchen\/2016\/03\/30\/wer-war-noch-mal-chakib-akrouh\/\" \/>\n<meta property=\"og:locale\" content=\"de_DE\" \/>\n<meta property=\"og:type\" content=\"article\" \/>\n<meta property=\"og:title\" content=\"Wer war noch mal Chakib Akrouh?\" \/>\n<meta property=\"og:description\" content=\"Wie stehen Salah Abdeslam und Chakib Akrouh in Verbindung zueinander? Wie ist ihr Terrornetzwerk gestrickt? Eine Infografik\" \/>\n<meta property=\"og:url\" content=\"https:\/\/blog.zeit.de\/teilchen\/2016\/03\/30\/wer-war-noch-mal-chakib-akrouh\/\" \/>\n<meta property=\"og:site_name\" content=\"Teilchen\" \/>\n<meta property=\"article:published_time\" content=\"2016-03-30T14:11:39+00:00\" \/>\n<meta property=\"article:modified_time\" content=\"2016-03-31T20:15:56+00:00\" \/>\n<meta property=\"og:image\" content=\"https:\/\/blog.zeit.de\/teilchen\/files\/2016\/03\/Bildschirmfoto-2016-03-30-um-13.57.13.png\" \/>\n\t<meta property=\"og:image:width\" content=\"434\" \/>\n\t<meta property=\"og:image:height\" content=\"366\" \/>\n\t<meta property=\"og:image:type\" content=\"image\/png\" \/>\n<meta name=\"author\" content=\"Sybille Klormann\" \/>\n<meta name=\"twitter:card\" content=\"summary_large_image\" \/>\n<meta name=\"twitter:image\" content=\"https:\/\/blog.zeit.de\/teilchen\/files\/2016\/03\/Bildschirmfoto-2016-03-30-um-13.57.13.png\" \/>\n<meta name=\"twitter:creator\" content=\"@zeitonline\" \/>\n<meta name=\"twitter:site\" content=\"@zeitonline\" \/>\n<meta name=\"twitter:label1\" content=\"Geschrieben von\" \/>\n\t<meta name=\"twitter:data1\" content=\"Sybille Klormann\" \/>\n\t<meta name=\"twitter:label2\" content=\"Gesch\u00e4tzte Lesezeit\" \/>\n\t<meta name=\"twitter:data2\" content=\"3\u00a0Minuten\" \/>\n<script type=\"application\/ld+json\" class=\"yoast-schema-graph\">{\"@context\":\"https:\/\/schema.org\",\"@graph\":[{\"@type\":\"WebPage\",\"@id\":\"https:\/\/blog.zeit.de\/teilchen\/2016\/03\/30\/wer-war-noch-mal-chakib-akrouh\/\",\"url\":\"https:\/\/blog.zeit.de\/teilchen\/2016\/03\/30\/wer-war-noch-mal-chakib-akrouh\/\",\"name\":\"Wer war noch mal Chakib Akrouh?\",\"isPartOf\":{\"@id\":\"https:\/\/blog.zeit.de\/teilchen\/#website\"},\"datePublished\":\"2016-03-30T14:11:39+00:00\",\"dateModified\":\"2016-03-31T20:15:56+00:00\",\"author\":{\"@id\":\"https:\/\/blog.zeit.de\/teilchen\/#\/schema\/person\/46ae79207405a0cfa153366f79b6c997\"},\"description\":\"Wie stehen Salah Abdeslam und Chakib Akrouh in Verbindung zueinander? Wie ist ihr Terrornetzwerk gestrickt? Eine Infografik\",\"breadcrumb\":{\"@id\":\"https:\/\/blog.zeit.de\/teilchen\/2016\/03\/30\/wer-war-noch-mal-chakib-akrouh\/#breadcrumb\"},\"inLanguage\":\"de\",\"potentialAction\":[{\"@type\":\"ReadAction\",\"target\":[\"https:\/\/blog.zeit.de\/teilchen\/2016\/03\/30\/wer-war-noch-mal-chakib-akrouh\/\"]}]},{\"@type\":\"BreadcrumbList\",\"@id\":\"https:\/\/blog.zeit.de\/teilchen\/2016\/03\/30\/wer-war-noch-mal-chakib-akrouh\/#breadcrumb\",\"itemListElement\":[{\"@type\":\"ListItem\",\"position\":1,\"name\":\"Startseite\",\"item\":\"https:\/\/blog.zeit.de\/teilchen\/\"},{\"@type\":\"ListItem\",\"position\":2,\"name\":\"Wer war noch mal Chakib Akrouh?\"}]},{\"@type\":\"WebSite\",\"@id\":\"https:\/\/blog.zeit.de\/teilchen\/#website\",\"url\":\"https:\/\/blog.zeit.de\/teilchen\/\",\"name\":\"Teilchen\",\"description\":\"Im Netz verstecken sich kleine Sch\u00e4tze - ZEIT ONLINE findet sie.\",\"potentialAction\":[{\"@type\":\"SearchAction\",\"target\":{\"@type\":\"EntryPoint\",\"urlTemplate\":\"https:\/\/blog.zeit.de\/teilchen\/?s={search_term_string}\"},\"query-input\":\"required name=search_term_string\"}],\"inLanguage\":\"de\"},{\"@type\":\"Person\",\"@id\":\"https:\/\/blog.zeit.de\/teilchen\/#\/schema\/person\/46ae79207405a0cfa153366f79b6c997\",\"name\":\"Sybille Klormann\",\"image\":{\"@type\":\"ImageObject\",\"inLanguage\":\"de\",\"@id\":\"https:\/\/blog.zeit.de\/teilchen\/#\/schema\/person\/image\/\",\"url\":\"https:\/\/secure.gravatar.com\/avatar\/7208475081168cbee10dc54f1acb22ccf1c5e4e112e1a45f246eb4fec0401cfe?s=96&d=mm&r=g\",\"contentUrl\":\"https:\/\/secure.gravatar.com\/avatar\/7208475081168cbee10dc54f1acb22ccf1c5e4e112e1a45f246eb4fec0401cfe?s=96&d=mm&r=g\",\"caption\":\"Sybille Klormann\"},\"description\":\"ist seit August 2012 bei ZEIT ONLINE, schreibt normalerweise Nachrichten. Manchmal aber auch ein Teilchen.\",\"url\":\"https:\/\/blog.zeit.de\/teilchen\/author\/sybilleklormann\/\"}]}<\/script>\n<!-- \/ Yoast SEO plugin. -->","yoast_head_json":{"title":"Wer war noch mal Chakib Akrouh?","description":"Wie stehen Salah Abdeslam und Chakib Akrouh in Verbindung zueinander? Wie ist ihr Terrornetzwerk gestrickt? Eine Infografik","robots":{"index":"index","follow":"follow","max-snippet":"max-snippet:-1","max-image-preview":"max-image-preview:large","max-video-preview":"max-video-preview:-1"},"canonical":"https:\/\/blog.zeit.de\/teilchen\/2016\/03\/30\/wer-war-noch-mal-chakib-akrouh\/","og_locale":"de_DE","og_type":"article","og_title":"Wer war noch mal Chakib Akrouh?","og_description":"Wie stehen Salah Abdeslam und Chakib Akrouh in Verbindung zueinander? Wie ist ihr Terrornetzwerk gestrickt? Eine Infografik","og_url":"https:\/\/blog.zeit.de\/teilchen\/2016\/03\/30\/wer-war-noch-mal-chakib-akrouh\/","og_site_name":"Teilchen","article_published_time":"2016-03-30T14:11:39+00:00","article_modified_time":"2016-03-31T20:15:56+00:00","og_image":[{"width":434,"height":366,"url":"https:\/\/blog.zeit.de\/teilchen\/files\/2016\/03\/Bildschirmfoto-2016-03-30-um-13.57.13.png","type":"image\/png"}],"author":"Sybille Klormann","twitter_card":"summary_large_image","twitter_image":"https:\/\/blog.zeit.de\/teilchen\/files\/2016\/03\/Bildschirmfoto-2016-03-30-um-13.57.13.png","twitter_creator":"@zeitonline","twitter_site":"@zeitonline","twitter_misc":{"Geschrieben von":"Sybille Klormann","Gesch\u00e4tzte Lesezeit":"3\u00a0Minuten"},"schema":{"@context":"https:\/\/schema.org","@graph":[{"@type":"WebPage","@id":"https:\/\/blog.zeit.de\/teilchen\/2016\/03\/30\/wer-war-noch-mal-chakib-akrouh\/","url":"https:\/\/blog.zeit.de\/teilchen\/2016\/03\/30\/wer-war-noch-mal-chakib-akrouh\/","name":"Wer war noch mal Chakib Akrouh?","isPartOf":{"@id":"https:\/\/blog.zeit.de\/teilchen\/#website"},"datePublished":"2016-03-30T14:11:39+00:00","dateModified":"2016-03-31T20:15:56+00:00","author":{"@id":"https:\/\/blog.zeit.de\/teilchen\/#\/schema\/person\/46ae79207405a0cfa153366f79b6c997"},"description":"Wie stehen Salah Abdeslam und Chakib Akrouh in Verbindung zueinander? Wie ist ihr Terrornetzwerk gestrickt? Eine Infografik","breadcrumb":{"@id":"https:\/\/blog.zeit.de\/teilchen\/2016\/03\/30\/wer-war-noch-mal-chakib-akrouh\/#breadcrumb"},"inLanguage":"de","potentialAction":[{"@type":"ReadAction","target":["https:\/\/blog.zeit.de\/teilchen\/2016\/03\/30\/wer-war-noch-mal-chakib-akrouh\/"]}]},{"@type":"BreadcrumbList","@id":"https:\/\/blog.zeit.de\/teilchen\/2016\/03\/30\/wer-war-noch-mal-chakib-akrouh\/#breadcrumb","itemListElement":[{"@type":"ListItem","position":1,"name":"Startseite","item":"https:\/\/blog.zeit.de\/teilchen\/"},{"@type":"ListItem","position":2,"name":"Wer war noch mal Chakib Akrouh?"}]},{"@type":"WebSite","@id":"https:\/\/blog.zeit.de\/teilchen\/#website","url":"https:\/\/blog.zeit.de\/teilchen\/","name":"Teilchen","description":"Im Netz verstecken sich kleine Sch\u00e4tze - ZEIT ONLINE findet sie.","potentialAction":[{"@type":"SearchAction","target":{"@type":"EntryPoint","urlTemplate":"https:\/\/blog.zeit.de\/teilchen\/?s={search_term_string}"},"query-input":"required name=search_term_string"}],"inLanguage":"de"},{"@type":"Person","@id":"https:\/\/blog.zeit.de\/teilchen\/#\/schema\/person\/46ae79207405a0cfa153366f79b6c997","name":"Sybille Klormann","image":{"@type":"ImageObject","inLanguage":"de","@id":"https:\/\/blog.zeit.de\/teilchen\/#\/schema\/person\/image\/","url":"https:\/\/secure.gravatar.com\/avatar\/7208475081168cbee10dc54f1acb22ccf1c5e4e112e1a45f246eb4fec0401cfe?s=96&d=mm&r=g","contentUrl":"https:\/\/secure.gravatar.com\/avatar\/7208475081168cbee10dc54f1acb22ccf1c5e4e112e1a45f246eb4fec0401cfe?s=96&d=mm&r=g","caption":"Sybille Klormann"},"description":"ist seit August 2012 bei ZEIT ONLINE, schreibt normalerweise Nachrichten. Manchmal aber auch ein Teilchen.","url":"https:\/\/blog.zeit.de\/teilchen\/author\/sybilleklormann\/"}]}},"jetpack_featured_media_url":"https:\/\/blog.zeit.de\/teilchen\/files\/2016\/03\/Bildschirmfoto-2016-03-30-um-13.57.13.png","jetpack_sharing_enabled":true,"_links":{"self":[{"href":"https:\/\/blog.zeit.de\/teilchen\/wp-json\/wp\/v2\/posts\/12013","targetHints":{"allow":["GET"]}}],"collection":[{"href":"https:\/\/blog.zeit.de\/teilchen\/wp-json\/wp\/v2\/posts"}],"about":[{"href":"https:\/\/blog.zeit.de\/teilchen\/wp-json\/wp\/v2\/types\/post"}],"author":[{"embeddable":true,"href":"https:\/\/blog.zeit.de\/teilchen\/wp-json\/wp\/v2\/users\/397"}],"replies":[{"embeddable":true,"href":"https:\/\/blog.zeit.de\/teilchen\/wp-json\/wp\/v2\/comments?post=12013"}],"version-history":[{"count":10,"href":"https:\/\/blog.zeit.de\/teilchen\/wp-json\/wp\/v2\/posts\/12013\/revisions"}],"predecessor-version":[{"id":12088,"href":"https:\/\/blog.zeit.de\/teilchen\/wp-json\/wp\/v2\/posts\/12013\/revisions\/12088"}],"wp:featuredmedia":[{"embeddable":true,"href":"https:\/\/blog.zeit.de\/teilchen\/wp-json\/wp\/v2\/media\/12015"}],"wp:attachment":[{"href":"https:\/\/blog.zeit.de\/teilchen\/wp-json\/wp\/v2\/media?parent=12013"}],"wp:term":[{"taxonomy":"category","embeddable":true,"href":"https:\/\/blog.zeit.de\/teilchen\/wp-json\/wp\/v2\/categories?post=12013"},{"taxonomy":"post_tag","embeddable":true,"href":"https:\/\/blog.zeit.de\/teilchen\/wp-json\/wp\/v2\/tags?post=12013"}],"curies":[{"name":"wp","href":"https:\/\/api.w.org\/{rel}","templated":true}]}}