{"id":12139,"date":"2016-04-06T18:08:11","date_gmt":"2016-04-06T16:08:11","guid":{"rendered":"http:\/\/blog.zeit.de\/teilchen\/?p=12139"},"modified":"2016-04-06T18:25:26","modified_gmt":"2016-04-06T16:25:26","slug":"inspacewetrust-raumfahrt-astromonie","status":"publish","type":"post","link":"https:\/\/blog.zeit.de\/teilchen\/2016\/04\/06\/inspacewetrust-raumfahrt-astromonie\/","title":{"rendered":"Wer will mit ins Weltall?"},"content":{"rendered":"\n<div class=\"embed-wrapper embed-wrapper--blocked js-embed-consent\" data-method=\"embed\">\n<script class=\"raw__source\" type=\"text\/template\"><iframe loading=\"lazy\" title=\"In Space We Trust\" src=\"https:\/\/player.vimeo.com\/video\/156689316?dnt=1&amp;app_id=122963\" width=\"640\" height=\"360\" frameborder=\"0\" allow=\"autoplay; fullscreen; picture-in-picture; clipboard-write; encrypted-media\"><\/iframe><\/script>\n<div class=\"embed-wrapper__inner\">\n<div class=\"embed-wrapper__text\">\n<h3>Empfohlener redaktioneller Inhalt<\/h3>\n<p data-replace=\"no\">An dieser Stelle finden Sie externen Inhalt, der den Artikel erg\u00e4nzt. Sie k\u00f6nnen sich externe Inhalte mit einem Klick anzeigen lassen und wieder ausblenden.<noscript>Bitte aktivieren Sie JavaScript damit Sie diesen Inhalt anzeigen k\u00f6nnen.<\/noscript><\/p>\n<\/div>\n<div class=\"embed-consent\">\n<label class=\"embed-consent__toggle\">\n<input class=\"js-embed-consent__toggle\" type=\"checkbox\" autocomplete=\"off\">\n<span><\/span>\nExterner Inhalt\n<\/label>\n<a href=\"https:\/\/www.zeit.de\/hilfe\/datenschutz\" target=\"_blank\" class=\"embed-consent__datalink-when-active\">Datenschutzerkl\u00e4rung<\/a>\n<\/div>\n<div class=\"embed-wrapper__footer\">\n<p data-replace=\"no\">\nIch bin damit einverstanden, dass mir externe Inhalte angezeigt werden. Damit k\u00f6nnen personenbezogene Daten an Drittplattformen \u00fcbermittelt werden. <a href=\"https:\/\/www.zeit.de\/hilfe\/datenschutz\" target=\"_blank\">Mehr dazu in unserer Datenschutzerkl\u00e4rung.<\/a>\n<\/p>\n<\/div>\n<\/div>\n<\/div>\n<div class=\"about\">\n<p>&nbsp;<\/p>\n<p>Einmal wie der erste Mensch ins All fliegen? Dabei sein bei der Mondlandung? Das kann man jetzt \u2013 zumindest virtuell. Das interaktive Kunstprojekt<em> <a href=\"http:\/\/inspacewetrust.org\/en\/\">In Space We Trust<\/a> <\/em>nimmt seine User mit auf die gr\u00f6\u00dften Reisen der Weltraumgeschichte. Los geht&#8217;s mit einem Satelliten und ein paar Testfl\u00fcgen, f\u00fcr die erst mal Hunde und Affen herhalten mussten.<\/p>\n<\/div>\n<p><!--more--><\/p>\n<p>Die Geschichte beginnt vor fast 60 Jahren \u2013 da wurde der erste Satellit von der Erde auf den Weg ins Universum geschickt. Sputnik 1, so hie\u00df der Gute, ist der erste in einer langen Reihe von Entdeckern. Nach ihm gingen zun\u00e4chst Tiere auf die Reise, bis schlie\u00dflich der erste Mensch einen Abstecher ins Universum machte.<\/p>\n<p>Auf der Internetseite <em><a href=\"http:\/\/inspacewetrust.org\">inspacewetrust.org<\/a> <\/em>kann man sich selbst als Astronaut auf die Spuren dieser Entdecker begeben. Mit den Pfeiltasten l\u00e4sst sich ein kleiner Astronaut zu den wichtigsten Stationen der Weltraumforschung steuern: So kann man in wenigen Minuten die ganze Raumfahrtgeschichte erleben. Vom ersten bis zum letzten Raketenstart.<\/p>\n<p>Und warum macht jemand so eine Seite? &#8222;Wir glauben, dass die Errungenschaften im Weltall der ganzen Menschheit geh\u00f6ren&#8220;, so die Antwort der K\u00fcnstler, die hinter dem Projekt stehen<em>.<\/em> Also ab in die Schwerelosigkeit!<\/p>\n<p><em><a href=\"http:\/\/www.zeit.de\/thema\/weltraum-astronomie-raumfahrt\" target=\"_blank\">Auf ZEIT ONLINE findet sich alles rund um Astronomie und Raumfahrt \u00fcbrigens hier.<\/a><\/em><\/p>\n","protected":false},"excerpt":{"rendered":"<p>Empfohlener redaktioneller Inhalt An dieser Stelle finden Sie externen Inhalt, der den Artikel erg\u00e4nzt. Sie k\u00f6nnen sich externe Inhalte mit einem Klick anzeigen lassen [\u2026]<\/p>\n","protected":false},"author":614,"featured_media":12172,"comment_status":"open","ping_status":"closed","sticky":false,"template":"","format":"standard","meta":{"_jetpack_memberships_contains_paid_content":false,"footnotes":""},"categories":[35190,28],"tags":[6694,37017,30361,17226,36992,15815,36969,37016,8965,12322],"class_list":["post-12139","post","type-post","status-publish","format-standard","has-post-thumbnail","hentry","category-teilchen","category-video","tag-astronomie","tag-kosmos","tag-mars","tag-mondlandung","tag-planeten","tag-raketen","tag-raumfahrt","tag-spaceshuttle","tag-sputnik","tag-weltraum"],"yoast_head":"<!-- This site is optimized with the Yoast SEO plugin v21.0 - https:\/\/yoast.com\/wordpress\/plugins\/seo\/ -->\n<title>Auf ins All!<\/title>\n<meta name=\"description\" content=\"Das interaktive Kunstprojekt &quot;In Space We Trust&quot; bringt jedem Nutzer den Weltraum und das All ein St\u00fcck n\u00e4her.\" \/>\n<meta name=\"robots\" content=\"index, follow, max-snippet:-1, max-image-preview:large, max-video-preview:-1\" \/>\n<link rel=\"canonical\" href=\"https:\/\/blog.zeit.de\/teilchen\/2016\/04\/06\/inspacewetrust-raumfahrt-astromonie\/\" \/>\n<meta property=\"og:locale\" content=\"de_DE\" \/>\n<meta property=\"og:type\" content=\"article\" \/>\n<meta property=\"og:title\" content=\"Auf ins All!\" \/>\n<meta property=\"og:description\" content=\"Das interaktive Kunstprojekt &quot;In Space We Trust&quot; bringt jedem Nutzer den Weltraum und das All ein St\u00fcck n\u00e4her.\" \/>\n<meta property=\"og:url\" content=\"https:\/\/blog.zeit.de\/teilchen\/2016\/04\/06\/inspacewetrust-raumfahrt-astromonie\/\" \/>\n<meta property=\"og:site_name\" content=\"Teilchen\" \/>\n<meta property=\"article:published_time\" content=\"2016-04-06T16:08:11+00:00\" \/>\n<meta property=\"article:modified_time\" content=\"2016-04-06T16:25:26+00:00\" \/>\n<meta property=\"og:image\" content=\"https:\/\/blog.zeit.de\/teilchen\/files\/2016\/04\/Bildschirmfoto-2016-04-05-um-14.57.01.png\" \/>\n\t<meta property=\"og:image:width\" content=\"1482\" \/>\n\t<meta property=\"og:image:height\" content=\"907\" \/>\n\t<meta property=\"og:image:type\" content=\"image\/png\" \/>\n<meta name=\"author\" content=\"Lara Malberger\" \/>\n<meta name=\"twitter:card\" content=\"summary_large_image\" \/>\n<meta name=\"twitter:image\" content=\"https:\/\/blog.zeit.de\/teilchen\/files\/2016\/04\/Bildschirmfoto-2016-04-05-um-14.57.01.png\" \/>\n<meta name=\"twitter:creator\" content=\"@zeitonline\" \/>\n<meta name=\"twitter:site\" content=\"@zeitonline\" \/>\n<meta name=\"twitter:label1\" content=\"Geschrieben von\" \/>\n\t<meta name=\"twitter:data1\" content=\"Lara Malberger\" \/>\n\t<meta name=\"twitter:label2\" content=\"Gesch\u00e4tzte Lesezeit\" \/>\n\t<meta name=\"twitter:data2\" content=\"1\u00a0Minute\" \/>\n<script type=\"application\/ld+json\" class=\"yoast-schema-graph\">{\"@context\":\"https:\/\/schema.org\",\"@graph\":[{\"@type\":\"WebPage\",\"@id\":\"https:\/\/blog.zeit.de\/teilchen\/2016\/04\/06\/inspacewetrust-raumfahrt-astromonie\/\",\"url\":\"https:\/\/blog.zeit.de\/teilchen\/2016\/04\/06\/inspacewetrust-raumfahrt-astromonie\/\",\"name\":\"Auf ins All!\",\"isPartOf\":{\"@id\":\"https:\/\/blog.zeit.de\/teilchen\/#website\"},\"datePublished\":\"2016-04-06T16:08:11+00:00\",\"dateModified\":\"2016-04-06T16:25:26+00:00\",\"author\":{\"@id\":\"https:\/\/blog.zeit.de\/teilchen\/#\/schema\/person\/2236830ebd4d8901385f899fc9acd1f0\"},\"description\":\"Das interaktive Kunstprojekt \\\"In Space We Trust\\\" bringt jedem Nutzer den Weltraum und das All ein St\u00fcck n\u00e4her.\",\"breadcrumb\":{\"@id\":\"https:\/\/blog.zeit.de\/teilchen\/2016\/04\/06\/inspacewetrust-raumfahrt-astromonie\/#breadcrumb\"},\"inLanguage\":\"de\",\"potentialAction\":[{\"@type\":\"ReadAction\",\"target\":[\"https:\/\/blog.zeit.de\/teilchen\/2016\/04\/06\/inspacewetrust-raumfahrt-astromonie\/\"]}]},{\"@type\":\"BreadcrumbList\",\"@id\":\"https:\/\/blog.zeit.de\/teilchen\/2016\/04\/06\/inspacewetrust-raumfahrt-astromonie\/#breadcrumb\",\"itemListElement\":[{\"@type\":\"ListItem\",\"position\":1,\"name\":\"Startseite\",\"item\":\"https:\/\/blog.zeit.de\/teilchen\/\"},{\"@type\":\"ListItem\",\"position\":2,\"name\":\"Wer will mit ins Weltall?\"}]},{\"@type\":\"WebSite\",\"@id\":\"https:\/\/blog.zeit.de\/teilchen\/#website\",\"url\":\"https:\/\/blog.zeit.de\/teilchen\/\",\"name\":\"Teilchen\",\"description\":\"Im Netz verstecken sich kleine Sch\u00e4tze - ZEIT ONLINE findet sie.\",\"potentialAction\":[{\"@type\":\"SearchAction\",\"target\":{\"@type\":\"EntryPoint\",\"urlTemplate\":\"https:\/\/blog.zeit.de\/teilchen\/?s={search_term_string}\"},\"query-input\":\"required name=search_term_string\"}],\"inLanguage\":\"de\"},{\"@type\":\"Person\",\"@id\":\"https:\/\/blog.zeit.de\/teilchen\/#\/schema\/person\/2236830ebd4d8901385f899fc9acd1f0\",\"name\":\"Lara Malberger\",\"image\":{\"@type\":\"ImageObject\",\"inLanguage\":\"de\",\"@id\":\"https:\/\/blog.zeit.de\/teilchen\/#\/schema\/person\/image\/\",\"url\":\"https:\/\/secure.gravatar.com\/avatar\/0a6fc959f68e92795bfb455e5b993839ed6692bd433bd29fbaea65d632ea93a0?s=96&d=mm&r=g\",\"contentUrl\":\"https:\/\/secure.gravatar.com\/avatar\/0a6fc959f68e92795bfb455e5b993839ed6692bd433bd29fbaea65d632ea93a0?s=96&d=mm&r=g\",\"caption\":\"Lara Malberger\"},\"description\":\"ist Autorin bei ZEIT ONLINE.\",\"url\":\"https:\/\/blog.zeit.de\/teilchen\/author\/lmalberger\/\"}]}<\/script>\n<!-- \/ Yoast SEO plugin. -->","yoast_head_json":{"title":"Auf ins All!","description":"Das interaktive Kunstprojekt \"In Space We Trust\" bringt jedem Nutzer den Weltraum und das All ein St\u00fcck n\u00e4her.","robots":{"index":"index","follow":"follow","max-snippet":"max-snippet:-1","max-image-preview":"max-image-preview:large","max-video-preview":"max-video-preview:-1"},"canonical":"https:\/\/blog.zeit.de\/teilchen\/2016\/04\/06\/inspacewetrust-raumfahrt-astromonie\/","og_locale":"de_DE","og_type":"article","og_title":"Auf ins All!","og_description":"Das interaktive Kunstprojekt \"In Space We Trust\" bringt jedem Nutzer den Weltraum und das All ein St\u00fcck n\u00e4her.","og_url":"https:\/\/blog.zeit.de\/teilchen\/2016\/04\/06\/inspacewetrust-raumfahrt-astromonie\/","og_site_name":"Teilchen","article_published_time":"2016-04-06T16:08:11+00:00","article_modified_time":"2016-04-06T16:25:26+00:00","og_image":[{"width":1482,"height":907,"url":"https:\/\/blog.zeit.de\/teilchen\/files\/2016\/04\/Bildschirmfoto-2016-04-05-um-14.57.01.png","type":"image\/png"}],"author":"Lara Malberger","twitter_card":"summary_large_image","twitter_image":"https:\/\/blog.zeit.de\/teilchen\/files\/2016\/04\/Bildschirmfoto-2016-04-05-um-14.57.01.png","twitter_creator":"@zeitonline","twitter_site":"@zeitonline","twitter_misc":{"Geschrieben von":"Lara Malberger","Gesch\u00e4tzte Lesezeit":"1\u00a0Minute"},"schema":{"@context":"https:\/\/schema.org","@graph":[{"@type":"WebPage","@id":"https:\/\/blog.zeit.de\/teilchen\/2016\/04\/06\/inspacewetrust-raumfahrt-astromonie\/","url":"https:\/\/blog.zeit.de\/teilchen\/2016\/04\/06\/inspacewetrust-raumfahrt-astromonie\/","name":"Auf ins All!","isPartOf":{"@id":"https:\/\/blog.zeit.de\/teilchen\/#website"},"datePublished":"2016-04-06T16:08:11+00:00","dateModified":"2016-04-06T16:25:26+00:00","author":{"@id":"https:\/\/blog.zeit.de\/teilchen\/#\/schema\/person\/2236830ebd4d8901385f899fc9acd1f0"},"description":"Das interaktive Kunstprojekt \"In Space We Trust\" bringt jedem Nutzer den Weltraum und das All ein St\u00fcck n\u00e4her.","breadcrumb":{"@id":"https:\/\/blog.zeit.de\/teilchen\/2016\/04\/06\/inspacewetrust-raumfahrt-astromonie\/#breadcrumb"},"inLanguage":"de","potentialAction":[{"@type":"ReadAction","target":["https:\/\/blog.zeit.de\/teilchen\/2016\/04\/06\/inspacewetrust-raumfahrt-astromonie\/"]}]},{"@type":"BreadcrumbList","@id":"https:\/\/blog.zeit.de\/teilchen\/2016\/04\/06\/inspacewetrust-raumfahrt-astromonie\/#breadcrumb","itemListElement":[{"@type":"ListItem","position":1,"name":"Startseite","item":"https:\/\/blog.zeit.de\/teilchen\/"},{"@type":"ListItem","position":2,"name":"Wer will mit ins Weltall?"}]},{"@type":"WebSite","@id":"https:\/\/blog.zeit.de\/teilchen\/#website","url":"https:\/\/blog.zeit.de\/teilchen\/","name":"Teilchen","description":"Im Netz verstecken sich kleine Sch\u00e4tze - ZEIT ONLINE findet sie.","potentialAction":[{"@type":"SearchAction","target":{"@type":"EntryPoint","urlTemplate":"https:\/\/blog.zeit.de\/teilchen\/?s={search_term_string}"},"query-input":"required name=search_term_string"}],"inLanguage":"de"},{"@type":"Person","@id":"https:\/\/blog.zeit.de\/teilchen\/#\/schema\/person\/2236830ebd4d8901385f899fc9acd1f0","name":"Lara Malberger","image":{"@type":"ImageObject","inLanguage":"de","@id":"https:\/\/blog.zeit.de\/teilchen\/#\/schema\/person\/image\/","url":"https:\/\/secure.gravatar.com\/avatar\/0a6fc959f68e92795bfb455e5b993839ed6692bd433bd29fbaea65d632ea93a0?s=96&d=mm&r=g","contentUrl":"https:\/\/secure.gravatar.com\/avatar\/0a6fc959f68e92795bfb455e5b993839ed6692bd433bd29fbaea65d632ea93a0?s=96&d=mm&r=g","caption":"Lara Malberger"},"description":"ist Autorin bei ZEIT ONLINE.","url":"https:\/\/blog.zeit.de\/teilchen\/author\/lmalberger\/"}]}},"jetpack_featured_media_url":"https:\/\/blog.zeit.de\/teilchen\/files\/2016\/04\/Bildschirmfoto-2016-04-05-um-14.57.01.png","jetpack_sharing_enabled":true,"_links":{"self":[{"href":"https:\/\/blog.zeit.de\/teilchen\/wp-json\/wp\/v2\/posts\/12139","targetHints":{"allow":["GET"]}}],"collection":[{"href":"https:\/\/blog.zeit.de\/teilchen\/wp-json\/wp\/v2\/posts"}],"about":[{"href":"https:\/\/blog.zeit.de\/teilchen\/wp-json\/wp\/v2\/types\/post"}],"author":[{"embeddable":true,"href":"https:\/\/blog.zeit.de\/teilchen\/wp-json\/wp\/v2\/users\/614"}],"replies":[{"embeddable":true,"href":"https:\/\/blog.zeit.de\/teilchen\/wp-json\/wp\/v2\/comments?post=12139"}],"version-history":[{"count":14,"href":"https:\/\/blog.zeit.de\/teilchen\/wp-json\/wp\/v2\/posts\/12139\/revisions"}],"predecessor-version":[{"id":12189,"href":"https:\/\/blog.zeit.de\/teilchen\/wp-json\/wp\/v2\/posts\/12139\/revisions\/12189"}],"wp:featuredmedia":[{"embeddable":true,"href":"https:\/\/blog.zeit.de\/teilchen\/wp-json\/wp\/v2\/media\/12172"}],"wp:attachment":[{"href":"https:\/\/blog.zeit.de\/teilchen\/wp-json\/wp\/v2\/media?parent=12139"}],"wp:term":[{"taxonomy":"category","embeddable":true,"href":"https:\/\/blog.zeit.de\/teilchen\/wp-json\/wp\/v2\/categories?post=12139"},{"taxonomy":"post_tag","embeddable":true,"href":"https:\/\/blog.zeit.de\/teilchen\/wp-json\/wp\/v2\/tags?post=12139"}],"curies":[{"name":"wp","href":"https:\/\/api.w.org\/{rel}","templated":true}]}}