{"id":12326,"date":"2016-04-14T16:13:06","date_gmt":"2016-04-14T14:13:06","guid":{"rendered":"http:\/\/blog.zeit.de\/teilchen\/?p=12326"},"modified":"2016-04-14T17:24:11","modified_gmt":"2016-04-14T15:24:11","slug":"polizei-hagen-unfall-gaffer-kritik","status":"publish","type":"post","link":"https:\/\/blog.zeit.de\/teilchen\/2016\/04\/14\/polizei-hagen-unfall-gaffer-kritik\/","title":{"rendered":"&#8222;Sch\u00e4mt euch, ihr Gaffer vom Hauptbahnhof!&#8220;"},"content":{"rendered":"<div class=\"fb-post\" data-href=\"https:\/\/www.facebook.com\/Polizei.NRW.HA\/photos\/a.213205282185117.1073741828.208563659315946\/535167986655510\/?type=3&#038;theater\" data-width=\"552\" style=\"background-color: #fff; display: inline-block;\"><\/div>\n<p>Am Mittwochnachmittag wurde in der N\u00e4he des Hagener Hauptbahnhofs <a href=\"http:\/\/www.presseportal.de\/blaulicht\/pm\/30835\/3300966\" target=\"_blank\">ein M\u00e4dchen von einem Auto angefahren<\/a>. Mit solchen Vorf\u00e4llen haben Polizisten \u2013 leider \u2013 sehr oft zu tun. Zum Polizeialltag geh\u00f6rt aber immer h\u00e4ufiger auch, dass Rettungseins\u00e4tze von Gaffern behindert werden. Mit dem Smartphone filmen oder fotografieren sie alles, was die Linse einf\u00e4ngt, um die Bilder bei WhatsApp zu verschicken oder auf Facebook zu teilen. Auch bei dem Unfall in Hagen war dies offenbar der Fall. Grund genug f\u00fcr die Polizei, sich die Gaffer vorzukn\u00f6pfen \u2013 <a href=\"https:\/\/www.facebook.com\/Polizei.NRW.HA\/?fref=ts\" target=\"_blank\">mit einem Rant auf Facebook<\/a>.<\/p>\n<p><!--more-->&#8222;Sch\u00e4mt Euch, ihr Gaffer vom Hauptbahnhof&#8220;, hei\u00dft es in dem Posting, das innerhalb weniger Stunden etwa zwei Millionen Menschen erreicht hat und bis zum Donnerstagnachmittag 25.000 Mal geteilt wurde. Die Beamten beschreiben darin die Vorf\u00e4lle aus ihrer Sicht. Polizisten wurden demnach von Schaulustigen gebeten, zur Seite zu gehen, damit sie besser filmen k\u00f6nnen. Gaffer h\u00e4tten \u00fcber T\u00fccher geschaut, die von der Feuerwehr aufgeh\u00e4ngt wurden, um dahinter das M\u00e4dchen in Ruhe versorgen zu k\u00f6nnen.<\/p>\n<p>&#8222;Unfassbar&#8220; sei dieses Verhalten, schreibt die Hagener Polizei \u2013 und es kann nicht nur f\u00fcr die Opfer und Helfer negative Folgen haben. Sondern auch f\u00fcr die Gaffer selbst. Wer hilflose Personen abfilme und zur Schau stelle, k\u00f6nne mit einer <a href=\"https:\/\/www.gesetze-im-internet.de\/stgb\/__201a.html\" target=\"_blank\">Gef\u00e4ngnisstrafe von bis zu zwei Jahren<\/a> belegt werden, <a href=\"http:\/\/www1.wdr.de\/nachrichten\/ruhrgebiet\/gaffer-polizei-hagen-facebook-unfall-100.html\" target=\"_blank\">sagte Polizeisprecher Tino Sch\u00e4fer dem WDR<\/a>.<\/p>\n<p>Den Polizisten zufolge h\u00e4uften sich derartige Vorf\u00e4lle in den vergangenen Jahren. Auch deshalb kauft das Land Nordrhein-Westfalen mobile Sichtschutzw\u00e4nde, die vor allem bei Autobahnunf\u00e4llen eingesetzt werden sollen. <a href=\"http:\/\/www.spiegel.de\/auto\/aktuell\/nrw-mobile-sichtschutzwaende-gegen-gaffer-auf-autobahnen-a-1030373.html\" target=\"_blank\">Fast eine halbe Million Euro an Steuergeldern wurden daf\u00fcr investiert<\/a>.<\/p>\n<p>Eine gute Nachricht gibt es aber auch noch aus Hagen: <a href=\"http:\/\/www1.wdr.de\/nachrichten\/ruhrgebiet\/gaffer-polizei-hagen-facebook-unfall-100.html\" target=\"_blank\">Wie der WDR schreibt<\/a>, geht es dem M\u00e4dchen inzwischen wieder besser.<\/p>\n<p><em>Mehr <a href=\"https:\/\/blog.zeit.de\/teilchen\/\" target=\"_blank\">Teilchen finden Sie hier.<\/a><\/em><\/p>\n","protected":false},"excerpt":{"rendered":"<p>Am Mittwochnachmittag wurde in der N\u00e4he des Hagener Hauptbahnhofs ein M\u00e4dchen von einem Auto angefahren. Mit solchen Vorf\u00e4llen haben Polizisten \u2013 leider \u2013 sehr [\u2026]<\/p>\n","protected":false},"author":556,"featured_media":12330,"comment_status":"open","ping_status":"closed","sticky":false,"template":"","format":"standard","meta":{"_jetpack_memberships_contains_paid_content":false,"footnotes":""},"categories":[29747],"tags":[],"class_list":["post-12326","post","type-post","status-publish","format-standard","has-post-thumbnail","hentry","category-geschichten"],"yoast_head":"<!-- This site is optimized with the Yoast SEO plugin v21.0 - https:\/\/yoast.com\/wordpress\/plugins\/seo\/ -->\n<title>Die Polizei und die Gaffer vom Hauptbahnhof<\/title>\n<meta name=\"description\" content=\"Zum Alltag der Polizei geh\u00f6rt immer h\u00e4ufiger, dass Rettungseins\u00e4tze von Gaffern behindert werden.\" \/>\n<meta name=\"robots\" content=\"index, follow, max-snippet:-1, max-image-preview:large, max-video-preview:-1\" \/>\n<link rel=\"canonical\" href=\"https:\/\/blog.zeit.de\/teilchen\/2016\/04\/14\/polizei-hagen-unfall-gaffer-kritik\/\" \/>\n<meta property=\"og:locale\" content=\"de_DE\" \/>\n<meta property=\"og:type\" content=\"article\" \/>\n<meta property=\"og:title\" content=\"Die Polizei und die Gaffer vom Hauptbahnhof\" \/>\n<meta property=\"og:description\" content=\"Zum Alltag der Polizei geh\u00f6rt immer h\u00e4ufiger, dass Rettungseins\u00e4tze von Gaffern behindert werden.\" \/>\n<meta property=\"og:url\" content=\"https:\/\/blog.zeit.de\/teilchen\/2016\/04\/14\/polizei-hagen-unfall-gaffer-kritik\/\" \/>\n<meta property=\"og:site_name\" content=\"Teilchen\" \/>\n<meta property=\"article:published_time\" content=\"2016-04-14T14:13:06+00:00\" \/>\n<meta property=\"article:modified_time\" content=\"2016-04-14T15:24:11+00:00\" \/>\n<meta property=\"og:image\" content=\"https:\/\/blog.zeit.de\/teilchen\/files\/2016\/04\/67467564-1024x768.jpg\" \/>\n\t<meta property=\"og:image:width\" content=\"1024\" \/>\n\t<meta property=\"og:image:height\" content=\"768\" \/>\n\t<meta property=\"og:image:type\" content=\"image\/jpeg\" \/>\n<meta name=\"author\" content=\"Tobias Dorfer\" \/>\n<meta name=\"twitter:card\" content=\"summary_large_image\" \/>\n<meta name=\"twitter:image\" content=\"https:\/\/blog.zeit.de\/teilchen\/files\/2016\/04\/67467564.jpg\" \/>\n<meta name=\"twitter:creator\" content=\"@tobiasdorfer\" \/>\n<meta name=\"twitter:site\" content=\"@zeitonline\" \/>\n<meta name=\"twitter:label1\" content=\"Geschrieben von\" \/>\n\t<meta name=\"twitter:data1\" content=\"Tobias Dorfer\" \/>\n\t<meta name=\"twitter:label2\" content=\"Gesch\u00e4tzte Lesezeit\" \/>\n\t<meta name=\"twitter:data2\" content=\"2\u00a0Minuten\" \/>\n<script type=\"application\/ld+json\" class=\"yoast-schema-graph\">{\"@context\":\"https:\/\/schema.org\",\"@graph\":[{\"@type\":\"WebPage\",\"@id\":\"https:\/\/blog.zeit.de\/teilchen\/2016\/04\/14\/polizei-hagen-unfall-gaffer-kritik\/\",\"url\":\"https:\/\/blog.zeit.de\/teilchen\/2016\/04\/14\/polizei-hagen-unfall-gaffer-kritik\/\",\"name\":\"Die Polizei und die Gaffer vom Hauptbahnhof\",\"isPartOf\":{\"@id\":\"https:\/\/blog.zeit.de\/teilchen\/#website\"},\"datePublished\":\"2016-04-14T14:13:06+00:00\",\"dateModified\":\"2016-04-14T15:24:11+00:00\",\"author\":{\"@id\":\"https:\/\/blog.zeit.de\/teilchen\/#\/schema\/person\/e90ba849254185115fd919d4fad07dc0\"},\"description\":\"Zum Alltag der Polizei geh\u00f6rt immer h\u00e4ufiger, dass Rettungseins\u00e4tze von Gaffern behindert werden.\",\"breadcrumb\":{\"@id\":\"https:\/\/blog.zeit.de\/teilchen\/2016\/04\/14\/polizei-hagen-unfall-gaffer-kritik\/#breadcrumb\"},\"inLanguage\":\"de\",\"potentialAction\":[{\"@type\":\"ReadAction\",\"target\":[\"https:\/\/blog.zeit.de\/teilchen\/2016\/04\/14\/polizei-hagen-unfall-gaffer-kritik\/\"]}]},{\"@type\":\"BreadcrumbList\",\"@id\":\"https:\/\/blog.zeit.de\/teilchen\/2016\/04\/14\/polizei-hagen-unfall-gaffer-kritik\/#breadcrumb\",\"itemListElement\":[{\"@type\":\"ListItem\",\"position\":1,\"name\":\"Startseite\",\"item\":\"https:\/\/blog.zeit.de\/teilchen\/\"},{\"@type\":\"ListItem\",\"position\":2,\"name\":\"&#8222;Sch\u00e4mt euch, ihr Gaffer vom Hauptbahnhof!&#8220;\"}]},{\"@type\":\"WebSite\",\"@id\":\"https:\/\/blog.zeit.de\/teilchen\/#website\",\"url\":\"https:\/\/blog.zeit.de\/teilchen\/\",\"name\":\"Teilchen\",\"description\":\"Im Netz verstecken sich kleine Sch\u00e4tze - ZEIT ONLINE findet sie.\",\"potentialAction\":[{\"@type\":\"SearchAction\",\"target\":{\"@type\":\"EntryPoint\",\"urlTemplate\":\"https:\/\/blog.zeit.de\/teilchen\/?s={search_term_string}\"},\"query-input\":\"required name=search_term_string\"}],\"inLanguage\":\"de\"},{\"@type\":\"Person\",\"@id\":\"https:\/\/blog.zeit.de\/teilchen\/#\/schema\/person\/e90ba849254185115fd919d4fad07dc0\",\"name\":\"Tobias Dorfer\",\"image\":{\"@type\":\"ImageObject\",\"inLanguage\":\"de\",\"@id\":\"https:\/\/blog.zeit.de\/teilchen\/#\/schema\/person\/image\/\",\"url\":\"https:\/\/secure.gravatar.com\/avatar\/0021e1a3fe9f799912804bcca6f1bcbbe58ee3bf29c8f714a0f453695a888d0a?s=96&d=mm&r=g\",\"contentUrl\":\"https:\/\/secure.gravatar.com\/avatar\/0021e1a3fe9f799912804bcca6f1bcbbe58ee3bf29c8f714a0f453695a888d0a?s=96&d=mm&r=g\",\"caption\":\"Tobias Dorfer\"},\"description\":\"Teamleiter Social Media bei ZEIT ONLINE. Zuvor sieben Jahre bei S\u00fcddeutsche.de, als Redakteur im Wirtschafts- und Regional-Ressort sowie Editorial SEO. Ausbildung an der Deutschen Journalistenschule in M\u00fcnchen mit Hospitanzen bei S\u00fcddeutsche Zeitung, SPIEGEL und SPIEGEL Online.\",\"sameAs\":[\"https:\/\/twitter.com\/tobiasdorfer\"],\"url\":\"https:\/\/blog.zeit.de\/teilchen\/author\/tdorfer\/\"}]}<\/script>\n<!-- \/ Yoast SEO plugin. -->","yoast_head_json":{"title":"Die Polizei und die Gaffer vom Hauptbahnhof","description":"Zum Alltag der Polizei geh\u00f6rt immer h\u00e4ufiger, dass Rettungseins\u00e4tze von Gaffern behindert werden.","robots":{"index":"index","follow":"follow","max-snippet":"max-snippet:-1","max-image-preview":"max-image-preview:large","max-video-preview":"max-video-preview:-1"},"canonical":"https:\/\/blog.zeit.de\/teilchen\/2016\/04\/14\/polizei-hagen-unfall-gaffer-kritik\/","og_locale":"de_DE","og_type":"article","og_title":"Die Polizei und die Gaffer vom Hauptbahnhof","og_description":"Zum Alltag der Polizei geh\u00f6rt immer h\u00e4ufiger, dass Rettungseins\u00e4tze von Gaffern behindert werden.","og_url":"https:\/\/blog.zeit.de\/teilchen\/2016\/04\/14\/polizei-hagen-unfall-gaffer-kritik\/","og_site_name":"Teilchen","article_published_time":"2016-04-14T14:13:06+00:00","article_modified_time":"2016-04-14T15:24:11+00:00","og_image":[{"width":1024,"height":768,"url":"https:\/\/blog.zeit.de\/teilchen\/files\/2016\/04\/67467564-1024x768.jpg","type":"image\/jpeg"}],"author":"Tobias Dorfer","twitter_card":"summary_large_image","twitter_image":"https:\/\/blog.zeit.de\/teilchen\/files\/2016\/04\/67467564.jpg","twitter_creator":"@tobiasdorfer","twitter_site":"@zeitonline","twitter_misc":{"Geschrieben von":"Tobias Dorfer","Gesch\u00e4tzte Lesezeit":"2\u00a0Minuten"},"schema":{"@context":"https:\/\/schema.org","@graph":[{"@type":"WebPage","@id":"https:\/\/blog.zeit.de\/teilchen\/2016\/04\/14\/polizei-hagen-unfall-gaffer-kritik\/","url":"https:\/\/blog.zeit.de\/teilchen\/2016\/04\/14\/polizei-hagen-unfall-gaffer-kritik\/","name":"Die Polizei und die Gaffer vom Hauptbahnhof","isPartOf":{"@id":"https:\/\/blog.zeit.de\/teilchen\/#website"},"datePublished":"2016-04-14T14:13:06+00:00","dateModified":"2016-04-14T15:24:11+00:00","author":{"@id":"https:\/\/blog.zeit.de\/teilchen\/#\/schema\/person\/e90ba849254185115fd919d4fad07dc0"},"description":"Zum Alltag der Polizei geh\u00f6rt immer h\u00e4ufiger, dass Rettungseins\u00e4tze von Gaffern behindert werden.","breadcrumb":{"@id":"https:\/\/blog.zeit.de\/teilchen\/2016\/04\/14\/polizei-hagen-unfall-gaffer-kritik\/#breadcrumb"},"inLanguage":"de","potentialAction":[{"@type":"ReadAction","target":["https:\/\/blog.zeit.de\/teilchen\/2016\/04\/14\/polizei-hagen-unfall-gaffer-kritik\/"]}]},{"@type":"BreadcrumbList","@id":"https:\/\/blog.zeit.de\/teilchen\/2016\/04\/14\/polizei-hagen-unfall-gaffer-kritik\/#breadcrumb","itemListElement":[{"@type":"ListItem","position":1,"name":"Startseite","item":"https:\/\/blog.zeit.de\/teilchen\/"},{"@type":"ListItem","position":2,"name":"&#8222;Sch\u00e4mt euch, ihr Gaffer vom Hauptbahnhof!&#8220;"}]},{"@type":"WebSite","@id":"https:\/\/blog.zeit.de\/teilchen\/#website","url":"https:\/\/blog.zeit.de\/teilchen\/","name":"Teilchen","description":"Im Netz verstecken sich kleine Sch\u00e4tze - ZEIT ONLINE findet sie.","potentialAction":[{"@type":"SearchAction","target":{"@type":"EntryPoint","urlTemplate":"https:\/\/blog.zeit.de\/teilchen\/?s={search_term_string}"},"query-input":"required name=search_term_string"}],"inLanguage":"de"},{"@type":"Person","@id":"https:\/\/blog.zeit.de\/teilchen\/#\/schema\/person\/e90ba849254185115fd919d4fad07dc0","name":"Tobias Dorfer","image":{"@type":"ImageObject","inLanguage":"de","@id":"https:\/\/blog.zeit.de\/teilchen\/#\/schema\/person\/image\/","url":"https:\/\/secure.gravatar.com\/avatar\/0021e1a3fe9f799912804bcca6f1bcbbe58ee3bf29c8f714a0f453695a888d0a?s=96&d=mm&r=g","contentUrl":"https:\/\/secure.gravatar.com\/avatar\/0021e1a3fe9f799912804bcca6f1bcbbe58ee3bf29c8f714a0f453695a888d0a?s=96&d=mm&r=g","caption":"Tobias Dorfer"},"description":"Teamleiter Social Media bei ZEIT ONLINE. Zuvor sieben Jahre bei S\u00fcddeutsche.de, als Redakteur im Wirtschafts- und Regional-Ressort sowie Editorial SEO. Ausbildung an der Deutschen Journalistenschule in M\u00fcnchen mit Hospitanzen bei S\u00fcddeutsche Zeitung, SPIEGEL und SPIEGEL Online.","sameAs":["https:\/\/twitter.com\/tobiasdorfer"],"url":"https:\/\/blog.zeit.de\/teilchen\/author\/tdorfer\/"}]}},"jetpack_featured_media_url":"https:\/\/blog.zeit.de\/teilchen\/files\/2016\/04\/67467564.jpg","jetpack_sharing_enabled":true,"_links":{"self":[{"href":"https:\/\/blog.zeit.de\/teilchen\/wp-json\/wp\/v2\/posts\/12326","targetHints":{"allow":["GET"]}}],"collection":[{"href":"https:\/\/blog.zeit.de\/teilchen\/wp-json\/wp\/v2\/posts"}],"about":[{"href":"https:\/\/blog.zeit.de\/teilchen\/wp-json\/wp\/v2\/types\/post"}],"author":[{"embeddable":true,"href":"https:\/\/blog.zeit.de\/teilchen\/wp-json\/wp\/v2\/users\/556"}],"replies":[{"embeddable":true,"href":"https:\/\/blog.zeit.de\/teilchen\/wp-json\/wp\/v2\/comments?post=12326"}],"version-history":[{"count":11,"href":"https:\/\/blog.zeit.de\/teilchen\/wp-json\/wp\/v2\/posts\/12326\/revisions"}],"predecessor-version":[{"id":12341,"href":"https:\/\/blog.zeit.de\/teilchen\/wp-json\/wp\/v2\/posts\/12326\/revisions\/12341"}],"wp:featuredmedia":[{"embeddable":true,"href":"https:\/\/blog.zeit.de\/teilchen\/wp-json\/wp\/v2\/media\/12330"}],"wp:attachment":[{"href":"https:\/\/blog.zeit.de\/teilchen\/wp-json\/wp\/v2\/media?parent=12326"}],"wp:term":[{"taxonomy":"category","embeddable":true,"href":"https:\/\/blog.zeit.de\/teilchen\/wp-json\/wp\/v2\/categories?post=12326"},{"taxonomy":"post_tag","embeddable":true,"href":"https:\/\/blog.zeit.de\/teilchen\/wp-json\/wp\/v2\/tags?post=12326"}],"curies":[{"name":"wp","href":"https:\/\/api.w.org\/{rel}","templated":true}]}}