{"id":12534,"date":"2016-04-26T14:53:16","date_gmt":"2016-04-26T12:53:16","guid":{"rendered":"http:\/\/blog.zeit.de\/teilchen\/?p=12534"},"modified":"2016-04-26T14:53:16","modified_gmt":"2016-04-26T12:53:16","slug":"panayiota-vasileiadou-der-engel-von-idomeni","status":"publish","type":"post","link":"https:\/\/blog.zeit.de\/teilchen\/2016\/04\/26\/panayiota-vasileiadou-der-engel-von-idomeni\/","title":{"rendered":"Panayiota Vasileiadou \u2013 der Engel von Idomeni"},"content":{"rendered":"<p>&nbsp;<\/p>\n\n<div class=\"embed-wrapper embed-wrapper--blocked js-embed-consent\" data-method=\"embed\">\n<script class=\"raw__source\" type=\"text\/template\"><iframe loading=\"lazy\" title=\"Generous Greek grandmother opens her home to Syrians - BBC News\" width=\"640\" height=\"360\" src=\"https:\/\/www.youtube-nocookie.com\/embed\/szKREhVcbAs?feature=oembed\" frameborder=\"0\" allow=\"accelerometer; autoplay; clipboard-write; encrypted-media; gyroscope; picture-in-picture; web-share\" referrerpolicy=\"strict-origin-when-cross-origin\" allowfullscreen><\/iframe><\/script>\n<div class=\"embed-wrapper__inner\">\n<div class=\"embed-wrapper__text\">\n<h3>Empfohlener redaktioneller Inhalt<\/h3>\n<p data-replace=\"no\">An dieser Stelle finden Sie externen Inhalt, der den Artikel erg\u00e4nzt. Sie k\u00f6nnen sich externe Inhalte mit einem Klick anzeigen lassen und wieder ausblenden.<noscript>Bitte aktivieren Sie JavaScript damit Sie diesen Inhalt anzeigen k\u00f6nnen.<\/noscript><\/p>\n<\/div>\n<div class=\"embed-consent\">\n<label class=\"embed-consent__toggle\">\n<input class=\"js-embed-consent__toggle\" type=\"checkbox\" autocomplete=\"off\">\n<span><\/span>\nExterner Inhalt\n<\/label>\n<a href=\"https:\/\/www.zeit.de\/hilfe\/datenschutz\" target=\"_blank\" class=\"embed-consent__datalink-when-active\">Datenschutzerkl\u00e4rung<\/a>\n<\/div>\n<div class=\"embed-wrapper__footer\">\n<p data-replace=\"no\">\nIch bin damit einverstanden, dass mir externe Inhalte angezeigt werden. Damit k\u00f6nnen personenbezogene Daten an Drittplattformen \u00fcbermittelt werden. <a href=\"https:\/\/www.zeit.de\/hilfe\/datenschutz\" target=\"_blank\">Mehr dazu in unserer Datenschutzerkl\u00e4rung.<\/a>\n<\/p>\n<\/div>\n<\/div>\n<\/div>\n<p>Idomeni ist in den vergangenen Wochen ein Symbol f\u00fcr Verzweiflung geworden. Tausende Fl\u00fcchtlinge warten an der griechisch-mazedonischen Grenze darauf, weiter nach Europa reisen zu d\u00fcrfen. Doch die mazedonischen Beh\u00f6rden haben die Grenze geschlossen und die Menschen warten unter schlimmen Bedingungen darauf, dass sich der Zaun doch irgendwann \u00f6ffnet. Wir haben uns an die Bilder von Tr\u00e4nen und Wut gew\u00f6hnt \u2013 dabei gibt es auch Zeichen der Menschlichkeit in Idomeni. <a href=\"https:\/\/www.youtube.com\/watch?v=szKREhVcbAs\" target=\"_blank\">Die britische BBC hat Panayiota Vasileiadou portr\u00e4tiert<\/a>, eine griechische Rentnerin, die diesen Ort ein wenig menschlicher machen m\u00f6chte.<\/p>\n<p><!--more-->Die 82 Jahre alte Frau hat Fl\u00fcchtlinge in ihr Haus geholt. Sie gibt ihnen zu essen, zu trinken, ein Dach \u00fcber dem Kopf und die M\u00f6glichkeit, zu duschen. Haja, ein syrischer Fl\u00fcchtling, <a href=\"http:\/\/www.bbc.com\/news\/world-europe-36127051\" target=\"_blank\">berichtet der BBC<\/a>, wie er Vasileiadou nach dem Kr\u00e4uterpfl\u00fccken traf. Eigentlich wollte sich der 22-J\u00e4hrige bei der Rentnerin einen Kochtopf leihen. Doch die sah dann, in welcher Verfassung sich Haja und seine Freunde befanden und lud die Gruppe in ihr Haus. &#8222;Zuerst hatte ich Angst. Doch jemand hielt ein sechs Monate altes Baby auf dem Arm, deshalb habe ich sie eingeladen.&#8220; Und das, obwohl auch die Rentnerin selbst nicht viel hat. Ihre Rente wurde aufgrund der schwierigen wirtschaftlichen Lage des Landes von 700 auf 450 Euro gesenkt.<\/p>\n<p>Auch von den Nachbarn gibt es mitunter Kritik. Manche bef\u00fcrchten, dass die Hilfsbereitschaft mehr Fl\u00fcchtlinge anlocken k\u00f6nnte und damit extremistische Ansichten. Doch Panayiota Vasileiadou will davon nichts wissen. &#8222;Wir waren alle Fl\u00fcchtlinge in der Vergangenheit&#8220;, sagt sie der BBC. 1941, als die Nazis Griechenland besetzt hielten, brannten mit den Deutschen verb\u00fcndete bulgarische Truppen ihr Heimatdorf Chamilo ab \u2013 da war Vasileiadou gerade sieben Jahre alt.<\/p>\n<p>Diese Erfahrungen haben sie gepr\u00e4gt, deshalb m\u00f6chte sie nun den Menschen helfen, die heute in einer \u00e4hnlichen Situation sind \u2013 und deshalb sitzt sie in ihrer K\u00fcche und bereitet ihren G\u00e4sten gef\u00fcllte Weinbl\u00e4tter, H\u00fchnchen und Pizza zu. &#8222;Sie ist wie eine Mutter f\u00fcr uns. Wir lieben sie sehr&#8220;, sagt ein Fl\u00fcchtling der BBC. Die Rentnerin spricht kein Arabisch und die Fl\u00fcchtlinge nur einige Brocken Griechisch, aber irgendwie klappt es schon mit der Verst\u00e4ndigung. Nur in einem Punkt gibt es Meinungsverschiedenheiten. Vasileiadou m\u00f6chte gerne, dass der 20 Jahre alte Majid mit dem Rauchen aufh\u00f6rt. Bislang hat sie es noch nicht geschafft.<\/p>\n<p><em>Mehr <a href=\"https:\/\/blog.zeit.de\/teilchen\/\" target=\"_blank\">Teilchen finden Sie hier<\/a>.<\/em><\/p>\n","protected":false},"excerpt":{"rendered":"<p>&nbsp; Empfohlener redaktioneller Inhalt An dieser Stelle finden Sie externen Inhalt, der den Artikel erg\u00e4nzt. Sie k\u00f6nnen sich externe Inhalte mit einem Klick anzeigen [\u2026]<\/p>\n","protected":false},"author":556,"featured_media":12538,"comment_status":"open","ping_status":"closed","sticky":false,"template":"","format":"standard","meta":{"_jetpack_memberships_contains_paid_content":false,"footnotes":""},"categories":[28],"tags":[],"class_list":["post-12534","post","type-post","status-publish","format-standard","has-post-thumbnail","hentry","category-video"],"yoast_head":"<!-- This site is optimized with the Yoast SEO plugin v21.0 - https:\/\/yoast.com\/wordpress\/plugins\/seo\/ -->\n<title>Panayiota Vasileiadou \u2013 der Engel von Idomeni<\/title>\n<meta name=\"description\" content=\"Idomeni ist ein Symbol f\u00fcr Verzweiflung geworden, doch die Griechin Panayiota Vasileiadou beweist, dass es auch Zeichen der Menschlichkeit gibt.\" \/>\n<meta name=\"robots\" content=\"index, follow, max-snippet:-1, max-image-preview:large, max-video-preview:-1\" \/>\n<link rel=\"canonical\" href=\"https:\/\/blog.zeit.de\/teilchen\/2016\/04\/26\/panayiota-vasileiadou-der-engel-von-idomeni\/\" \/>\n<meta property=\"og:locale\" content=\"de_DE\" \/>\n<meta property=\"og:type\" content=\"article\" \/>\n<meta property=\"og:title\" content=\"Panayiota Vasileiadou \u2013 der Engel von Idomeni\" \/>\n<meta property=\"og:description\" content=\"Idomeni ist ein Symbol f\u00fcr Verzweiflung geworden, doch die Griechin Panayiota Vasileiadou beweist, dass es auch Zeichen der Menschlichkeit gibt.\" \/>\n<meta property=\"og:url\" content=\"https:\/\/blog.zeit.de\/teilchen\/2016\/04\/26\/panayiota-vasileiadou-der-engel-von-idomeni\/\" \/>\n<meta property=\"og:site_name\" content=\"Teilchen\" \/>\n<meta property=\"article:published_time\" content=\"2016-04-26T12:53:16+00:00\" \/>\n<meta property=\"og:image\" content=\"https:\/\/blog.zeit.de\/teilchen\/files\/2016\/04\/Bildschirmfoto-2016-04-26-um-09.27.17.png\" \/>\n\t<meta property=\"og:image:width\" content=\"848\" \/>\n\t<meta property=\"og:image:height\" content=\"474\" \/>\n\t<meta property=\"og:image:type\" content=\"image\/png\" \/>\n<meta name=\"author\" content=\"Tobias Dorfer\" \/>\n<meta name=\"twitter:card\" content=\"summary_large_image\" \/>\n<meta name=\"twitter:image\" content=\"https:\/\/blog.zeit.de\/teilchen\/files\/2016\/04\/Bildschirmfoto-2016-04-26-um-09.27.17.png\" \/>\n<meta name=\"twitter:creator\" content=\"@tobiasdorfer\" \/>\n<meta name=\"twitter:site\" content=\"@zeitonline\" \/>\n<meta name=\"twitter:label1\" content=\"Geschrieben von\" \/>\n\t<meta name=\"twitter:data1\" content=\"Tobias Dorfer\" \/>\n\t<meta name=\"twitter:label2\" content=\"Gesch\u00e4tzte Lesezeit\" \/>\n\t<meta name=\"twitter:data2\" content=\"2\u00a0Minuten\" \/>\n<script type=\"application\/ld+json\" class=\"yoast-schema-graph\">{\"@context\":\"https:\/\/schema.org\",\"@graph\":[{\"@type\":\"WebPage\",\"@id\":\"https:\/\/blog.zeit.de\/teilchen\/2016\/04\/26\/panayiota-vasileiadou-der-engel-von-idomeni\/\",\"url\":\"https:\/\/blog.zeit.de\/teilchen\/2016\/04\/26\/panayiota-vasileiadou-der-engel-von-idomeni\/\",\"name\":\"Panayiota Vasileiadou \u2013 der Engel von Idomeni\",\"isPartOf\":{\"@id\":\"https:\/\/blog.zeit.de\/teilchen\/#website\"},\"datePublished\":\"2016-04-26T12:53:16+00:00\",\"dateModified\":\"2016-04-26T12:53:16+00:00\",\"author\":{\"@id\":\"https:\/\/blog.zeit.de\/teilchen\/#\/schema\/person\/e90ba849254185115fd919d4fad07dc0\"},\"description\":\"Idomeni ist ein Symbol f\u00fcr Verzweiflung geworden, doch die Griechin Panayiota Vasileiadou beweist, dass es auch Zeichen der Menschlichkeit gibt.\",\"breadcrumb\":{\"@id\":\"https:\/\/blog.zeit.de\/teilchen\/2016\/04\/26\/panayiota-vasileiadou-der-engel-von-idomeni\/#breadcrumb\"},\"inLanguage\":\"de\",\"potentialAction\":[{\"@type\":\"ReadAction\",\"target\":[\"https:\/\/blog.zeit.de\/teilchen\/2016\/04\/26\/panayiota-vasileiadou-der-engel-von-idomeni\/\"]}]},{\"@type\":\"BreadcrumbList\",\"@id\":\"https:\/\/blog.zeit.de\/teilchen\/2016\/04\/26\/panayiota-vasileiadou-der-engel-von-idomeni\/#breadcrumb\",\"itemListElement\":[{\"@type\":\"ListItem\",\"position\":1,\"name\":\"Startseite\",\"item\":\"https:\/\/blog.zeit.de\/teilchen\/\"},{\"@type\":\"ListItem\",\"position\":2,\"name\":\"Panayiota Vasileiadou \u2013 der Engel von Idomeni\"}]},{\"@type\":\"WebSite\",\"@id\":\"https:\/\/blog.zeit.de\/teilchen\/#website\",\"url\":\"https:\/\/blog.zeit.de\/teilchen\/\",\"name\":\"Teilchen\",\"description\":\"Im Netz verstecken sich kleine Sch\u00e4tze - ZEIT ONLINE findet sie.\",\"potentialAction\":[{\"@type\":\"SearchAction\",\"target\":{\"@type\":\"EntryPoint\",\"urlTemplate\":\"https:\/\/blog.zeit.de\/teilchen\/?s={search_term_string}\"},\"query-input\":\"required name=search_term_string\"}],\"inLanguage\":\"de\"},{\"@type\":\"Person\",\"@id\":\"https:\/\/blog.zeit.de\/teilchen\/#\/schema\/person\/e90ba849254185115fd919d4fad07dc0\",\"name\":\"Tobias Dorfer\",\"image\":{\"@type\":\"ImageObject\",\"inLanguage\":\"de\",\"@id\":\"https:\/\/blog.zeit.de\/teilchen\/#\/schema\/person\/image\/\",\"url\":\"https:\/\/secure.gravatar.com\/avatar\/0021e1a3fe9f799912804bcca6f1bcbbe58ee3bf29c8f714a0f453695a888d0a?s=96&d=mm&r=g\",\"contentUrl\":\"https:\/\/secure.gravatar.com\/avatar\/0021e1a3fe9f799912804bcca6f1bcbbe58ee3bf29c8f714a0f453695a888d0a?s=96&d=mm&r=g\",\"caption\":\"Tobias Dorfer\"},\"description\":\"Teamleiter Social Media bei ZEIT ONLINE. Zuvor sieben Jahre bei S\u00fcddeutsche.de, als Redakteur im Wirtschafts- und Regional-Ressort sowie Editorial SEO. Ausbildung an der Deutschen Journalistenschule in M\u00fcnchen mit Hospitanzen bei S\u00fcddeutsche Zeitung, SPIEGEL und SPIEGEL Online.\",\"sameAs\":[\"https:\/\/twitter.com\/tobiasdorfer\"],\"url\":\"https:\/\/blog.zeit.de\/teilchen\/author\/tdorfer\/\"}]}<\/script>\n<!-- \/ Yoast SEO plugin. -->","yoast_head_json":{"title":"Panayiota Vasileiadou \u2013 der Engel von Idomeni","description":"Idomeni ist ein Symbol f\u00fcr Verzweiflung geworden, doch die Griechin Panayiota Vasileiadou beweist, dass es auch Zeichen der Menschlichkeit gibt.","robots":{"index":"index","follow":"follow","max-snippet":"max-snippet:-1","max-image-preview":"max-image-preview:large","max-video-preview":"max-video-preview:-1"},"canonical":"https:\/\/blog.zeit.de\/teilchen\/2016\/04\/26\/panayiota-vasileiadou-der-engel-von-idomeni\/","og_locale":"de_DE","og_type":"article","og_title":"Panayiota Vasileiadou \u2013 der Engel von Idomeni","og_description":"Idomeni ist ein Symbol f\u00fcr Verzweiflung geworden, doch die Griechin Panayiota Vasileiadou beweist, dass es auch Zeichen der Menschlichkeit gibt.","og_url":"https:\/\/blog.zeit.de\/teilchen\/2016\/04\/26\/panayiota-vasileiadou-der-engel-von-idomeni\/","og_site_name":"Teilchen","article_published_time":"2016-04-26T12:53:16+00:00","og_image":[{"width":848,"height":474,"url":"https:\/\/blog.zeit.de\/teilchen\/files\/2016\/04\/Bildschirmfoto-2016-04-26-um-09.27.17.png","type":"image\/png"}],"author":"Tobias Dorfer","twitter_card":"summary_large_image","twitter_image":"https:\/\/blog.zeit.de\/teilchen\/files\/2016\/04\/Bildschirmfoto-2016-04-26-um-09.27.17.png","twitter_creator":"@tobiasdorfer","twitter_site":"@zeitonline","twitter_misc":{"Geschrieben von":"Tobias Dorfer","Gesch\u00e4tzte Lesezeit":"2\u00a0Minuten"},"schema":{"@context":"https:\/\/schema.org","@graph":[{"@type":"WebPage","@id":"https:\/\/blog.zeit.de\/teilchen\/2016\/04\/26\/panayiota-vasileiadou-der-engel-von-idomeni\/","url":"https:\/\/blog.zeit.de\/teilchen\/2016\/04\/26\/panayiota-vasileiadou-der-engel-von-idomeni\/","name":"Panayiota Vasileiadou \u2013 der Engel von Idomeni","isPartOf":{"@id":"https:\/\/blog.zeit.de\/teilchen\/#website"},"datePublished":"2016-04-26T12:53:16+00:00","dateModified":"2016-04-26T12:53:16+00:00","author":{"@id":"https:\/\/blog.zeit.de\/teilchen\/#\/schema\/person\/e90ba849254185115fd919d4fad07dc0"},"description":"Idomeni ist ein Symbol f\u00fcr Verzweiflung geworden, doch die Griechin Panayiota Vasileiadou beweist, dass es auch Zeichen der Menschlichkeit gibt.","breadcrumb":{"@id":"https:\/\/blog.zeit.de\/teilchen\/2016\/04\/26\/panayiota-vasileiadou-der-engel-von-idomeni\/#breadcrumb"},"inLanguage":"de","potentialAction":[{"@type":"ReadAction","target":["https:\/\/blog.zeit.de\/teilchen\/2016\/04\/26\/panayiota-vasileiadou-der-engel-von-idomeni\/"]}]},{"@type":"BreadcrumbList","@id":"https:\/\/blog.zeit.de\/teilchen\/2016\/04\/26\/panayiota-vasileiadou-der-engel-von-idomeni\/#breadcrumb","itemListElement":[{"@type":"ListItem","position":1,"name":"Startseite","item":"https:\/\/blog.zeit.de\/teilchen\/"},{"@type":"ListItem","position":2,"name":"Panayiota Vasileiadou \u2013 der Engel von Idomeni"}]},{"@type":"WebSite","@id":"https:\/\/blog.zeit.de\/teilchen\/#website","url":"https:\/\/blog.zeit.de\/teilchen\/","name":"Teilchen","description":"Im Netz verstecken sich kleine Sch\u00e4tze - ZEIT ONLINE findet sie.","potentialAction":[{"@type":"SearchAction","target":{"@type":"EntryPoint","urlTemplate":"https:\/\/blog.zeit.de\/teilchen\/?s={search_term_string}"},"query-input":"required name=search_term_string"}],"inLanguage":"de"},{"@type":"Person","@id":"https:\/\/blog.zeit.de\/teilchen\/#\/schema\/person\/e90ba849254185115fd919d4fad07dc0","name":"Tobias Dorfer","image":{"@type":"ImageObject","inLanguage":"de","@id":"https:\/\/blog.zeit.de\/teilchen\/#\/schema\/person\/image\/","url":"https:\/\/secure.gravatar.com\/avatar\/0021e1a3fe9f799912804bcca6f1bcbbe58ee3bf29c8f714a0f453695a888d0a?s=96&d=mm&r=g","contentUrl":"https:\/\/secure.gravatar.com\/avatar\/0021e1a3fe9f799912804bcca6f1bcbbe58ee3bf29c8f714a0f453695a888d0a?s=96&d=mm&r=g","caption":"Tobias Dorfer"},"description":"Teamleiter Social Media bei ZEIT ONLINE. Zuvor sieben Jahre bei S\u00fcddeutsche.de, als Redakteur im Wirtschafts- und Regional-Ressort sowie Editorial SEO. Ausbildung an der Deutschen Journalistenschule in M\u00fcnchen mit Hospitanzen bei S\u00fcddeutsche Zeitung, SPIEGEL und SPIEGEL Online.","sameAs":["https:\/\/twitter.com\/tobiasdorfer"],"url":"https:\/\/blog.zeit.de\/teilchen\/author\/tdorfer\/"}]}},"jetpack_featured_media_url":"https:\/\/blog.zeit.de\/teilchen\/files\/2016\/04\/Bildschirmfoto-2016-04-26-um-09.27.17.png","jetpack_sharing_enabled":true,"_links":{"self":[{"href":"https:\/\/blog.zeit.de\/teilchen\/wp-json\/wp\/v2\/posts\/12534","targetHints":{"allow":["GET"]}}],"collection":[{"href":"https:\/\/blog.zeit.de\/teilchen\/wp-json\/wp\/v2\/posts"}],"about":[{"href":"https:\/\/blog.zeit.de\/teilchen\/wp-json\/wp\/v2\/types\/post"}],"author":[{"embeddable":true,"href":"https:\/\/blog.zeit.de\/teilchen\/wp-json\/wp\/v2\/users\/556"}],"replies":[{"embeddable":true,"href":"https:\/\/blog.zeit.de\/teilchen\/wp-json\/wp\/v2\/comments?post=12534"}],"version-history":[{"count":4,"href":"https:\/\/blog.zeit.de\/teilchen\/wp-json\/wp\/v2\/posts\/12534\/revisions"}],"predecessor-version":[{"id":12541,"href":"https:\/\/blog.zeit.de\/teilchen\/wp-json\/wp\/v2\/posts\/12534\/revisions\/12541"}],"wp:featuredmedia":[{"embeddable":true,"href":"https:\/\/blog.zeit.de\/teilchen\/wp-json\/wp\/v2\/media\/12538"}],"wp:attachment":[{"href":"https:\/\/blog.zeit.de\/teilchen\/wp-json\/wp\/v2\/media?parent=12534"}],"wp:term":[{"taxonomy":"category","embeddable":true,"href":"https:\/\/blog.zeit.de\/teilchen\/wp-json\/wp\/v2\/categories?post=12534"},{"taxonomy":"post_tag","embeddable":true,"href":"https:\/\/blog.zeit.de\/teilchen\/wp-json\/wp\/v2\/tags?post=12534"}],"curies":[{"name":"wp","href":"https:\/\/api.w.org\/{rel}","templated":true}]}}