{"id":13222,"date":"2016-05-20T14:29:07","date_gmt":"2016-05-20T12:29:07","guid":{"rendered":"http:\/\/blog.zeit.de\/teilchen\/?p=13222"},"modified":"2016-05-20T14:29:07","modified_gmt":"2016-05-20T12:29:07","slug":"kung-fu-aesthetik-visualisierung-tobias-gremmler","status":"publish","type":"post","link":"https:\/\/blog.zeit.de\/teilchen\/2016\/05\/20\/kung-fu-aesthetik-visualisierung-tobias-gremmler\/","title":{"rendered":"Die \u00c4sthetik von Kung-Fu-Meistern"},"content":{"rendered":"\n<div class=\"embed-wrapper embed-wrapper--blocked js-embed-consent\" data-method=\"embed\">\n<script class=\"raw__source\" type=\"text\/template\"><iframe loading=\"lazy\" title=\"Kung Fu Motion Visualization\" src=\"https:\/\/player.vimeo.com\/video\/163153865?dnt=1&amp;app_id=122963\" width=\"640\" height=\"360\" frameborder=\"0\" allow=\"autoplay; fullscreen; picture-in-picture; clipboard-write; encrypted-media\"><\/iframe><\/script>\n<div class=\"embed-wrapper__inner\">\n<div class=\"embed-wrapper__text\">\n<h3>Empfohlener redaktioneller Inhalt<\/h3>\n<p data-replace=\"no\">An dieser Stelle finden Sie externen Inhalt, der den Artikel erg\u00e4nzt. Sie k\u00f6nnen sich externe Inhalte mit einem Klick anzeigen lassen und wieder ausblenden.<noscript>Bitte aktivieren Sie JavaScript damit Sie diesen Inhalt anzeigen k\u00f6nnen.<\/noscript><\/p>\n<\/div>\n<div class=\"embed-consent\">\n<label class=\"embed-consent__toggle\">\n<input class=\"js-embed-consent__toggle\" type=\"checkbox\" autocomplete=\"off\">\n<span><\/span>\nExterner Inhalt\n<\/label>\n<a href=\"https:\/\/www.zeit.de\/hilfe\/datenschutz\" target=\"_blank\" class=\"embed-consent__datalink-when-active\">Datenschutzerkl\u00e4rung<\/a>\n<\/div>\n<div class=\"embed-wrapper__footer\">\n<p data-replace=\"no\">\nIch bin damit einverstanden, dass mir externe Inhalte angezeigt werden. Damit k\u00f6nnen personenbezogene Daten an Drittplattformen \u00fcbermittelt werden. <a href=\"https:\/\/www.zeit.de\/hilfe\/datenschutz\" target=\"_blank\">Mehr dazu in unserer Datenschutzerkl\u00e4rung.<\/a>\n<\/p>\n<\/div>\n<\/div>\n<\/div>\n<p>Die Kampfkunst Kung-Fu hat eine etwa 1.500-j\u00e4hrige Tradition, die von Generation zu Generation weitergegeben wird. F\u00fcr eine Kung-Fu-Ausstellung in Hongkong hat der Designer Tobias Gremmler die flie\u00dfenden Bewegungen zweier Kung-Fu-Meister in verschiedenen Varianten visualisiert \u2013 mit beeindruckenden Ergebnissen.<\/p>\n<p><!--more--><\/p>\n<p>In dem Video verschwinden die beiden Kung-Fu-Meister hinter ihren Bewegungen, die zum Teil an <a href=\"https:\/\/vimeo.com\/31818781\">Schw\u00e4rme von Staren<\/a> erinnern, oder auch an<br \/>\n<a href=\"http:\/\/www.artinthepicture.com\/artists\/Umberto_Boccioni\/\">K\u00fcnstler wie Umberto Boccioni<\/a> oder <a href=\"http:\/\/www.zeit.de\/online\/2009\/32\/futurismus-ausstellung-tate\">\u00e4hnliche Werke der Futuristen.<\/a><\/p>\n<p>In seinen verschiedenen Animationen setzt Gremmler unterschiedliche Akzente: Einmal werden schnelle Bewegungen verschiedener K\u00f6rperteile hervorgehoben, dann wieder wird allein durch den Bewegungspfad der Kung-Fu-Meister eine Art Kost\u00fcm gewebt.<\/p>\n<p><em>Weitere teilenswerte Geschichten, Videos und Grafiken aus dem Netz finden Sie im <a href=\"https:\/\/blog.zeit.de\/teilchen\/\">Teilchen Blog.<\/a><\/em><\/p>\n","protected":false},"excerpt":{"rendered":"<p>Empfohlener redaktioneller Inhalt An dieser Stelle finden Sie externen Inhalt, der den Artikel erg\u00e4nzt. Sie k\u00f6nnen sich externe Inhalte mit einem Klick anzeigen lassen [\u2026]<\/p>\n","protected":false},"author":566,"featured_media":13224,"comment_status":"open","ping_status":"closed","sticky":false,"template":"","format":"standard","meta":{"_jetpack_memberships_contains_paid_content":false,"footnotes":""},"categories":[28],"tags":[],"class_list":["post-13222","post","type-post","status-publish","format-standard","has-post-thumbnail","hentry","category-video"],"yoast_head":"<!-- This site is optimized with the Yoast SEO plugin v21.0 - https:\/\/yoast.com\/wordpress\/plugins\/seo\/ -->\n<title>Die \u00c4sthetik von Kung-Fu-Meistern<\/title>\n<meta name=\"description\" content=\"F\u00fcr eine Kung-Fu-Ausstellung in Hongkong hat Designer Tobias Gremmler die flie\u00dfenden Bewegungen zweier Kung-Fu-Meister visualisiert.\" \/>\n<meta name=\"robots\" content=\"index, follow, max-snippet:-1, max-image-preview:large, max-video-preview:-1\" \/>\n<link rel=\"canonical\" href=\"https:\/\/blog.zeit.de\/teilchen\/2016\/05\/20\/kung-fu-aesthetik-visualisierung-tobias-gremmler\/\" \/>\n<meta property=\"og:locale\" content=\"de_DE\" \/>\n<meta property=\"og:type\" content=\"article\" \/>\n<meta property=\"og:title\" content=\"Die \u00c4sthetik von Kung-Fu-Meistern\" \/>\n<meta property=\"og:description\" content=\"F\u00fcr eine Kung-Fu-Ausstellung in Hongkong hat Designer Tobias Gremmler die flie\u00dfenden Bewegungen zweier Kung-Fu-Meister visualisiert.\" \/>\n<meta property=\"og:url\" content=\"https:\/\/blog.zeit.de\/teilchen\/2016\/05\/20\/kung-fu-aesthetik-visualisierung-tobias-gremmler\/\" \/>\n<meta property=\"og:site_name\" content=\"Teilchen\" \/>\n<meta property=\"article:published_time\" content=\"2016-05-20T12:29:07+00:00\" \/>\n<meta property=\"og:image\" content=\"https:\/\/blog.zeit.de\/teilchen\/files\/2016\/05\/kungfu.jpg\" \/>\n\t<meta property=\"og:image:width\" content=\"959\" \/>\n\t<meta property=\"og:image:height\" content=\"538\" \/>\n\t<meta property=\"og:image:type\" content=\"image\/jpeg\" \/>\n<meta name=\"author\" content=\"Claudia Bracholdt\" \/>\n<meta name=\"twitter:card\" content=\"summary_large_image\" \/>\n<meta name=\"twitter:creator\" content=\"@zeitonline\" \/>\n<meta name=\"twitter:site\" content=\"@zeitonline\" \/>\n<meta name=\"twitter:label1\" content=\"Geschrieben von\" \/>\n\t<meta name=\"twitter:data1\" content=\"Claudia Bracholdt\" \/>\n\t<meta name=\"twitter:label2\" content=\"Gesch\u00e4tzte Lesezeit\" \/>\n\t<meta name=\"twitter:data2\" content=\"1\u00a0Minute\" \/>\n<script type=\"application\/ld+json\" class=\"yoast-schema-graph\">{\"@context\":\"https:\/\/schema.org\",\"@graph\":[{\"@type\":\"WebPage\",\"@id\":\"https:\/\/blog.zeit.de\/teilchen\/2016\/05\/20\/kung-fu-aesthetik-visualisierung-tobias-gremmler\/\",\"url\":\"https:\/\/blog.zeit.de\/teilchen\/2016\/05\/20\/kung-fu-aesthetik-visualisierung-tobias-gremmler\/\",\"name\":\"Die \u00c4sthetik von Kung-Fu-Meistern\",\"isPartOf\":{\"@id\":\"https:\/\/blog.zeit.de\/teilchen\/#website\"},\"datePublished\":\"2016-05-20T12:29:07+00:00\",\"dateModified\":\"2016-05-20T12:29:07+00:00\",\"author\":{\"@id\":\"https:\/\/blog.zeit.de\/teilchen\/#\/schema\/person\/bce373921376ffa412e10c362713ba54\"},\"description\":\"F\u00fcr eine Kung-Fu-Ausstellung in Hongkong hat Designer Tobias Gremmler die flie\u00dfenden Bewegungen zweier Kung-Fu-Meister visualisiert.\",\"breadcrumb\":{\"@id\":\"https:\/\/blog.zeit.de\/teilchen\/2016\/05\/20\/kung-fu-aesthetik-visualisierung-tobias-gremmler\/#breadcrumb\"},\"inLanguage\":\"de\",\"potentialAction\":[{\"@type\":\"ReadAction\",\"target\":[\"https:\/\/blog.zeit.de\/teilchen\/2016\/05\/20\/kung-fu-aesthetik-visualisierung-tobias-gremmler\/\"]}]},{\"@type\":\"BreadcrumbList\",\"@id\":\"https:\/\/blog.zeit.de\/teilchen\/2016\/05\/20\/kung-fu-aesthetik-visualisierung-tobias-gremmler\/#breadcrumb\",\"itemListElement\":[{\"@type\":\"ListItem\",\"position\":1,\"name\":\"Startseite\",\"item\":\"https:\/\/blog.zeit.de\/teilchen\/\"},{\"@type\":\"ListItem\",\"position\":2,\"name\":\"Die \u00c4sthetik von Kung-Fu-Meistern\"}]},{\"@type\":\"WebSite\",\"@id\":\"https:\/\/blog.zeit.de\/teilchen\/#website\",\"url\":\"https:\/\/blog.zeit.de\/teilchen\/\",\"name\":\"Teilchen\",\"description\":\"Im Netz verstecken sich kleine Sch\u00e4tze - ZEIT ONLINE findet sie.\",\"potentialAction\":[{\"@type\":\"SearchAction\",\"target\":{\"@type\":\"EntryPoint\",\"urlTemplate\":\"https:\/\/blog.zeit.de\/teilchen\/?s={search_term_string}\"},\"query-input\":\"required name=search_term_string\"}],\"inLanguage\":\"de\"},{\"@type\":\"Person\",\"@id\":\"https:\/\/blog.zeit.de\/teilchen\/#\/schema\/person\/bce373921376ffa412e10c362713ba54\",\"name\":\"Claudia Bracholdt\",\"image\":{\"@type\":\"ImageObject\",\"inLanguage\":\"de\",\"@id\":\"https:\/\/blog.zeit.de\/teilchen\/#\/schema\/person\/image\/\",\"url\":\"https:\/\/secure.gravatar.com\/avatar\/8b6b4e52e06d281c32d1369be2a975e2ba05ceb2d26df1c01f7ebde948d44b82?s=96&d=mm&r=g\",\"contentUrl\":\"https:\/\/secure.gravatar.com\/avatar\/8b6b4e52e06d281c32d1369be2a975e2ba05ceb2d26df1c01f7ebde948d44b82?s=96&d=mm&r=g\",\"caption\":\"Claudia Bracholdt\"},\"description\":\"ist Redakteurin bei ZEIT ONLINE.\",\"url\":\"https:\/\/blog.zeit.de\/teilchen\/author\/claudiabracholdt\/\"}]}<\/script>\n<!-- \/ Yoast SEO plugin. -->","yoast_head_json":{"title":"Die \u00c4sthetik von Kung-Fu-Meistern","description":"F\u00fcr eine Kung-Fu-Ausstellung in Hongkong hat Designer Tobias Gremmler die flie\u00dfenden Bewegungen zweier Kung-Fu-Meister visualisiert.","robots":{"index":"index","follow":"follow","max-snippet":"max-snippet:-1","max-image-preview":"max-image-preview:large","max-video-preview":"max-video-preview:-1"},"canonical":"https:\/\/blog.zeit.de\/teilchen\/2016\/05\/20\/kung-fu-aesthetik-visualisierung-tobias-gremmler\/","og_locale":"de_DE","og_type":"article","og_title":"Die \u00c4sthetik von Kung-Fu-Meistern","og_description":"F\u00fcr eine Kung-Fu-Ausstellung in Hongkong hat Designer Tobias Gremmler die flie\u00dfenden Bewegungen zweier Kung-Fu-Meister visualisiert.","og_url":"https:\/\/blog.zeit.de\/teilchen\/2016\/05\/20\/kung-fu-aesthetik-visualisierung-tobias-gremmler\/","og_site_name":"Teilchen","article_published_time":"2016-05-20T12:29:07+00:00","og_image":[{"width":959,"height":538,"url":"https:\/\/blog.zeit.de\/teilchen\/files\/2016\/05\/kungfu.jpg","type":"image\/jpeg"}],"author":"Claudia Bracholdt","twitter_card":"summary_large_image","twitter_creator":"@zeitonline","twitter_site":"@zeitonline","twitter_misc":{"Geschrieben von":"Claudia Bracholdt","Gesch\u00e4tzte Lesezeit":"1\u00a0Minute"},"schema":{"@context":"https:\/\/schema.org","@graph":[{"@type":"WebPage","@id":"https:\/\/blog.zeit.de\/teilchen\/2016\/05\/20\/kung-fu-aesthetik-visualisierung-tobias-gremmler\/","url":"https:\/\/blog.zeit.de\/teilchen\/2016\/05\/20\/kung-fu-aesthetik-visualisierung-tobias-gremmler\/","name":"Die \u00c4sthetik von Kung-Fu-Meistern","isPartOf":{"@id":"https:\/\/blog.zeit.de\/teilchen\/#website"},"datePublished":"2016-05-20T12:29:07+00:00","dateModified":"2016-05-20T12:29:07+00:00","author":{"@id":"https:\/\/blog.zeit.de\/teilchen\/#\/schema\/person\/bce373921376ffa412e10c362713ba54"},"description":"F\u00fcr eine Kung-Fu-Ausstellung in Hongkong hat Designer Tobias Gremmler die flie\u00dfenden Bewegungen zweier Kung-Fu-Meister visualisiert.","breadcrumb":{"@id":"https:\/\/blog.zeit.de\/teilchen\/2016\/05\/20\/kung-fu-aesthetik-visualisierung-tobias-gremmler\/#breadcrumb"},"inLanguage":"de","potentialAction":[{"@type":"ReadAction","target":["https:\/\/blog.zeit.de\/teilchen\/2016\/05\/20\/kung-fu-aesthetik-visualisierung-tobias-gremmler\/"]}]},{"@type":"BreadcrumbList","@id":"https:\/\/blog.zeit.de\/teilchen\/2016\/05\/20\/kung-fu-aesthetik-visualisierung-tobias-gremmler\/#breadcrumb","itemListElement":[{"@type":"ListItem","position":1,"name":"Startseite","item":"https:\/\/blog.zeit.de\/teilchen\/"},{"@type":"ListItem","position":2,"name":"Die \u00c4sthetik von Kung-Fu-Meistern"}]},{"@type":"WebSite","@id":"https:\/\/blog.zeit.de\/teilchen\/#website","url":"https:\/\/blog.zeit.de\/teilchen\/","name":"Teilchen","description":"Im Netz verstecken sich kleine Sch\u00e4tze - ZEIT ONLINE findet sie.","potentialAction":[{"@type":"SearchAction","target":{"@type":"EntryPoint","urlTemplate":"https:\/\/blog.zeit.de\/teilchen\/?s={search_term_string}"},"query-input":"required name=search_term_string"}],"inLanguage":"de"},{"@type":"Person","@id":"https:\/\/blog.zeit.de\/teilchen\/#\/schema\/person\/bce373921376ffa412e10c362713ba54","name":"Claudia Bracholdt","image":{"@type":"ImageObject","inLanguage":"de","@id":"https:\/\/blog.zeit.de\/teilchen\/#\/schema\/person\/image\/","url":"https:\/\/secure.gravatar.com\/avatar\/8b6b4e52e06d281c32d1369be2a975e2ba05ceb2d26df1c01f7ebde948d44b82?s=96&d=mm&r=g","contentUrl":"https:\/\/secure.gravatar.com\/avatar\/8b6b4e52e06d281c32d1369be2a975e2ba05ceb2d26df1c01f7ebde948d44b82?s=96&d=mm&r=g","caption":"Claudia Bracholdt"},"description":"ist Redakteurin bei ZEIT ONLINE.","url":"https:\/\/blog.zeit.de\/teilchen\/author\/claudiabracholdt\/"}]}},"jetpack_featured_media_url":"https:\/\/blog.zeit.de\/teilchen\/files\/2016\/05\/kungfu.jpg","jetpack_sharing_enabled":true,"_links":{"self":[{"href":"https:\/\/blog.zeit.de\/teilchen\/wp-json\/wp\/v2\/posts\/13222","targetHints":{"allow":["GET"]}}],"collection":[{"href":"https:\/\/blog.zeit.de\/teilchen\/wp-json\/wp\/v2\/posts"}],"about":[{"href":"https:\/\/blog.zeit.de\/teilchen\/wp-json\/wp\/v2\/types\/post"}],"author":[{"embeddable":true,"href":"https:\/\/blog.zeit.de\/teilchen\/wp-json\/wp\/v2\/users\/566"}],"replies":[{"embeddable":true,"href":"https:\/\/blog.zeit.de\/teilchen\/wp-json\/wp\/v2\/comments?post=13222"}],"version-history":[{"count":10,"href":"https:\/\/blog.zeit.de\/teilchen\/wp-json\/wp\/v2\/posts\/13222\/revisions"}],"predecessor-version":[{"id":13244,"href":"https:\/\/blog.zeit.de\/teilchen\/wp-json\/wp\/v2\/posts\/13222\/revisions\/13244"}],"wp:featuredmedia":[{"embeddable":true,"href":"https:\/\/blog.zeit.de\/teilchen\/wp-json\/wp\/v2\/media\/13224"}],"wp:attachment":[{"href":"https:\/\/blog.zeit.de\/teilchen\/wp-json\/wp\/v2\/media?parent=13222"}],"wp:term":[{"taxonomy":"category","embeddable":true,"href":"https:\/\/blog.zeit.de\/teilchen\/wp-json\/wp\/v2\/categories?post=13222"},{"taxonomy":"post_tag","embeddable":true,"href":"https:\/\/blog.zeit.de\/teilchen\/wp-json\/wp\/v2\/tags?post=13222"}],"curies":[{"name":"wp","href":"https:\/\/api.w.org\/{rel}","templated":true}]}}