{"id":13295,"date":"2016-05-24T19:06:37","date_gmt":"2016-05-24T17:06:37","guid":{"rendered":"http:\/\/blog.zeit.de\/teilchen\/?p=13295"},"modified":"2016-05-26T12:52:57","modified_gmt":"2016-05-26T10:52:57","slug":"tief-drunten-unterm-berg","status":"publish","type":"post","link":"https:\/\/blog.zeit.de\/teilchen\/2016\/05\/24\/tief-drunten-unterm-berg\/","title":{"rendered":"Tief drunten unterm Berg"},"content":{"rendered":"\n<div class=\"embed-wrapper embed-wrapper--blocked js-embed-consent\" data-method=\"embed\">\n<script class=\"raw__source\" type=\"text\/template\"><iframe loading=\"lazy\" title=\"Der Gotthard-Basistunnel | 360\u00b0 | Doku | SRF Dok\" width=\"640\" height=\"360\" src=\"https:\/\/www.youtube-nocookie.com\/embed\/qDSCtXvL51o?feature=oembed\" frameborder=\"0\" allow=\"accelerometer; autoplay; clipboard-write; encrypted-media; gyroscope; picture-in-picture; web-share\" referrerpolicy=\"strict-origin-when-cross-origin\" allowfullscreen><\/iframe><\/script>\n<div class=\"embed-wrapper__inner\">\n<div class=\"embed-wrapper__text\">\n<h3>Empfohlener redaktioneller Inhalt<\/h3>\n<p data-replace=\"no\">An dieser Stelle finden Sie externen Inhalt, der den Artikel erg\u00e4nzt. Sie k\u00f6nnen sich externe Inhalte mit einem Klick anzeigen lassen und wieder ausblenden.<noscript>Bitte aktivieren Sie JavaScript damit Sie diesen Inhalt anzeigen k\u00f6nnen.<\/noscript><\/p>\n<\/div>\n<div class=\"embed-consent\">\n<label class=\"embed-consent__toggle\">\n<input class=\"js-embed-consent__toggle\" type=\"checkbox\" autocomplete=\"off\">\n<span><\/span>\nExterner Inhalt\n<\/label>\n<a href=\"https:\/\/www.zeit.de\/hilfe\/datenschutz\" target=\"_blank\" class=\"embed-consent__datalink-when-active\">Datenschutzerkl\u00e4rung<\/a>\n<\/div>\n<div class=\"embed-wrapper__footer\">\n<p data-replace=\"no\">\nIch bin damit einverstanden, dass mir externe Inhalte angezeigt werden. Damit k\u00f6nnen personenbezogene Daten an Drittplattformen \u00fcbermittelt werden. <a href=\"https:\/\/www.zeit.de\/hilfe\/datenschutz\" target=\"_blank\">Mehr dazu in unserer Datenschutzerkl\u00e4rung.<\/a>\n<\/p>\n<\/div>\n<\/div>\n<\/div>\n<p>Noch ist er nicht er\u00f6ffnet, der neue Gotthard-Basistunnel, aber dank der Kollegen vom Schweizer Fernsehen kann man schon mal durchkacheln und das im <a href=\"http:\/\/www.zeit.de\/digital\/games\/2016-03\/oculus-rift-consumer-version-cv1-test\">Virtual-Reality<\/a>-gerechten 360 Grad Modus. Wir lernen, dass es tief unter den Alpen versteckte T\u00fcmpel und Geisterbahnh\u00f6fe gibt und dass die Ingenieure das Soundsystem f\u00fcr Notfalldurchsagen am liebsten mit Beethoven getestet haben.<\/p>\n<p><!--more--><\/p>\n<p>Da es trotzdem nur um einen \u2013 wenn auch sehr langen \u2013 Eisenbahntunnel geht, schie\u00dft die Kamera auch mal durch die Decke und gleitet \u00fcber die Bergmassive. Ob die 57 Kilometer lange Doppelr\u00f6hre die chronisch <a href=\"http:\/\/www.zeit.de\/2016\/18\/stau-schweiz-autobahnen-milchkuh-initiative\">Stau geplagte<\/a> Schweiz sp\u00fcrbar entlasten wird, bleibt abzuwarten, ganz sicher ist sie ein Highlight f\u00fcr Eisenbahnfans und f\u00fcr alle, die auf lange Tunnelfahrten stehen.<\/p>\n<p><em>Weitere teilenswerte Geschichten, Videos und Grafiken aus dem Netz finden Sie im <a href=\"https:\/\/blog.zeit.de\/teilchen\/\">Teilchen Blog.<\/a><\/em><\/p>\n","protected":false},"excerpt":{"rendered":"<p>Empfohlener redaktioneller Inhalt An dieser Stelle finden Sie externen Inhalt, der den Artikel erg\u00e4nzt. Sie k\u00f6nnen sich externe Inhalte mit einem Klick anzeigen lassen [\u2026]<\/p>\n","protected":false},"author":512,"featured_media":13307,"comment_status":"open","ping_status":"closed","sticky":false,"template":"","format":"standard","meta":{"_jetpack_memberships_contains_paid_content":false,"footnotes":""},"categories":[28],"tags":[],"class_list":["post-13295","post","type-post","status-publish","format-standard","has-post-thumbnail","hentry","category-video"],"yoast_head":"<!-- This site is optimized with the Yoast SEO plugin v21.0 - https:\/\/yoast.com\/wordpress\/plugins\/seo\/ -->\n<title>Gotthard-Basistunnel: Tief drunten unterm Berg<\/title>\n<meta name=\"description\" content=\"Der Gotthard-Basistunnel ist noch nicht er\u00f6ffnet. Vorab l\u00e4sst sich aber schon eine virtuelle 360\u00b0-Tour durch den Berg unternehmen.\" \/>\n<meta name=\"robots\" content=\"index, follow, max-snippet:-1, max-image-preview:large, max-video-preview:-1\" \/>\n<link rel=\"canonical\" href=\"https:\/\/blog.zeit.de\/teilchen\/2016\/05\/24\/tief-drunten-unterm-berg\/\" \/>\n<meta property=\"og:locale\" content=\"de_DE\" \/>\n<meta property=\"og:type\" content=\"article\" \/>\n<meta property=\"og:title\" content=\"Gotthard-Basistunnel: Tief drunten unterm Berg\" \/>\n<meta property=\"og:description\" content=\"Der Gotthard-Basistunnel ist noch nicht er\u00f6ffnet. Vorab l\u00e4sst sich aber schon eine virtuelle 360\u00b0-Tour durch den Berg unternehmen.\" \/>\n<meta property=\"og:url\" content=\"https:\/\/blog.zeit.de\/teilchen\/2016\/05\/24\/tief-drunten-unterm-berg\/\" \/>\n<meta property=\"og:site_name\" content=\"Teilchen\" \/>\n<meta property=\"article:published_time\" content=\"2016-05-24T17:06:37+00:00\" \/>\n<meta property=\"article:modified_time\" content=\"2016-05-26T10:52:57+00:00\" \/>\n<meta property=\"og:image\" content=\"https:\/\/blog.zeit.de\/teilchen\/files\/2016\/05\/GotthardStill.jpg\" \/>\n\t<meta property=\"og:image:width\" content=\"640\" \/>\n\t<meta property=\"og:image:height\" content=\"359\" \/>\n\t<meta property=\"og:image:type\" content=\"image\/jpeg\" \/>\n<meta name=\"author\" content=\"Ute Brandenburger\" \/>\n<meta name=\"twitter:card\" content=\"summary_large_image\" \/>\n<meta name=\"twitter:creator\" content=\"@zeitonline\" \/>\n<meta name=\"twitter:site\" content=\"@zeitonline\" \/>\n<meta name=\"twitter:label1\" content=\"Geschrieben von\" \/>\n\t<meta name=\"twitter:data1\" content=\"Ute Brandenburger\" \/>\n\t<meta name=\"twitter:label2\" content=\"Gesch\u00e4tzte Lesezeit\" \/>\n\t<meta name=\"twitter:data2\" content=\"1\u00a0Minute\" \/>\n<script type=\"application\/ld+json\" class=\"yoast-schema-graph\">{\"@context\":\"https:\/\/schema.org\",\"@graph\":[{\"@type\":\"WebPage\",\"@id\":\"https:\/\/blog.zeit.de\/teilchen\/2016\/05\/24\/tief-drunten-unterm-berg\/\",\"url\":\"https:\/\/blog.zeit.de\/teilchen\/2016\/05\/24\/tief-drunten-unterm-berg\/\",\"name\":\"Gotthard-Basistunnel: Tief drunten unterm Berg\",\"isPartOf\":{\"@id\":\"https:\/\/blog.zeit.de\/teilchen\/#website\"},\"datePublished\":\"2016-05-24T17:06:37+00:00\",\"dateModified\":\"2016-05-26T10:52:57+00:00\",\"author\":{\"@id\":\"https:\/\/blog.zeit.de\/teilchen\/#\/schema\/person\/3599364aa80e33724066a76409d02a81\"},\"description\":\"Der Gotthard-Basistunnel ist noch nicht er\u00f6ffnet. Vorab l\u00e4sst sich aber schon eine virtuelle 360\u00b0-Tour durch den Berg unternehmen.\",\"breadcrumb\":{\"@id\":\"https:\/\/blog.zeit.de\/teilchen\/2016\/05\/24\/tief-drunten-unterm-berg\/#breadcrumb\"},\"inLanguage\":\"de\",\"potentialAction\":[{\"@type\":\"ReadAction\",\"target\":[\"https:\/\/blog.zeit.de\/teilchen\/2016\/05\/24\/tief-drunten-unterm-berg\/\"]}]},{\"@type\":\"BreadcrumbList\",\"@id\":\"https:\/\/blog.zeit.de\/teilchen\/2016\/05\/24\/tief-drunten-unterm-berg\/#breadcrumb\",\"itemListElement\":[{\"@type\":\"ListItem\",\"position\":1,\"name\":\"Startseite\",\"item\":\"https:\/\/blog.zeit.de\/teilchen\/\"},{\"@type\":\"ListItem\",\"position\":2,\"name\":\"Tief drunten unterm Berg\"}]},{\"@type\":\"WebSite\",\"@id\":\"https:\/\/blog.zeit.de\/teilchen\/#website\",\"url\":\"https:\/\/blog.zeit.de\/teilchen\/\",\"name\":\"Teilchen\",\"description\":\"Im Netz verstecken sich kleine Sch\u00e4tze - ZEIT ONLINE findet sie.\",\"potentialAction\":[{\"@type\":\"SearchAction\",\"target\":{\"@type\":\"EntryPoint\",\"urlTemplate\":\"https:\/\/blog.zeit.de\/teilchen\/?s={search_term_string}\"},\"query-input\":\"required name=search_term_string\"}],\"inLanguage\":\"de\"},{\"@type\":\"Person\",\"@id\":\"https:\/\/blog.zeit.de\/teilchen\/#\/schema\/person\/3599364aa80e33724066a76409d02a81\",\"name\":\"Ute Brandenburger\",\"image\":{\"@type\":\"ImageObject\",\"inLanguage\":\"de\",\"@id\":\"https:\/\/blog.zeit.de\/teilchen\/#\/schema\/person\/image\/\",\"url\":\"https:\/\/secure.gravatar.com\/avatar\/3ae1b71ab9eac8344bcb58029669bed2b7885f48c244759bdd77bab578bee5dc?s=96&d=mm&r=g\",\"contentUrl\":\"https:\/\/secure.gravatar.com\/avatar\/3ae1b71ab9eac8344bcb58029669bed2b7885f48c244759bdd77bab578bee5dc?s=96&d=mm&r=g\",\"caption\":\"Ute Brandenburger\"},\"description\":\"ist Redakteurin bei ZEIT ONLINE.\",\"url\":\"https:\/\/blog.zeit.de\/teilchen\/author\/ubrandenburger\/\"}]}<\/script>\n<!-- \/ Yoast SEO plugin. -->","yoast_head_json":{"title":"Gotthard-Basistunnel: Tief drunten unterm Berg","description":"Der Gotthard-Basistunnel ist noch nicht er\u00f6ffnet. Vorab l\u00e4sst sich aber schon eine virtuelle 360\u00b0-Tour durch den Berg unternehmen.","robots":{"index":"index","follow":"follow","max-snippet":"max-snippet:-1","max-image-preview":"max-image-preview:large","max-video-preview":"max-video-preview:-1"},"canonical":"https:\/\/blog.zeit.de\/teilchen\/2016\/05\/24\/tief-drunten-unterm-berg\/","og_locale":"de_DE","og_type":"article","og_title":"Gotthard-Basistunnel: Tief drunten unterm Berg","og_description":"Der Gotthard-Basistunnel ist noch nicht er\u00f6ffnet. Vorab l\u00e4sst sich aber schon eine virtuelle 360\u00b0-Tour durch den Berg unternehmen.","og_url":"https:\/\/blog.zeit.de\/teilchen\/2016\/05\/24\/tief-drunten-unterm-berg\/","og_site_name":"Teilchen","article_published_time":"2016-05-24T17:06:37+00:00","article_modified_time":"2016-05-26T10:52:57+00:00","og_image":[{"width":640,"height":359,"url":"https:\/\/blog.zeit.de\/teilchen\/files\/2016\/05\/GotthardStill.jpg","type":"image\/jpeg"}],"author":"Ute Brandenburger","twitter_card":"summary_large_image","twitter_creator":"@zeitonline","twitter_site":"@zeitonline","twitter_misc":{"Geschrieben von":"Ute Brandenburger","Gesch\u00e4tzte Lesezeit":"1\u00a0Minute"},"schema":{"@context":"https:\/\/schema.org","@graph":[{"@type":"WebPage","@id":"https:\/\/blog.zeit.de\/teilchen\/2016\/05\/24\/tief-drunten-unterm-berg\/","url":"https:\/\/blog.zeit.de\/teilchen\/2016\/05\/24\/tief-drunten-unterm-berg\/","name":"Gotthard-Basistunnel: Tief drunten unterm Berg","isPartOf":{"@id":"https:\/\/blog.zeit.de\/teilchen\/#website"},"datePublished":"2016-05-24T17:06:37+00:00","dateModified":"2016-05-26T10:52:57+00:00","author":{"@id":"https:\/\/blog.zeit.de\/teilchen\/#\/schema\/person\/3599364aa80e33724066a76409d02a81"},"description":"Der Gotthard-Basistunnel ist noch nicht er\u00f6ffnet. Vorab l\u00e4sst sich aber schon eine virtuelle 360\u00b0-Tour durch den Berg unternehmen.","breadcrumb":{"@id":"https:\/\/blog.zeit.de\/teilchen\/2016\/05\/24\/tief-drunten-unterm-berg\/#breadcrumb"},"inLanguage":"de","potentialAction":[{"@type":"ReadAction","target":["https:\/\/blog.zeit.de\/teilchen\/2016\/05\/24\/tief-drunten-unterm-berg\/"]}]},{"@type":"BreadcrumbList","@id":"https:\/\/blog.zeit.de\/teilchen\/2016\/05\/24\/tief-drunten-unterm-berg\/#breadcrumb","itemListElement":[{"@type":"ListItem","position":1,"name":"Startseite","item":"https:\/\/blog.zeit.de\/teilchen\/"},{"@type":"ListItem","position":2,"name":"Tief drunten unterm Berg"}]},{"@type":"WebSite","@id":"https:\/\/blog.zeit.de\/teilchen\/#website","url":"https:\/\/blog.zeit.de\/teilchen\/","name":"Teilchen","description":"Im Netz verstecken sich kleine Sch\u00e4tze - ZEIT ONLINE findet sie.","potentialAction":[{"@type":"SearchAction","target":{"@type":"EntryPoint","urlTemplate":"https:\/\/blog.zeit.de\/teilchen\/?s={search_term_string}"},"query-input":"required name=search_term_string"}],"inLanguage":"de"},{"@type":"Person","@id":"https:\/\/blog.zeit.de\/teilchen\/#\/schema\/person\/3599364aa80e33724066a76409d02a81","name":"Ute Brandenburger","image":{"@type":"ImageObject","inLanguage":"de","@id":"https:\/\/blog.zeit.de\/teilchen\/#\/schema\/person\/image\/","url":"https:\/\/secure.gravatar.com\/avatar\/3ae1b71ab9eac8344bcb58029669bed2b7885f48c244759bdd77bab578bee5dc?s=96&d=mm&r=g","contentUrl":"https:\/\/secure.gravatar.com\/avatar\/3ae1b71ab9eac8344bcb58029669bed2b7885f48c244759bdd77bab578bee5dc?s=96&d=mm&r=g","caption":"Ute Brandenburger"},"description":"ist Redakteurin bei ZEIT ONLINE.","url":"https:\/\/blog.zeit.de\/teilchen\/author\/ubrandenburger\/"}]}},"jetpack_featured_media_url":"https:\/\/blog.zeit.de\/teilchen\/files\/2016\/05\/GotthardStill.jpg","jetpack_sharing_enabled":true,"_links":{"self":[{"href":"https:\/\/blog.zeit.de\/teilchen\/wp-json\/wp\/v2\/posts\/13295","targetHints":{"allow":["GET"]}}],"collection":[{"href":"https:\/\/blog.zeit.de\/teilchen\/wp-json\/wp\/v2\/posts"}],"about":[{"href":"https:\/\/blog.zeit.de\/teilchen\/wp-json\/wp\/v2\/types\/post"}],"author":[{"embeddable":true,"href":"https:\/\/blog.zeit.de\/teilchen\/wp-json\/wp\/v2\/users\/512"}],"replies":[{"embeddable":true,"href":"https:\/\/blog.zeit.de\/teilchen\/wp-json\/wp\/v2\/comments?post=13295"}],"version-history":[{"count":6,"href":"https:\/\/blog.zeit.de\/teilchen\/wp-json\/wp\/v2\/posts\/13295\/revisions"}],"predecessor-version":[{"id":13326,"href":"https:\/\/blog.zeit.de\/teilchen\/wp-json\/wp\/v2\/posts\/13295\/revisions\/13326"}],"wp:featuredmedia":[{"embeddable":true,"href":"https:\/\/blog.zeit.de\/teilchen\/wp-json\/wp\/v2\/media\/13307"}],"wp:attachment":[{"href":"https:\/\/blog.zeit.de\/teilchen\/wp-json\/wp\/v2\/media?parent=13295"}],"wp:term":[{"taxonomy":"category","embeddable":true,"href":"https:\/\/blog.zeit.de\/teilchen\/wp-json\/wp\/v2\/categories?post=13295"},{"taxonomy":"post_tag","embeddable":true,"href":"https:\/\/blog.zeit.de\/teilchen\/wp-json\/wp\/v2\/tags?post=13295"}],"curies":[{"name":"wp","href":"https:\/\/api.w.org\/{rel}","templated":true}]}}