{"id":13335,"date":"2016-05-25T15:28:20","date_gmt":"2016-05-25T13:28:20","guid":{"rendered":"http:\/\/blog.zeit.de\/teilchen\/?p=13335"},"modified":"2016-05-25T17:26:51","modified_gmt":"2016-05-25T15:26:51","slug":"deutsche-migrationshintergrund-vielfalt-kinderschokolade-pegida","status":"publish","type":"post","link":"https:\/\/blog.zeit.de\/teilchen\/2016\/05\/25\/deutsche-migrationshintergrund-vielfalt-kinderschokolade-pegida\/","title":{"rendered":"So sieht Deutschland aus, Pegida!"},"content":{"rendered":"\n<div class=\"embed-wrapper embed-wrapper--blocked js-embed-consent\" data-method=\"embed\">\n<script class=\"raw__source\" type=\"text\/template\"><div class=\"embed-twitter\"><blockquote class=\"twitter-tweet\" data-width=\"550\" data-dnt=\"true\"><p data-replace lang=\"de\" dir=\"ltr\">Wir sind so s\u00fc\u00df und fabelhaft und so deutsch! Yalla macht mit bei <a href=\"https:\/\/twitter.com\/hashtag\/cutesolidarity?src=hash&amp;ref_src=twsrc%5Etfw\">#cutesolidarity<\/a> und postet eure Kinderbilder gegen <a href=\"https:\/\/twitter.com\/hashtag\/Pegida?src=hash&amp;ref_src=twsrc%5Etfw\">#Pegida<\/a><\/p>&mdash; Mohamed Amjahid (@mamjahid) <a href=\"https:\/\/twitter.com\/mamjahid\/status\/735410070901657601?ref_src=twsrc%5Etfw\">May 25, 2016<\/a><\/blockquote><scr+ipt async src=\"https:\/\/platform.twitter.com\/widgets.js\" charset=\"utf-8\"><\/scr+ipt><\/div><\/script>\n<div class=\"embed-wrapper__inner\">\n<div class=\"embed-wrapper__text\">\n<h3>Empfohlener redaktioneller Inhalt<\/h3>\n<p data-replace=\"no\">An dieser Stelle finden Sie externen Inhalt, der den Artikel erg\u00e4nzt. Sie k\u00f6nnen sich externe Inhalte mit einem Klick anzeigen lassen und wieder ausblenden.<noscript>Bitte aktivieren Sie JavaScript damit Sie diesen Inhalt anzeigen k\u00f6nnen.<\/noscript><\/p>\n<\/div>\n<div class=\"embed-consent\">\n<label class=\"embed-consent__toggle\">\n<input class=\"js-embed-consent__toggle\" type=\"checkbox\" autocomplete=\"off\">\n<span><\/span>\nExterner Inhalt\n<\/label>\n<a href=\"https:\/\/www.zeit.de\/hilfe\/datenschutz\" target=\"_blank\" class=\"embed-consent__datalink-when-active\">Datenschutzerkl\u00e4rung<\/a>\n<\/div>\n<div class=\"embed-wrapper__footer\">\n<p data-replace=\"no\">\nIch bin damit einverstanden, dass mir externe Inhalte angezeigt werden. Damit k\u00f6nnen personenbezogene Daten an Drittplattformen \u00fcbermittelt werden. <a href=\"https:\/\/www.zeit.de\/hilfe\/datenschutz\" target=\"_blank\">Mehr dazu in unserer Datenschutzerkl\u00e4rung.<\/a>\n<\/p>\n<\/div>\n<\/div>\n<\/div>\n<p>Menschen, die in Deutschland leben, k\u00f6nnen dunkle Locken haben, eine schwarze Hautfarbe, blaue Augen, sie k\u00f6nnen an Allah glauben, an Jesus oder an gar nichts. Die meisten haben laut Pass die deutsche Staatsb\u00fcrgerschaft \u2013 und von ihnen\u00a0fahren wiederum die 23 besten Fu\u00dfballspieler zur EM nach Frankreich. Klingt einfach, doch im Lager der besorgten B\u00fcrger ist die Sache etwas komplizierter. <a href=\"http:\/\/www.zeit.de\/sport\/2016-05\/deutsche-nationalmannschaft-ferrero-kinderschokolade-pegida-wirrkoepfe\" target=\"_blank\">Dort \u00e4rgert man sich in einem Facebook-Posting dar\u00fcber, dass der Ferrero-Konzern auf der EM-Edition seiner Kinderschokolade nicht nur Fotos des kleinen Mario G\u00f6tze abgebildet hat<\/a> \u2013 sondern auch von J\u00e9r\u00f4me Boateng und \u0130lkay G\u00fcndo\u011fan. Auf Twitter bekommen die Pegidisten nun erkl\u00e4rt, dass Deutsche nicht zwingend aussehen m\u00fcssen wie Lukas Podolski.<\/p>\n<p><!--more--><a href=\"https:\/\/twitter.com\/hashtag\/cutesolidarity?src=hash\" target=\"_blank\">#cutesolidarity<\/a> hei\u00dft der Hashtag, unter dem Deutsche mit Migrationshintergrund Familien- und Kinderbilder posten \u2013 und beweisen, welche Farben zu Deutschland geh\u00f6ren. Den Ansto\u00df gab <a href=\"https:\/\/twitter.com\/mamjahid\/status\/735410070901657601?ref_src=twsrc^tfw\" target=\"_blank\">Mohamed Amjahid<\/a>, Reporter des ZEITmagazins, der gerade im Ausland unterwegs ist. Auch Amjahid sah die Hetze gegen die Fu\u00dfballer-Fotos und erinnerte sich an ein Kinderfoto von sich selbst, das ihm seine Mutter k\u00fcrzlich schickte \u2013 &#8222;Mamas arabischer Prinz, made in Germany&#8220;, sagt er selbst dazu.<\/p>\n\n<div class=\"embed-wrapper embed-wrapper--blocked js-embed-consent\" data-method=\"embed\">\n<script class=\"raw__source\" type=\"text\/template\"><div class=\"embed-twitter\"><blockquote class=\"twitter-tweet\" data-width=\"550\" data-dnt=\"true\"><p data-replace lang=\"de\" dir=\"ltr\"><a href=\"https:\/\/twitter.com\/hashtag\/Pegida?src=hash&amp;ref_src=twsrc%5Etfw\">#Pegida<\/a> hetzt wegen Kinderfotos von @MesutOzil1088 &amp; <a href=\"https:\/\/twitter.com\/ilkaygundogan08?ref_src=twsrc%5Etfw\">@ilkaygundogan08<\/a>. CUTE SOLIDARITY! <a href=\"https:\/\/t.co\/iV1Pjx9Y8H\">https:\/\/t.co\/iV1Pjx9Y8H<\/a> <a href=\"https:\/\/t.co\/BKWJi0iNA0\">pic.twitter.com\/BKWJi0iNA0<\/a><\/p>&mdash; Mohamed Amjahid (@mamjahid) <a href=\"https:\/\/twitter.com\/mamjahid\/status\/735388505036181504?ref_src=twsrc%5Etfw\">May 25, 2016<\/a><\/blockquote><scr+ipt async src=\"https:\/\/platform.twitter.com\/widgets.js\" charset=\"utf-8\"><\/scr+ipt><\/div><\/script>\n<div class=\"embed-wrapper__inner\">\n<div class=\"embed-wrapper__text\">\n<h3>Empfohlener redaktioneller Inhalt<\/h3>\n<p data-replace=\"no\">An dieser Stelle finden Sie externen Inhalt, der den Artikel erg\u00e4nzt. Sie k\u00f6nnen sich externe Inhalte mit einem Klick anzeigen lassen und wieder ausblenden.<noscript>Bitte aktivieren Sie JavaScript damit Sie diesen Inhalt anzeigen k\u00f6nnen.<\/noscript><\/p>\n<\/div>\n<div class=\"embed-consent\">\n<label class=\"embed-consent__toggle\">\n<input class=\"js-embed-consent__toggle\" type=\"checkbox\" autocomplete=\"off\">\n<span><\/span>\nExterner Inhalt\n<\/label>\n<a href=\"https:\/\/www.zeit.de\/hilfe\/datenschutz\" target=\"_blank\" class=\"embed-consent__datalink-when-active\">Datenschutzerkl\u00e4rung<\/a>\n<\/div>\n<div class=\"embed-wrapper__footer\">\n<p data-replace=\"no\">\nIch bin damit einverstanden, dass mir externe Inhalte angezeigt werden. Damit k\u00f6nnen personenbezogene Daten an Drittplattformen \u00fcbermittelt werden. <a href=\"https:\/\/www.zeit.de\/hilfe\/datenschutz\" target=\"_blank\">Mehr dazu in unserer Datenschutzerkl\u00e4rung.<\/a>\n<\/p>\n<\/div>\n<\/div>\n<\/div>\n<p>Innerhalb weniger Minuten verbreitete sich die Botschaft in den sozialen Netzwerken, Hunderte Tweets mit ziemlich s\u00fc\u00dfen Kinderbildern fluten seitdem Twitter:<\/p>\n\n<div class=\"embed-wrapper embed-wrapper--blocked js-embed-consent\" data-method=\"embed\">\n<script class=\"raw__source\" type=\"text\/template\"><div class=\"embed-twitter\"><blockquote class=\"twitter-tweet\" data-width=\"550\" data-dnt=\"true\"><p data-replace lang=\"de\" dir=\"ltr\">So sieht ne deutsche Familie aus, <a href=\"https:\/\/twitter.com\/hashtag\/Pegida?src=hash&amp;ref_src=twsrc%5Etfw\">#Pegida<\/a>! Werdet fertig damit! <a href=\"https:\/\/twitter.com\/hashtag\/cutesolidarity?src=hash&amp;ref_src=twsrc%5Etfw\">#cutesolidarity<\/a> <a href=\"https:\/\/t.co\/najNLzDdvF\">pic.twitter.com\/najNLzDdvF<\/a><\/p>&mdash; Hasnain Kazim (@HasnainKazim) <a href=\"https:\/\/twitter.com\/HasnainKazim\/status\/735423118966181888?ref_src=twsrc%5Etfw\">May 25, 2016<\/a><\/blockquote><scr+ipt async src=\"https:\/\/platform.twitter.com\/widgets.js\" charset=\"utf-8\"><\/scr+ipt><\/div><\/script>\n<div class=\"embed-wrapper__inner\">\n<div class=\"embed-wrapper__text\">\n<h3>Empfohlener redaktioneller Inhalt<\/h3>\n<p data-replace=\"no\">An dieser Stelle finden Sie externen Inhalt, der den Artikel erg\u00e4nzt. Sie k\u00f6nnen sich externe Inhalte mit einem Klick anzeigen lassen und wieder ausblenden.<noscript>Bitte aktivieren Sie JavaScript damit Sie diesen Inhalt anzeigen k\u00f6nnen.<\/noscript><\/p>\n<\/div>\n<div class=\"embed-consent\">\n<label class=\"embed-consent__toggle\">\n<input class=\"js-embed-consent__toggle\" type=\"checkbox\" autocomplete=\"off\">\n<span><\/span>\nExterner Inhalt\n<\/label>\n<a href=\"https:\/\/www.zeit.de\/hilfe\/datenschutz\" target=\"_blank\" class=\"embed-consent__datalink-when-active\">Datenschutzerkl\u00e4rung<\/a>\n<\/div>\n<div class=\"embed-wrapper__footer\">\n<p data-replace=\"no\">\nIch bin damit einverstanden, dass mir externe Inhalte angezeigt werden. Damit k\u00f6nnen personenbezogene Daten an Drittplattformen \u00fcbermittelt werden. <a href=\"https:\/\/www.zeit.de\/hilfe\/datenschutz\" target=\"_blank\">Mehr dazu in unserer Datenschutzerkl\u00e4rung.<\/a>\n<\/p>\n<\/div>\n<\/div>\n<\/div>\n\n<div class=\"embed-wrapper embed-wrapper--blocked js-embed-consent\" data-method=\"embed\">\n<script class=\"raw__source\" type=\"text\/template\"><div class=\"embed-twitter\"><blockquote class=\"twitter-tweet\" data-width=\"550\" data-dnt=\"true\"><p data-replace lang=\"de\" dir=\"ltr\">Tolle Idee von <a href=\"https:\/\/twitter.com\/mamjahid?ref_src=twsrc%5Etfw\">@mamjahid<\/a>. \ud83d\udc9c <a href=\"https:\/\/twitter.com\/hashtag\/cutesolidarity?src=hash&amp;ref_src=twsrc%5Etfw\">#cutesolidarity<\/a> <a href=\"https:\/\/t.co\/OraTS2wDTv\">pic.twitter.com\/OraTS2wDTv<\/a><\/p>&mdash; Anna Aridzanjan (@textautomat) <a href=\"https:\/\/twitter.com\/textautomat\/status\/735425805849886721?ref_src=twsrc%5Etfw\">May 25, 2016<\/a><\/blockquote><scr+ipt async src=\"https:\/\/platform.twitter.com\/widgets.js\" charset=\"utf-8\"><\/scr+ipt><\/div><\/script>\n<div class=\"embed-wrapper__inner\">\n<div class=\"embed-wrapper__text\">\n<h3>Empfohlener redaktioneller Inhalt<\/h3>\n<p data-replace=\"no\">An dieser Stelle finden Sie externen Inhalt, der den Artikel erg\u00e4nzt. Sie k\u00f6nnen sich externe Inhalte mit einem Klick anzeigen lassen und wieder ausblenden.<noscript>Bitte aktivieren Sie JavaScript damit Sie diesen Inhalt anzeigen k\u00f6nnen.<\/noscript><\/p>\n<\/div>\n<div class=\"embed-consent\">\n<label class=\"embed-consent__toggle\">\n<input class=\"js-embed-consent__toggle\" type=\"checkbox\" autocomplete=\"off\">\n<span><\/span>\nExterner Inhalt\n<\/label>\n<a href=\"https:\/\/www.zeit.de\/hilfe\/datenschutz\" target=\"_blank\" class=\"embed-consent__datalink-when-active\">Datenschutzerkl\u00e4rung<\/a>\n<\/div>\n<div class=\"embed-wrapper__footer\">\n<p data-replace=\"no\">\nIch bin damit einverstanden, dass mir externe Inhalte angezeigt werden. Damit k\u00f6nnen personenbezogene Daten an Drittplattformen \u00fcbermittelt werden. <a href=\"https:\/\/www.zeit.de\/hilfe\/datenschutz\" target=\"_blank\">Mehr dazu in unserer Datenschutzerkl\u00e4rung.<\/a>\n<\/p>\n<\/div>\n<\/div>\n<\/div>\n\n<div class=\"embed-wrapper embed-wrapper--blocked js-embed-consent\" data-method=\"embed\">\n<script class=\"raw__source\" type=\"text\/template\"><div class=\"embed-twitter\"><blockquote class=\"twitter-tweet\" data-width=\"550\" data-dnt=\"true\"><p data-replace lang=\"de\" dir=\"ltr\">Dieser <a href=\"https:\/\/twitter.com\/mamjahid?ref_src=twsrc%5Etfw\">@mamjahid<\/a> ist eine Hashtag-Maschine. <a href=\"https:\/\/twitter.com\/hashtag\/cutesolidarity?src=hash&amp;ref_src=twsrc%5Etfw\">#cutesolidarity<\/a> <a href=\"https:\/\/t.co\/5aTWwiAC6T\">pic.twitter.com\/5aTWwiAC6T<\/a><\/p>&mdash; Martin Niewendick (@Echtzeitreise) <a href=\"https:\/\/twitter.com\/Echtzeitreise\/status\/735427793517940737?ref_src=twsrc%5Etfw\">May 25, 2016<\/a><\/blockquote><scr+ipt async src=\"https:\/\/platform.twitter.com\/widgets.js\" charset=\"utf-8\"><\/scr+ipt><\/div><\/script>\n<div class=\"embed-wrapper__inner\">\n<div class=\"embed-wrapper__text\">\n<h3>Empfohlener redaktioneller Inhalt<\/h3>\n<p data-replace=\"no\">An dieser Stelle finden Sie externen Inhalt, der den Artikel erg\u00e4nzt. Sie k\u00f6nnen sich externe Inhalte mit einem Klick anzeigen lassen und wieder ausblenden.<noscript>Bitte aktivieren Sie JavaScript damit Sie diesen Inhalt anzeigen k\u00f6nnen.<\/noscript><\/p>\n<\/div>\n<div class=\"embed-consent\">\n<label class=\"embed-consent__toggle\">\n<input class=\"js-embed-consent__toggle\" type=\"checkbox\" autocomplete=\"off\">\n<span><\/span>\nExterner Inhalt\n<\/label>\n<a href=\"https:\/\/www.zeit.de\/hilfe\/datenschutz\" target=\"_blank\" class=\"embed-consent__datalink-when-active\">Datenschutzerkl\u00e4rung<\/a>\n<\/div>\n<div class=\"embed-wrapper__footer\">\n<p data-replace=\"no\">\nIch bin damit einverstanden, dass mir externe Inhalte angezeigt werden. Damit k\u00f6nnen personenbezogene Daten an Drittplattformen \u00fcbermittelt werden. <a href=\"https:\/\/www.zeit.de\/hilfe\/datenschutz\" target=\"_blank\">Mehr dazu in unserer Datenschutzerkl\u00e4rung.<\/a>\n<\/p>\n<\/div>\n<\/div>\n<\/div>\n<p>https:\/\/twitter.com\/rosalaut\/status\/735436870277050369<\/p>\n\n<div class=\"embed-wrapper embed-wrapper--blocked js-embed-consent\" data-method=\"embed\">\n<script class=\"raw__source\" type=\"text\/template\"><div class=\"embed-twitter\"><blockquote class=\"twitter-tweet\" data-width=\"550\" data-dnt=\"true\"><p data-replace lang=\"qme\" dir=\"ltr\"><a href=\"https:\/\/twitter.com\/hashtag\/cutesolidarity?src=hash&amp;ref_src=twsrc%5Etfw\">#cutesolidarity<\/a> <a href=\"https:\/\/t.co\/jcMJZdz2FR\">pic.twitter.com\/jcMJZdz2FR<\/a><\/p>&mdash; Luciana Asparria (@LucianaAsparria) <a href=\"https:\/\/twitter.com\/LucianaAsparria\/status\/735435956468260864?ref_src=twsrc%5Etfw\">May 25, 2016<\/a><\/blockquote><scr+ipt async src=\"https:\/\/platform.twitter.com\/widgets.js\" charset=\"utf-8\"><\/scr+ipt><\/div><\/script>\n<div class=\"embed-wrapper__inner\">\n<div class=\"embed-wrapper__text\">\n<h3>Empfohlener redaktioneller Inhalt<\/h3>\n<p data-replace=\"no\">An dieser Stelle finden Sie externen Inhalt, der den Artikel erg\u00e4nzt. Sie k\u00f6nnen sich externe Inhalte mit einem Klick anzeigen lassen und wieder ausblenden.<noscript>Bitte aktivieren Sie JavaScript damit Sie diesen Inhalt anzeigen k\u00f6nnen.<\/noscript><\/p>\n<\/div>\n<div class=\"embed-consent\">\n<label class=\"embed-consent__toggle\">\n<input class=\"js-embed-consent__toggle\" type=\"checkbox\" autocomplete=\"off\">\n<span><\/span>\nExterner Inhalt\n<\/label>\n<a href=\"https:\/\/www.zeit.de\/hilfe\/datenschutz\" target=\"_blank\" class=\"embed-consent__datalink-when-active\">Datenschutzerkl\u00e4rung<\/a>\n<\/div>\n<div class=\"embed-wrapper__footer\">\n<p data-replace=\"no\">\nIch bin damit einverstanden, dass mir externe Inhalte angezeigt werden. Damit k\u00f6nnen personenbezogene Daten an Drittplattformen \u00fcbermittelt werden. <a href=\"https:\/\/www.zeit.de\/hilfe\/datenschutz\" target=\"_blank\">Mehr dazu in unserer Datenschutzerkl\u00e4rung.<\/a>\n<\/p>\n<\/div>\n<\/div>\n<\/div>\n<p>https:\/\/twitter.com\/loosy83\/status\/735429435508330496<\/p>\n\n<div class=\"embed-wrapper embed-wrapper--blocked js-embed-consent\" data-method=\"embed\">\n<script class=\"raw__source\" type=\"text\/template\"><div class=\"embed-twitter\"><blockquote class=\"twitter-tweet\" data-width=\"550\" data-dnt=\"true\"><p data-replace lang=\"qme\" dir=\"ltr\"><a href=\"https:\/\/twitter.com\/hashtag\/cutesolidarity?src=hash&amp;ref_src=twsrc%5Etfw\">#cutesolidarity<\/a> \u270c\ud83c\udfff\ufe0f\ud83d\ude0a <a href=\"https:\/\/t.co\/Cex86Xk8nW\">pic.twitter.com\/Cex86Xk8nW<\/a><\/p>&mdash; Gerald Asamoah (@GeraldAsamoah14) <a href=\"https:\/\/twitter.com\/GeraldAsamoah14\/status\/735466077648490498?ref_src=twsrc%5Etfw\">May 25, 2016<\/a><\/blockquote><scr+ipt async src=\"https:\/\/platform.twitter.com\/widgets.js\" charset=\"utf-8\"><\/scr+ipt><\/div><\/script>\n<div class=\"embed-wrapper__inner\">\n<div class=\"embed-wrapper__text\">\n<h3>Empfohlener redaktioneller Inhalt<\/h3>\n<p data-replace=\"no\">An dieser Stelle finden Sie externen Inhalt, der den Artikel erg\u00e4nzt. Sie k\u00f6nnen sich externe Inhalte mit einem Klick anzeigen lassen und wieder ausblenden.<noscript>Bitte aktivieren Sie JavaScript damit Sie diesen Inhalt anzeigen k\u00f6nnen.<\/noscript><\/p>\n<\/div>\n<div class=\"embed-consent\">\n<label class=\"embed-consent__toggle\">\n<input class=\"js-embed-consent__toggle\" type=\"checkbox\" autocomplete=\"off\">\n<span><\/span>\nExterner Inhalt\n<\/label>\n<a href=\"https:\/\/www.zeit.de\/hilfe\/datenschutz\" target=\"_blank\" class=\"embed-consent__datalink-when-active\">Datenschutzerkl\u00e4rung<\/a>\n<\/div>\n<div class=\"embed-wrapper__footer\">\n<p data-replace=\"no\">\nIch bin damit einverstanden, dass mir externe Inhalte angezeigt werden. Damit k\u00f6nnen personenbezogene Daten an Drittplattformen \u00fcbermittelt werden. <a href=\"https:\/\/www.zeit.de\/hilfe\/datenschutz\" target=\"_blank\">Mehr dazu in unserer Datenschutzerkl\u00e4rung.<\/a>\n<\/p>\n<\/div>\n<\/div>\n<\/div>\n\n<div class=\"embed-wrapper embed-wrapper--blocked js-embed-consent\" data-method=\"embed\">\n<script class=\"raw__source\" type=\"text\/template\"><div class=\"embed-twitter\"><blockquote class=\"twitter-tweet\" data-width=\"550\" data-dnt=\"true\"><p data-replace lang=\"de\" dir=\"ltr\">So <a href=\"https:\/\/twitter.com\/hashtag\/Pegida?src=hash&amp;ref_src=twsrc%5Etfw\">#Pegida<\/a>,nimm das:Ja,ich war blond <a href=\"https:\/\/twitter.com\/hashtag\/cutesolidarity?src=hash&amp;ref_src=twsrc%5Etfw\">#cutesolidarity<\/a> <a href=\"https:\/\/t.co\/PfVie6vWar\">pic.twitter.com\/PfVie6vWar<\/a><\/p>&mdash; \u00d6zlem Top\u00e7u (@OezlemTopcu) <a href=\"https:\/\/twitter.com\/OezlemTopcu\/status\/735465021807964161?ref_src=twsrc%5Etfw\">May 25, 2016<\/a><\/blockquote><scr+ipt async src=\"https:\/\/platform.twitter.com\/widgets.js\" charset=\"utf-8\"><\/scr+ipt><\/div><\/script>\n<div class=\"embed-wrapper__inner\">\n<div class=\"embed-wrapper__text\">\n<h3>Empfohlener redaktioneller Inhalt<\/h3>\n<p data-replace=\"no\">An dieser Stelle finden Sie externen Inhalt, der den Artikel erg\u00e4nzt. Sie k\u00f6nnen sich externe Inhalte mit einem Klick anzeigen lassen und wieder ausblenden.<noscript>Bitte aktivieren Sie JavaScript damit Sie diesen Inhalt anzeigen k\u00f6nnen.<\/noscript><\/p>\n<\/div>\n<div class=\"embed-consent\">\n<label class=\"embed-consent__toggle\">\n<input class=\"js-embed-consent__toggle\" type=\"checkbox\" autocomplete=\"off\">\n<span><\/span>\nExterner Inhalt\n<\/label>\n<a href=\"https:\/\/www.zeit.de\/hilfe\/datenschutz\" target=\"_blank\" class=\"embed-consent__datalink-when-active\">Datenschutzerkl\u00e4rung<\/a>\n<\/div>\n<div class=\"embed-wrapper__footer\">\n<p data-replace=\"no\">\nIch bin damit einverstanden, dass mir externe Inhalte angezeigt werden. Damit k\u00f6nnen personenbezogene Daten an Drittplattformen \u00fcbermittelt werden. <a href=\"https:\/\/www.zeit.de\/hilfe\/datenschutz\" target=\"_blank\">Mehr dazu in unserer Datenschutzerkl\u00e4rung.<\/a>\n<\/p>\n<\/div>\n<\/div>\n<\/div>\n<p>Amjahids Handy explodiert, wie er ZEIT ONLINE erz\u00e4hlt, der Akku ist fast leer \u2013 aber die Botschaft ist im Land: &#8222;Gerade in diesen Zeiten ist so eine Aktion das, was Deutschland braucht. Keine Hetze, kein Hass \u2013 nur Cuteness&#8220;, sagt er.<\/p>\n<p>Auch Ferrero hat sich inzwischen auf Facebook zu der Debatte ge\u00e4u\u00dfert. &#8222;<span data-ft=\"{&quot;tn&quot;:&quot;K&quot;}\"><span class=\"UFICommentBody\">Wir (&#8230;) m\u00f6chten uns an dieser Stelle ausdr\u00fccklich von jeglicher Form von Fremdenfeindlichkeit oder Diskriminierung distanzieren&#8220;, <a href=\"https:\/\/www.facebook.com\/kinderschokolade.DE\/?fref=photo\" target=\"_blank\">schreibt der Konzern<\/a>. Bleibt nur noch die Frage, warum im Lager der Pegida-Patrioten ausgerechnet diese Marketing-Aktion so gro\u00dfen Aufruhr verursacht. Weil die deutsch-italienische Co-Produktion Kinderschokolade (Ferrero ist ein italienischer Konzern, die S\u00fc\u00dfigkeit wird aber in Deutschland hergestellt) am Ende genauso zu Deutschland geh\u00f6rt wie J\u00e9r\u00f4me Boateng? Vielleicht haben das die Facebook-&#8222;Aktivisten&#8220; von Pegida inzwischen auch begriffen. Ihr Facebook-Posting ist seit Kurzem aus dem Netz verschwunden.<br \/>\n<\/span><\/span><\/p>\n<p>Und nun gilt:<\/p>\n\n<div class=\"embed-wrapper embed-wrapper--blocked js-embed-consent\" data-method=\"embed\">\n<script class=\"raw__source\" type=\"text\/template\"><div class=\"embed-twitter\"><blockquote class=\"twitter-tweet\" data-width=\"550\" data-dnt=\"true\"><p data-replace lang=\"de\" dir=\"ltr\">Leute, wer gerade kein Babyfoto von sich zur Hand hat, fragt die Eltern oder wird kreativ. <a href=\"https:\/\/twitter.com\/hashtag\/cutesolidarity?src=hash&amp;ref_src=twsrc%5Etfw\">#cutesolidarity<\/a> gegen <a href=\"https:\/\/twitter.com\/hashtag\/Pegida?src=hash&amp;ref_src=twsrc%5Etfw\">#Pegida<\/a><\/p>&mdash; Mohamed Amjahid (@mamjahid) <a href=\"https:\/\/twitter.com\/mamjahid\/status\/735444884308525056?ref_src=twsrc%5Etfw\">May 25, 2016<\/a><\/blockquote><scr+ipt async src=\"https:\/\/platform.twitter.com\/widgets.js\" charset=\"utf-8\"><\/scr+ipt><\/div><\/script>\n<div class=\"embed-wrapper__inner\">\n<div class=\"embed-wrapper__text\">\n<h3>Empfohlener redaktioneller Inhalt<\/h3>\n<p data-replace=\"no\">An dieser Stelle finden Sie externen Inhalt, der den Artikel erg\u00e4nzt. Sie k\u00f6nnen sich externe Inhalte mit einem Klick anzeigen lassen und wieder ausblenden.<noscript>Bitte aktivieren Sie JavaScript damit Sie diesen Inhalt anzeigen k\u00f6nnen.<\/noscript><\/p>\n<\/div>\n<div class=\"embed-consent\">\n<label class=\"embed-consent__toggle\">\n<input class=\"js-embed-consent__toggle\" type=\"checkbox\" autocomplete=\"off\">\n<span><\/span>\nExterner Inhalt\n<\/label>\n<a href=\"https:\/\/www.zeit.de\/hilfe\/datenschutz\" target=\"_blank\" class=\"embed-consent__datalink-when-active\">Datenschutzerkl\u00e4rung<\/a>\n<\/div>\n<div class=\"embed-wrapper__footer\">\n<p data-replace=\"no\">\nIch bin damit einverstanden, dass mir externe Inhalte angezeigt werden. Damit k\u00f6nnen personenbezogene Daten an Drittplattformen \u00fcbermittelt werden. <a href=\"https:\/\/www.zeit.de\/hilfe\/datenschutz\" target=\"_blank\">Mehr dazu in unserer Datenschutzerkl\u00e4rung.<\/a>\n<\/p>\n<\/div>\n<\/div>\n<\/div>\n<p><em><span data-ft=\"{&quot;tn&quot;:&quot;K&quot;}\"><span class=\"UFICommentBody\">Mehr <a href=\"https:\/\/blog.zeit.de\/teilchen\/\" target=\"_blank\">Teilchen finden Sie hier.<\/a><\/span><\/span><\/em><\/p>\n","protected":false},"excerpt":{"rendered":"<p>Empfohlener redaktioneller Inhalt An dieser Stelle finden Sie externen Inhalt, der den Artikel erg\u00e4nzt. Sie k\u00f6nnen sich externe Inhalte mit einem Klick anzeigen lassen [\u2026]<\/p>\n","protected":false},"author":556,"featured_media":13347,"comment_status":"open","ping_status":"closed","sticky":false,"template":"","format":"standard","meta":{"_jetpack_memberships_contains_paid_content":false,"footnotes":""},"categories":[29747],"tags":[],"class_list":["post-13335","post","type-post","status-publish","format-standard","has-post-thumbnail","hentry","category-geschichten"],"yoast_head":"<!-- This site is optimized with the Yoast SEO plugin v21.0 - https:\/\/yoast.com\/wordpress\/plugins\/seo\/ -->\n<title>#cutesolidarity: So sieht Deutschland aus, Pegida!<\/title>\n<meta name=\"description\" content=\"Mit dem Hashtag #cutesolidarity beweisen Deutsche mit Migrationshintergrund, welche Farben zu Deutschland geh\u00f6ren.\" \/>\n<meta name=\"robots\" content=\"index, follow, max-snippet:-1, max-image-preview:large, max-video-preview:-1\" \/>\n<link rel=\"canonical\" href=\"https:\/\/blog.zeit.de\/teilchen\/2016\/05\/25\/deutsche-migrationshintergrund-vielfalt-kinderschokolade-pegida\/\" \/>\n<meta property=\"og:locale\" content=\"de_DE\" \/>\n<meta property=\"og:type\" content=\"article\" \/>\n<meta property=\"og:title\" content=\"#cutesolidarity: So sieht Deutschland aus, Pegida!\" \/>\n<meta property=\"og:description\" content=\"Mit dem Hashtag #cutesolidarity beweisen Deutsche mit Migrationshintergrund, welche Farben zu Deutschland geh\u00f6ren.\" \/>\n<meta property=\"og:url\" content=\"https:\/\/blog.zeit.de\/teilchen\/2016\/05\/25\/deutsche-migrationshintergrund-vielfalt-kinderschokolade-pegida\/\" \/>\n<meta property=\"og:site_name\" content=\"Teilchen\" \/>\n<meta property=\"article:published_time\" content=\"2016-05-25T13:28:20+00:00\" \/>\n<meta property=\"article:modified_time\" content=\"2016-05-25T15:26:51+00:00\" \/>\n<meta property=\"og:image\" content=\"https:\/\/blog.zeit.de\/teilchen\/files\/2016\/05\/Bildschirmfoto-2016-05-25-um-15.18.36.png\" \/>\n\t<meta property=\"og:image:width\" content=\"586\" \/>\n\t<meta property=\"og:image:height\" content=\"433\" \/>\n\t<meta property=\"og:image:type\" content=\"image\/png\" \/>\n<meta name=\"author\" content=\"Tobias Dorfer\" \/>\n<meta name=\"twitter:card\" content=\"summary_large_image\" \/>\n<meta name=\"twitter:image\" content=\"https:\/\/blog.zeit.de\/teilchen\/files\/2016\/05\/Bildschirmfoto-2016-05-25-um-15.18.36.png\" \/>\n<meta name=\"twitter:creator\" content=\"@tobiasdorfer\" \/>\n<meta name=\"twitter:site\" content=\"@zeitonline\" \/>\n<meta name=\"twitter:label1\" content=\"Geschrieben von\" \/>\n\t<meta name=\"twitter:data1\" content=\"Tobias Dorfer\" \/>\n\t<meta name=\"twitter:label2\" content=\"Gesch\u00e4tzte Lesezeit\" \/>\n\t<meta name=\"twitter:data2\" content=\"2\u00a0Minuten\" \/>\n<script type=\"application\/ld+json\" class=\"yoast-schema-graph\">{\"@context\":\"https:\/\/schema.org\",\"@graph\":[{\"@type\":\"WebPage\",\"@id\":\"https:\/\/blog.zeit.de\/teilchen\/2016\/05\/25\/deutsche-migrationshintergrund-vielfalt-kinderschokolade-pegida\/\",\"url\":\"https:\/\/blog.zeit.de\/teilchen\/2016\/05\/25\/deutsche-migrationshintergrund-vielfalt-kinderschokolade-pegida\/\",\"name\":\"#cutesolidarity: So sieht Deutschland aus, Pegida!\",\"isPartOf\":{\"@id\":\"https:\/\/blog.zeit.de\/teilchen\/#website\"},\"datePublished\":\"2016-05-25T13:28:20+00:00\",\"dateModified\":\"2016-05-25T15:26:51+00:00\",\"author\":{\"@id\":\"https:\/\/blog.zeit.de\/teilchen\/#\/schema\/person\/e90ba849254185115fd919d4fad07dc0\"},\"description\":\"Mit dem Hashtag #cutesolidarity beweisen Deutsche mit Migrationshintergrund, welche Farben zu Deutschland geh\u00f6ren.\",\"breadcrumb\":{\"@id\":\"https:\/\/blog.zeit.de\/teilchen\/2016\/05\/25\/deutsche-migrationshintergrund-vielfalt-kinderschokolade-pegida\/#breadcrumb\"},\"inLanguage\":\"de\",\"potentialAction\":[{\"@type\":\"ReadAction\",\"target\":[\"https:\/\/blog.zeit.de\/teilchen\/2016\/05\/25\/deutsche-migrationshintergrund-vielfalt-kinderschokolade-pegida\/\"]}]},{\"@type\":\"BreadcrumbList\",\"@id\":\"https:\/\/blog.zeit.de\/teilchen\/2016\/05\/25\/deutsche-migrationshintergrund-vielfalt-kinderschokolade-pegida\/#breadcrumb\",\"itemListElement\":[{\"@type\":\"ListItem\",\"position\":1,\"name\":\"Startseite\",\"item\":\"https:\/\/blog.zeit.de\/teilchen\/\"},{\"@type\":\"ListItem\",\"position\":2,\"name\":\"So sieht Deutschland aus, Pegida!\"}]},{\"@type\":\"WebSite\",\"@id\":\"https:\/\/blog.zeit.de\/teilchen\/#website\",\"url\":\"https:\/\/blog.zeit.de\/teilchen\/\",\"name\":\"Teilchen\",\"description\":\"Im Netz verstecken sich kleine Sch\u00e4tze - ZEIT ONLINE findet sie.\",\"potentialAction\":[{\"@type\":\"SearchAction\",\"target\":{\"@type\":\"EntryPoint\",\"urlTemplate\":\"https:\/\/blog.zeit.de\/teilchen\/?s={search_term_string}\"},\"query-input\":\"required name=search_term_string\"}],\"inLanguage\":\"de\"},{\"@type\":\"Person\",\"@id\":\"https:\/\/blog.zeit.de\/teilchen\/#\/schema\/person\/e90ba849254185115fd919d4fad07dc0\",\"name\":\"Tobias Dorfer\",\"image\":{\"@type\":\"ImageObject\",\"inLanguage\":\"de\",\"@id\":\"https:\/\/blog.zeit.de\/teilchen\/#\/schema\/person\/image\/\",\"url\":\"https:\/\/secure.gravatar.com\/avatar\/0021e1a3fe9f799912804bcca6f1bcbbe58ee3bf29c8f714a0f453695a888d0a?s=96&d=mm&r=g\",\"contentUrl\":\"https:\/\/secure.gravatar.com\/avatar\/0021e1a3fe9f799912804bcca6f1bcbbe58ee3bf29c8f714a0f453695a888d0a?s=96&d=mm&r=g\",\"caption\":\"Tobias Dorfer\"},\"description\":\"Teamleiter Social Media bei ZEIT ONLINE. Zuvor sieben Jahre bei S\u00fcddeutsche.de, als Redakteur im Wirtschafts- und Regional-Ressort sowie Editorial SEO. Ausbildung an der Deutschen Journalistenschule in M\u00fcnchen mit Hospitanzen bei S\u00fcddeutsche Zeitung, SPIEGEL und SPIEGEL Online.\",\"sameAs\":[\"https:\/\/twitter.com\/tobiasdorfer\"],\"url\":\"https:\/\/blog.zeit.de\/teilchen\/author\/tdorfer\/\"}]}<\/script>\n<!-- \/ Yoast SEO plugin. -->","yoast_head_json":{"title":"#cutesolidarity: So sieht Deutschland aus, Pegida!","description":"Mit dem Hashtag #cutesolidarity beweisen Deutsche mit Migrationshintergrund, welche Farben zu Deutschland geh\u00f6ren.","robots":{"index":"index","follow":"follow","max-snippet":"max-snippet:-1","max-image-preview":"max-image-preview:large","max-video-preview":"max-video-preview:-1"},"canonical":"https:\/\/blog.zeit.de\/teilchen\/2016\/05\/25\/deutsche-migrationshintergrund-vielfalt-kinderschokolade-pegida\/","og_locale":"de_DE","og_type":"article","og_title":"#cutesolidarity: So sieht Deutschland aus, Pegida!","og_description":"Mit dem Hashtag #cutesolidarity beweisen Deutsche mit Migrationshintergrund, welche Farben zu Deutschland geh\u00f6ren.","og_url":"https:\/\/blog.zeit.de\/teilchen\/2016\/05\/25\/deutsche-migrationshintergrund-vielfalt-kinderschokolade-pegida\/","og_site_name":"Teilchen","article_published_time":"2016-05-25T13:28:20+00:00","article_modified_time":"2016-05-25T15:26:51+00:00","og_image":[{"width":586,"height":433,"url":"https:\/\/blog.zeit.de\/teilchen\/files\/2016\/05\/Bildschirmfoto-2016-05-25-um-15.18.36.png","type":"image\/png"}],"author":"Tobias Dorfer","twitter_card":"summary_large_image","twitter_image":"https:\/\/blog.zeit.de\/teilchen\/files\/2016\/05\/Bildschirmfoto-2016-05-25-um-15.18.36.png","twitter_creator":"@tobiasdorfer","twitter_site":"@zeitonline","twitter_misc":{"Geschrieben von":"Tobias Dorfer","Gesch\u00e4tzte Lesezeit":"2\u00a0Minuten"},"schema":{"@context":"https:\/\/schema.org","@graph":[{"@type":"WebPage","@id":"https:\/\/blog.zeit.de\/teilchen\/2016\/05\/25\/deutsche-migrationshintergrund-vielfalt-kinderschokolade-pegida\/","url":"https:\/\/blog.zeit.de\/teilchen\/2016\/05\/25\/deutsche-migrationshintergrund-vielfalt-kinderschokolade-pegida\/","name":"#cutesolidarity: So sieht Deutschland aus, Pegida!","isPartOf":{"@id":"https:\/\/blog.zeit.de\/teilchen\/#website"},"datePublished":"2016-05-25T13:28:20+00:00","dateModified":"2016-05-25T15:26:51+00:00","author":{"@id":"https:\/\/blog.zeit.de\/teilchen\/#\/schema\/person\/e90ba849254185115fd919d4fad07dc0"},"description":"Mit dem Hashtag #cutesolidarity beweisen Deutsche mit Migrationshintergrund, welche Farben zu Deutschland geh\u00f6ren.","breadcrumb":{"@id":"https:\/\/blog.zeit.de\/teilchen\/2016\/05\/25\/deutsche-migrationshintergrund-vielfalt-kinderschokolade-pegida\/#breadcrumb"},"inLanguage":"de","potentialAction":[{"@type":"ReadAction","target":["https:\/\/blog.zeit.de\/teilchen\/2016\/05\/25\/deutsche-migrationshintergrund-vielfalt-kinderschokolade-pegida\/"]}]},{"@type":"BreadcrumbList","@id":"https:\/\/blog.zeit.de\/teilchen\/2016\/05\/25\/deutsche-migrationshintergrund-vielfalt-kinderschokolade-pegida\/#breadcrumb","itemListElement":[{"@type":"ListItem","position":1,"name":"Startseite","item":"https:\/\/blog.zeit.de\/teilchen\/"},{"@type":"ListItem","position":2,"name":"So sieht Deutschland aus, Pegida!"}]},{"@type":"WebSite","@id":"https:\/\/blog.zeit.de\/teilchen\/#website","url":"https:\/\/blog.zeit.de\/teilchen\/","name":"Teilchen","description":"Im Netz verstecken sich kleine Sch\u00e4tze - ZEIT ONLINE findet sie.","potentialAction":[{"@type":"SearchAction","target":{"@type":"EntryPoint","urlTemplate":"https:\/\/blog.zeit.de\/teilchen\/?s={search_term_string}"},"query-input":"required name=search_term_string"}],"inLanguage":"de"},{"@type":"Person","@id":"https:\/\/blog.zeit.de\/teilchen\/#\/schema\/person\/e90ba849254185115fd919d4fad07dc0","name":"Tobias Dorfer","image":{"@type":"ImageObject","inLanguage":"de","@id":"https:\/\/blog.zeit.de\/teilchen\/#\/schema\/person\/image\/","url":"https:\/\/secure.gravatar.com\/avatar\/0021e1a3fe9f799912804bcca6f1bcbbe58ee3bf29c8f714a0f453695a888d0a?s=96&d=mm&r=g","contentUrl":"https:\/\/secure.gravatar.com\/avatar\/0021e1a3fe9f799912804bcca6f1bcbbe58ee3bf29c8f714a0f453695a888d0a?s=96&d=mm&r=g","caption":"Tobias Dorfer"},"description":"Teamleiter Social Media bei ZEIT ONLINE. Zuvor sieben Jahre bei S\u00fcddeutsche.de, als Redakteur im Wirtschafts- und Regional-Ressort sowie Editorial SEO. Ausbildung an der Deutschen Journalistenschule in M\u00fcnchen mit Hospitanzen bei S\u00fcddeutsche Zeitung, SPIEGEL und SPIEGEL Online.","sameAs":["https:\/\/twitter.com\/tobiasdorfer"],"url":"https:\/\/blog.zeit.de\/teilchen\/author\/tdorfer\/"}]}},"jetpack_featured_media_url":"https:\/\/blog.zeit.de\/teilchen\/files\/2016\/05\/Bildschirmfoto-2016-05-25-um-15.18.36.png","jetpack_sharing_enabled":true,"_links":{"self":[{"href":"https:\/\/blog.zeit.de\/teilchen\/wp-json\/wp\/v2\/posts\/13335","targetHints":{"allow":["GET"]}}],"collection":[{"href":"https:\/\/blog.zeit.de\/teilchen\/wp-json\/wp\/v2\/posts"}],"about":[{"href":"https:\/\/blog.zeit.de\/teilchen\/wp-json\/wp\/v2\/types\/post"}],"author":[{"embeddable":true,"href":"https:\/\/blog.zeit.de\/teilchen\/wp-json\/wp\/v2\/users\/556"}],"replies":[{"embeddable":true,"href":"https:\/\/blog.zeit.de\/teilchen\/wp-json\/wp\/v2\/comments?post=13335"}],"version-history":[{"count":12,"href":"https:\/\/blog.zeit.de\/teilchen\/wp-json\/wp\/v2\/posts\/13335\/revisions"}],"predecessor-version":[{"id":13360,"href":"https:\/\/blog.zeit.de\/teilchen\/wp-json\/wp\/v2\/posts\/13335\/revisions\/13360"}],"wp:featuredmedia":[{"embeddable":true,"href":"https:\/\/blog.zeit.de\/teilchen\/wp-json\/wp\/v2\/media\/13347"}],"wp:attachment":[{"href":"https:\/\/blog.zeit.de\/teilchen\/wp-json\/wp\/v2\/media?parent=13335"}],"wp:term":[{"taxonomy":"category","embeddable":true,"href":"https:\/\/blog.zeit.de\/teilchen\/wp-json\/wp\/v2\/categories?post=13335"},{"taxonomy":"post_tag","embeddable":true,"href":"https:\/\/blog.zeit.de\/teilchen\/wp-json\/wp\/v2\/tags?post=13335"}],"curies":[{"name":"wp","href":"https:\/\/api.w.org\/{rel}","templated":true}]}}