{"id":13369,"date":"2016-05-26T12:53:08","date_gmt":"2016-05-26T10:53:08","guid":{"rendered":"http:\/\/blog.zeit.de\/teilchen\/?p=13369"},"modified":"2016-05-26T16:28:54","modified_gmt":"2016-05-26T14:28:54","slug":"wie-eine-junge-asiatin-am-munchner-s-bahn-system-verzweifelt","status":"publish","type":"post","link":"https:\/\/blog.zeit.de\/teilchen\/2016\/05\/26\/wie-eine-junge-asiatin-am-munchner-s-bahn-system-verzweifelt\/","title":{"rendered":"Wie eine Asiatin am M\u00fcnchner S-Bahn-System verzweifelt"},"content":{"rendered":"<div class=\"fb-video\" data-allowfullscreen=\"true\" data-href=\"https:\/\/www.facebook.com\/mpraetorius\/videos\/vb.684211713\/10153467917506714\/?type=2&#038;theater\" style=\"background-color: #fff; display: inline-block;\"><\/div>\n<p>Das System des \u00f6ffentlichen Nahverkehrs in M\u00fcnchen ist schon f\u00fcr Deutsche schwer zu verstehen. (Tarifringe, die nur f\u00fcr Zeitkarten gelten \u2013 unsere M\u00fcnchner Leser wissen schon\u2026) Aber wie muss das erst f\u00fcr eine junge asiatische Frau sein, die wahrscheinlich zum ersten Mal in Deutschland ist und die Sprache nicht gut spricht? Wie soll sie verstehen, dass in M\u00fcnchen zwei verschiedene Typen von Fahrkartenautomaten gibt? Den der Deutschen Bahn, der bereits entwertete Fahrkarten ausspuckt \u2013 und den der regionalen Gesellschaft MVG, dessen Tickets noch abgestempelt werden m\u00fcssen. Dieser Systemirrsinn f\u00fchrte nun zu einem bemerkenswerten Vorfall, den der M\u00fcnchner Journalist Michael Praetorius in einem Live-Video auf Facebook erz\u00e4hlt.<\/p>\n<p><!--more-->Praetorius&#8216; Version geht folgenderma\u00dfen: Er fuhr am Mittwochnachmittag mit der Flughafenlinie S8 von Ismaning nach M\u00fcnchen. Ebenfalls im Zug war eine junge Chinesin, die am Airport \u2013 offenbar mit Hilfe umstehender Passanten (das komplizierte Tarifsystem, Sie wissen Bescheid\u2026) \u2013 f\u00fcr 12,40 Euro ordnungsgem\u00e4\u00df eine Tageskarte gel\u00f6st hatte. Allerdings wohl am Automaten der MVG, dessen Tickets, genau, entwertet werden m\u00fcssen. Das wusste die junge Frau aber offenbar nicht.<\/p>\n<p>F\u00fcr den Kontrolleur, der wenig sp\u00e4ter zustieg, war sie also eine Schwarzfahrerin. Eine Schwarzfahrerin ohne Bargeld, wohlgemerkt, mit einem chinesischen Pass. Das hei\u00dft: 60 Euro Strafe. Au\u00dferdem m\u00fcsse er sie zur &#8222;Po-li-zei&#8220; bringen, sagte der Kontrolleur Praetorius zufolge \u2013 und den Ausweis m\u00fcsse er auch einbehalten. Die Frau verstand immer noch nicht, was sie falsch gemacht hatte, und fing an zu weinen, erz\u00e4hlt der Journalist im Clip.<\/p>\n<p>Michael Praetorius versucht, die Situation per Twitter zu kl\u00e4ren und wendet sich an die Bahn \u2013 ohne Erfolg.<\/p>\n<p>https:\/\/twitter.com\/praetorius\/status\/735448354629558272<\/p>\n\n<div class=\"embed-wrapper embed-wrapper--blocked js-embed-consent\" data-method=\"embed\">\n<script class=\"raw__source\" type=\"text\/template\"><div class=\"embed-twitter\"><blockquote class=\"twitter-tweet\" data-width=\"550\" data-dnt=\"true\"><p data-replace lang=\"de\" dir=\"ltr\">Das h\u00f6rt sich nicht gut an. Ich kann dazu jedoch nichts sagen und bei der Angelegenheit nicht behilflich sein. Tut mir leid. \/ki<\/p>&mdash; Deutsche Bahn Personenverkehr (@DB_Bahn) <a href=\"https:\/\/twitter.com\/DB_Bahn\/status\/735451662412853248?ref_src=twsrc%5Etfw\">May 25, 2016<\/a><\/blockquote><scr+ipt async src=\"https:\/\/platform.twitter.com\/widgets.js\" charset=\"utf-8\"><\/scr+ipt><\/div><\/script>\n<div class=\"embed-wrapper__inner\">\n<div class=\"embed-wrapper__text\">\n<h3>Empfohlener redaktioneller Inhalt<\/h3>\n<p data-replace=\"no\">An dieser Stelle finden Sie externen Inhalt, der den Artikel erg\u00e4nzt. Sie k\u00f6nnen sich externe Inhalte mit einem Klick anzeigen lassen und wieder ausblenden.<noscript>Bitte aktivieren Sie JavaScript damit Sie diesen Inhalt anzeigen k\u00f6nnen.<\/noscript><\/p>\n<\/div>\n<div class=\"embed-consent\">\n<label class=\"embed-consent__toggle\">\n<input class=\"js-embed-consent__toggle\" type=\"checkbox\" autocomplete=\"off\">\n<span><\/span>\nExterner Inhalt\n<\/label>\n<a href=\"https:\/\/www.zeit.de\/hilfe\/datenschutz\" target=\"_blank\" class=\"embed-consent__datalink-when-active\">Datenschutzerkl\u00e4rung<\/a>\n<\/div>\n<div class=\"embed-wrapper__footer\">\n<p data-replace=\"no\">\nIch bin damit einverstanden, dass mir externe Inhalte angezeigt werden. Damit k\u00f6nnen personenbezogene Daten an Drittplattformen \u00fcbermittelt werden. <a href=\"https:\/\/www.zeit.de\/hilfe\/datenschutz\" target=\"_blank\">Mehr dazu in unserer Datenschutzerkl\u00e4rung.<\/a>\n<\/p>\n<\/div>\n<\/div>\n<\/div>\n<p>Am Ende, so erz\u00e4hlt der Journalist, habe er an einem Geldautomat am Ostbahnhof Geld abgehoben und die 60 Euro f\u00fcr die Frau bezahlt. Doch das seiner Meinung nach h\u00f6chst einsch\u00fcchternde Verhalten des Kontrolleurs macht ihn noch immer w\u00fctend. Die S-Bahn M\u00fcnchen solle sich &#8222;in Grund und Boden sch\u00e4men&#8220;, findet Praetorius \u2013 und vor allem: Sie solle sich entschuldigen. Das Video wurde auf Facebook mittlerweile fast 100.000 Mal angeschaut und mehr als 1.500 Mal geteilt.<\/p>\n<p>Die Bahn hat inzwischen reagiert. Tickets m\u00fcssten vor Fahrtantritt entwertet werden, <a href=\"http:\/\/www.deutschebahn.com\/presse\/muenchen\/de\/aktuell\/presseinformationen\/11384980\/05_26_Stellungnahme.html\" target=\"_blank\">schreibt das Unternehmen<\/a>. Da dies nicht geschehen sei, habe der Kontrolleur die Personalien der Frau aufnehmen wollen. &#8222;Vermutlich kam es aufgrund von Verst\u00e4ndigungsproblemen dann zu einem Missverst\u00e4ndnis zwischen der Reisenden und dem Fahrkartenkontrolleur&#8220;, hei\u00dft es in der Stellungnahme weiter. &#8222;Wir bedauern es sehr, dass die junge Reisende in eine solch unangenehme Situation geraten ist.&#8220; Bei der jungen Frau m\u00f6chte sich die S-Bahn M\u00fcnchen pers\u00f6nlich entschuldigen.<\/p>\n<p><em>Mehr Teilchen? <a href=\"https:\/\/blog.zeit.de\/teilchen\/\" target=\"_blank\">Hier entlang.<\/a><\/em><\/p>\n","protected":false},"excerpt":{"rendered":"<p>Das System des \u00f6ffentlichen Nahverkehrs in M\u00fcnchen ist schon f\u00fcr Deutsche schwer zu verstehen. (Tarifringe, die nur f\u00fcr Zeitkarten gelten \u2013 unsere M\u00fcnchner Leser [\u2026]<\/p>\n","protected":false},"author":556,"featured_media":13381,"comment_status":"open","ping_status":"closed","sticky":false,"template":"","format":"standard","meta":{"_jetpack_memberships_contains_paid_content":false,"footnotes":""},"categories":[28],"tags":[],"class_list":["post-13369","post","type-post","status-publish","format-standard","has-post-thumbnail","hentry","category-video"],"yoast_head":"<!-- This site is optimized with the Yoast SEO plugin v21.0 - https:\/\/yoast.com\/wordpress\/plugins\/seo\/ -->\n<title>Wie eine Asiatin am M\u00fcnchner S-Bahn-System verzweifelt<\/title>\n<meta name=\"description\" content=\"Am Ticketsystem der M\u00fcnchner S-Bahn verzweifeln nicht nur Deutsche. Michael Praetorius erz\u00e4hlt in einem Facebook-Video die Geschichte einer jungen Asiatin.\" \/>\n<meta name=\"robots\" content=\"index, follow, max-snippet:-1, max-image-preview:large, max-video-preview:-1\" \/>\n<link rel=\"canonical\" href=\"https:\/\/blog.zeit.de\/teilchen\/2016\/05\/26\/wie-eine-junge-asiatin-am-munchner-s-bahn-system-verzweifelt\/\" \/>\n<meta property=\"og:locale\" content=\"de_DE\" \/>\n<meta property=\"og:type\" content=\"article\" \/>\n<meta property=\"og:title\" content=\"Wie eine Asiatin am M\u00fcnchner S-Bahn-System verzweifelt\" \/>\n<meta property=\"og:description\" content=\"Am Ticketsystem der M\u00fcnchner S-Bahn verzweifeln nicht nur Deutsche. Michael Praetorius erz\u00e4hlt in einem Facebook-Video die Geschichte einer jungen Asiatin.\" \/>\n<meta property=\"og:url\" content=\"https:\/\/blog.zeit.de\/teilchen\/2016\/05\/26\/wie-eine-junge-asiatin-am-munchner-s-bahn-system-verzweifelt\/\" \/>\n<meta property=\"og:site_name\" content=\"Teilchen\" \/>\n<meta property=\"article:published_time\" content=\"2016-05-26T10:53:08+00:00\" \/>\n<meta property=\"article:modified_time\" content=\"2016-05-26T14:28:54+00:00\" \/>\n<meta property=\"og:image\" content=\"https:\/\/blog.zeit.de\/teilchen\/files\/2016\/05\/sbahn.jpg\" \/>\n\t<meta property=\"og:image:width\" content=\"1000\" \/>\n\t<meta property=\"og:image:height\" content=\"562\" \/>\n\t<meta property=\"og:image:type\" content=\"image\/jpeg\" \/>\n<meta name=\"author\" content=\"Tobias Dorfer\" \/>\n<meta name=\"twitter:card\" content=\"summary_large_image\" \/>\n<meta name=\"twitter:image\" content=\"https:\/\/blog.zeit.de\/teilchen\/files\/2016\/05\/sbahn.jpg\" \/>\n<meta name=\"twitter:creator\" content=\"@tobiasdorfer\" \/>\n<meta name=\"twitter:site\" content=\"@zeitonline\" \/>\n<meta name=\"twitter:label1\" content=\"Geschrieben von\" \/>\n\t<meta name=\"twitter:data1\" content=\"Tobias Dorfer\" \/>\n\t<meta name=\"twitter:label2\" content=\"Gesch\u00e4tzte Lesezeit\" \/>\n\t<meta name=\"twitter:data2\" content=\"2\u00a0Minuten\" \/>\n<script type=\"application\/ld+json\" class=\"yoast-schema-graph\">{\"@context\":\"https:\/\/schema.org\",\"@graph\":[{\"@type\":\"WebPage\",\"@id\":\"https:\/\/blog.zeit.de\/teilchen\/2016\/05\/26\/wie-eine-junge-asiatin-am-munchner-s-bahn-system-verzweifelt\/\",\"url\":\"https:\/\/blog.zeit.de\/teilchen\/2016\/05\/26\/wie-eine-junge-asiatin-am-munchner-s-bahn-system-verzweifelt\/\",\"name\":\"Wie eine Asiatin am M\u00fcnchner S-Bahn-System verzweifelt\",\"isPartOf\":{\"@id\":\"https:\/\/blog.zeit.de\/teilchen\/#website\"},\"datePublished\":\"2016-05-26T10:53:08+00:00\",\"dateModified\":\"2016-05-26T14:28:54+00:00\",\"author\":{\"@id\":\"https:\/\/blog.zeit.de\/teilchen\/#\/schema\/person\/e90ba849254185115fd919d4fad07dc0\"},\"description\":\"Am Ticketsystem der M\u00fcnchner S-Bahn verzweifeln nicht nur Deutsche. Michael Praetorius erz\u00e4hlt in einem Facebook-Video die Geschichte einer jungen Asiatin.\",\"breadcrumb\":{\"@id\":\"https:\/\/blog.zeit.de\/teilchen\/2016\/05\/26\/wie-eine-junge-asiatin-am-munchner-s-bahn-system-verzweifelt\/#breadcrumb\"},\"inLanguage\":\"de\",\"potentialAction\":[{\"@type\":\"ReadAction\",\"target\":[\"https:\/\/blog.zeit.de\/teilchen\/2016\/05\/26\/wie-eine-junge-asiatin-am-munchner-s-bahn-system-verzweifelt\/\"]}]},{\"@type\":\"BreadcrumbList\",\"@id\":\"https:\/\/blog.zeit.de\/teilchen\/2016\/05\/26\/wie-eine-junge-asiatin-am-munchner-s-bahn-system-verzweifelt\/#breadcrumb\",\"itemListElement\":[{\"@type\":\"ListItem\",\"position\":1,\"name\":\"Startseite\",\"item\":\"https:\/\/blog.zeit.de\/teilchen\/\"},{\"@type\":\"ListItem\",\"position\":2,\"name\":\"Wie eine Asiatin am M\u00fcnchner S-Bahn-System verzweifelt\"}]},{\"@type\":\"WebSite\",\"@id\":\"https:\/\/blog.zeit.de\/teilchen\/#website\",\"url\":\"https:\/\/blog.zeit.de\/teilchen\/\",\"name\":\"Teilchen\",\"description\":\"Im Netz verstecken sich kleine Sch\u00e4tze - ZEIT ONLINE findet sie.\",\"potentialAction\":[{\"@type\":\"SearchAction\",\"target\":{\"@type\":\"EntryPoint\",\"urlTemplate\":\"https:\/\/blog.zeit.de\/teilchen\/?s={search_term_string}\"},\"query-input\":\"required name=search_term_string\"}],\"inLanguage\":\"de\"},{\"@type\":\"Person\",\"@id\":\"https:\/\/blog.zeit.de\/teilchen\/#\/schema\/person\/e90ba849254185115fd919d4fad07dc0\",\"name\":\"Tobias Dorfer\",\"image\":{\"@type\":\"ImageObject\",\"inLanguage\":\"de\",\"@id\":\"https:\/\/blog.zeit.de\/teilchen\/#\/schema\/person\/image\/\",\"url\":\"https:\/\/secure.gravatar.com\/avatar\/0021e1a3fe9f799912804bcca6f1bcbbe58ee3bf29c8f714a0f453695a888d0a?s=96&d=mm&r=g\",\"contentUrl\":\"https:\/\/secure.gravatar.com\/avatar\/0021e1a3fe9f799912804bcca6f1bcbbe58ee3bf29c8f714a0f453695a888d0a?s=96&d=mm&r=g\",\"caption\":\"Tobias Dorfer\"},\"description\":\"Teamleiter Social Media bei ZEIT ONLINE. Zuvor sieben Jahre bei S\u00fcddeutsche.de, als Redakteur im Wirtschafts- und Regional-Ressort sowie Editorial SEO. Ausbildung an der Deutschen Journalistenschule in M\u00fcnchen mit Hospitanzen bei S\u00fcddeutsche Zeitung, SPIEGEL und SPIEGEL Online.\",\"sameAs\":[\"https:\/\/twitter.com\/tobiasdorfer\"],\"url\":\"https:\/\/blog.zeit.de\/teilchen\/author\/tdorfer\/\"}]}<\/script>\n<!-- \/ Yoast SEO plugin. -->","yoast_head_json":{"title":"Wie eine Asiatin am M\u00fcnchner S-Bahn-System verzweifelt","description":"Am Ticketsystem der M\u00fcnchner S-Bahn verzweifeln nicht nur Deutsche. Michael Praetorius erz\u00e4hlt in einem Facebook-Video die Geschichte einer jungen Asiatin.","robots":{"index":"index","follow":"follow","max-snippet":"max-snippet:-1","max-image-preview":"max-image-preview:large","max-video-preview":"max-video-preview:-1"},"canonical":"https:\/\/blog.zeit.de\/teilchen\/2016\/05\/26\/wie-eine-junge-asiatin-am-munchner-s-bahn-system-verzweifelt\/","og_locale":"de_DE","og_type":"article","og_title":"Wie eine Asiatin am M\u00fcnchner S-Bahn-System verzweifelt","og_description":"Am Ticketsystem der M\u00fcnchner S-Bahn verzweifeln nicht nur Deutsche. Michael Praetorius erz\u00e4hlt in einem Facebook-Video die Geschichte einer jungen Asiatin.","og_url":"https:\/\/blog.zeit.de\/teilchen\/2016\/05\/26\/wie-eine-junge-asiatin-am-munchner-s-bahn-system-verzweifelt\/","og_site_name":"Teilchen","article_published_time":"2016-05-26T10:53:08+00:00","article_modified_time":"2016-05-26T14:28:54+00:00","og_image":[{"width":1000,"height":562,"url":"https:\/\/blog.zeit.de\/teilchen\/files\/2016\/05\/sbahn.jpg","type":"image\/jpeg"}],"author":"Tobias Dorfer","twitter_card":"summary_large_image","twitter_image":"https:\/\/blog.zeit.de\/teilchen\/files\/2016\/05\/sbahn.jpg","twitter_creator":"@tobiasdorfer","twitter_site":"@zeitonline","twitter_misc":{"Geschrieben von":"Tobias Dorfer","Gesch\u00e4tzte Lesezeit":"2\u00a0Minuten"},"schema":{"@context":"https:\/\/schema.org","@graph":[{"@type":"WebPage","@id":"https:\/\/blog.zeit.de\/teilchen\/2016\/05\/26\/wie-eine-junge-asiatin-am-munchner-s-bahn-system-verzweifelt\/","url":"https:\/\/blog.zeit.de\/teilchen\/2016\/05\/26\/wie-eine-junge-asiatin-am-munchner-s-bahn-system-verzweifelt\/","name":"Wie eine Asiatin am M\u00fcnchner S-Bahn-System verzweifelt","isPartOf":{"@id":"https:\/\/blog.zeit.de\/teilchen\/#website"},"datePublished":"2016-05-26T10:53:08+00:00","dateModified":"2016-05-26T14:28:54+00:00","author":{"@id":"https:\/\/blog.zeit.de\/teilchen\/#\/schema\/person\/e90ba849254185115fd919d4fad07dc0"},"description":"Am Ticketsystem der M\u00fcnchner S-Bahn verzweifeln nicht nur Deutsche. Michael Praetorius erz\u00e4hlt in einem Facebook-Video die Geschichte einer jungen Asiatin.","breadcrumb":{"@id":"https:\/\/blog.zeit.de\/teilchen\/2016\/05\/26\/wie-eine-junge-asiatin-am-munchner-s-bahn-system-verzweifelt\/#breadcrumb"},"inLanguage":"de","potentialAction":[{"@type":"ReadAction","target":["https:\/\/blog.zeit.de\/teilchen\/2016\/05\/26\/wie-eine-junge-asiatin-am-munchner-s-bahn-system-verzweifelt\/"]}]},{"@type":"BreadcrumbList","@id":"https:\/\/blog.zeit.de\/teilchen\/2016\/05\/26\/wie-eine-junge-asiatin-am-munchner-s-bahn-system-verzweifelt\/#breadcrumb","itemListElement":[{"@type":"ListItem","position":1,"name":"Startseite","item":"https:\/\/blog.zeit.de\/teilchen\/"},{"@type":"ListItem","position":2,"name":"Wie eine Asiatin am M\u00fcnchner S-Bahn-System verzweifelt"}]},{"@type":"WebSite","@id":"https:\/\/blog.zeit.de\/teilchen\/#website","url":"https:\/\/blog.zeit.de\/teilchen\/","name":"Teilchen","description":"Im Netz verstecken sich kleine Sch\u00e4tze - ZEIT ONLINE findet sie.","potentialAction":[{"@type":"SearchAction","target":{"@type":"EntryPoint","urlTemplate":"https:\/\/blog.zeit.de\/teilchen\/?s={search_term_string}"},"query-input":"required name=search_term_string"}],"inLanguage":"de"},{"@type":"Person","@id":"https:\/\/blog.zeit.de\/teilchen\/#\/schema\/person\/e90ba849254185115fd919d4fad07dc0","name":"Tobias Dorfer","image":{"@type":"ImageObject","inLanguage":"de","@id":"https:\/\/blog.zeit.de\/teilchen\/#\/schema\/person\/image\/","url":"https:\/\/secure.gravatar.com\/avatar\/0021e1a3fe9f799912804bcca6f1bcbbe58ee3bf29c8f714a0f453695a888d0a?s=96&d=mm&r=g","contentUrl":"https:\/\/secure.gravatar.com\/avatar\/0021e1a3fe9f799912804bcca6f1bcbbe58ee3bf29c8f714a0f453695a888d0a?s=96&d=mm&r=g","caption":"Tobias Dorfer"},"description":"Teamleiter Social Media bei ZEIT ONLINE. Zuvor sieben Jahre bei S\u00fcddeutsche.de, als Redakteur im Wirtschafts- und Regional-Ressort sowie Editorial SEO. Ausbildung an der Deutschen Journalistenschule in M\u00fcnchen mit Hospitanzen bei S\u00fcddeutsche Zeitung, SPIEGEL und SPIEGEL Online.","sameAs":["https:\/\/twitter.com\/tobiasdorfer"],"url":"https:\/\/blog.zeit.de\/teilchen\/author\/tdorfer\/"}]}},"jetpack_featured_media_url":"https:\/\/blog.zeit.de\/teilchen\/files\/2016\/05\/sbahn.jpg","jetpack_sharing_enabled":true,"_links":{"self":[{"href":"https:\/\/blog.zeit.de\/teilchen\/wp-json\/wp\/v2\/posts\/13369","targetHints":{"allow":["GET"]}}],"collection":[{"href":"https:\/\/blog.zeit.de\/teilchen\/wp-json\/wp\/v2\/posts"}],"about":[{"href":"https:\/\/blog.zeit.de\/teilchen\/wp-json\/wp\/v2\/types\/post"}],"author":[{"embeddable":true,"href":"https:\/\/blog.zeit.de\/teilchen\/wp-json\/wp\/v2\/users\/556"}],"replies":[{"embeddable":true,"href":"https:\/\/blog.zeit.de\/teilchen\/wp-json\/wp\/v2\/comments?post=13369"}],"version-history":[{"count":13,"href":"https:\/\/blog.zeit.de\/teilchen\/wp-json\/wp\/v2\/posts\/13369\/revisions"}],"predecessor-version":[{"id":13394,"href":"https:\/\/blog.zeit.de\/teilchen\/wp-json\/wp\/v2\/posts\/13369\/revisions\/13394"}],"wp:featuredmedia":[{"embeddable":true,"href":"https:\/\/blog.zeit.de\/teilchen\/wp-json\/wp\/v2\/media\/13381"}],"wp:attachment":[{"href":"https:\/\/blog.zeit.de\/teilchen\/wp-json\/wp\/v2\/media?parent=13369"}],"wp:term":[{"taxonomy":"category","embeddable":true,"href":"https:\/\/blog.zeit.de\/teilchen\/wp-json\/wp\/v2\/categories?post=13369"},{"taxonomy":"post_tag","embeddable":true,"href":"https:\/\/blog.zeit.de\/teilchen\/wp-json\/wp\/v2\/tags?post=13369"}],"curies":[{"name":"wp","href":"https:\/\/api.w.org\/{rel}","templated":true}]}}