{"id":13379,"date":"2016-05-26T15:19:57","date_gmt":"2016-05-26T13:19:57","guid":{"rendered":"http:\/\/blog.zeit.de\/teilchen\/?p=13379"},"modified":"2016-05-26T15:22:47","modified_gmt":"2016-05-26T13:22:47","slug":"wen-hasst-der-us-waehler-weniger","status":"publish","type":"post","link":"https:\/\/blog.zeit.de\/teilchen\/2016\/05\/26\/wen-hasst-der-us-waehler-weniger\/","title":{"rendered":"Wen hasst der US-W\u00e4hler weniger?"},"content":{"rendered":"<p><figure id=\"attachment_13382\" aria-describedby=\"caption-attachment-13382\" style=\"width: 839px\" class=\"wp-caption aligncenter\"><img loading=\"lazy\" decoding=\"async\" class=\"wp-image-13382 size-full\" src=\"https:\/\/blog.zeit.de\/teilchen\/files\/2016\/05\/Bildschirmfoto-2016-05-26-um-11.55.34.png\" alt=\"Wen hasst der US-W\u00e4hler weniger?\" width=\"839\" height=\"544\" srcset=\"https:\/\/blog.zeit.de\/teilchen\/files\/2016\/05\/Bildschirmfoto-2016-05-26-um-11.55.34.png 839w, https:\/\/blog.zeit.de\/teilchen\/files\/2016\/05\/Bildschirmfoto-2016-05-26-um-11.55.34-620x402.png 620w\" sizes=\"auto, (max-width: 839px) 100vw, 839px\" \/><figcaption id=\"caption-attachment-13382\" class=\"wp-caption-text\">Beliebtheitswerte von Pr\u00e4sidentschaftskandidaten (2000-2016) \u00a9 Screenshot Economist.com<\/figcaption><\/figure><\/p>\n<p>Nie waren die US-Pr\u00e4sidentschaftskandidaten von Demokraten und Republikanern in den vergangenen 16 Jahren unbeliebter bei den W\u00e4hlern als Hillary Clinton und Donald Trump. &#8222;Wen hasst Amerika eigentlich weniger?&#8220; \u2013 der Titel der <em>Los Angeles Times<\/em> war durchaus ernst gemeint. Eine Grafik des <em>Economist<\/em> verdeutlicht das anhand von Zahlen.<\/p>\n<p><!--more--><\/p>\n<p>Eins muss man den Republikanern lassen: Dass sie \u00fcberhaupt versuchen, mit Donald Trump die US-Pr\u00e4sidentschaftswahl zu gewinnen \u2013 Respekt! Kein Kandidat war in den vergangenen 16 Jahren unbeliebter bei den W\u00e4hlern. Nicht John McCain, nicht Mitt Romney und auch nicht George W. Bush. Der <a href=\"http:\/\/www.economist.com\/blogs\/graphicdetail\/2016\/05\/daily-chart-19\"><em>Economist<\/em> veranschaulicht das in einer Grafik<\/a>, die die Beliebtheitswerte der Pr\u00e4sidentschaftskandidaten in den Wahljahren von 2000 bis 2016 vergleicht. Auf einen Blick wird deutlich: Die Zustimmungswerte f\u00fcr Trump und <a href=\"http:\/\/www.zeit.de\/politik\/ausland\/2016-05\/hillary-clinton-demokraten-usa-wahlen-status-quo\">Clinton<\/a> liegen durchweg in der unteren H\u00e4lfte der Skala. Einzig der Republikaner Mitt Romney war bei den W\u00e4hlern einst \u00e4hnlich unbeliebt \u2013\u00a0schaffte aber innerhalb weniger Monate den Sprung in die obere H\u00e4lfte. Das k\u00f6nnen Trump und Clinton bis jetzt nicht von sich behaupten.<\/p>\n<p>Immerhin: seit April geht es f\u00fcr Trump in den Umfragen etwas aufw\u00e4rts. Anders bei Clinton. Ihre Zustimmungswerte haben sich in den vergangenen drei Wochen weiter verschlechtert. Die <a href=\"http:\/\/www.zeit.de\/politik\/ausland\/2016-05\/hillary-clinton-usa-email-affaere-untersuchung-aussenministerium\">j\u00fcngsten Entwicklungen in der E-Mail-Aff\u00e4re<\/a> und die Ermittlungen des FBI gegen die fr\u00fchere Au\u00dfenministerin sind da noch gar nicht mit eingerechnet.<\/p>\n<p>Im Dezember <a href=\"https:\/\/blog.zeit.de\/teilchen\/2015\/12\/14\/donald-trump-luegen-us-wahl\/\" target=\"_blank\">hatten wir bereits<\/a> \u00fcber einen weiteren Negativrekord Trumps berichtet: Damals hatten Redakteure von <em>PolitiFact<\/em> ausgewertet, wie h\u00e4ufig der Milliard\u00e4r L\u00fcgen verbreitet hatte. Von 70 Aussagen h\u00e4tten drei Viertel nicht der Wahrheit entsprochen, hie\u00df es damals. Aktuelle Zahlen der vergangenen Monate k\u00f6nnen wir leider nicht liefern, auch bei Clinton wissen wir bislang nur, dass sie &#8222;Fehler gemacht&#8220; hat, damals als Au\u00dfenministerin. Das sollte ihr im jetzigen Wahlkampf nicht mehr allzu oft passieren.<\/p>\n<p><em><a href=\"https:\/\/blog.zeit.de\/teilchen\/\">Weitere Teilchen finden sie hier<\/a>.<\/em><\/p>\n","protected":false},"excerpt":{"rendered":"<p>Nie waren die US-Pr\u00e4sidentschaftskandidaten von Demokraten und Republikanern in den vergangenen 16 Jahren unbeliebter bei den W\u00e4hlern als Hillary Clinton und Donald Trump. &#8222;Wen [\u2026]<\/p>\n","protected":false},"author":397,"featured_media":13382,"comment_status":"open","ping_status":"closed","sticky":false,"template":"","format":"standard","meta":{"_jetpack_memberships_contains_paid_content":false,"footnotes":""},"categories":[9469],"tags":[],"class_list":["post-13379","post","type-post","status-publish","format-standard","has-post-thumbnail","hentry","category-infografiken"],"yoast_head":"<!-- This site is optimized with the Yoast SEO plugin v21.0 - https:\/\/yoast.com\/wordpress\/plugins\/seo\/ -->\n<title>Wen hasst der US-W\u00e4hler weniger?<\/title>\n<meta name=\"description\" content=\"Kein Pr\u00e4sidentschaftskandidat war in den vergangenen 16 Jahren unbeliebter beim US-W\u00e4hler als Hillary Clinton und Donald Trump. Das zeigt der Economist.\" \/>\n<meta name=\"robots\" content=\"index, follow, max-snippet:-1, max-image-preview:large, max-video-preview:-1\" \/>\n<link rel=\"canonical\" href=\"https:\/\/blog.zeit.de\/teilchen\/2016\/05\/26\/wen-hasst-der-us-waehler-weniger\/\" \/>\n<meta property=\"og:locale\" content=\"de_DE\" \/>\n<meta property=\"og:type\" content=\"article\" \/>\n<meta property=\"og:title\" content=\"Wen hasst der US-W\u00e4hler weniger?\" \/>\n<meta property=\"og:description\" content=\"Kein Pr\u00e4sidentschaftskandidat war in den vergangenen 16 Jahren unbeliebter beim US-W\u00e4hler als Hillary Clinton und Donald Trump. Das zeigt der Economist.\" \/>\n<meta property=\"og:url\" content=\"https:\/\/blog.zeit.de\/teilchen\/2016\/05\/26\/wen-hasst-der-us-waehler-weniger\/\" \/>\n<meta property=\"og:site_name\" content=\"Teilchen\" \/>\n<meta property=\"article:published_time\" content=\"2016-05-26T13:19:57+00:00\" \/>\n<meta property=\"article:modified_time\" content=\"2016-05-26T13:22:47+00:00\" \/>\n<meta property=\"og:image\" content=\"https:\/\/blog.zeit.de\/teilchen\/files\/2016\/05\/Bildschirmfoto-2016-05-26-um-11.55.34.png\" \/>\n\t<meta property=\"og:image:width\" content=\"839\" \/>\n\t<meta property=\"og:image:height\" content=\"544\" \/>\n\t<meta property=\"og:image:type\" content=\"image\/png\" \/>\n<meta name=\"author\" content=\"Sybille Klormann\" \/>\n<meta name=\"twitter:card\" content=\"summary_large_image\" \/>\n<meta name=\"twitter:image\" content=\"https:\/\/blog.zeit.de\/teilchen\/files\/2016\/05\/Bildschirmfoto-2016-05-26-um-11.55.34.png\" \/>\n<meta name=\"twitter:creator\" content=\"@zeitonline\" \/>\n<meta name=\"twitter:site\" content=\"@zeitonline\" \/>\n<meta name=\"twitter:label1\" content=\"Geschrieben von\" \/>\n\t<meta name=\"twitter:data1\" content=\"Sybille Klormann\" \/>\n\t<meta name=\"twitter:label2\" content=\"Gesch\u00e4tzte Lesezeit\" \/>\n\t<meta name=\"twitter:data2\" content=\"2\u00a0Minuten\" \/>\n<script type=\"application\/ld+json\" class=\"yoast-schema-graph\">{\"@context\":\"https:\/\/schema.org\",\"@graph\":[{\"@type\":\"WebPage\",\"@id\":\"https:\/\/blog.zeit.de\/teilchen\/2016\/05\/26\/wen-hasst-der-us-waehler-weniger\/\",\"url\":\"https:\/\/blog.zeit.de\/teilchen\/2016\/05\/26\/wen-hasst-der-us-waehler-weniger\/\",\"name\":\"Wen hasst der US-W\u00e4hler weniger?\",\"isPartOf\":{\"@id\":\"https:\/\/blog.zeit.de\/teilchen\/#website\"},\"datePublished\":\"2016-05-26T13:19:57+00:00\",\"dateModified\":\"2016-05-26T13:22:47+00:00\",\"author\":{\"@id\":\"https:\/\/blog.zeit.de\/teilchen\/#\/schema\/person\/46ae79207405a0cfa153366f79b6c997\"},\"description\":\"Kein Pr\u00e4sidentschaftskandidat war in den vergangenen 16 Jahren unbeliebter beim US-W\u00e4hler als Hillary Clinton und Donald Trump. Das zeigt der Economist.\",\"breadcrumb\":{\"@id\":\"https:\/\/blog.zeit.de\/teilchen\/2016\/05\/26\/wen-hasst-der-us-waehler-weniger\/#breadcrumb\"},\"inLanguage\":\"de\",\"potentialAction\":[{\"@type\":\"ReadAction\",\"target\":[\"https:\/\/blog.zeit.de\/teilchen\/2016\/05\/26\/wen-hasst-der-us-waehler-weniger\/\"]}]},{\"@type\":\"BreadcrumbList\",\"@id\":\"https:\/\/blog.zeit.de\/teilchen\/2016\/05\/26\/wen-hasst-der-us-waehler-weniger\/#breadcrumb\",\"itemListElement\":[{\"@type\":\"ListItem\",\"position\":1,\"name\":\"Startseite\",\"item\":\"https:\/\/blog.zeit.de\/teilchen\/\"},{\"@type\":\"ListItem\",\"position\":2,\"name\":\"Wen hasst der US-W\u00e4hler weniger?\"}]},{\"@type\":\"WebSite\",\"@id\":\"https:\/\/blog.zeit.de\/teilchen\/#website\",\"url\":\"https:\/\/blog.zeit.de\/teilchen\/\",\"name\":\"Teilchen\",\"description\":\"Im Netz verstecken sich kleine Sch\u00e4tze - ZEIT ONLINE findet sie.\",\"potentialAction\":[{\"@type\":\"SearchAction\",\"target\":{\"@type\":\"EntryPoint\",\"urlTemplate\":\"https:\/\/blog.zeit.de\/teilchen\/?s={search_term_string}\"},\"query-input\":\"required name=search_term_string\"}],\"inLanguage\":\"de\"},{\"@type\":\"Person\",\"@id\":\"https:\/\/blog.zeit.de\/teilchen\/#\/schema\/person\/46ae79207405a0cfa153366f79b6c997\",\"name\":\"Sybille Klormann\",\"image\":{\"@type\":\"ImageObject\",\"inLanguage\":\"de\",\"@id\":\"https:\/\/blog.zeit.de\/teilchen\/#\/schema\/person\/image\/\",\"url\":\"https:\/\/secure.gravatar.com\/avatar\/7208475081168cbee10dc54f1acb22ccf1c5e4e112e1a45f246eb4fec0401cfe?s=96&d=mm&r=g\",\"contentUrl\":\"https:\/\/secure.gravatar.com\/avatar\/7208475081168cbee10dc54f1acb22ccf1c5e4e112e1a45f246eb4fec0401cfe?s=96&d=mm&r=g\",\"caption\":\"Sybille Klormann\"},\"description\":\"ist seit August 2012 bei ZEIT ONLINE, schreibt normalerweise Nachrichten. Manchmal aber auch ein Teilchen.\",\"url\":\"https:\/\/blog.zeit.de\/teilchen\/author\/sybilleklormann\/\"}]}<\/script>\n<!-- \/ Yoast SEO plugin. -->","yoast_head_json":{"title":"Wen hasst der US-W\u00e4hler weniger?","description":"Kein Pr\u00e4sidentschaftskandidat war in den vergangenen 16 Jahren unbeliebter beim US-W\u00e4hler als Hillary Clinton und Donald Trump. Das zeigt der Economist.","robots":{"index":"index","follow":"follow","max-snippet":"max-snippet:-1","max-image-preview":"max-image-preview:large","max-video-preview":"max-video-preview:-1"},"canonical":"https:\/\/blog.zeit.de\/teilchen\/2016\/05\/26\/wen-hasst-der-us-waehler-weniger\/","og_locale":"de_DE","og_type":"article","og_title":"Wen hasst der US-W\u00e4hler weniger?","og_description":"Kein Pr\u00e4sidentschaftskandidat war in den vergangenen 16 Jahren unbeliebter beim US-W\u00e4hler als Hillary Clinton und Donald Trump. Das zeigt der Economist.","og_url":"https:\/\/blog.zeit.de\/teilchen\/2016\/05\/26\/wen-hasst-der-us-waehler-weniger\/","og_site_name":"Teilchen","article_published_time":"2016-05-26T13:19:57+00:00","article_modified_time":"2016-05-26T13:22:47+00:00","og_image":[{"width":839,"height":544,"url":"https:\/\/blog.zeit.de\/teilchen\/files\/2016\/05\/Bildschirmfoto-2016-05-26-um-11.55.34.png","type":"image\/png"}],"author":"Sybille Klormann","twitter_card":"summary_large_image","twitter_image":"https:\/\/blog.zeit.de\/teilchen\/files\/2016\/05\/Bildschirmfoto-2016-05-26-um-11.55.34.png","twitter_creator":"@zeitonline","twitter_site":"@zeitonline","twitter_misc":{"Geschrieben von":"Sybille Klormann","Gesch\u00e4tzte Lesezeit":"2\u00a0Minuten"},"schema":{"@context":"https:\/\/schema.org","@graph":[{"@type":"WebPage","@id":"https:\/\/blog.zeit.de\/teilchen\/2016\/05\/26\/wen-hasst-der-us-waehler-weniger\/","url":"https:\/\/blog.zeit.de\/teilchen\/2016\/05\/26\/wen-hasst-der-us-waehler-weniger\/","name":"Wen hasst der US-W\u00e4hler weniger?","isPartOf":{"@id":"https:\/\/blog.zeit.de\/teilchen\/#website"},"datePublished":"2016-05-26T13:19:57+00:00","dateModified":"2016-05-26T13:22:47+00:00","author":{"@id":"https:\/\/blog.zeit.de\/teilchen\/#\/schema\/person\/46ae79207405a0cfa153366f79b6c997"},"description":"Kein Pr\u00e4sidentschaftskandidat war in den vergangenen 16 Jahren unbeliebter beim US-W\u00e4hler als Hillary Clinton und Donald Trump. Das zeigt der Economist.","breadcrumb":{"@id":"https:\/\/blog.zeit.de\/teilchen\/2016\/05\/26\/wen-hasst-der-us-waehler-weniger\/#breadcrumb"},"inLanguage":"de","potentialAction":[{"@type":"ReadAction","target":["https:\/\/blog.zeit.de\/teilchen\/2016\/05\/26\/wen-hasst-der-us-waehler-weniger\/"]}]},{"@type":"BreadcrumbList","@id":"https:\/\/blog.zeit.de\/teilchen\/2016\/05\/26\/wen-hasst-der-us-waehler-weniger\/#breadcrumb","itemListElement":[{"@type":"ListItem","position":1,"name":"Startseite","item":"https:\/\/blog.zeit.de\/teilchen\/"},{"@type":"ListItem","position":2,"name":"Wen hasst der US-W\u00e4hler weniger?"}]},{"@type":"WebSite","@id":"https:\/\/blog.zeit.de\/teilchen\/#website","url":"https:\/\/blog.zeit.de\/teilchen\/","name":"Teilchen","description":"Im Netz verstecken sich kleine Sch\u00e4tze - ZEIT ONLINE findet sie.","potentialAction":[{"@type":"SearchAction","target":{"@type":"EntryPoint","urlTemplate":"https:\/\/blog.zeit.de\/teilchen\/?s={search_term_string}"},"query-input":"required name=search_term_string"}],"inLanguage":"de"},{"@type":"Person","@id":"https:\/\/blog.zeit.de\/teilchen\/#\/schema\/person\/46ae79207405a0cfa153366f79b6c997","name":"Sybille Klormann","image":{"@type":"ImageObject","inLanguage":"de","@id":"https:\/\/blog.zeit.de\/teilchen\/#\/schema\/person\/image\/","url":"https:\/\/secure.gravatar.com\/avatar\/7208475081168cbee10dc54f1acb22ccf1c5e4e112e1a45f246eb4fec0401cfe?s=96&d=mm&r=g","contentUrl":"https:\/\/secure.gravatar.com\/avatar\/7208475081168cbee10dc54f1acb22ccf1c5e4e112e1a45f246eb4fec0401cfe?s=96&d=mm&r=g","caption":"Sybille Klormann"},"description":"ist seit August 2012 bei ZEIT ONLINE, schreibt normalerweise Nachrichten. Manchmal aber auch ein Teilchen.","url":"https:\/\/blog.zeit.de\/teilchen\/author\/sybilleklormann\/"}]}},"jetpack_featured_media_url":"https:\/\/blog.zeit.de\/teilchen\/files\/2016\/05\/Bildschirmfoto-2016-05-26-um-11.55.34.png","jetpack_sharing_enabled":true,"_links":{"self":[{"href":"https:\/\/blog.zeit.de\/teilchen\/wp-json\/wp\/v2\/posts\/13379","targetHints":{"allow":["GET"]}}],"collection":[{"href":"https:\/\/blog.zeit.de\/teilchen\/wp-json\/wp\/v2\/posts"}],"about":[{"href":"https:\/\/blog.zeit.de\/teilchen\/wp-json\/wp\/v2\/types\/post"}],"author":[{"embeddable":true,"href":"https:\/\/blog.zeit.de\/teilchen\/wp-json\/wp\/v2\/users\/397"}],"replies":[{"embeddable":true,"href":"https:\/\/blog.zeit.de\/teilchen\/wp-json\/wp\/v2\/comments?post=13379"}],"version-history":[{"count":6,"href":"https:\/\/blog.zeit.de\/teilchen\/wp-json\/wp\/v2\/posts\/13379\/revisions"}],"predecessor-version":[{"id":13393,"href":"https:\/\/blog.zeit.de\/teilchen\/wp-json\/wp\/v2\/posts\/13379\/revisions\/13393"}],"wp:featuredmedia":[{"embeddable":true,"href":"https:\/\/blog.zeit.de\/teilchen\/wp-json\/wp\/v2\/media\/13382"}],"wp:attachment":[{"href":"https:\/\/blog.zeit.de\/teilchen\/wp-json\/wp\/v2\/media?parent=13379"}],"wp:term":[{"taxonomy":"category","embeddable":true,"href":"https:\/\/blog.zeit.de\/teilchen\/wp-json\/wp\/v2\/categories?post=13379"},{"taxonomy":"post_tag","embeddable":true,"href":"https:\/\/blog.zeit.de\/teilchen\/wp-json\/wp\/v2\/tags?post=13379"}],"curies":[{"name":"wp","href":"https:\/\/api.w.org\/{rel}","templated":true}]}}