{"id":13575,"date":"2016-06-07T15:17:29","date_gmt":"2016-06-07T13:17:29","guid":{"rendered":"http:\/\/blog.zeit.de\/teilchen\/?p=13575"},"modified":"2016-06-07T15:17:29","modified_gmt":"2016-06-07T13:17:29","slug":"ist-der-hund-asiatisch","status":"publish","type":"post","link":"https:\/\/blog.zeit.de\/teilchen\/2016\/06\/07\/ist-der-hund-asiatisch\/","title":{"rendered":"Reinrassig asiatisch?"},"content":{"rendered":"\n<div class=\"embed-wrapper embed-wrapper--blocked js-embed-consent\" data-method=\"embed\">\n<script class=\"raw__source\" type=\"text\/template\"><iframe loading=\"lazy\" title=\"Double domestication for dogs?\" width=\"640\" height=\"360\" src=\"https:\/\/www.youtube-nocookie.com\/embed\/ejfRIdqS-Nk?feature=oembed\" frameborder=\"0\" allow=\"accelerometer; autoplay; clipboard-write; encrypted-media; gyroscope; picture-in-picture; web-share\" referrerpolicy=\"strict-origin-when-cross-origin\" allowfullscreen><\/iframe><\/script>\n<div class=\"embed-wrapper__inner\">\n<div class=\"embed-wrapper__text\">\n<h3>Empfohlener redaktioneller Inhalt<\/h3>\n<p data-replace=\"no\">An dieser Stelle finden Sie externen Inhalt, der den Artikel erg\u00e4nzt. Sie k\u00f6nnen sich externe Inhalte mit einem Klick anzeigen lassen und wieder ausblenden.<noscript>Bitte aktivieren Sie JavaScript damit Sie diesen Inhalt anzeigen k\u00f6nnen.<\/noscript><\/p>\n<\/div>\n<div class=\"embed-consent\">\n<label class=\"embed-consent__toggle\">\n<input class=\"js-embed-consent__toggle\" type=\"checkbox\" autocomplete=\"off\">\n<span><\/span>\nExterner Inhalt\n<\/label>\n<a href=\"https:\/\/www.zeit.de\/hilfe\/datenschutz\" target=\"_blank\" class=\"embed-consent__datalink-when-active\">Datenschutzerkl\u00e4rung<\/a>\n<\/div>\n<div class=\"embed-wrapper__footer\">\n<p data-replace=\"no\">\nIch bin damit einverstanden, dass mir externe Inhalte angezeigt werden. Damit k\u00f6nnen personenbezogene Daten an Drittplattformen \u00fcbermittelt werden. <a href=\"https:\/\/www.zeit.de\/hilfe\/datenschutz\" target=\"_blank\">Mehr dazu in unserer Datenschutzerkl\u00e4rung.<\/a>\n<\/p>\n<\/div>\n<\/div>\n<\/div>\n<p>Wie deutsch ist der deutsche Sch\u00e4ferhund? Das ist eine Frage, die unter Biologen <a href=\"http:\/\/www.sciencemag.org\/news\/2016\/06\/dogs-may-have-been-domesticated-more-once\">seit Langem diskutiert wird<\/a>. Grunds\u00e4tzlich gibt es drei Lager: Die einen behaupten, Hunde seien zuerst in Europa domestiziert worden, die anderen glauben, der Hund in Europa gehe ausschlie\u00dflich auf asiatische Import-Hunde zur\u00fcck \u2013 und die Dritten halten es schlie\u00dflich f\u00fcr m\u00f6glich, dass Menschen in mehr als einer Gegend der Erde die Idee hatten, Hunde zu z\u00fcchten. So was lie\u00dfe sich nat\u00fcrlich mit Gentests untersuchen. Problem: Wir reden \u00fcber eine Zeit vor 10.000 und mehr Jahren. Da werden die DNA-Proben rar.<!--more--><\/p>\n<p>Nun hat aber ein Team von Wissenschaftlern um Laurent Frantz, Genetiker an der Universit\u00e4t Oxford, einen 5.000 Jahre alten Hundeknochen aus Irland mit der DNA von 650 modernen Hunden verglichen und das Ergebnis im Wissenschaftsmagazin <em>Science<\/em> <a href=\"http:\/\/science.sciencemag.org\/content\/352\/6290\/1228\">ver\u00f6ffentlicht<\/a>. Die Kurzzusammenfassung: Der europ\u00e4ische Hund ist wohl so eine Art Mischling. Manche Sorten sind mehr asiatisch, andere weniger. (Der deutsche Sch\u00e4ferhund scheint \u00fcbrigens eher europ\u00e4isch zu sein.)<\/p>\n<p>Das spricht erst mal f\u00fcr die These, dass die Hundezucht sowohl in Europa als auch in Asien erfunden wurde. Wau! Um sicher zu sein, br\u00e4uchten die Forscher allerdings mehr und \u00e4ltere Hundeknochen. So wird der Streit noch ein paar Jahre weitergehen.<\/p>\n<p><em>Weitere <a href=\"https:\/\/blog.zeit.de\/teilchen\/\">Netzfundst\u00fccke von ZEIT ONLINE finden Sie hier<\/a>.<\/em><\/p>\n","protected":false},"excerpt":{"rendered":"<p>Empfohlener redaktioneller Inhalt An dieser Stelle finden Sie externen Inhalt, der den Artikel erg\u00e4nzt. Sie k\u00f6nnen sich externe Inhalte mit einem Klick anzeigen lassen [\u2026]<\/p>\n","protected":false},"author":646,"featured_media":13576,"comment_status":"open","ping_status":"closed","sticky":false,"template":"","format":"standard","meta":{"_jetpack_memberships_contains_paid_content":false,"footnotes":""},"categories":[28],"tags":[],"class_list":["post-13575","post","type-post","status-publish","format-standard","has-post-thumbnail","hentry","category-video"],"yoast_head":"<!-- This site is optimized with the Yoast SEO plugin v21.0 - https:\/\/yoast.com\/wordpress\/plugins\/seo\/ -->\n<title>Wie deutsch ist der deutsche Sch\u00e4ferhund?<\/title>\n<meta name=\"description\" content=\"Woher der Sch\u00e4ferhund und andere Rassen stammen, ist eine seit langem diskutierte Frage. Antworten liefern Genetiker jetzt in einer Studie.\" \/>\n<meta name=\"robots\" content=\"index, follow, max-snippet:-1, max-image-preview:large, max-video-preview:-1\" \/>\n<link rel=\"canonical\" href=\"https:\/\/blog.zeit.de\/teilchen\/2016\/06\/07\/ist-der-hund-asiatisch\/\" \/>\n<meta property=\"og:locale\" content=\"de_DE\" \/>\n<meta property=\"og:type\" content=\"article\" \/>\n<meta property=\"og:title\" content=\"Der deutsche Sch\u00e4ferhund ist Europ\u00e4er\" \/>\n<meta property=\"og:description\" content=\"Ist der deutsche Sch\u00e4ferhund in Wirklichkeit ein Asiate? Fachleute streiten seit langem, wo Hunde zuerst domestiziert wurden. Ein Forscherteam hat nun die Ergebnisse eines DNA-Tests ver\u00f6ffentlicht.\" \/>\n<meta property=\"og:url\" content=\"https:\/\/blog.zeit.de\/teilchen\/2016\/06\/07\/ist-der-hund-asiatisch\/\" \/>\n<meta property=\"og:site_name\" content=\"Teilchen\" \/>\n<meta property=\"article:published_time\" content=\"2016-06-07T13:17:29+00:00\" \/>\n<meta property=\"og:image\" content=\"https:\/\/blog.zeit.de\/teilchen\/files\/2016\/06\/Hunde_Abstammung_Science.png\" \/>\n\t<meta property=\"og:image:width\" content=\"601\" \/>\n\t<meta property=\"og:image:height\" content=\"364\" \/>\n\t<meta property=\"og:image:type\" content=\"image\/png\" \/>\n<meta name=\"author\" content=\"Andreas Loos\" \/>\n<meta name=\"twitter:card\" content=\"summary_large_image\" \/>\n<meta name=\"twitter:image\" content=\"https:\/\/blog.zeit.de\/teilchen\/files\/2016\/06\/Hunde_Abstammung_Science.png\" \/>\n<meta name=\"twitter:creator\" content=\"@zeitonline\" \/>\n<meta name=\"twitter:site\" content=\"@zeitonline\" \/>\n<meta name=\"twitter:label1\" content=\"Geschrieben von\" \/>\n\t<meta name=\"twitter:data1\" content=\"Andreas Loos\" \/>\n\t<meta name=\"twitter:label2\" content=\"Gesch\u00e4tzte Lesezeit\" \/>\n\t<meta name=\"twitter:data2\" content=\"1\u00a0Minute\" \/>\n<script type=\"application\/ld+json\" class=\"yoast-schema-graph\">{\"@context\":\"https:\/\/schema.org\",\"@graph\":[{\"@type\":\"WebPage\",\"@id\":\"https:\/\/blog.zeit.de\/teilchen\/2016\/06\/07\/ist-der-hund-asiatisch\/\",\"url\":\"https:\/\/blog.zeit.de\/teilchen\/2016\/06\/07\/ist-der-hund-asiatisch\/\",\"name\":\"Wie deutsch ist der deutsche Sch\u00e4ferhund?\",\"isPartOf\":{\"@id\":\"https:\/\/blog.zeit.de\/teilchen\/#website\"},\"datePublished\":\"2016-06-07T13:17:29+00:00\",\"dateModified\":\"2016-06-07T13:17:29+00:00\",\"author\":{\"@id\":\"https:\/\/blog.zeit.de\/teilchen\/#\/schema\/person\/bd0b7b9a38aaf4100389c417c9ced666\"},\"description\":\"Woher der Sch\u00e4ferhund und andere Rassen stammen, ist eine seit langem diskutierte Frage. Antworten liefern Genetiker jetzt in einer Studie.\",\"breadcrumb\":{\"@id\":\"https:\/\/blog.zeit.de\/teilchen\/2016\/06\/07\/ist-der-hund-asiatisch\/#breadcrumb\"},\"inLanguage\":\"de\",\"potentialAction\":[{\"@type\":\"ReadAction\",\"target\":[\"https:\/\/blog.zeit.de\/teilchen\/2016\/06\/07\/ist-der-hund-asiatisch\/\"]}]},{\"@type\":\"BreadcrumbList\",\"@id\":\"https:\/\/blog.zeit.de\/teilchen\/2016\/06\/07\/ist-der-hund-asiatisch\/#breadcrumb\",\"itemListElement\":[{\"@type\":\"ListItem\",\"position\":1,\"name\":\"Startseite\",\"item\":\"https:\/\/blog.zeit.de\/teilchen\/\"},{\"@type\":\"ListItem\",\"position\":2,\"name\":\"Reinrassig asiatisch?\"}]},{\"@type\":\"WebSite\",\"@id\":\"https:\/\/blog.zeit.de\/teilchen\/#website\",\"url\":\"https:\/\/blog.zeit.de\/teilchen\/\",\"name\":\"Teilchen\",\"description\":\"Im Netz verstecken sich kleine Sch\u00e4tze - ZEIT ONLINE findet sie.\",\"potentialAction\":[{\"@type\":\"SearchAction\",\"target\":{\"@type\":\"EntryPoint\",\"urlTemplate\":\"https:\/\/blog.zeit.de\/teilchen\/?s={search_term_string}\"},\"query-input\":\"required name=search_term_string\"}],\"inLanguage\":\"de\"},{\"@type\":\"Person\",\"@id\":\"https:\/\/blog.zeit.de\/teilchen\/#\/schema\/person\/bd0b7b9a38aaf4100389c417c9ced666\",\"name\":\"Andreas Loos\",\"image\":{\"@type\":\"ImageObject\",\"inLanguage\":\"de\",\"@id\":\"https:\/\/blog.zeit.de\/teilchen\/#\/schema\/person\/image\/\",\"url\":\"https:\/\/secure.gravatar.com\/avatar\/15d394d23ba7b88ccee78e79b57317fe64c570a8190e976f46a248a89efd06dc?s=96&d=mm&r=g\",\"contentUrl\":\"https:\/\/secure.gravatar.com\/avatar\/15d394d23ba7b88ccee78e79b57317fe64c570a8190e976f46a248a89efd06dc?s=96&d=mm&r=g\",\"caption\":\"Andreas Loos\"},\"description\":\"Journalistik- und Mathematik-\/Physik-Studium. Wissenschaftsjournalist mit Schwerpunkt auf Mathematik. Mehrfach in Teamprojekten mit Preisen ausgezeichnet (Deutscher Reporterpreis, Grimme Online Award, Fellow der Robert Bosch Masterclass Wissenschaftsjournalismus). Seit Mai 2016 bei ZEIT ONLINE. Lebt in Berlin.\",\"url\":\"https:\/\/blog.zeit.de\/teilchen\/author\/aloos\/\"}]}<\/script>\n<!-- \/ Yoast SEO plugin. -->","yoast_head_json":{"title":"Wie deutsch ist der deutsche Sch\u00e4ferhund?","description":"Woher der Sch\u00e4ferhund und andere Rassen stammen, ist eine seit langem diskutierte Frage. Antworten liefern Genetiker jetzt in einer Studie.","robots":{"index":"index","follow":"follow","max-snippet":"max-snippet:-1","max-image-preview":"max-image-preview:large","max-video-preview":"max-video-preview:-1"},"canonical":"https:\/\/blog.zeit.de\/teilchen\/2016\/06\/07\/ist-der-hund-asiatisch\/","og_locale":"de_DE","og_type":"article","og_title":"Der deutsche Sch\u00e4ferhund ist Europ\u00e4er","og_description":"Ist der deutsche Sch\u00e4ferhund in Wirklichkeit ein Asiate? Fachleute streiten seit langem, wo Hunde zuerst domestiziert wurden. Ein Forscherteam hat nun die Ergebnisse eines DNA-Tests ver\u00f6ffentlicht.","og_url":"https:\/\/blog.zeit.de\/teilchen\/2016\/06\/07\/ist-der-hund-asiatisch\/","og_site_name":"Teilchen","article_published_time":"2016-06-07T13:17:29+00:00","og_image":[{"width":601,"height":364,"url":"https:\/\/blog.zeit.de\/teilchen\/files\/2016\/06\/Hunde_Abstammung_Science.png","type":"image\/png"}],"author":"Andreas Loos","twitter_card":"summary_large_image","twitter_image":"https:\/\/blog.zeit.de\/teilchen\/files\/2016\/06\/Hunde_Abstammung_Science.png","twitter_creator":"@zeitonline","twitter_site":"@zeitonline","twitter_misc":{"Geschrieben von":"Andreas Loos","Gesch\u00e4tzte Lesezeit":"1\u00a0Minute"},"schema":{"@context":"https:\/\/schema.org","@graph":[{"@type":"WebPage","@id":"https:\/\/blog.zeit.de\/teilchen\/2016\/06\/07\/ist-der-hund-asiatisch\/","url":"https:\/\/blog.zeit.de\/teilchen\/2016\/06\/07\/ist-der-hund-asiatisch\/","name":"Wie deutsch ist der deutsche Sch\u00e4ferhund?","isPartOf":{"@id":"https:\/\/blog.zeit.de\/teilchen\/#website"},"datePublished":"2016-06-07T13:17:29+00:00","dateModified":"2016-06-07T13:17:29+00:00","author":{"@id":"https:\/\/blog.zeit.de\/teilchen\/#\/schema\/person\/bd0b7b9a38aaf4100389c417c9ced666"},"description":"Woher der Sch\u00e4ferhund und andere Rassen stammen, ist eine seit langem diskutierte Frage. Antworten liefern Genetiker jetzt in einer Studie.","breadcrumb":{"@id":"https:\/\/blog.zeit.de\/teilchen\/2016\/06\/07\/ist-der-hund-asiatisch\/#breadcrumb"},"inLanguage":"de","potentialAction":[{"@type":"ReadAction","target":["https:\/\/blog.zeit.de\/teilchen\/2016\/06\/07\/ist-der-hund-asiatisch\/"]}]},{"@type":"BreadcrumbList","@id":"https:\/\/blog.zeit.de\/teilchen\/2016\/06\/07\/ist-der-hund-asiatisch\/#breadcrumb","itemListElement":[{"@type":"ListItem","position":1,"name":"Startseite","item":"https:\/\/blog.zeit.de\/teilchen\/"},{"@type":"ListItem","position":2,"name":"Reinrassig asiatisch?"}]},{"@type":"WebSite","@id":"https:\/\/blog.zeit.de\/teilchen\/#website","url":"https:\/\/blog.zeit.de\/teilchen\/","name":"Teilchen","description":"Im Netz verstecken sich kleine Sch\u00e4tze - ZEIT ONLINE findet sie.","potentialAction":[{"@type":"SearchAction","target":{"@type":"EntryPoint","urlTemplate":"https:\/\/blog.zeit.de\/teilchen\/?s={search_term_string}"},"query-input":"required name=search_term_string"}],"inLanguage":"de"},{"@type":"Person","@id":"https:\/\/blog.zeit.de\/teilchen\/#\/schema\/person\/bd0b7b9a38aaf4100389c417c9ced666","name":"Andreas Loos","image":{"@type":"ImageObject","inLanguage":"de","@id":"https:\/\/blog.zeit.de\/teilchen\/#\/schema\/person\/image\/","url":"https:\/\/secure.gravatar.com\/avatar\/15d394d23ba7b88ccee78e79b57317fe64c570a8190e976f46a248a89efd06dc?s=96&d=mm&r=g","contentUrl":"https:\/\/secure.gravatar.com\/avatar\/15d394d23ba7b88ccee78e79b57317fe64c570a8190e976f46a248a89efd06dc?s=96&d=mm&r=g","caption":"Andreas Loos"},"description":"Journalistik- und Mathematik-\/Physik-Studium. Wissenschaftsjournalist mit Schwerpunkt auf Mathematik. Mehrfach in Teamprojekten mit Preisen ausgezeichnet (Deutscher Reporterpreis, Grimme Online Award, Fellow der Robert Bosch Masterclass Wissenschaftsjournalismus). Seit Mai 2016 bei ZEIT ONLINE. Lebt in Berlin.","url":"https:\/\/blog.zeit.de\/teilchen\/author\/aloos\/"}]}},"jetpack_featured_media_url":"https:\/\/blog.zeit.de\/teilchen\/files\/2016\/06\/Hunde_Abstammung_Science.png","jetpack_sharing_enabled":true,"_links":{"self":[{"href":"https:\/\/blog.zeit.de\/teilchen\/wp-json\/wp\/v2\/posts\/13575","targetHints":{"allow":["GET"]}}],"collection":[{"href":"https:\/\/blog.zeit.de\/teilchen\/wp-json\/wp\/v2\/posts"}],"about":[{"href":"https:\/\/blog.zeit.de\/teilchen\/wp-json\/wp\/v2\/types\/post"}],"author":[{"embeddable":true,"href":"https:\/\/blog.zeit.de\/teilchen\/wp-json\/wp\/v2\/users\/646"}],"replies":[{"embeddable":true,"href":"https:\/\/blog.zeit.de\/teilchen\/wp-json\/wp\/v2\/comments?post=13575"}],"version-history":[{"count":7,"href":"https:\/\/blog.zeit.de\/teilchen\/wp-json\/wp\/v2\/posts\/13575\/revisions"}],"predecessor-version":[{"id":13603,"href":"https:\/\/blog.zeit.de\/teilchen\/wp-json\/wp\/v2\/posts\/13575\/revisions\/13603"}],"wp:featuredmedia":[{"embeddable":true,"href":"https:\/\/blog.zeit.de\/teilchen\/wp-json\/wp\/v2\/media\/13576"}],"wp:attachment":[{"href":"https:\/\/blog.zeit.de\/teilchen\/wp-json\/wp\/v2\/media?parent=13575"}],"wp:term":[{"taxonomy":"category","embeddable":true,"href":"https:\/\/blog.zeit.de\/teilchen\/wp-json\/wp\/v2\/categories?post=13575"},{"taxonomy":"post_tag","embeddable":true,"href":"https:\/\/blog.zeit.de\/teilchen\/wp-json\/wp\/v2\/tags?post=13575"}],"curies":[{"name":"wp","href":"https:\/\/api.w.org\/{rel}","templated":true}]}}