{"id":13779,"date":"2016-06-21T18:47:46","date_gmt":"2016-06-21T16:47:46","guid":{"rendered":"http:\/\/blog.zeit.de\/teilchen\/?p=13779"},"modified":"2016-06-22T07:46:20","modified_gmt":"2016-06-22T05:46:20","slug":"it-expertinnen-feminismus-katieconf","status":"publish","type":"post","link":"https:\/\/blog.zeit.de\/teilchen\/2016\/06\/21\/it-expertinnen-feminismus-katieconf\/","title":{"rendered":"Sie hei\u00dfen Katharina? Kommen Sie zur KatieConf!"},"content":{"rendered":"<p><figure id=\"attachment_13783\" aria-describedby=\"caption-attachment-13783\" style=\"width: 620px\" class=\"wp-caption aligncenter\"><img loading=\"lazy\" decoding=\"async\" class=\"wp-image-13783 size-medium\" src=\"https:\/\/blog.zeit.de\/teilchen\/files\/2016\/06\/KatieConference-620x307.png\" alt=\"IT-Expertinnen: Sie hei\u00dfen Katharina? Kommen Sie zur KatieConf!\" width=\"620\" height=\"307\" srcset=\"https:\/\/blog.zeit.de\/teilchen\/files\/2016\/06\/KatieConference-620x307.png 620w, https:\/\/blog.zeit.de\/teilchen\/files\/2016\/06\/KatieConference-768x380.png 768w, https:\/\/blog.zeit.de\/teilchen\/files\/2016\/06\/KatieConference-1024x507.png 1024w, https:\/\/blog.zeit.de\/teilchen\/files\/2016\/06\/KatieConference.png 1440w\" sizes=\"auto, (max-width: 620px) 100vw, 620px\" \/><figcaption id=\"caption-attachment-13783\" class=\"wp-caption-text\">Haben Sie schon am 31. dieses Monats schon was vor? Nein? Eben.<\/figcaption><\/figure><\/p>\n<p>Sie hei\u00dfen Katharina, Kathleen oder Katie und sie sind alle IT-Expertinnen, die etwas zu sagen haben. Eine Techkonferenz mit nur weiblichen Speakern? Am 31. Juni findet im australischen <a href=\"https:\/\/en.wikipedia.org\/wiki\/Katherine,_Northern_Territory\">Katherine, Northern Territory<\/a> im <a href=\"http:\/\/www.katherinemotel.com\/content\/conference-room\">Katherine Hotel Conference Center<\/a> <a href=\"https:\/\/katieconf.xyz\/\">die erste KatieConf<\/a> weltweit statt. In zwei parallelen Konferenzstr\u00e4ngen &#8222;K&#8220; und &#8222;T&#8220; gibt es Vortr\u00e4ge zu Themen wie: <em><a href=\"https:\/\/www.youtube.com\/watch?v=HQxBKnrjl1w\">Accessibility: Myths and Delusions<\/a><\/em> oder <em><a href=\"https:\/\/vimeo.com\/album\/3953264\/video\/166790779\">Chrome DevTools: Inside Out<\/a><\/em>.<\/p>\n<p><!--more--><\/p>\n<p>Als Panelistinnen sind entsprechend dem Motto nur Frauen zugelassen, deren Name entweder <a href=\"https:\/\/en.wikipedia.org\/wiki\/Katherine\">Katherine<\/a> ist oder eine Abwandlung davon. Auf der Konferenz-Website ist das Programm zu sehen \u2013 mit Sprecherinnen aus der ganzen Welt und ihren Vortr\u00e4gen.<\/p>\n<p>Aber wer konzentriert gelesen hat, wird bemerkt haben: Den 31. Juni gibt es nicht. Und ebenso wenig die KatieConf. Allerdings gibt es alle Frauen, die auf der Website mit ihren Twitter-Profilen gezeigt werden \u2013 inklusive ihrer dort verlinkten Vortr\u00e4ge. Die Aktion soll darauf aufmerksam machen, dass bei den meisten Techkonferenzen (und nicht nur dort) <a href=\"http:\/\/www.zeit.de\/karriere\/2016-06\/frauen-rednerinnen-konferenzen\">Frauen weltweit als Expertinnen dramatisch unterrepr\u00e4sentiert sind<\/a>. &#8222;Es gab keine Frau zu diesem Thema&#8220;, lautet meistens die Antwort der Organisatoren auf die Frage, warum M\u00e4nner die Podien dominieren. Die KatieConf zeigt humorvoll, dass diese Antwort wohl eher eine Ausrede ist \u2013 wenn es sogar m\u00f6glich ist, eine ganze Konferenz mit weiblichen Experten aufzustellen, die sogar alle den gleichen Vornamen haben.<\/p>\n<p><em>Weitere <a href=\"https:\/\/blog.zeit.de\/teilchen\/\">Netzfundst\u00fccke von ZEIT ONLINE finden Sie hier.<\/a><\/em><\/p>\n","protected":false},"excerpt":{"rendered":"<p>Sie hei\u00dfen Katharina, Kathleen oder Katie und sie sind alle IT-Expertinnen, die etwas zu sagen haben. Eine Techkonferenz mit nur weiblichen Speakern? Am 31. [\u2026]<\/p>\n","protected":false},"author":601,"featured_media":13783,"comment_status":"open","ping_status":"closed","sticky":false,"template":"","format":"standard","meta":{"_jetpack_memberships_contains_paid_content":false,"footnotes":""},"categories":[29747],"tags":[],"class_list":["post-13779","post","type-post","status-publish","format-standard","has-post-thumbnail","hentry","category-geschichten"],"yoast_head":"<!-- This site is optimized with the Yoast SEO plugin v21.0 - https:\/\/yoast.com\/wordpress\/plugins\/seo\/ -->\n<title>IT-Expertinnen: Sie hei\u00dfen Katharina? Kommen Sie zur KatieConf!<\/title>\n<meta name=\"description\" content=\"Sie hei\u00dfen Katharina, Kathleen oder Katie und sind alle IT-Expertinnen, die etwas zu sagen haben. Bei KatieConf, der Tech-Konferenz mit weiblichen Speakern.\" \/>\n<meta name=\"robots\" content=\"index, follow, max-snippet:-1, max-image-preview:large, max-video-preview:-1\" \/>\n<link rel=\"canonical\" href=\"https:\/\/blog.zeit.de\/teilchen\/2016\/06\/21\/it-expertinnen-feminismus-katieconf\/\" \/>\n<meta property=\"og:locale\" content=\"de_DE\" \/>\n<meta property=\"og:type\" content=\"article\" \/>\n<meta property=\"og:title\" content=\"IT-Expertinnen: Sie hei\u00dfen Katharina? Kommen Sie zur KatieConf!\" \/>\n<meta property=\"og:description\" content=\"Sie hei\u00dfen Katharina, Kathleen oder Katie und sind alle IT-Expertinnen, die etwas zu sagen haben. Bei KatieConf, der Tech-Konferenz mit weiblichen Speakern.\" \/>\n<meta property=\"og:url\" content=\"https:\/\/blog.zeit.de\/teilchen\/2016\/06\/21\/it-expertinnen-feminismus-katieconf\/\" \/>\n<meta property=\"og:site_name\" content=\"Teilchen\" \/>\n<meta property=\"article:published_time\" content=\"2016-06-21T16:47:46+00:00\" \/>\n<meta property=\"article:modified_time\" content=\"2016-06-22T05:46:20+00:00\" \/>\n<meta property=\"og:image\" content=\"https:\/\/blog.zeit.de\/teilchen\/files\/2016\/06\/KatieConference.png\" \/>\n\t<meta property=\"og:image:width\" content=\"1440\" \/>\n\t<meta property=\"og:image:height\" content=\"713\" \/>\n\t<meta property=\"og:image:type\" content=\"image\/png\" \/>\n<meta name=\"author\" content=\"Tina Groll\" \/>\n<meta name=\"twitter:card\" content=\"summary_large_image\" \/>\n<meta name=\"twitter:image\" content=\"https:\/\/blog.zeit.de\/teilchen\/files\/2016\/06\/KatieConference.png\" \/>\n<meta name=\"twitter:creator\" content=\"@zeitonline\" \/>\n<meta name=\"twitter:site\" content=\"@zeitonline\" \/>\n<meta name=\"twitter:label1\" content=\"Geschrieben von\" \/>\n\t<meta name=\"twitter:data1\" content=\"Tina Groll\" \/>\n\t<meta name=\"twitter:label2\" content=\"Gesch\u00e4tzte Lesezeit\" \/>\n\t<meta name=\"twitter:data2\" content=\"1\u00a0Minute\" \/>\n<script type=\"application\/ld+json\" class=\"yoast-schema-graph\">{\"@context\":\"https:\/\/schema.org\",\"@graph\":[{\"@type\":\"WebPage\",\"@id\":\"https:\/\/blog.zeit.de\/teilchen\/2016\/06\/21\/it-expertinnen-feminismus-katieconf\/\",\"url\":\"https:\/\/blog.zeit.de\/teilchen\/2016\/06\/21\/it-expertinnen-feminismus-katieconf\/\",\"name\":\"IT-Expertinnen: Sie hei\u00dfen Katharina? Kommen Sie zur KatieConf!\",\"isPartOf\":{\"@id\":\"https:\/\/blog.zeit.de\/teilchen\/#website\"},\"datePublished\":\"2016-06-21T16:47:46+00:00\",\"dateModified\":\"2016-06-22T05:46:20+00:00\",\"author\":{\"@id\":\"https:\/\/blog.zeit.de\/teilchen\/#\/schema\/person\/3a6ba50570cb70e2eef6b276158e0ef7\"},\"description\":\"Sie hei\u00dfen Katharina, Kathleen oder Katie und sind alle IT-Expertinnen, die etwas zu sagen haben. Bei KatieConf, der Tech-Konferenz mit weiblichen Speakern.\",\"breadcrumb\":{\"@id\":\"https:\/\/blog.zeit.de\/teilchen\/2016\/06\/21\/it-expertinnen-feminismus-katieconf\/#breadcrumb\"},\"inLanguage\":\"de\",\"potentialAction\":[{\"@type\":\"ReadAction\",\"target\":[\"https:\/\/blog.zeit.de\/teilchen\/2016\/06\/21\/it-expertinnen-feminismus-katieconf\/\"]}]},{\"@type\":\"BreadcrumbList\",\"@id\":\"https:\/\/blog.zeit.de\/teilchen\/2016\/06\/21\/it-expertinnen-feminismus-katieconf\/#breadcrumb\",\"itemListElement\":[{\"@type\":\"ListItem\",\"position\":1,\"name\":\"Startseite\",\"item\":\"https:\/\/blog.zeit.de\/teilchen\/\"},{\"@type\":\"ListItem\",\"position\":2,\"name\":\"Sie hei\u00dfen Katharina? Kommen Sie zur KatieConf!\"}]},{\"@type\":\"WebSite\",\"@id\":\"https:\/\/blog.zeit.de\/teilchen\/#website\",\"url\":\"https:\/\/blog.zeit.de\/teilchen\/\",\"name\":\"Teilchen\",\"description\":\"Im Netz verstecken sich kleine Sch\u00e4tze - ZEIT ONLINE findet sie.\",\"potentialAction\":[{\"@type\":\"SearchAction\",\"target\":{\"@type\":\"EntryPoint\",\"urlTemplate\":\"https:\/\/blog.zeit.de\/teilchen\/?s={search_term_string}\"},\"query-input\":\"required name=search_term_string\"}],\"inLanguage\":\"de\"},{\"@type\":\"Person\",\"@id\":\"https:\/\/blog.zeit.de\/teilchen\/#\/schema\/person\/3a6ba50570cb70e2eef6b276158e0ef7\",\"name\":\"Tina Groll\",\"image\":{\"@type\":\"ImageObject\",\"inLanguage\":\"de\",\"@id\":\"https:\/\/blog.zeit.de\/teilchen\/#\/schema\/person\/image\/\",\"url\":\"https:\/\/secure.gravatar.com\/avatar\/0cdc5a0bfbc217b84b2d61e45ce5b102aeb5df0e9231a89c7ae106626ccd6c6e?s=96&d=mm&r=g\",\"contentUrl\":\"https:\/\/secure.gravatar.com\/avatar\/0cdc5a0bfbc217b84b2d61e45ce5b102aeb5df0e9231a89c7ae106626ccd6c6e?s=96&d=mm&r=g\",\"caption\":\"Tina Groll\"},\"description\":\"ist bei ZEIT ONLINE f\u00fcr das Karriere-Ressort zust\u00e4ndig. Au\u00dfer \u00fcber Karrierethemen schreibt sie \u00fcber Arbeitsrecht und bloggt privat unter www.diechefin.net \u00fcber Frauen und F\u00fchrungspositionen.\",\"url\":\"https:\/\/blog.zeit.de\/teilchen\/author\/tgroll\/\"}]}<\/script>\n<!-- \/ Yoast SEO plugin. -->","yoast_head_json":{"title":"IT-Expertinnen: Sie hei\u00dfen Katharina? Kommen Sie zur KatieConf!","description":"Sie hei\u00dfen Katharina, Kathleen oder Katie und sind alle IT-Expertinnen, die etwas zu sagen haben. Bei KatieConf, der Tech-Konferenz mit weiblichen Speakern.","robots":{"index":"index","follow":"follow","max-snippet":"max-snippet:-1","max-image-preview":"max-image-preview:large","max-video-preview":"max-video-preview:-1"},"canonical":"https:\/\/blog.zeit.de\/teilchen\/2016\/06\/21\/it-expertinnen-feminismus-katieconf\/","og_locale":"de_DE","og_type":"article","og_title":"IT-Expertinnen: Sie hei\u00dfen Katharina? Kommen Sie zur KatieConf!","og_description":"Sie hei\u00dfen Katharina, Kathleen oder Katie und sind alle IT-Expertinnen, die etwas zu sagen haben. Bei KatieConf, der Tech-Konferenz mit weiblichen Speakern.","og_url":"https:\/\/blog.zeit.de\/teilchen\/2016\/06\/21\/it-expertinnen-feminismus-katieconf\/","og_site_name":"Teilchen","article_published_time":"2016-06-21T16:47:46+00:00","article_modified_time":"2016-06-22T05:46:20+00:00","og_image":[{"width":1440,"height":713,"url":"https:\/\/blog.zeit.de\/teilchen\/files\/2016\/06\/KatieConference.png","type":"image\/png"}],"author":"Tina Groll","twitter_card":"summary_large_image","twitter_image":"https:\/\/blog.zeit.de\/teilchen\/files\/2016\/06\/KatieConference.png","twitter_creator":"@zeitonline","twitter_site":"@zeitonline","twitter_misc":{"Geschrieben von":"Tina Groll","Gesch\u00e4tzte Lesezeit":"1\u00a0Minute"},"schema":{"@context":"https:\/\/schema.org","@graph":[{"@type":"WebPage","@id":"https:\/\/blog.zeit.de\/teilchen\/2016\/06\/21\/it-expertinnen-feminismus-katieconf\/","url":"https:\/\/blog.zeit.de\/teilchen\/2016\/06\/21\/it-expertinnen-feminismus-katieconf\/","name":"IT-Expertinnen: Sie hei\u00dfen Katharina? Kommen Sie zur KatieConf!","isPartOf":{"@id":"https:\/\/blog.zeit.de\/teilchen\/#website"},"datePublished":"2016-06-21T16:47:46+00:00","dateModified":"2016-06-22T05:46:20+00:00","author":{"@id":"https:\/\/blog.zeit.de\/teilchen\/#\/schema\/person\/3a6ba50570cb70e2eef6b276158e0ef7"},"description":"Sie hei\u00dfen Katharina, Kathleen oder Katie und sind alle IT-Expertinnen, die etwas zu sagen haben. Bei KatieConf, der Tech-Konferenz mit weiblichen Speakern.","breadcrumb":{"@id":"https:\/\/blog.zeit.de\/teilchen\/2016\/06\/21\/it-expertinnen-feminismus-katieconf\/#breadcrumb"},"inLanguage":"de","potentialAction":[{"@type":"ReadAction","target":["https:\/\/blog.zeit.de\/teilchen\/2016\/06\/21\/it-expertinnen-feminismus-katieconf\/"]}]},{"@type":"BreadcrumbList","@id":"https:\/\/blog.zeit.de\/teilchen\/2016\/06\/21\/it-expertinnen-feminismus-katieconf\/#breadcrumb","itemListElement":[{"@type":"ListItem","position":1,"name":"Startseite","item":"https:\/\/blog.zeit.de\/teilchen\/"},{"@type":"ListItem","position":2,"name":"Sie hei\u00dfen Katharina? Kommen Sie zur KatieConf!"}]},{"@type":"WebSite","@id":"https:\/\/blog.zeit.de\/teilchen\/#website","url":"https:\/\/blog.zeit.de\/teilchen\/","name":"Teilchen","description":"Im Netz verstecken sich kleine Sch\u00e4tze - ZEIT ONLINE findet sie.","potentialAction":[{"@type":"SearchAction","target":{"@type":"EntryPoint","urlTemplate":"https:\/\/blog.zeit.de\/teilchen\/?s={search_term_string}"},"query-input":"required name=search_term_string"}],"inLanguage":"de"},{"@type":"Person","@id":"https:\/\/blog.zeit.de\/teilchen\/#\/schema\/person\/3a6ba50570cb70e2eef6b276158e0ef7","name":"Tina Groll","image":{"@type":"ImageObject","inLanguage":"de","@id":"https:\/\/blog.zeit.de\/teilchen\/#\/schema\/person\/image\/","url":"https:\/\/secure.gravatar.com\/avatar\/0cdc5a0bfbc217b84b2d61e45ce5b102aeb5df0e9231a89c7ae106626ccd6c6e?s=96&d=mm&r=g","contentUrl":"https:\/\/secure.gravatar.com\/avatar\/0cdc5a0bfbc217b84b2d61e45ce5b102aeb5df0e9231a89c7ae106626ccd6c6e?s=96&d=mm&r=g","caption":"Tina Groll"},"description":"ist bei ZEIT ONLINE f\u00fcr das Karriere-Ressort zust\u00e4ndig. Au\u00dfer \u00fcber Karrierethemen schreibt sie \u00fcber Arbeitsrecht und bloggt privat unter www.diechefin.net \u00fcber Frauen und F\u00fchrungspositionen.","url":"https:\/\/blog.zeit.de\/teilchen\/author\/tgroll\/"}]}},"jetpack_featured_media_url":"https:\/\/blog.zeit.de\/teilchen\/files\/2016\/06\/KatieConference.png","jetpack_sharing_enabled":true,"_links":{"self":[{"href":"https:\/\/blog.zeit.de\/teilchen\/wp-json\/wp\/v2\/posts\/13779","targetHints":{"allow":["GET"]}}],"collection":[{"href":"https:\/\/blog.zeit.de\/teilchen\/wp-json\/wp\/v2\/posts"}],"about":[{"href":"https:\/\/blog.zeit.de\/teilchen\/wp-json\/wp\/v2\/types\/post"}],"author":[{"embeddable":true,"href":"https:\/\/blog.zeit.de\/teilchen\/wp-json\/wp\/v2\/users\/601"}],"replies":[{"embeddable":true,"href":"https:\/\/blog.zeit.de\/teilchen\/wp-json\/wp\/v2\/comments?post=13779"}],"version-history":[{"count":9,"href":"https:\/\/blog.zeit.de\/teilchen\/wp-json\/wp\/v2\/posts\/13779\/revisions"}],"predecessor-version":[{"id":13790,"href":"https:\/\/blog.zeit.de\/teilchen\/wp-json\/wp\/v2\/posts\/13779\/revisions\/13790"}],"wp:featuredmedia":[{"embeddable":true,"href":"https:\/\/blog.zeit.de\/teilchen\/wp-json\/wp\/v2\/media\/13783"}],"wp:attachment":[{"href":"https:\/\/blog.zeit.de\/teilchen\/wp-json\/wp\/v2\/media?parent=13779"}],"wp:term":[{"taxonomy":"category","embeddable":true,"href":"https:\/\/blog.zeit.de\/teilchen\/wp-json\/wp\/v2\/categories?post=13779"},{"taxonomy":"post_tag","embeddable":true,"href":"https:\/\/blog.zeit.de\/teilchen\/wp-json\/wp\/v2\/tags?post=13779"}],"curies":[{"name":"wp","href":"https:\/\/api.w.org\/{rel}","templated":true}]}}