{"id":13800,"date":"2016-06-24T08:52:18","date_gmt":"2016-06-24T06:52:18","guid":{"rendered":"http:\/\/blog.zeit.de\/teilchen\/?p=13800"},"modified":"2016-06-24T13:49:34","modified_gmt":"2016-06-24T11:49:34","slug":"austritt-aus-der-eu-brexit-ups-was-haben-wir-getan","status":"publish","type":"post","link":"https:\/\/blog.zeit.de\/teilchen\/2016\/06\/24\/austritt-aus-der-eu-brexit-ups-was-haben-wir-getan\/","title":{"rendered":"Ups, was haben wir getan?"},"content":{"rendered":"<p><figure id=\"attachment_13809\" aria-describedby=\"caption-attachment-13809\" style=\"width: 500px\" class=\"wp-caption alignnone\"><img loading=\"lazy\" decoding=\"async\" class=\"wp-image-13809 size-full\" src=\"https:\/\/blog.zeit.de\/teilchen\/files\/2016\/06\/preview-2.jpg\" alt=\"preview\" width=\"500\" height=\"333\" \/><figcaption id=\"caption-attachment-13809\" class=\"wp-caption-text\">Das fragen wir uns auch. Copyright: REUTERS\/Andrew Kelly<\/figcaption><\/figure><\/p>\n<p>Gro\u00dfbritannien hat abgestimmt und sich <a href=\"http:\/\/www.zeit.de\/politik\/ausland\/2016-06\/brexit-ergebnis-briten-stimmen-fuer-ausstieg-aus-der-eu\">mehrheitlich f\u00fcr einen Austritt aus der EU entschieden<\/a>. Die Ausz\u00e4hlung w\u00e4hrend der Nacht lie\u00df sich gut anhand der Twitter-Hashtags verfolgen: Aus <a href=\"https:\/\/twitter.com\/search?q=brexitornot&amp;src=typd\">#BrexitOrNot<\/a> wurde <a href=\"https:\/\/twitter.com\/search?q=brexit&amp;src=typd\">#Brexit<\/a> und schlie\u00dflich <a href=\"https:\/\/twitter.com\/search?q=%23WhatHaveWeDone&amp;src=tyah\">#WhatHaveWeDone<\/a>. Wir sind im Netz auf Stimmenfang gegangen.<!--more--><\/p>\n<p>Frei sein von europ\u00e4ischer B\u00fcrokratie, die eigene Unabh\u00e4ngigkeit ausleben. Das mag zun\u00e4chst gut klingen. Doch welche Folgen der Brexit f\u00fcr Gro\u00dfbritannien hat, scheint vielen Menschen noch nicht so recht bewusst zu sein. Was ein <a href=\"http:\/\/www.zeit.de\/wirtschaft\/2016-06\/brexit-wirtschaft-folgen-finanzen-wachstum\">Austritt aus der EU f\u00fcr die Wirtschaft hie\u00dfe, haben wir an dieser Stelle schon in einer Kartengeschichte<\/a> beschrieben.<\/p>\n<p>Wie allerdings reagieren Menschen ganz pers\u00f6nlich auf den Brexit? Wir pr\u00e4sentieren Ihnen eine kleine Auswahl:<\/p>\n\n<div class=\"embed-wrapper embed-wrapper--blocked js-embed-consent\" data-method=\"embed\">\n<script class=\"raw__source\" type=\"text\/template\"><div class=\"embed-twitter\"><blockquote class=\"twitter-tweet\" data-width=\"550\" data-dnt=\"true\"><p data-replace lang=\"en\" dir=\"ltr\"><a href=\"https:\/\/twitter.com\/hashtag\/EURefResults?src=hash&amp;ref_src=twsrc%5Etfw\">#EURefResults<\/a> I&#39;ve always been proud to be British. Not today. Feeling genuinely shocked and saddened. BIG MISTAKE. <a href=\"https:\/\/t.co\/S1zCvbU9UT\">pic.twitter.com\/S1zCvbU9UT<\/a><\/p>&mdash; Kate Lawler (@katelawler) <a href=\"https:\/\/twitter.com\/katelawler\/status\/746210572434186240?ref_src=twsrc%5Etfw\">June 24, 2016<\/a><\/blockquote><scr+ipt async src=\"https:\/\/platform.twitter.com\/widgets.js\" charset=\"utf-8\"><\/scr+ipt><\/div><\/script>\n<div class=\"embed-wrapper__inner\">\n<div class=\"embed-wrapper__text\">\n<h3>Empfohlener redaktioneller Inhalt<\/h3>\n<p data-replace=\"no\">An dieser Stelle finden Sie externen Inhalt, der den Artikel erg\u00e4nzt. Sie k\u00f6nnen sich externe Inhalte mit einem Klick anzeigen lassen und wieder ausblenden.<noscript>Bitte aktivieren Sie JavaScript damit Sie diesen Inhalt anzeigen k\u00f6nnen.<\/noscript><\/p>\n<\/div>\n<div class=\"embed-consent\">\n<label class=\"embed-consent__toggle\">\n<input class=\"js-embed-consent__toggle\" type=\"checkbox\" autocomplete=\"off\">\n<span><\/span>\nExterner Inhalt\n<\/label>\n<a href=\"https:\/\/www.zeit.de\/hilfe\/datenschutz\" target=\"_blank\" class=\"embed-consent__datalink-when-active\">Datenschutzerkl\u00e4rung<\/a>\n<\/div>\n<div class=\"embed-wrapper__footer\">\n<p data-replace=\"no\">\nIch bin damit einverstanden, dass mir externe Inhalte angezeigt werden. Damit k\u00f6nnen personenbezogene Daten an Drittplattformen \u00fcbermittelt werden. <a href=\"https:\/\/www.zeit.de\/hilfe\/datenschutz\" target=\"_blank\">Mehr dazu in unserer Datenschutzerkl\u00e4rung.<\/a>\n<\/p>\n<\/div>\n<\/div>\n<\/div>\n<p>Da hilft nur noch, in den Norden zu fl\u00fcchten \u2026<\/p>\n<p>https:\/\/twitter.com\/lizimings13\/status\/746219472118128640<\/p>\n<p>&#8230; oder \u00fcber den Kanal zu entkommen:<\/p>\n\n<div class=\"embed-wrapper embed-wrapper--blocked js-embed-consent\" data-method=\"embed\">\n<script class=\"raw__source\" type=\"text\/template\"><div class=\"embed-twitter\"><blockquote class=\"twitter-tweet\" data-width=\"550\" data-dnt=\"true\"><p data-replace lang=\"en\" dir=\"ltr\">Time to investigate becoming a French national... <a href=\"https:\/\/twitter.com\/hashtag\/whathavewedone?src=hash&amp;ref_src=twsrc%5Etfw\">#whathavewedone<\/a><\/p>&mdash; Gregory John (@gregory_john) <a href=\"https:\/\/twitter.com\/gregory_john\/status\/746219460529266690?ref_src=twsrc%5Etfw\">June 24, 2016<\/a><\/blockquote><scr+ipt async src=\"https:\/\/platform.twitter.com\/widgets.js\" charset=\"utf-8\"><\/scr+ipt><\/div><\/script>\n<div class=\"embed-wrapper__inner\">\n<div class=\"embed-wrapper__text\">\n<h3>Empfohlener redaktioneller Inhalt<\/h3>\n<p data-replace=\"no\">An dieser Stelle finden Sie externen Inhalt, der den Artikel erg\u00e4nzt. Sie k\u00f6nnen sich externe Inhalte mit einem Klick anzeigen lassen und wieder ausblenden.<noscript>Bitte aktivieren Sie JavaScript damit Sie diesen Inhalt anzeigen k\u00f6nnen.<\/noscript><\/p>\n<\/div>\n<div class=\"embed-consent\">\n<label class=\"embed-consent__toggle\">\n<input class=\"js-embed-consent__toggle\" type=\"checkbox\" autocomplete=\"off\">\n<span><\/span>\nExterner Inhalt\n<\/label>\n<a href=\"https:\/\/www.zeit.de\/hilfe\/datenschutz\" target=\"_blank\" class=\"embed-consent__datalink-when-active\">Datenschutzerkl\u00e4rung<\/a>\n<\/div>\n<div class=\"embed-wrapper__footer\">\n<p data-replace=\"no\">\nIch bin damit einverstanden, dass mir externe Inhalte angezeigt werden. Damit k\u00f6nnen personenbezogene Daten an Drittplattformen \u00fcbermittelt werden. <a href=\"https:\/\/www.zeit.de\/hilfe\/datenschutz\" target=\"_blank\">Mehr dazu in unserer Datenschutzerkl\u00e4rung.<\/a>\n<\/p>\n<\/div>\n<\/div>\n<\/div>\n<p>Oder doch noch weiter weg:<\/p>\n<p>https:\/\/twitter.com\/SunshineCity83\/status\/746216610747162624<\/p>\n<p>Ach, so wichtig ist das Zielland auch nicht:<\/p>\n<p>https:\/\/twitter.com\/Denise_Foth\/status\/746203593229795328<\/p>\n<p>Der Premier schickt unterdessen die Katze vor:<\/p>\n\n<div class=\"embed-wrapper embed-wrapper--blocked js-embed-consent\" data-method=\"embed\">\n<script class=\"raw__source\" type=\"text\/template\"><div class=\"embed-twitter\"><blockquote class=\"twitter-tweet\" data-width=\"550\" data-dnt=\"true\"><p data-replace lang=\"en\" dir=\"ltr\">Larry the Cat comes out at Downing Street as the media wait to hear from <a href=\"https:\/\/twitter.com\/David_Cameron?ref_src=twsrc%5Etfw\">@David_Cameron<\/a> after the <a href=\"https:\/\/twitter.com\/hashtag\/EURefResults?src=hash&amp;ref_src=twsrc%5Etfw\">#EURefResults<\/a> <a href=\"https:\/\/t.co\/aywziuXrsT\">pic.twitter.com\/aywziuXrsT<\/a><\/p>&mdash; ITV News (@itvnews) <a href=\"https:\/\/twitter.com\/itvnews\/status\/746222211703308289?ref_src=twsrc%5Etfw\">June 24, 2016<\/a><\/blockquote><scr+ipt async src=\"https:\/\/platform.twitter.com\/widgets.js\" charset=\"utf-8\"><\/scr+ipt><\/div><\/script>\n<div class=\"embed-wrapper__inner\">\n<div class=\"embed-wrapper__text\">\n<h3>Empfohlener redaktioneller Inhalt<\/h3>\n<p data-replace=\"no\">An dieser Stelle finden Sie externen Inhalt, der den Artikel erg\u00e4nzt. Sie k\u00f6nnen sich externe Inhalte mit einem Klick anzeigen lassen und wieder ausblenden.<noscript>Bitte aktivieren Sie JavaScript damit Sie diesen Inhalt anzeigen k\u00f6nnen.<\/noscript><\/p>\n<\/div>\n<div class=\"embed-consent\">\n<label class=\"embed-consent__toggle\">\n<input class=\"js-embed-consent__toggle\" type=\"checkbox\" autocomplete=\"off\">\n<span><\/span>\nExterner Inhalt\n<\/label>\n<a href=\"https:\/\/www.zeit.de\/hilfe\/datenschutz\" target=\"_blank\" class=\"embed-consent__datalink-when-active\">Datenschutzerkl\u00e4rung<\/a>\n<\/div>\n<div class=\"embed-wrapper__footer\">\n<p data-replace=\"no\">\nIch bin damit einverstanden, dass mir externe Inhalte angezeigt werden. Damit k\u00f6nnen personenbezogene Daten an Drittplattformen \u00fcbermittelt werden. <a href=\"https:\/\/www.zeit.de\/hilfe\/datenschutz\" target=\"_blank\">Mehr dazu in unserer Datenschutzerkl\u00e4rung.<\/a>\n<\/p>\n<\/div>\n<\/div>\n<\/div>\n<p>Und verglichen mit dem f\u00fcr David Cameron bevorstehenden Tag d\u00fcrfte uns die Arbeit heute leichtfallen:<\/p>\n\n<div class=\"embed-wrapper embed-wrapper--blocked js-embed-consent\" data-method=\"embed\">\n<script class=\"raw__source\" type=\"text\/template\"><div class=\"embed-twitter\"><blockquote class=\"twitter-tweet\" data-width=\"550\" data-dnt=\"true\"><p data-replace lang=\"en\" dir=\"ltr\">If you&#39;re ever having a bad day at work remember you&#39;re not David Cameron and you didn&#39;t unintentionally lead the UK out of the EU.<\/p>&mdash; Jamie Ross (@JamieRoss7) <a href=\"https:\/\/twitter.com\/JamieRoss7\/status\/746189381333987328?ref_src=twsrc%5Etfw\">June 24, 2016<\/a><\/blockquote><scr+ipt async src=\"https:\/\/platform.twitter.com\/widgets.js\" charset=\"utf-8\"><\/scr+ipt><\/div><\/script>\n<div class=\"embed-wrapper__inner\">\n<div class=\"embed-wrapper__text\">\n<h3>Empfohlener redaktioneller Inhalt<\/h3>\n<p data-replace=\"no\">An dieser Stelle finden Sie externen Inhalt, der den Artikel erg\u00e4nzt. Sie k\u00f6nnen sich externe Inhalte mit einem Klick anzeigen lassen und wieder ausblenden.<noscript>Bitte aktivieren Sie JavaScript damit Sie diesen Inhalt anzeigen k\u00f6nnen.<\/noscript><\/p>\n<\/div>\n<div class=\"embed-consent\">\n<label class=\"embed-consent__toggle\">\n<input class=\"js-embed-consent__toggle\" type=\"checkbox\" autocomplete=\"off\">\n<span><\/span>\nExterner Inhalt\n<\/label>\n<a href=\"https:\/\/www.zeit.de\/hilfe\/datenschutz\" target=\"_blank\" class=\"embed-consent__datalink-when-active\">Datenschutzerkl\u00e4rung<\/a>\n<\/div>\n<div class=\"embed-wrapper__footer\">\n<p data-replace=\"no\">\nIch bin damit einverstanden, dass mir externe Inhalte angezeigt werden. Damit k\u00f6nnen personenbezogene Daten an Drittplattformen \u00fcbermittelt werden. <a href=\"https:\/\/www.zeit.de\/hilfe\/datenschutz\" target=\"_blank\">Mehr dazu in unserer Datenschutzerkl\u00e4rung.<\/a>\n<\/p>\n<\/div>\n<\/div>\n<\/div>\n<p>Schnell werden Parallelen zur US-Pr\u00e4sidentschaftswahl gezogen:<\/p>\n\n<div class=\"embed-wrapper embed-wrapper--blocked js-embed-consent\" data-method=\"embed\">\n<script class=\"raw__source\" type=\"text\/template\"><div class=\"embed-twitter\"><blockquote class=\"twitter-tweet\" data-width=\"550\" data-dnt=\"true\"><p data-replace lang=\"en\" dir=\"ltr\">How screwed are we on a scale of 1 to Donald Trump     <a href=\"https:\/\/twitter.com\/hashtag\/Brexit?src=hash&amp;ref_src=twsrc%5Etfw\">#Brexit<\/a> <a href=\"https:\/\/twitter.com\/hashtag\/EUref?src=hash&amp;ref_src=twsrc%5Etfw\">#EUref<\/a> <a href=\"https:\/\/twitter.com\/hashtag\/eurefresult?src=hash&amp;ref_src=twsrc%5Etfw\">#eurefresult<\/a> <a href=\"https:\/\/twitter.com\/hashtag\/WhatHaveWeDone?src=hash&amp;ref_src=twsrc%5Etfw\">#WhatHaveWeDone<\/a><\/p>&mdash; Sean Wright \ud83d\udcf8 (@MrSWphoto) <a href=\"https:\/\/twitter.com\/MrSWphoto\/status\/746219341494919172?ref_src=twsrc%5Etfw\">June 24, 2016<\/a><\/blockquote><scr+ipt async src=\"https:\/\/platform.twitter.com\/widgets.js\" charset=\"utf-8\"><\/scr+ipt><\/div><\/script>\n<div class=\"embed-wrapper__inner\">\n<div class=\"embed-wrapper__text\">\n<h3>Empfohlener redaktioneller Inhalt<\/h3>\n<p data-replace=\"no\">An dieser Stelle finden Sie externen Inhalt, der den Artikel erg\u00e4nzt. Sie k\u00f6nnen sich externe Inhalte mit einem Klick anzeigen lassen und wieder ausblenden.<noscript>Bitte aktivieren Sie JavaScript damit Sie diesen Inhalt anzeigen k\u00f6nnen.<\/noscript><\/p>\n<\/div>\n<div class=\"embed-consent\">\n<label class=\"embed-consent__toggle\">\n<input class=\"js-embed-consent__toggle\" type=\"checkbox\" autocomplete=\"off\">\n<span><\/span>\nExterner Inhalt\n<\/label>\n<a href=\"https:\/\/www.zeit.de\/hilfe\/datenschutz\" target=\"_blank\" class=\"embed-consent__datalink-when-active\">Datenschutzerkl\u00e4rung<\/a>\n<\/div>\n<div class=\"embed-wrapper__footer\">\n<p data-replace=\"no\">\nIch bin damit einverstanden, dass mir externe Inhalte angezeigt werden. Damit k\u00f6nnen personenbezogene Daten an Drittplattformen \u00fcbermittelt werden. <a href=\"https:\/\/www.zeit.de\/hilfe\/datenschutz\" target=\"_blank\">Mehr dazu in unserer Datenschutzerkl\u00e4rung.<\/a>\n<\/p>\n<\/div>\n<\/div>\n<\/div>\n<p>https:\/\/twitter.com\/jess_talal\/status\/746219238877073408<\/p>\n<p>Da bleibt wohl nur noch, den Gang raus aus der EU in W\u00fcrde anzutreten:<\/p>\n\n<div class=\"embed-wrapper embed-wrapper--blocked js-embed-consent\" data-method=\"embed\">\n<script class=\"raw__source\" type=\"text\/template\"><div class=\"embed-twitter\"><blockquote class=\"twitter-tweet\" data-width=\"550\" data-dnt=\"true\"><p data-replace lang=\"en\" dir=\"ltr\">How I&#39;m feeling right now\ud83d\ude14 <a href=\"https:\/\/twitter.com\/hashtag\/EUref?src=hash&amp;ref_src=twsrc%5Etfw\">#EUref<\/a> <a href=\"https:\/\/twitter.com\/hashtag\/GOODBYEEU?src=hash&amp;ref_src=twsrc%5Etfw\">#GOODBYEEU<\/a> <a href=\"https:\/\/twitter.com\/hashtag\/WhatHaveWeDone?src=hash&amp;ref_src=twsrc%5Etfw\">#WhatHaveWeDone<\/a> <a href=\"https:\/\/t.co\/4hCIFtkOTi\">pic.twitter.com\/4hCIFtkOTi<\/a><\/p>&mdash; DelythMairJones (@DelythJones93) <a href=\"https:\/\/twitter.com\/DelythJones93\/status\/746217301242847232?ref_src=twsrc%5Etfw\">June 24, 2016<\/a><\/blockquote><scr+ipt async src=\"https:\/\/platform.twitter.com\/widgets.js\" charset=\"utf-8\"><\/scr+ipt><\/div><\/script>\n<div class=\"embed-wrapper__inner\">\n<div class=\"embed-wrapper__text\">\n<h3>Empfohlener redaktioneller Inhalt<\/h3>\n<p data-replace=\"no\">An dieser Stelle finden Sie externen Inhalt, der den Artikel erg\u00e4nzt. Sie k\u00f6nnen sich externe Inhalte mit einem Klick anzeigen lassen und wieder ausblenden.<noscript>Bitte aktivieren Sie JavaScript damit Sie diesen Inhalt anzeigen k\u00f6nnen.<\/noscript><\/p>\n<\/div>\n<div class=\"embed-consent\">\n<label class=\"embed-consent__toggle\">\n<input class=\"js-embed-consent__toggle\" type=\"checkbox\" autocomplete=\"off\">\n<span><\/span>\nExterner Inhalt\n<\/label>\n<a href=\"https:\/\/www.zeit.de\/hilfe\/datenschutz\" target=\"_blank\" class=\"embed-consent__datalink-when-active\">Datenschutzerkl\u00e4rung<\/a>\n<\/div>\n<div class=\"embed-wrapper__footer\">\n<p data-replace=\"no\">\nIch bin damit einverstanden, dass mir externe Inhalte angezeigt werden. Damit k\u00f6nnen personenbezogene Daten an Drittplattformen \u00fcbermittelt werden. <a href=\"https:\/\/www.zeit.de\/hilfe\/datenschutz\" target=\"_blank\">Mehr dazu in unserer Datenschutzerkl\u00e4rung.<\/a>\n<\/p>\n<\/div>\n<\/div>\n<\/div>\n\n<div class=\"embed-wrapper embed-wrapper--blocked js-embed-consent\" data-method=\"embed\">\n<script class=\"raw__source\" type=\"text\/template\"><div class=\"embed-twitter\"><blockquote class=\"twitter-tweet\" data-width=\"550\" data-dnt=\"true\"><p data-replace lang=\"en\" dir=\"ltr\">Sliding out the Eu like <a href=\"https:\/\/twitter.com\/hashtag\/WhatHaveWeDone?src=hash&amp;ref_src=twsrc%5Etfw\">#WhatHaveWeDone<\/a> <a href=\"https:\/\/t.co\/ktwIja5SVl\">pic.twitter.com\/ktwIja5SVl<\/a><\/p>&mdash; Matt (@mattbloxham3) <a href=\"https:\/\/twitter.com\/mattbloxham3\/status\/746221429918576640?ref_src=twsrc%5Etfw\">June 24, 2016<\/a><\/blockquote><scr+ipt async src=\"https:\/\/platform.twitter.com\/widgets.js\" charset=\"utf-8\"><\/scr+ipt><\/div><\/script>\n<div class=\"embed-wrapper__inner\">\n<div class=\"embed-wrapper__text\">\n<h3>Empfohlener redaktioneller Inhalt<\/h3>\n<p data-replace=\"no\">An dieser Stelle finden Sie externen Inhalt, der den Artikel erg\u00e4nzt. Sie k\u00f6nnen sich externe Inhalte mit einem Klick anzeigen lassen und wieder ausblenden.<noscript>Bitte aktivieren Sie JavaScript damit Sie diesen Inhalt anzeigen k\u00f6nnen.<\/noscript><\/p>\n<\/div>\n<div class=\"embed-consent\">\n<label class=\"embed-consent__toggle\">\n<input class=\"js-embed-consent__toggle\" type=\"checkbox\" autocomplete=\"off\">\n<span><\/span>\nExterner Inhalt\n<\/label>\n<a href=\"https:\/\/www.zeit.de\/hilfe\/datenschutz\" target=\"_blank\" class=\"embed-consent__datalink-when-active\">Datenschutzerkl\u00e4rung<\/a>\n<\/div>\n<div class=\"embed-wrapper__footer\">\n<p data-replace=\"no\">\nIch bin damit einverstanden, dass mir externe Inhalte angezeigt werden. Damit k\u00f6nnen personenbezogene Daten an Drittplattformen \u00fcbermittelt werden. <a href=\"https:\/\/www.zeit.de\/hilfe\/datenschutz\" target=\"_blank\">Mehr dazu in unserer Datenschutzerkl\u00e4rung.<\/a>\n<\/p>\n<\/div>\n<\/div>\n<\/div>\n<ul>\n<li><em>Unser Live-Blog zum Brexit<\/em><\/li>\n<li><em>Die <a href=\"http:\/\/www.zeit.de\/politik\/ausland\/2016-06\/wahlergebnisse-grossbritannien-eu-referendum\">Infografiken zur Abstimmung<\/a><\/em><\/li>\n<li><em>Die <a href=\"http:\/\/www.zeit.de\/politik\/ausland\/2016-06\/brexit-referendum-grossbritannien-eu-nacht-fs\">Wahlnacht in Bildern<\/a><\/em><\/li>\n<li><em><a href=\"http:\/\/www.zeit.de\/wirtschaft\/boerse\/2016-06\/europaeische-zentralbank-brexit-europa-wirtschaft\">Schock an den Finanzm\u00e4rkten<\/a><\/em><\/li>\n<li><em><a href=\"http:\/\/www.zeit.de\/politik\/ausland\/2016-06\/brexit-grossbritannien-referendum-lehren\">F\u00fcnf Lehren aus dem EU-Referendum<\/a><\/em><\/li>\n<li><em>Weitere <a href=\"https:\/\/blog.zeit.de\/teilchen\/\">Teilchen finden Sie hier<\/a>.<\/em><\/li>\n<\/ul>\n","protected":false},"excerpt":{"rendered":"<p>Gro\u00dfbritannien hat abgestimmt und sich mehrheitlich f\u00fcr einen Austritt aus der EU entschieden. Die Ausz\u00e4hlung w\u00e4hrend der Nacht lie\u00df sich gut anhand der Twitter-Hashtags [\u2026]<\/p>\n","protected":false},"author":528,"featured_media":13809,"comment_status":"open","ping_status":"closed","sticky":false,"template":"","format":"standard","meta":{"_jetpack_memberships_contains_paid_content":false,"footnotes":""},"categories":[13657],"tags":[],"class_list":["post-13800","post","type-post","status-publish","format-standard","has-post-thumbnail","hentry","category-interaktiv"],"yoast_head":"<!-- This site is optimized with the Yoast SEO plugin v21.0 - https:\/\/yoast.com\/wordpress\/plugins\/seo\/ -->\n<title>Austritt aus der EU: Ups, was haben wir getan?<\/title>\n<meta name=\"description\" content=\"Gro\u00dfbritannien hat sich f\u00fcr einen Austritt aus der EU entschieden. Wir sind im Netz auf Stimmenfang gegangen.\" \/>\n<meta name=\"robots\" content=\"index, follow, max-snippet:-1, max-image-preview:large, max-video-preview:-1\" \/>\n<link rel=\"canonical\" href=\"https:\/\/blog.zeit.de\/teilchen\/2016\/06\/24\/austritt-aus-der-eu-brexit-ups-was-haben-wir-getan\/\" \/>\n<meta property=\"og:locale\" content=\"de_DE\" \/>\n<meta property=\"og:type\" content=\"article\" \/>\n<meta property=\"og:title\" content=\"Austritt aus der EU: Ups, was haben wir getan?\" \/>\n<meta property=\"og:description\" content=\"Gro\u00dfbritannien hat sich f\u00fcr einen Austritt aus der EU entschieden. Wir sind im Netz auf Stimmenfang gegangen.\" \/>\n<meta property=\"og:url\" content=\"https:\/\/blog.zeit.de\/teilchen\/2016\/06\/24\/austritt-aus-der-eu-brexit-ups-was-haben-wir-getan\/\" \/>\n<meta property=\"og:site_name\" content=\"Teilchen\" \/>\n<meta property=\"article:published_time\" content=\"2016-06-24T06:52:18+00:00\" \/>\n<meta property=\"article:modified_time\" content=\"2016-06-24T11:49:34+00:00\" \/>\n<meta property=\"og:image\" content=\"https:\/\/blog.zeit.de\/teilchen\/files\/2016\/06\/preview-2.jpg\" \/>\n\t<meta property=\"og:image:width\" content=\"500\" \/>\n\t<meta property=\"og:image:height\" content=\"333\" \/>\n\t<meta property=\"og:image:type\" content=\"image\/jpeg\" \/>\n<meta name=\"author\" content=\"Bj\u00f6rn Maatz\" \/>\n<meta name=\"twitter:card\" content=\"summary_large_image\" \/>\n<meta name=\"twitter:image\" content=\"https:\/\/blog.zeit.de\/teilchen\/files\/2016\/06\/preview-2.jpg\" \/>\n<meta name=\"twitter:creator\" content=\"@BjoernMaatz\" \/>\n<meta name=\"twitter:site\" content=\"@zeitonline\" \/>\n<meta name=\"twitter:label1\" content=\"Geschrieben von\" \/>\n\t<meta name=\"twitter:data1\" content=\"Bj\u00f6rn Maatz\" \/>\n\t<meta name=\"twitter:label2\" content=\"Gesch\u00e4tzte Lesezeit\" \/>\n\t<meta name=\"twitter:data2\" content=\"1\u00a0Minute\" \/>\n<script type=\"application\/ld+json\" class=\"yoast-schema-graph\">{\"@context\":\"https:\/\/schema.org\",\"@graph\":[{\"@type\":\"WebPage\",\"@id\":\"https:\/\/blog.zeit.de\/teilchen\/2016\/06\/24\/austritt-aus-der-eu-brexit-ups-was-haben-wir-getan\/\",\"url\":\"https:\/\/blog.zeit.de\/teilchen\/2016\/06\/24\/austritt-aus-der-eu-brexit-ups-was-haben-wir-getan\/\",\"name\":\"Austritt aus der EU: Ups, was haben wir getan?\",\"isPartOf\":{\"@id\":\"https:\/\/blog.zeit.de\/teilchen\/#website\"},\"datePublished\":\"2016-06-24T06:52:18+00:00\",\"dateModified\":\"2016-06-24T11:49:34+00:00\",\"author\":{\"@id\":\"https:\/\/blog.zeit.de\/teilchen\/#\/schema\/person\/20ae47479c9c6443ed61f03c9eac892f\"},\"description\":\"Gro\u00dfbritannien hat sich f\u00fcr einen Austritt aus der EU entschieden. Wir sind im Netz auf Stimmenfang gegangen.\",\"breadcrumb\":{\"@id\":\"https:\/\/blog.zeit.de\/teilchen\/2016\/06\/24\/austritt-aus-der-eu-brexit-ups-was-haben-wir-getan\/#breadcrumb\"},\"inLanguage\":\"de\",\"potentialAction\":[{\"@type\":\"ReadAction\",\"target\":[\"https:\/\/blog.zeit.de\/teilchen\/2016\/06\/24\/austritt-aus-der-eu-brexit-ups-was-haben-wir-getan\/\"]}]},{\"@type\":\"BreadcrumbList\",\"@id\":\"https:\/\/blog.zeit.de\/teilchen\/2016\/06\/24\/austritt-aus-der-eu-brexit-ups-was-haben-wir-getan\/#breadcrumb\",\"itemListElement\":[{\"@type\":\"ListItem\",\"position\":1,\"name\":\"Startseite\",\"item\":\"https:\/\/blog.zeit.de\/teilchen\/\"},{\"@type\":\"ListItem\",\"position\":2,\"name\":\"Ups, was haben wir getan?\"}]},{\"@type\":\"WebSite\",\"@id\":\"https:\/\/blog.zeit.de\/teilchen\/#website\",\"url\":\"https:\/\/blog.zeit.de\/teilchen\/\",\"name\":\"Teilchen\",\"description\":\"Im Netz verstecken sich kleine Sch\u00e4tze - ZEIT ONLINE findet sie.\",\"potentialAction\":[{\"@type\":\"SearchAction\",\"target\":{\"@type\":\"EntryPoint\",\"urlTemplate\":\"https:\/\/blog.zeit.de\/teilchen\/?s={search_term_string}\"},\"query-input\":\"required name=search_term_string\"}],\"inLanguage\":\"de\"},{\"@type\":\"Person\",\"@id\":\"https:\/\/blog.zeit.de\/teilchen\/#\/schema\/person\/20ae47479c9c6443ed61f03c9eac892f\",\"name\":\"Bj\u00f6rn Maatz\",\"image\":{\"@type\":\"ImageObject\",\"inLanguage\":\"de\",\"@id\":\"https:\/\/blog.zeit.de\/teilchen\/#\/schema\/person\/image\/\",\"url\":\"https:\/\/secure.gravatar.com\/avatar\/4ed13ddffa21af7dcec9d6d36d2b36f05bfc49e1676e43abd84a80376d644278?s=96&d=mm&r=g\",\"contentUrl\":\"https:\/\/secure.gravatar.com\/avatar\/4ed13ddffa21af7dcec9d6d36d2b36f05bfc49e1676e43abd84a80376d644278?s=96&d=mm&r=g\",\"caption\":\"Bj\u00f6rn Maatz\"},\"description\":\"Leitet die Online-Redaktion der Kreativagentur Philipp und Keuntje. Zuvor Engagement-Redakteur bei ZEIT ONLINE und bei FINANCIAL TIMES DEUTSCHLAND, u.a. als Print-Redakteur im Unternehmensressort sowie als erster und letzter Social-Media-Redakteur. Studium der Wirtschaftsjournalistik in Bremen und Melbourne mit Hospitanzen beim NDR, der dpa und dem Hamburger Abendblatt.\",\"sameAs\":[\"https:\/\/twitter.com\/BjoernMaatz\"],\"url\":\"https:\/\/blog.zeit.de\/teilchen\/author\/bjoernmaatz\/\"}]}<\/script>\n<!-- \/ Yoast SEO plugin. -->","yoast_head_json":{"title":"Austritt aus der EU: Ups, was haben wir getan?","description":"Gro\u00dfbritannien hat sich f\u00fcr einen Austritt aus der EU entschieden. Wir sind im Netz auf Stimmenfang gegangen.","robots":{"index":"index","follow":"follow","max-snippet":"max-snippet:-1","max-image-preview":"max-image-preview:large","max-video-preview":"max-video-preview:-1"},"canonical":"https:\/\/blog.zeit.de\/teilchen\/2016\/06\/24\/austritt-aus-der-eu-brexit-ups-was-haben-wir-getan\/","og_locale":"de_DE","og_type":"article","og_title":"Austritt aus der EU: Ups, was haben wir getan?","og_description":"Gro\u00dfbritannien hat sich f\u00fcr einen Austritt aus der EU entschieden. Wir sind im Netz auf Stimmenfang gegangen.","og_url":"https:\/\/blog.zeit.de\/teilchen\/2016\/06\/24\/austritt-aus-der-eu-brexit-ups-was-haben-wir-getan\/","og_site_name":"Teilchen","article_published_time":"2016-06-24T06:52:18+00:00","article_modified_time":"2016-06-24T11:49:34+00:00","og_image":[{"width":500,"height":333,"url":"https:\/\/blog.zeit.de\/teilchen\/files\/2016\/06\/preview-2.jpg","type":"image\/jpeg"}],"author":"Bj\u00f6rn Maatz","twitter_card":"summary_large_image","twitter_image":"https:\/\/blog.zeit.de\/teilchen\/files\/2016\/06\/preview-2.jpg","twitter_creator":"@BjoernMaatz","twitter_site":"@zeitonline","twitter_misc":{"Geschrieben von":"Bj\u00f6rn Maatz","Gesch\u00e4tzte Lesezeit":"1\u00a0Minute"},"schema":{"@context":"https:\/\/schema.org","@graph":[{"@type":"WebPage","@id":"https:\/\/blog.zeit.de\/teilchen\/2016\/06\/24\/austritt-aus-der-eu-brexit-ups-was-haben-wir-getan\/","url":"https:\/\/blog.zeit.de\/teilchen\/2016\/06\/24\/austritt-aus-der-eu-brexit-ups-was-haben-wir-getan\/","name":"Austritt aus der EU: Ups, was haben wir getan?","isPartOf":{"@id":"https:\/\/blog.zeit.de\/teilchen\/#website"},"datePublished":"2016-06-24T06:52:18+00:00","dateModified":"2016-06-24T11:49:34+00:00","author":{"@id":"https:\/\/blog.zeit.de\/teilchen\/#\/schema\/person\/20ae47479c9c6443ed61f03c9eac892f"},"description":"Gro\u00dfbritannien hat sich f\u00fcr einen Austritt aus der EU entschieden. Wir sind im Netz auf Stimmenfang gegangen.","breadcrumb":{"@id":"https:\/\/blog.zeit.de\/teilchen\/2016\/06\/24\/austritt-aus-der-eu-brexit-ups-was-haben-wir-getan\/#breadcrumb"},"inLanguage":"de","potentialAction":[{"@type":"ReadAction","target":["https:\/\/blog.zeit.de\/teilchen\/2016\/06\/24\/austritt-aus-der-eu-brexit-ups-was-haben-wir-getan\/"]}]},{"@type":"BreadcrumbList","@id":"https:\/\/blog.zeit.de\/teilchen\/2016\/06\/24\/austritt-aus-der-eu-brexit-ups-was-haben-wir-getan\/#breadcrumb","itemListElement":[{"@type":"ListItem","position":1,"name":"Startseite","item":"https:\/\/blog.zeit.de\/teilchen\/"},{"@type":"ListItem","position":2,"name":"Ups, was haben wir getan?"}]},{"@type":"WebSite","@id":"https:\/\/blog.zeit.de\/teilchen\/#website","url":"https:\/\/blog.zeit.de\/teilchen\/","name":"Teilchen","description":"Im Netz verstecken sich kleine Sch\u00e4tze - ZEIT ONLINE findet sie.","potentialAction":[{"@type":"SearchAction","target":{"@type":"EntryPoint","urlTemplate":"https:\/\/blog.zeit.de\/teilchen\/?s={search_term_string}"},"query-input":"required name=search_term_string"}],"inLanguage":"de"},{"@type":"Person","@id":"https:\/\/blog.zeit.de\/teilchen\/#\/schema\/person\/20ae47479c9c6443ed61f03c9eac892f","name":"Bj\u00f6rn Maatz","image":{"@type":"ImageObject","inLanguage":"de","@id":"https:\/\/blog.zeit.de\/teilchen\/#\/schema\/person\/image\/","url":"https:\/\/secure.gravatar.com\/avatar\/4ed13ddffa21af7dcec9d6d36d2b36f05bfc49e1676e43abd84a80376d644278?s=96&d=mm&r=g","contentUrl":"https:\/\/secure.gravatar.com\/avatar\/4ed13ddffa21af7dcec9d6d36d2b36f05bfc49e1676e43abd84a80376d644278?s=96&d=mm&r=g","caption":"Bj\u00f6rn Maatz"},"description":"Leitet die Online-Redaktion der Kreativagentur Philipp und Keuntje. Zuvor Engagement-Redakteur bei ZEIT ONLINE und bei FINANCIAL TIMES DEUTSCHLAND, u.a. als Print-Redakteur im Unternehmensressort sowie als erster und letzter Social-Media-Redakteur. Studium der Wirtschaftsjournalistik in Bremen und Melbourne mit Hospitanzen beim NDR, der dpa und dem Hamburger Abendblatt.","sameAs":["https:\/\/twitter.com\/BjoernMaatz"],"url":"https:\/\/blog.zeit.de\/teilchen\/author\/bjoernmaatz\/"}]}},"jetpack_featured_media_url":"https:\/\/blog.zeit.de\/teilchen\/files\/2016\/06\/preview-2.jpg","jetpack_sharing_enabled":true,"_links":{"self":[{"href":"https:\/\/blog.zeit.de\/teilchen\/wp-json\/wp\/v2\/posts\/13800","targetHints":{"allow":["GET"]}}],"collection":[{"href":"https:\/\/blog.zeit.de\/teilchen\/wp-json\/wp\/v2\/posts"}],"about":[{"href":"https:\/\/blog.zeit.de\/teilchen\/wp-json\/wp\/v2\/types\/post"}],"author":[{"embeddable":true,"href":"https:\/\/blog.zeit.de\/teilchen\/wp-json\/wp\/v2\/users\/528"}],"replies":[{"embeddable":true,"href":"https:\/\/blog.zeit.de\/teilchen\/wp-json\/wp\/v2\/comments?post=13800"}],"version-history":[{"count":14,"href":"https:\/\/blog.zeit.de\/teilchen\/wp-json\/wp\/v2\/posts\/13800\/revisions"}],"predecessor-version":[{"id":13815,"href":"https:\/\/blog.zeit.de\/teilchen\/wp-json\/wp\/v2\/posts\/13800\/revisions\/13815"}],"wp:featuredmedia":[{"embeddable":true,"href":"https:\/\/blog.zeit.de\/teilchen\/wp-json\/wp\/v2\/media\/13809"}],"wp:attachment":[{"href":"https:\/\/blog.zeit.de\/teilchen\/wp-json\/wp\/v2\/media?parent=13800"}],"wp:term":[{"taxonomy":"category","embeddable":true,"href":"https:\/\/blog.zeit.de\/teilchen\/wp-json\/wp\/v2\/categories?post=13800"},{"taxonomy":"post_tag","embeddable":true,"href":"https:\/\/blog.zeit.de\/teilchen\/wp-json\/wp\/v2\/tags?post=13800"}],"curies":[{"name":"wp","href":"https:\/\/api.w.org\/{rel}","templated":true}]}}