{"id":13839,"date":"2016-06-30T15:44:41","date_gmt":"2016-06-30T13:44:41","guid":{"rendered":"http:\/\/blog.zeit.de\/teilchen\/?p=13839"},"modified":"2016-06-30T15:44:41","modified_gmt":"2016-06-30T13:44:41","slug":"donald-trump-inishturk-irland","status":"publish","type":"post","link":"https:\/\/blog.zeit.de\/teilchen\/2016\/06\/30\/donald-trump-inishturk-irland\/","title":{"rendered":"Auf der Flucht vor Trump? Willkommen in Inishturk!"},"content":{"rendered":"\n<div class=\"embed-wrapper embed-wrapper--blocked js-embed-consent\" data-method=\"embed\">\n<script class=\"raw__source\" type=\"text\/template\"><iframe loading=\"lazy\" title=\"Make Inishturk Great Again\" src=\"https:\/\/player.vimeo.com\/video\/172273624?dnt=1&amp;app_id=122963\" width=\"640\" height=\"338\" frameborder=\"0\" allow=\"autoplay; fullscreen; picture-in-picture; clipboard-write; encrypted-media\"><\/iframe><\/script>\n<div class=\"embed-wrapper__inner\">\n<div class=\"embed-wrapper__text\">\n<h3>Empfohlener redaktioneller Inhalt<\/h3>\n<p data-replace=\"no\">An dieser Stelle finden Sie externen Inhalt, der den Artikel erg\u00e4nzt. Sie k\u00f6nnen sich externe Inhalte mit einem Klick anzeigen lassen und wieder ausblenden.<noscript>Bitte aktivieren Sie JavaScript damit Sie diesen Inhalt anzeigen k\u00f6nnen.<\/noscript><\/p>\n<\/div>\n<div class=\"embed-consent\">\n<label class=\"embed-consent__toggle\">\n<input class=\"js-embed-consent__toggle\" type=\"checkbox\" autocomplete=\"off\">\n<span><\/span>\nExterner Inhalt\n<\/label>\n<a href=\"https:\/\/www.zeit.de\/hilfe\/datenschutz\" target=\"_blank\" class=\"embed-consent__datalink-when-active\">Datenschutzerkl\u00e4rung<\/a>\n<\/div>\n<div class=\"embed-wrapper__footer\">\n<p data-replace=\"no\">\nIch bin damit einverstanden, dass mir externe Inhalte angezeigt werden. Damit k\u00f6nnen personenbezogene Daten an Drittplattformen \u00fcbermittelt werden. <a href=\"https:\/\/www.zeit.de\/hilfe\/datenschutz\" target=\"_blank\">Mehr dazu in unserer Datenschutzerkl\u00e4rung.<\/a>\n<\/p>\n<\/div>\n<\/div>\n<\/div>\n<p>Es muss doch einen Ort geben, an dem alles besser ist. Einen Ort, an dem ein populistischer und lauter Milliard\u00e4r mit schlecht sitzender Frisur nichts zu sagen hat. Ein Ort, in dem die eigene Muttersprache (zumindest im Ansatz) verstanden wird. Ein Ort, der Menschen aufnimmt, die nicht von Donald Trump regiert werden wollen. Es gibt diesen Ort \u2013 <a href=\"https:\/\/vimeo.com\/172273624\">und ein Video stellt ihn und seine Bewohner vor<\/a>. Willkommen in Inishturk!<\/p>\n<p><!--more-->Inishturk ist eine Insel, etwa 15 Kilometer entfernt von der irischen Westk\u00fcste. Sechs Quadratkilometer. Zwei Siedlungen. 58 Menschen, die vor allem von Landwirtschaft und Fischerei leben. Und seit 2003 gibt es sogar Strom. Wer Sehnsucht nach mehr Menschen hat, den bringen die O&#8217;Malley Ferries in etwa einer Stunde ans Festland. F\u00fcr vier Euro. Ein Problem hat Inishturk aber doch: Die Bev\u00f6lkerung altert, die Inishturkener werden weniger \u2013 man sucht auf der h\u00fcbschen Insel h\u00e4nderingend nach neuen Bewohnern. Deshalb hatte Mary Heanue, ein Verwaltungsbeamter der Insel, <a href=\"http:\/\/www.irishcentral.com\/news\/politics\/Remote-Irish-island-seeks-Americans-fleeing-Donald-Trump-presidency.html\"> vor einigen Monaten eine Idee: Er \u00e4u\u00dferte das Angebot, US-B\u00fcrgern Asyl geben zu wollen<\/a>.<\/p>\n<p>Denn seit in den USA feststeht, dass Trump als Pr\u00e4sidentschaftskandidat f\u00fcr die Republikaner ins Rennen geht, gibt es unz\u00e4hlige Meldungen wie diese: <a href=\"http:\/\/www.deccanchronicle.com\/world\/america\/210516\/28-of-americans-may-leave-country-if-trump-becomes-president-survey.html\">28 Prozent der US-Amerikaner denken dar\u00fcber nach, das Land zu verlassen,<\/a> sollte der Milliard\u00e4r tats\u00e4chlich Pr\u00e4sident werden. Die irischen Beh\u00f6rden nehmen <a href=\"http:\/\/www.irishcentral.com\/news\/politics\/Fear-of-Trump-as-president-sends-US-Irish-passport-applications-soaring.html\">14 Prozent mehr Antr\u00e4ge<\/a> von US-B\u00fcrgern entgegen, die einen irischen Reisepass wollen. Und Makler registrieren <a href=\"http:\/\/www.irishcentral.com\/news\/Wealthy-Americans-snapping-up-property-in-Ireland-in-case-Donald-Trump-wins.html\">eine sprunghaft angestiegene Nachfrage nach Luxusimmobilien<\/a>.<\/p>\n<p>Aber was sagen die Inishturkener dazu, wenn ihre ruhige Insel pl\u00f6tzlich eine amerikanische Invasion erlebt? Die B\u00fcrger, die in dem Video von MEL-Films gezeigt werden, gehen recht gelassen mit der Aufmerksamkeit um. &#8222;Vielleicht bauen sie ja einen Wolkenkratzer auf Inishturk&#8220;, sagt einer. Und eine Frau sagt: &#8222;Inishturk ist ein sehr offener Ort. Eine gro\u00dfe Menge an neuen Menschen w\u00fcrden wir nicht verkraften \u2013 aber ein, zwei Familien w\u00e4ren schon okay.&#8220;<\/p>\n<p><em>Mehr <a href=\"https:\/\/blog.zeit.de\/teilchen\/\">Teilchen gibt es hier.<\/a><\/em><\/p>\n","protected":false},"excerpt":{"rendered":"<p>Empfohlener redaktioneller Inhalt An dieser Stelle finden Sie externen Inhalt, der den Artikel erg\u00e4nzt. Sie k\u00f6nnen sich externe Inhalte mit einem Klick anzeigen lassen [\u2026]<\/p>\n","protected":false},"author":556,"featured_media":13841,"comment_status":"open","ping_status":"closed","sticky":false,"template":"","format":"standard","meta":{"_jetpack_memberships_contains_paid_content":false,"footnotes":""},"categories":[28],"tags":[],"class_list":["post-13839","post","type-post","status-publish","format-standard","has-post-thumbnail","hentry","category-video"],"yoast_head":"<!-- This site is optimized with the Yoast SEO plugin v21.0 - https:\/\/yoast.com\/wordpress\/plugins\/seo\/ -->\n<title>Auf der Flucht vor Donald Trump? Willkommen in Inishturk!<\/title>\n<meta name=\"description\" content=\"Wenn Donald Trump Pr\u00e4sident wird, k\u00f6nnte es sein, dass es voll auf Inishturk wird. Was wohl die Bewohner zu den vielen Trump-Fl\u00fcchtlingen sagen?\" \/>\n<meta name=\"robots\" content=\"index, follow, max-snippet:-1, max-image-preview:large, max-video-preview:-1\" \/>\n<link rel=\"canonical\" href=\"https:\/\/blog.zeit.de\/teilchen\/2016\/06\/30\/donald-trump-inishturk-irland\/\" \/>\n<meta property=\"og:locale\" content=\"de_DE\" \/>\n<meta property=\"og:type\" content=\"article\" \/>\n<meta property=\"og:title\" content=\"Auf der Flucht vor Donald Trump? Willkommen in Inishturk!\" \/>\n<meta property=\"og:description\" content=\"Wenn Donald Trump Pr\u00e4sident wird, k\u00f6nnte es sein, dass es voll auf Inishturk wird. Was wohl die Bewohner zu den vielen Trump-Fl\u00fcchtlingen sagen?\" \/>\n<meta property=\"og:url\" content=\"https:\/\/blog.zeit.de\/teilchen\/2016\/06\/30\/donald-trump-inishturk-irland\/\" \/>\n<meta property=\"og:site_name\" content=\"Teilchen\" \/>\n<meta property=\"article:published_time\" content=\"2016-06-30T13:44:41+00:00\" \/>\n<meta property=\"og:image\" content=\"https:\/\/blog.zeit.de\/teilchen\/files\/2016\/06\/Bildschirmfoto-2016-06-29-um-16.45.32.png\" \/>\n\t<meta property=\"og:image:width\" content=\"1016\" \/>\n\t<meta property=\"og:image:height\" content=\"531\" \/>\n\t<meta property=\"og:image:type\" content=\"image\/png\" \/>\n<meta name=\"author\" content=\"Tobias Dorfer\" \/>\n<meta name=\"twitter:card\" content=\"summary_large_image\" \/>\n<meta name=\"twitter:image\" content=\"https:\/\/blog.zeit.de\/teilchen\/files\/2016\/06\/Bildschirmfoto-2016-06-29-um-16.45.32.png\" \/>\n<meta name=\"twitter:creator\" content=\"@tobiasdorfer\" \/>\n<meta name=\"twitter:site\" content=\"@zeitonline\" \/>\n<meta name=\"twitter:label1\" content=\"Geschrieben von\" \/>\n\t<meta name=\"twitter:data1\" content=\"Tobias Dorfer\" \/>\n\t<meta name=\"twitter:label2\" content=\"Gesch\u00e4tzte Lesezeit\" \/>\n\t<meta name=\"twitter:data2\" content=\"2\u00a0Minuten\" \/>\n<script type=\"application\/ld+json\" class=\"yoast-schema-graph\">{\"@context\":\"https:\/\/schema.org\",\"@graph\":[{\"@type\":\"WebPage\",\"@id\":\"https:\/\/blog.zeit.de\/teilchen\/2016\/06\/30\/donald-trump-inishturk-irland\/\",\"url\":\"https:\/\/blog.zeit.de\/teilchen\/2016\/06\/30\/donald-trump-inishturk-irland\/\",\"name\":\"Auf der Flucht vor Donald Trump? Willkommen in Inishturk!\",\"isPartOf\":{\"@id\":\"https:\/\/blog.zeit.de\/teilchen\/#website\"},\"datePublished\":\"2016-06-30T13:44:41+00:00\",\"dateModified\":\"2016-06-30T13:44:41+00:00\",\"author\":{\"@id\":\"https:\/\/blog.zeit.de\/teilchen\/#\/schema\/person\/e90ba849254185115fd919d4fad07dc0\"},\"description\":\"Wenn Donald Trump Pr\u00e4sident wird, k\u00f6nnte es sein, dass es voll auf Inishturk wird. Was wohl die Bewohner zu den vielen Trump-Fl\u00fcchtlingen sagen?\",\"breadcrumb\":{\"@id\":\"https:\/\/blog.zeit.de\/teilchen\/2016\/06\/30\/donald-trump-inishturk-irland\/#breadcrumb\"},\"inLanguage\":\"de\",\"potentialAction\":[{\"@type\":\"ReadAction\",\"target\":[\"https:\/\/blog.zeit.de\/teilchen\/2016\/06\/30\/donald-trump-inishturk-irland\/\"]}]},{\"@type\":\"BreadcrumbList\",\"@id\":\"https:\/\/blog.zeit.de\/teilchen\/2016\/06\/30\/donald-trump-inishturk-irland\/#breadcrumb\",\"itemListElement\":[{\"@type\":\"ListItem\",\"position\":1,\"name\":\"Startseite\",\"item\":\"https:\/\/blog.zeit.de\/teilchen\/\"},{\"@type\":\"ListItem\",\"position\":2,\"name\":\"Auf der Flucht vor Trump? Willkommen in Inishturk!\"}]},{\"@type\":\"WebSite\",\"@id\":\"https:\/\/blog.zeit.de\/teilchen\/#website\",\"url\":\"https:\/\/blog.zeit.de\/teilchen\/\",\"name\":\"Teilchen\",\"description\":\"Im Netz verstecken sich kleine Sch\u00e4tze - ZEIT ONLINE findet sie.\",\"potentialAction\":[{\"@type\":\"SearchAction\",\"target\":{\"@type\":\"EntryPoint\",\"urlTemplate\":\"https:\/\/blog.zeit.de\/teilchen\/?s={search_term_string}\"},\"query-input\":\"required name=search_term_string\"}],\"inLanguage\":\"de\"},{\"@type\":\"Person\",\"@id\":\"https:\/\/blog.zeit.de\/teilchen\/#\/schema\/person\/e90ba849254185115fd919d4fad07dc0\",\"name\":\"Tobias Dorfer\",\"image\":{\"@type\":\"ImageObject\",\"inLanguage\":\"de\",\"@id\":\"https:\/\/blog.zeit.de\/teilchen\/#\/schema\/person\/image\/\",\"url\":\"https:\/\/secure.gravatar.com\/avatar\/0021e1a3fe9f799912804bcca6f1bcbbe58ee3bf29c8f714a0f453695a888d0a?s=96&d=mm&r=g\",\"contentUrl\":\"https:\/\/secure.gravatar.com\/avatar\/0021e1a3fe9f799912804bcca6f1bcbbe58ee3bf29c8f714a0f453695a888d0a?s=96&d=mm&r=g\",\"caption\":\"Tobias Dorfer\"},\"description\":\"Teamleiter Social Media bei ZEIT ONLINE. Zuvor sieben Jahre bei S\u00fcddeutsche.de, als Redakteur im Wirtschafts- und Regional-Ressort sowie Editorial SEO. Ausbildung an der Deutschen Journalistenschule in M\u00fcnchen mit Hospitanzen bei S\u00fcddeutsche Zeitung, SPIEGEL und SPIEGEL Online.\",\"sameAs\":[\"https:\/\/twitter.com\/tobiasdorfer\"],\"url\":\"https:\/\/blog.zeit.de\/teilchen\/author\/tdorfer\/\"}]}<\/script>\n<!-- \/ Yoast SEO plugin. -->","yoast_head_json":{"title":"Auf der Flucht vor Donald Trump? Willkommen in Inishturk!","description":"Wenn Donald Trump Pr\u00e4sident wird, k\u00f6nnte es sein, dass es voll auf Inishturk wird. Was wohl die Bewohner zu den vielen Trump-Fl\u00fcchtlingen sagen?","robots":{"index":"index","follow":"follow","max-snippet":"max-snippet:-1","max-image-preview":"max-image-preview:large","max-video-preview":"max-video-preview:-1"},"canonical":"https:\/\/blog.zeit.de\/teilchen\/2016\/06\/30\/donald-trump-inishturk-irland\/","og_locale":"de_DE","og_type":"article","og_title":"Auf der Flucht vor Donald Trump? Willkommen in Inishturk!","og_description":"Wenn Donald Trump Pr\u00e4sident wird, k\u00f6nnte es sein, dass es voll auf Inishturk wird. Was wohl die Bewohner zu den vielen Trump-Fl\u00fcchtlingen sagen?","og_url":"https:\/\/blog.zeit.de\/teilchen\/2016\/06\/30\/donald-trump-inishturk-irland\/","og_site_name":"Teilchen","article_published_time":"2016-06-30T13:44:41+00:00","og_image":[{"width":1016,"height":531,"url":"https:\/\/blog.zeit.de\/teilchen\/files\/2016\/06\/Bildschirmfoto-2016-06-29-um-16.45.32.png","type":"image\/png"}],"author":"Tobias Dorfer","twitter_card":"summary_large_image","twitter_image":"https:\/\/blog.zeit.de\/teilchen\/files\/2016\/06\/Bildschirmfoto-2016-06-29-um-16.45.32.png","twitter_creator":"@tobiasdorfer","twitter_site":"@zeitonline","twitter_misc":{"Geschrieben von":"Tobias Dorfer","Gesch\u00e4tzte Lesezeit":"2\u00a0Minuten"},"schema":{"@context":"https:\/\/schema.org","@graph":[{"@type":"WebPage","@id":"https:\/\/blog.zeit.de\/teilchen\/2016\/06\/30\/donald-trump-inishturk-irland\/","url":"https:\/\/blog.zeit.de\/teilchen\/2016\/06\/30\/donald-trump-inishturk-irland\/","name":"Auf der Flucht vor Donald Trump? Willkommen in Inishturk!","isPartOf":{"@id":"https:\/\/blog.zeit.de\/teilchen\/#website"},"datePublished":"2016-06-30T13:44:41+00:00","dateModified":"2016-06-30T13:44:41+00:00","author":{"@id":"https:\/\/blog.zeit.de\/teilchen\/#\/schema\/person\/e90ba849254185115fd919d4fad07dc0"},"description":"Wenn Donald Trump Pr\u00e4sident wird, k\u00f6nnte es sein, dass es voll auf Inishturk wird. Was wohl die Bewohner zu den vielen Trump-Fl\u00fcchtlingen sagen?","breadcrumb":{"@id":"https:\/\/blog.zeit.de\/teilchen\/2016\/06\/30\/donald-trump-inishturk-irland\/#breadcrumb"},"inLanguage":"de","potentialAction":[{"@type":"ReadAction","target":["https:\/\/blog.zeit.de\/teilchen\/2016\/06\/30\/donald-trump-inishturk-irland\/"]}]},{"@type":"BreadcrumbList","@id":"https:\/\/blog.zeit.de\/teilchen\/2016\/06\/30\/donald-trump-inishturk-irland\/#breadcrumb","itemListElement":[{"@type":"ListItem","position":1,"name":"Startseite","item":"https:\/\/blog.zeit.de\/teilchen\/"},{"@type":"ListItem","position":2,"name":"Auf der Flucht vor Trump? Willkommen in Inishturk!"}]},{"@type":"WebSite","@id":"https:\/\/blog.zeit.de\/teilchen\/#website","url":"https:\/\/blog.zeit.de\/teilchen\/","name":"Teilchen","description":"Im Netz verstecken sich kleine Sch\u00e4tze - ZEIT ONLINE findet sie.","potentialAction":[{"@type":"SearchAction","target":{"@type":"EntryPoint","urlTemplate":"https:\/\/blog.zeit.de\/teilchen\/?s={search_term_string}"},"query-input":"required name=search_term_string"}],"inLanguage":"de"},{"@type":"Person","@id":"https:\/\/blog.zeit.de\/teilchen\/#\/schema\/person\/e90ba849254185115fd919d4fad07dc0","name":"Tobias Dorfer","image":{"@type":"ImageObject","inLanguage":"de","@id":"https:\/\/blog.zeit.de\/teilchen\/#\/schema\/person\/image\/","url":"https:\/\/secure.gravatar.com\/avatar\/0021e1a3fe9f799912804bcca6f1bcbbe58ee3bf29c8f714a0f453695a888d0a?s=96&d=mm&r=g","contentUrl":"https:\/\/secure.gravatar.com\/avatar\/0021e1a3fe9f799912804bcca6f1bcbbe58ee3bf29c8f714a0f453695a888d0a?s=96&d=mm&r=g","caption":"Tobias Dorfer"},"description":"Teamleiter Social Media bei ZEIT ONLINE. Zuvor sieben Jahre bei S\u00fcddeutsche.de, als Redakteur im Wirtschafts- und Regional-Ressort sowie Editorial SEO. Ausbildung an der Deutschen Journalistenschule in M\u00fcnchen mit Hospitanzen bei S\u00fcddeutsche Zeitung, SPIEGEL und SPIEGEL Online.","sameAs":["https:\/\/twitter.com\/tobiasdorfer"],"url":"https:\/\/blog.zeit.de\/teilchen\/author\/tdorfer\/"}]}},"jetpack_featured_media_url":"https:\/\/blog.zeit.de\/teilchen\/files\/2016\/06\/Bildschirmfoto-2016-06-29-um-16.45.32.png","jetpack_sharing_enabled":true,"_links":{"self":[{"href":"https:\/\/blog.zeit.de\/teilchen\/wp-json\/wp\/v2\/posts\/13839","targetHints":{"allow":["GET"]}}],"collection":[{"href":"https:\/\/blog.zeit.de\/teilchen\/wp-json\/wp\/v2\/posts"}],"about":[{"href":"https:\/\/blog.zeit.de\/teilchen\/wp-json\/wp\/v2\/types\/post"}],"author":[{"embeddable":true,"href":"https:\/\/blog.zeit.de\/teilchen\/wp-json\/wp\/v2\/users\/556"}],"replies":[{"embeddable":true,"href":"https:\/\/blog.zeit.de\/teilchen\/wp-json\/wp\/v2\/comments?post=13839"}],"version-history":[{"count":4,"href":"https:\/\/blog.zeit.de\/teilchen\/wp-json\/wp\/v2\/posts\/13839\/revisions"}],"predecessor-version":[{"id":13847,"href":"https:\/\/blog.zeit.de\/teilchen\/wp-json\/wp\/v2\/posts\/13839\/revisions\/13847"}],"wp:featuredmedia":[{"embeddable":true,"href":"https:\/\/blog.zeit.de\/teilchen\/wp-json\/wp\/v2\/media\/13841"}],"wp:attachment":[{"href":"https:\/\/blog.zeit.de\/teilchen\/wp-json\/wp\/v2\/media?parent=13839"}],"wp:term":[{"taxonomy":"category","embeddable":true,"href":"https:\/\/blog.zeit.de\/teilchen\/wp-json\/wp\/v2\/categories?post=13839"},{"taxonomy":"post_tag","embeddable":true,"href":"https:\/\/blog.zeit.de\/teilchen\/wp-json\/wp\/v2\/tags?post=13839"}],"curies":[{"name":"wp","href":"https:\/\/api.w.org\/{rel}","templated":true}]}}