{"id":1386,"date":"2015-02-09T17:00:43","date_gmt":"2015-02-09T16:00:43","guid":{"rendered":"http:\/\/blog.zeit.de\/teilchen\/?p=1386"},"modified":"2015-03-09T13:24:53","modified_gmt":"2015-03-09T12:24:53","slug":"islamisten-herkunft-dschihad-syrien-irak","status":"publish","type":"post","link":"https:\/\/blog.zeit.de\/teilchen\/2015\/02\/09\/islamisten-herkunft-dschihad-syrien-irak\/","title":{"rendered":"Islamisten im internationalen Dschihad"},"content":{"rendered":"<p><a href=\"http:\/\/www.rferl.org\/contentinfographics\/foreign-fighters-syria-iraq-is-isis-isil-infographic\/26584940.html\"><img loading=\"lazy\" decoding=\"async\" class=\"alignnone size-medium wp-image-1387\" src=\"https:\/\/blog.zeit.de\/teilchen\/files\/2015\/02\/Bildschirmfoto-2015-02-03-um-16.41.18-580x499.png\" alt=\"Irak-Syrien-IS\" width=\"580\" height=\"499\" srcset=\"https:\/\/blog.zeit.de\/teilchen\/files\/2015\/02\/Bildschirmfoto-2015-02-03-um-16.41.18-580x499.png 580w, https:\/\/blog.zeit.de\/teilchen\/files\/2015\/02\/Bildschirmfoto-2015-02-03-um-16.41.18.png 668w\" sizes=\"auto, (max-width: 580px) 100vw, 580px\" \/><\/a><\/p>\n<p>Im Irak und in Syrien haben sich <a href=\"http:\/\/www.zeit.de\/2014\/37\/islamisten-dschihad-syrien-irak\" target=\"_blank\">Tausende militante Islamisten aus aller Welt<\/a> dschihadistischen Gruppen angeschlossen. Viele von ihnen stehen in Diensten der Terrormiliz <a href=\"http:\/\/www.zeit.de\/schlagworte\/organisationen\/islamischer-staat\/index\" target=\"_blank\">&#8222;Islamischer Staat&#8220;<\/a> (IS). Genaue Zahlen kennt niemand, die Rekruten reisen unauff\u00e4llig. Manche pendeln gar zwischen Front und Heimatland.<\/p>\n<p>Das (von der US-amerikanischen Regierung finanzierte) Rundfunknetzwerk Radio Free Europe\/Radio Liberty hat <a href=\"http:\/\/www.rferl.org\/contentinfographics\/foreign-fighters-syria-iraq-is-isis-isil-infographic\/26584940.html\" target=\"_blank\">in dieser \u00dcbersicht<\/a> aufgeschl\u00fcsselt, wie viele K\u00e4mpfer aus welchen L\u00e4ndern derzeit im Irak und in Syrien im Einsatz sind. Per Mouse-Over lassen sich zus\u00e4tzliche Informationen einholen.<\/p>\n<p><em>Weitere <a href=\"https:\/\/blog.zeit.de\/teilchen\/\" target=\"_blank\">Teilchen finden Sie hier<\/a>.<\/em><\/p>\n","protected":false},"excerpt":{"rendered":"<p>Im Irak und in Syrien haben sich Tausende militante Islamisten aus aller Welt dschihadistischen Gruppen angeschlossen. Viele von ihnen stehen in Diensten der Terrormiliz [\u2026]<\/p>\n","protected":false},"author":528,"featured_media":0,"comment_status":"open","ping_status":"closed","sticky":false,"template":"","format":"standard","meta":{"_jetpack_memberships_contains_paid_content":false,"footnotes":""},"categories":[9469],"tags":[],"class_list":["post-1386","post","type-post","status-publish","format-standard","hentry","category-infografiken"],"yoast_head":"<!-- This site is optimized with the Yoast SEO plugin v21.0 - https:\/\/yoast.com\/wordpress\/plugins\/seo\/ -->\n<title>Islamisten im internationalen Dschihad &#8902; Teilchen<\/title>\n<meta name=\"description\" content=\"Ein Rundfunknetzwerk hat aufgeschl\u00fcsselt, wie viele militante Islamisten aus welchen L\u00e4ndern derzeit im Irak und in Syrien im Einsatz sind\" \/>\n<meta name=\"robots\" content=\"index, follow, max-snippet:-1, max-image-preview:large, max-video-preview:-1\" \/>\n<link rel=\"canonical\" href=\"https:\/\/blog.zeit.de\/teilchen\/2015\/02\/09\/islamisten-herkunft-dschihad-syrien-irak\/\" \/>\n<meta property=\"og:locale\" content=\"de_DE\" \/>\n<meta property=\"og:type\" content=\"article\" \/>\n<meta property=\"og:title\" content=\"Islamisten im internationalen Dschihad &#8902; Teilchen\" \/>\n<meta property=\"og:description\" content=\"Ein Rundfunknetzwerk hat aufgeschl\u00fcsselt, wie viele militante Islamisten aus welchen L\u00e4ndern derzeit im Irak und in Syrien im Einsatz sind\" \/>\n<meta property=\"og:url\" content=\"https:\/\/blog.zeit.de\/teilchen\/2015\/02\/09\/islamisten-herkunft-dschihad-syrien-irak\/\" \/>\n<meta property=\"og:site_name\" content=\"Teilchen\" \/>\n<meta property=\"article:published_time\" content=\"2015-02-09T16:00:43+00:00\" \/>\n<meta property=\"article:modified_time\" content=\"2015-03-09T12:24:53+00:00\" \/>\n<meta property=\"og:image\" content=\"https:\/\/blog.zeit.de\/teilchen\/files\/2015\/02\/Bildschirmfoto-2015-02-03-um-16.41.18-580x499.png\" \/>\n<meta name=\"author\" content=\"Bj\u00f6rn Maatz\" \/>\n<meta name=\"twitter:card\" content=\"summary_large_image\" \/>\n<meta name=\"twitter:creator\" content=\"@BjoernMaatz\" \/>\n<meta name=\"twitter:site\" content=\"@zeitonline\" \/>\n<meta name=\"twitter:label1\" content=\"Geschrieben von\" \/>\n\t<meta name=\"twitter:data1\" content=\"Bj\u00f6rn Maatz\" \/>\n<script type=\"application\/ld+json\" class=\"yoast-schema-graph\">{\"@context\":\"https:\/\/schema.org\",\"@graph\":[{\"@type\":\"WebPage\",\"@id\":\"https:\/\/blog.zeit.de\/teilchen\/2015\/02\/09\/islamisten-herkunft-dschihad-syrien-irak\/\",\"url\":\"https:\/\/blog.zeit.de\/teilchen\/2015\/02\/09\/islamisten-herkunft-dschihad-syrien-irak\/\",\"name\":\"Islamisten im internationalen Dschihad &#8902; Teilchen\",\"isPartOf\":{\"@id\":\"https:\/\/blog.zeit.de\/teilchen\/#website\"},\"datePublished\":\"2015-02-09T16:00:43+00:00\",\"dateModified\":\"2015-03-09T12:24:53+00:00\",\"author\":{\"@id\":\"https:\/\/blog.zeit.de\/teilchen\/#\/schema\/person\/20ae47479c9c6443ed61f03c9eac892f\"},\"description\":\"Ein Rundfunknetzwerk hat aufgeschl\u00fcsselt, wie viele militante Islamisten aus welchen L\u00e4ndern derzeit im Irak und in Syrien im Einsatz sind\",\"breadcrumb\":{\"@id\":\"https:\/\/blog.zeit.de\/teilchen\/2015\/02\/09\/islamisten-herkunft-dschihad-syrien-irak\/#breadcrumb\"},\"inLanguage\":\"de\",\"potentialAction\":[{\"@type\":\"ReadAction\",\"target\":[\"https:\/\/blog.zeit.de\/teilchen\/2015\/02\/09\/islamisten-herkunft-dschihad-syrien-irak\/\"]}]},{\"@type\":\"BreadcrumbList\",\"@id\":\"https:\/\/blog.zeit.de\/teilchen\/2015\/02\/09\/islamisten-herkunft-dschihad-syrien-irak\/#breadcrumb\",\"itemListElement\":[{\"@type\":\"ListItem\",\"position\":1,\"name\":\"Startseite\",\"item\":\"https:\/\/blog.zeit.de\/teilchen\/\"},{\"@type\":\"ListItem\",\"position\":2,\"name\":\"Islamisten im internationalen Dschihad\"}]},{\"@type\":\"WebSite\",\"@id\":\"https:\/\/blog.zeit.de\/teilchen\/#website\",\"url\":\"https:\/\/blog.zeit.de\/teilchen\/\",\"name\":\"Teilchen\",\"description\":\"Im Netz verstecken sich kleine Sch\u00e4tze - ZEIT ONLINE findet sie.\",\"potentialAction\":[{\"@type\":\"SearchAction\",\"target\":{\"@type\":\"EntryPoint\",\"urlTemplate\":\"https:\/\/blog.zeit.de\/teilchen\/?s={search_term_string}\"},\"query-input\":\"required name=search_term_string\"}],\"inLanguage\":\"de\"},{\"@type\":\"Person\",\"@id\":\"https:\/\/blog.zeit.de\/teilchen\/#\/schema\/person\/20ae47479c9c6443ed61f03c9eac892f\",\"name\":\"Bj\u00f6rn Maatz\",\"image\":{\"@type\":\"ImageObject\",\"inLanguage\":\"de\",\"@id\":\"https:\/\/blog.zeit.de\/teilchen\/#\/schema\/person\/image\/\",\"url\":\"https:\/\/secure.gravatar.com\/avatar\/4ed13ddffa21af7dcec9d6d36d2b36f05bfc49e1676e43abd84a80376d644278?s=96&d=mm&r=g\",\"contentUrl\":\"https:\/\/secure.gravatar.com\/avatar\/4ed13ddffa21af7dcec9d6d36d2b36f05bfc49e1676e43abd84a80376d644278?s=96&d=mm&r=g\",\"caption\":\"Bj\u00f6rn Maatz\"},\"description\":\"Leitet die Online-Redaktion der Kreativagentur Philipp und Keuntje. Zuvor Engagement-Redakteur bei ZEIT ONLINE und bei FINANCIAL TIMES DEUTSCHLAND, u.a. als Print-Redakteur im Unternehmensressort sowie als erster und letzter Social-Media-Redakteur. Studium der Wirtschaftsjournalistik in Bremen und Melbourne mit Hospitanzen beim NDR, der dpa und dem Hamburger Abendblatt.\",\"sameAs\":[\"https:\/\/twitter.com\/BjoernMaatz\"],\"url\":\"https:\/\/blog.zeit.de\/teilchen\/author\/bjoernmaatz\/\"}]}<\/script>\n<!-- \/ Yoast SEO plugin. -->","yoast_head_json":{"title":"Islamisten im internationalen Dschihad &#8902; Teilchen","description":"Ein Rundfunknetzwerk hat aufgeschl\u00fcsselt, wie viele militante Islamisten aus welchen L\u00e4ndern derzeit im Irak und in Syrien im Einsatz sind","robots":{"index":"index","follow":"follow","max-snippet":"max-snippet:-1","max-image-preview":"max-image-preview:large","max-video-preview":"max-video-preview:-1"},"canonical":"https:\/\/blog.zeit.de\/teilchen\/2015\/02\/09\/islamisten-herkunft-dschihad-syrien-irak\/","og_locale":"de_DE","og_type":"article","og_title":"Islamisten im internationalen Dschihad &#8902; Teilchen","og_description":"Ein Rundfunknetzwerk hat aufgeschl\u00fcsselt, wie viele militante Islamisten aus welchen L\u00e4ndern derzeit im Irak und in Syrien im Einsatz sind","og_url":"https:\/\/blog.zeit.de\/teilchen\/2015\/02\/09\/islamisten-herkunft-dschihad-syrien-irak\/","og_site_name":"Teilchen","article_published_time":"2015-02-09T16:00:43+00:00","article_modified_time":"2015-03-09T12:24:53+00:00","og_image":[{"url":"https:\/\/blog.zeit.de\/teilchen\/files\/2015\/02\/Bildschirmfoto-2015-02-03-um-16.41.18-580x499.png"}],"author":"Bj\u00f6rn Maatz","twitter_card":"summary_large_image","twitter_creator":"@BjoernMaatz","twitter_site":"@zeitonline","twitter_misc":{"Geschrieben von":"Bj\u00f6rn Maatz"},"schema":{"@context":"https:\/\/schema.org","@graph":[{"@type":"WebPage","@id":"https:\/\/blog.zeit.de\/teilchen\/2015\/02\/09\/islamisten-herkunft-dschihad-syrien-irak\/","url":"https:\/\/blog.zeit.de\/teilchen\/2015\/02\/09\/islamisten-herkunft-dschihad-syrien-irak\/","name":"Islamisten im internationalen Dschihad &#8902; Teilchen","isPartOf":{"@id":"https:\/\/blog.zeit.de\/teilchen\/#website"},"datePublished":"2015-02-09T16:00:43+00:00","dateModified":"2015-03-09T12:24:53+00:00","author":{"@id":"https:\/\/blog.zeit.de\/teilchen\/#\/schema\/person\/20ae47479c9c6443ed61f03c9eac892f"},"description":"Ein Rundfunknetzwerk hat aufgeschl\u00fcsselt, wie viele militante Islamisten aus welchen L\u00e4ndern derzeit im Irak und in Syrien im Einsatz sind","breadcrumb":{"@id":"https:\/\/blog.zeit.de\/teilchen\/2015\/02\/09\/islamisten-herkunft-dschihad-syrien-irak\/#breadcrumb"},"inLanguage":"de","potentialAction":[{"@type":"ReadAction","target":["https:\/\/blog.zeit.de\/teilchen\/2015\/02\/09\/islamisten-herkunft-dschihad-syrien-irak\/"]}]},{"@type":"BreadcrumbList","@id":"https:\/\/blog.zeit.de\/teilchen\/2015\/02\/09\/islamisten-herkunft-dschihad-syrien-irak\/#breadcrumb","itemListElement":[{"@type":"ListItem","position":1,"name":"Startseite","item":"https:\/\/blog.zeit.de\/teilchen\/"},{"@type":"ListItem","position":2,"name":"Islamisten im internationalen Dschihad"}]},{"@type":"WebSite","@id":"https:\/\/blog.zeit.de\/teilchen\/#website","url":"https:\/\/blog.zeit.de\/teilchen\/","name":"Teilchen","description":"Im Netz verstecken sich kleine Sch\u00e4tze - ZEIT ONLINE findet sie.","potentialAction":[{"@type":"SearchAction","target":{"@type":"EntryPoint","urlTemplate":"https:\/\/blog.zeit.de\/teilchen\/?s={search_term_string}"},"query-input":"required name=search_term_string"}],"inLanguage":"de"},{"@type":"Person","@id":"https:\/\/blog.zeit.de\/teilchen\/#\/schema\/person\/20ae47479c9c6443ed61f03c9eac892f","name":"Bj\u00f6rn Maatz","image":{"@type":"ImageObject","inLanguage":"de","@id":"https:\/\/blog.zeit.de\/teilchen\/#\/schema\/person\/image\/","url":"https:\/\/secure.gravatar.com\/avatar\/4ed13ddffa21af7dcec9d6d36d2b36f05bfc49e1676e43abd84a80376d644278?s=96&d=mm&r=g","contentUrl":"https:\/\/secure.gravatar.com\/avatar\/4ed13ddffa21af7dcec9d6d36d2b36f05bfc49e1676e43abd84a80376d644278?s=96&d=mm&r=g","caption":"Bj\u00f6rn Maatz"},"description":"Leitet die Online-Redaktion der Kreativagentur Philipp und Keuntje. Zuvor Engagement-Redakteur bei ZEIT ONLINE und bei FINANCIAL TIMES DEUTSCHLAND, u.a. als Print-Redakteur im Unternehmensressort sowie als erster und letzter Social-Media-Redakteur. Studium der Wirtschaftsjournalistik in Bremen und Melbourne mit Hospitanzen beim NDR, der dpa und dem Hamburger Abendblatt.","sameAs":["https:\/\/twitter.com\/BjoernMaatz"],"url":"https:\/\/blog.zeit.de\/teilchen\/author\/bjoernmaatz\/"}]}},"jetpack_featured_media_url":"","jetpack_sharing_enabled":true,"_links":{"self":[{"href":"https:\/\/blog.zeit.de\/teilchen\/wp-json\/wp\/v2\/posts\/1386","targetHints":{"allow":["GET"]}}],"collection":[{"href":"https:\/\/blog.zeit.de\/teilchen\/wp-json\/wp\/v2\/posts"}],"about":[{"href":"https:\/\/blog.zeit.de\/teilchen\/wp-json\/wp\/v2\/types\/post"}],"author":[{"embeddable":true,"href":"https:\/\/blog.zeit.de\/teilchen\/wp-json\/wp\/v2\/users\/528"}],"replies":[{"embeddable":true,"href":"https:\/\/blog.zeit.de\/teilchen\/wp-json\/wp\/v2\/comments?post=1386"}],"version-history":[{"count":6,"href":"https:\/\/blog.zeit.de\/teilchen\/wp-json\/wp\/v2\/posts\/1386\/revisions"}],"predecessor-version":[{"id":2072,"href":"https:\/\/blog.zeit.de\/teilchen\/wp-json\/wp\/v2\/posts\/1386\/revisions\/2072"}],"wp:attachment":[{"href":"https:\/\/blog.zeit.de\/teilchen\/wp-json\/wp\/v2\/media?parent=1386"}],"wp:term":[{"taxonomy":"category","embeddable":true,"href":"https:\/\/blog.zeit.de\/teilchen\/wp-json\/wp\/v2\/categories?post=1386"},{"taxonomy":"post_tag","embeddable":true,"href":"https:\/\/blog.zeit.de\/teilchen\/wp-json\/wp\/v2\/tags?post=1386"}],"curies":[{"name":"wp","href":"https:\/\/api.w.org\/{rel}","templated":true}]}}