{"id":13968,"date":"2016-07-12T11:28:22","date_gmt":"2016-07-12T09:28:22","guid":{"rendered":"http:\/\/blog.zeit.de\/teilchen\/?p=13968"},"modified":"2016-07-12T11:41:51","modified_gmt":"2016-07-12T09:41:51","slug":"david-cameron-lied-summen-premierminister","status":"publish","type":"post","link":"https:\/\/blog.zeit.de\/teilchen\/2016\/07\/12\/david-cameron-lied-summen-premierminister\/","title":{"rendered":"Herr Cameron erfindet ein Lied"},"content":{"rendered":"\n<div class=\"embed-wrapper embed-wrapper--blocked js-embed-consent\" data-method=\"embed\">\n<script class=\"raw__source\" type=\"text\/template\"><iframe loading=\"lazy\" title=\"David Cameron Hums A Tune After Resigning\" width=\"640\" height=\"360\" src=\"https:\/\/www.youtube-nocookie.com\/embed\/bprjHYY90lo?feature=oembed\" frameborder=\"0\" allow=\"accelerometer; autoplay; clipboard-write; encrypted-media; gyroscope; picture-in-picture; web-share\" referrerpolicy=\"strict-origin-when-cross-origin\" allowfullscreen><\/iframe><\/script>\n<div class=\"embed-wrapper__inner\">\n<div class=\"embed-wrapper__text\">\n<h3>Empfohlener redaktioneller Inhalt<\/h3>\n<p data-replace=\"no\">An dieser Stelle finden Sie externen Inhalt, der den Artikel erg\u00e4nzt. Sie k\u00f6nnen sich externe Inhalte mit einem Klick anzeigen lassen und wieder ausblenden.<noscript>Bitte aktivieren Sie JavaScript damit Sie diesen Inhalt anzeigen k\u00f6nnen.<\/noscript><\/p>\n<\/div>\n<div class=\"embed-consent\">\n<label class=\"embed-consent__toggle\">\n<input class=\"js-embed-consent__toggle\" type=\"checkbox\" autocomplete=\"off\">\n<span><\/span>\nExterner Inhalt\n<\/label>\n<a href=\"https:\/\/www.zeit.de\/hilfe\/datenschutz\" target=\"_blank\" class=\"embed-consent__datalink-when-active\">Datenschutzerkl\u00e4rung<\/a>\n<\/div>\n<div class=\"embed-wrapper__footer\">\n<p data-replace=\"no\">\nIch bin damit einverstanden, dass mir externe Inhalte angezeigt werden. Damit k\u00f6nnen personenbezogene Daten an Drittplattformen \u00fcbermittelt werden. <a href=\"https:\/\/www.zeit.de\/hilfe\/datenschutz\" target=\"_blank\">Mehr dazu in unserer Datenschutzerkl\u00e4rung.<\/a>\n<\/p>\n<\/div>\n<\/div>\n<\/div>\n<p>&#8222;Singen klappt eigentlich ganz gut, nur ich hab immer Probleme mit der Melodie.&#8220; Dieser Satz von CDU-Politiker Wolfgang Bosbach <a href=\"http:\/\/www.ksta.de\/koeln\/koelsche-hymne-viel-lob-fuer-wolfgang-bosbachs-performance-von--unser-stammbaum--23796496\">aus der WDR-Sendung <em>Zimmer frei<\/em><\/a> spiegelt das Verh\u00e4ltnis vieler Politiker zu ihrer Singstimme wieder. Vielleicht hat das etwas mit dem Selbstverst\u00e4ndnis vieler Deutscher zu tun, dass man selbst nicht singen kann, und wenn, dann nur unter der Dusche oder <a href=\"http:\/\/www.zeit.de\/sport\/2016-07\/deutsche-fans-fussball-em\">betrunken im Stadion<\/a>. Umso erstaunlicher, dass sich nun auch hierzulande \u00fcberraschend wohlwollend mit dem Gesang des Noch-Premierministers David Cameron besch\u00e4ftigt wird. Ein britischer Klassiksender hat das Gesumme gar einer musikalischen Analyse unterzogen.<\/p>\n<p><!--more-->Kurz was geschah: Am Montagnachmittag tritt Cameron vor seinen Amtssitz und <a href=\"http:\/\/www.zeit.de\/politik\/ausland\/2016-07\/grossbritannien-brexit-david-cameron-ruecktritt-tories-theresa-may\">k\u00fcndigt seinen R\u00fccktritt f\u00fcr Mittwoch an<\/a>. Sein Statement beendet er mit einem knackigen &#8222;<em>Thank you very much<\/em>&#8222;, dann geht er zur T\u00fcr \u2013 und da sein Ansteckmikrofon offenbar nicht ausgeschaltet ist, h\u00f6ren wir den <a href=\"https:\/\/www.youtube.com\/watch?v=bprjHYY90lo\">Regierungschef eine kleine Melodie summen<\/a>.<\/p>\n<p>Nicht nur Cameron-Fans stellen sich nun online wie offline die Frage, was der Noch-Hausherr von Downing Street 10 da gesungen hat. Politikjournalist Rob Hutton von <em>Bloomberg<\/em> meint, die Titelmelodie der TV-Serie <em>West Wing<\/em> herausgeh\u00f6rt zu haben, was thematisch gar nicht so schlecht passen w\u00fcrde, aber die n\u00e4chste Frage aufwirft, ob Cameron tats\u00e4chlich derart s\u00fcffisant Botschaften zwischen den Notenlinien versteckt?<\/p>\n<p>https:\/\/twitter.com\/RobDotHutton\/status\/752527567769534466<\/p>\n<p>H\u00f6ren Sie sich schnell noch einmal das Do-Dooo Camerons an und vergleichen Sie es dann <a href=\"https:\/\/www.youtube.com\/watch?v=JivPEYjYd20\">mit <em>West Wing<\/em><\/a>. Und? Genau. Aber lustig war der Vorschlag Huttons nat\u00fcrlich trotzdem.<\/p>\n<p>F\u00fcr Politikredakteur Robert Peston vom Sender ITV war das Gesumme Camerons eher ein Gebrumme \u2013 und zwar das von Winnie Puuh, mit dem er immerhin die britische Herkunft gemeinsam h\u00e4tte.<\/p>\n\n<div class=\"embed-wrapper embed-wrapper--blocked js-embed-consent\" data-method=\"embed\">\n<script class=\"raw__source\" type=\"text\/template\"><div class=\"embed-twitter\"><blockquote class=\"twitter-tweet\" data-width=\"550\" data-dnt=\"true\"><p data-replace lang=\"en\" dir=\"ltr\">.<a href=\"https:\/\/twitter.com\/David_Cameron?ref_src=twsrc%5Etfw\">@David_Cameron<\/a> humming a Winnie-the-Pooh style hum as he says goodbye to the cares of office. <a href=\"https:\/\/t.co\/kcydnLZBg4\">pic.twitter.com\/kcydnLZBg4<\/a><\/p>&mdash; Robert Peston (@Peston) <a href=\"https:\/\/twitter.com\/Peston\/status\/752522917649539072?ref_src=twsrc%5Etfw\">July 11, 2016<\/a><\/blockquote><scr+ipt async src=\"https:\/\/platform.twitter.com\/widgets.js\" charset=\"utf-8\"><\/scr+ipt><\/div><\/script>\n<div class=\"embed-wrapper__inner\">\n<div class=\"embed-wrapper__text\">\n<h3>Empfohlener redaktioneller Inhalt<\/h3>\n<p data-replace=\"no\">An dieser Stelle finden Sie externen Inhalt, der den Artikel erg\u00e4nzt. Sie k\u00f6nnen sich externe Inhalte mit einem Klick anzeigen lassen und wieder ausblenden.<noscript>Bitte aktivieren Sie JavaScript damit Sie diesen Inhalt anzeigen k\u00f6nnen.<\/noscript><\/p>\n<\/div>\n<div class=\"embed-consent\">\n<label class=\"embed-consent__toggle\">\n<input class=\"js-embed-consent__toggle\" type=\"checkbox\" autocomplete=\"off\">\n<span><\/span>\nExterner Inhalt\n<\/label>\n<a href=\"https:\/\/www.zeit.de\/hilfe\/datenschutz\" target=\"_blank\" class=\"embed-consent__datalink-when-active\">Datenschutzerkl\u00e4rung<\/a>\n<\/div>\n<div class=\"embed-wrapper__footer\">\n<p data-replace=\"no\">\nIch bin damit einverstanden, dass mir externe Inhalte angezeigt werden. Damit k\u00f6nnen personenbezogene Daten an Drittplattformen \u00fcbermittelt werden. <a href=\"https:\/\/www.zeit.de\/hilfe\/datenschutz\" target=\"_blank\">Mehr dazu in unserer Datenschutzerkl\u00e4rung.<\/a>\n<\/p>\n<\/div>\n<\/div>\n<\/div>\n<p>Etwas glaubw\u00fcrdiger sind da die Analysen der Kollegen <a href=\"http:\/\/www.classicfm.com\/discover\/music-theory\/david-cameron-musical-analysis\/#zyq5RDoCFdDiqzgq.97\">des Radiosenders Classic FM<\/a>. <em>Camerons Lament<\/em> (<em>Camerons Klage<\/em>), die eigentlich ganz fr\u00f6hlich klingt, beginnt demnach mit einem Achtel-Auftakt, dem ein fanfarenhafter Quartsprung nach oben folgt, dann wieder zur\u00fcck auf das G und schlie\u00dflich ein verminderter Quartsprung zum Dis. Sollten Sie Chors\u00e4nger oder Orchestermusiker sein, finden Sie bestimmt Parallelen zu Ihnen bekannter musikalischer Literatur. Bis uns glaubw\u00fcrdigere Analysen als die von Peston und Hutton erreichen, gehen wir einfach davon aus, dass es sich bei diesem Werk um eine Eigenkomposition Camerons handelt.<\/p>\n<p>Wer sich jetzt wundert, dass ausgerechnet Cameron zu derart musikalischen H\u00f6chstleistungen f\u00e4hig ist, sollte einen Blick in seine Biografie <em>Cameron: Practically a Conservative<\/em> werfen. In diesem Buch ist festgehalten, <a href=\"http:\/\/www.theguardian.com\/politics\/2012\/may\/19\/david-cameron-chillaxing-hobbies-biography\">dass der Noch-Premier durchaus gerne an der heimischen Karaoke-Maschine t\u00e4tig ist<\/a> und an ebenjener gesanglich auf den Spuren Frank Sinatras wandelt.<\/p>\n<p>Dass Politiker als S\u00e4nger durchaus eine gute Figur machen k\u00f6nnen, bewies US-Pr\u00e4sident Barack Obama, der vor etwa einem Jahr bei der Trauerrede f\u00fcr den von einem wei\u00dfen Rassisten ermordeten Pfarrer Clementa Pinckney <a href=\"https:\/\/www.youtube.com\/watch?v=IN05jVNBs64\"><em>Amazing Grace<\/em> anstimmte<\/a>. Ab Mittwoch wird David Cameron etwas mehr Zeit haben, seine Gesangsstimme auf Obama-Niveau zu trimmen.<\/p>\n<p><em>Mehr Teilchen? <a href=\"https:\/\/blog.zeit.de\/teilchen\/\">Hier entlang<\/a>.<\/em><\/p>\n","protected":false},"excerpt":{"rendered":"<p>Empfohlener redaktioneller Inhalt An dieser Stelle finden Sie externen Inhalt, der den Artikel erg\u00e4nzt. Sie k\u00f6nnen sich externe Inhalte mit einem Klick anzeigen lassen [\u2026]<\/p>\n","protected":false},"author":556,"featured_media":13980,"comment_status":"open","ping_status":"closed","sticky":false,"template":"","format":"standard","meta":{"_jetpack_memberships_contains_paid_content":false,"footnotes":""},"categories":[28],"tags":[],"class_list":["post-13968","post","type-post","status-publish","format-standard","has-post-thumbnail","hentry","category-video"],"yoast_head":"<!-- This site is optimized with the Yoast SEO plugin v21.0 - https:\/\/yoast.com\/wordpress\/plugins\/seo\/ -->\n<title>David Cameron erfindet ein Lied<\/title>\n<meta name=\"description\" content=\"Das Summen des Noch-Primeministers David Cameron besch\u00e4ftigt die Nationen. Ein britischer Klassiksender hat es gar einer musikalischen Analyse unterzogen.\" \/>\n<meta name=\"robots\" content=\"index, follow, max-snippet:-1, max-image-preview:large, max-video-preview:-1\" \/>\n<link rel=\"canonical\" href=\"https:\/\/blog.zeit.de\/teilchen\/2016\/07\/12\/david-cameron-lied-summen-premierminister\/\" \/>\n<meta property=\"og:locale\" content=\"de_DE\" \/>\n<meta property=\"og:type\" content=\"article\" \/>\n<meta property=\"og:title\" content=\"David Cameron erfindet ein Lied\" \/>\n<meta property=\"og:description\" content=\"Das Summen des Noch-Primeministers David Cameron besch\u00e4ftigt die Nationen. Ein britischer Klassiksender hat es gar einer musikalischen Analyse unterzogen.\" \/>\n<meta property=\"og:url\" content=\"https:\/\/blog.zeit.de\/teilchen\/2016\/07\/12\/david-cameron-lied-summen-premierminister\/\" \/>\n<meta property=\"og:site_name\" content=\"Teilchen\" \/>\n<meta property=\"article:published_time\" content=\"2016-07-12T09:28:22+00:00\" \/>\n<meta property=\"article:modified_time\" content=\"2016-07-12T09:41:51+00:00\" \/>\n<meta property=\"og:image\" content=\"https:\/\/blog.zeit.de\/teilchen\/files\/2016\/07\/Bildschirmfoto-2016-07-12-um-10.36.31.png\" \/>\n\t<meta property=\"og:image:width\" content=\"844\" \/>\n\t<meta property=\"og:image:height\" content=\"470\" \/>\n\t<meta property=\"og:image:type\" content=\"image\/png\" \/>\n<meta name=\"author\" content=\"Tobias Dorfer\" \/>\n<meta name=\"twitter:card\" content=\"summary_large_image\" \/>\n<meta name=\"twitter:image\" content=\"https:\/\/blog.zeit.de\/teilchen\/files\/2016\/07\/Bildschirmfoto-2016-07-12-um-10.36.31.png\" \/>\n<meta name=\"twitter:creator\" content=\"@tobiasdorfer\" \/>\n<meta name=\"twitter:site\" content=\"@zeitonline\" \/>\n<meta name=\"twitter:label1\" content=\"Geschrieben von\" \/>\n\t<meta name=\"twitter:data1\" content=\"Tobias Dorfer\" \/>\n\t<meta name=\"twitter:label2\" content=\"Gesch\u00e4tzte Lesezeit\" \/>\n\t<meta name=\"twitter:data2\" content=\"2\u00a0Minuten\" \/>\n<script type=\"application\/ld+json\" class=\"yoast-schema-graph\">{\"@context\":\"https:\/\/schema.org\",\"@graph\":[{\"@type\":\"WebPage\",\"@id\":\"https:\/\/blog.zeit.de\/teilchen\/2016\/07\/12\/david-cameron-lied-summen-premierminister\/\",\"url\":\"https:\/\/blog.zeit.de\/teilchen\/2016\/07\/12\/david-cameron-lied-summen-premierminister\/\",\"name\":\"David Cameron erfindet ein Lied\",\"isPartOf\":{\"@id\":\"https:\/\/blog.zeit.de\/teilchen\/#website\"},\"datePublished\":\"2016-07-12T09:28:22+00:00\",\"dateModified\":\"2016-07-12T09:41:51+00:00\",\"author\":{\"@id\":\"https:\/\/blog.zeit.de\/teilchen\/#\/schema\/person\/e90ba849254185115fd919d4fad07dc0\"},\"description\":\"Das Summen des Noch-Primeministers David Cameron besch\u00e4ftigt die Nationen. Ein britischer Klassiksender hat es gar einer musikalischen Analyse unterzogen.\",\"breadcrumb\":{\"@id\":\"https:\/\/blog.zeit.de\/teilchen\/2016\/07\/12\/david-cameron-lied-summen-premierminister\/#breadcrumb\"},\"inLanguage\":\"de\",\"potentialAction\":[{\"@type\":\"ReadAction\",\"target\":[\"https:\/\/blog.zeit.de\/teilchen\/2016\/07\/12\/david-cameron-lied-summen-premierminister\/\"]}]},{\"@type\":\"BreadcrumbList\",\"@id\":\"https:\/\/blog.zeit.de\/teilchen\/2016\/07\/12\/david-cameron-lied-summen-premierminister\/#breadcrumb\",\"itemListElement\":[{\"@type\":\"ListItem\",\"position\":1,\"name\":\"Startseite\",\"item\":\"https:\/\/blog.zeit.de\/teilchen\/\"},{\"@type\":\"ListItem\",\"position\":2,\"name\":\"Herr Cameron erfindet ein Lied\"}]},{\"@type\":\"WebSite\",\"@id\":\"https:\/\/blog.zeit.de\/teilchen\/#website\",\"url\":\"https:\/\/blog.zeit.de\/teilchen\/\",\"name\":\"Teilchen\",\"description\":\"Im Netz verstecken sich kleine Sch\u00e4tze - ZEIT ONLINE findet sie.\",\"potentialAction\":[{\"@type\":\"SearchAction\",\"target\":{\"@type\":\"EntryPoint\",\"urlTemplate\":\"https:\/\/blog.zeit.de\/teilchen\/?s={search_term_string}\"},\"query-input\":\"required name=search_term_string\"}],\"inLanguage\":\"de\"},{\"@type\":\"Person\",\"@id\":\"https:\/\/blog.zeit.de\/teilchen\/#\/schema\/person\/e90ba849254185115fd919d4fad07dc0\",\"name\":\"Tobias Dorfer\",\"image\":{\"@type\":\"ImageObject\",\"inLanguage\":\"de\",\"@id\":\"https:\/\/blog.zeit.de\/teilchen\/#\/schema\/person\/image\/\",\"url\":\"https:\/\/secure.gravatar.com\/avatar\/0021e1a3fe9f799912804bcca6f1bcbbe58ee3bf29c8f714a0f453695a888d0a?s=96&d=mm&r=g\",\"contentUrl\":\"https:\/\/secure.gravatar.com\/avatar\/0021e1a3fe9f799912804bcca6f1bcbbe58ee3bf29c8f714a0f453695a888d0a?s=96&d=mm&r=g\",\"caption\":\"Tobias Dorfer\"},\"description\":\"Teamleiter Social Media bei ZEIT ONLINE. Zuvor sieben Jahre bei S\u00fcddeutsche.de, als Redakteur im Wirtschafts- und Regional-Ressort sowie Editorial SEO. Ausbildung an der Deutschen Journalistenschule in M\u00fcnchen mit Hospitanzen bei S\u00fcddeutsche Zeitung, SPIEGEL und SPIEGEL Online.\",\"sameAs\":[\"https:\/\/twitter.com\/tobiasdorfer\"],\"url\":\"https:\/\/blog.zeit.de\/teilchen\/author\/tdorfer\/\"}]}<\/script>\n<!-- \/ Yoast SEO plugin. -->","yoast_head_json":{"title":"David Cameron erfindet ein Lied","description":"Das Summen des Noch-Primeministers David Cameron besch\u00e4ftigt die Nationen. Ein britischer Klassiksender hat es gar einer musikalischen Analyse unterzogen.","robots":{"index":"index","follow":"follow","max-snippet":"max-snippet:-1","max-image-preview":"max-image-preview:large","max-video-preview":"max-video-preview:-1"},"canonical":"https:\/\/blog.zeit.de\/teilchen\/2016\/07\/12\/david-cameron-lied-summen-premierminister\/","og_locale":"de_DE","og_type":"article","og_title":"David Cameron erfindet ein Lied","og_description":"Das Summen des Noch-Primeministers David Cameron besch\u00e4ftigt die Nationen. Ein britischer Klassiksender hat es gar einer musikalischen Analyse unterzogen.","og_url":"https:\/\/blog.zeit.de\/teilchen\/2016\/07\/12\/david-cameron-lied-summen-premierminister\/","og_site_name":"Teilchen","article_published_time":"2016-07-12T09:28:22+00:00","article_modified_time":"2016-07-12T09:41:51+00:00","og_image":[{"width":844,"height":470,"url":"https:\/\/blog.zeit.de\/teilchen\/files\/2016\/07\/Bildschirmfoto-2016-07-12-um-10.36.31.png","type":"image\/png"}],"author":"Tobias Dorfer","twitter_card":"summary_large_image","twitter_image":"https:\/\/blog.zeit.de\/teilchen\/files\/2016\/07\/Bildschirmfoto-2016-07-12-um-10.36.31.png","twitter_creator":"@tobiasdorfer","twitter_site":"@zeitonline","twitter_misc":{"Geschrieben von":"Tobias Dorfer","Gesch\u00e4tzte Lesezeit":"2\u00a0Minuten"},"schema":{"@context":"https:\/\/schema.org","@graph":[{"@type":"WebPage","@id":"https:\/\/blog.zeit.de\/teilchen\/2016\/07\/12\/david-cameron-lied-summen-premierminister\/","url":"https:\/\/blog.zeit.de\/teilchen\/2016\/07\/12\/david-cameron-lied-summen-premierminister\/","name":"David Cameron erfindet ein Lied","isPartOf":{"@id":"https:\/\/blog.zeit.de\/teilchen\/#website"},"datePublished":"2016-07-12T09:28:22+00:00","dateModified":"2016-07-12T09:41:51+00:00","author":{"@id":"https:\/\/blog.zeit.de\/teilchen\/#\/schema\/person\/e90ba849254185115fd919d4fad07dc0"},"description":"Das Summen des Noch-Primeministers David Cameron besch\u00e4ftigt die Nationen. Ein britischer Klassiksender hat es gar einer musikalischen Analyse unterzogen.","breadcrumb":{"@id":"https:\/\/blog.zeit.de\/teilchen\/2016\/07\/12\/david-cameron-lied-summen-premierminister\/#breadcrumb"},"inLanguage":"de","potentialAction":[{"@type":"ReadAction","target":["https:\/\/blog.zeit.de\/teilchen\/2016\/07\/12\/david-cameron-lied-summen-premierminister\/"]}]},{"@type":"BreadcrumbList","@id":"https:\/\/blog.zeit.de\/teilchen\/2016\/07\/12\/david-cameron-lied-summen-premierminister\/#breadcrumb","itemListElement":[{"@type":"ListItem","position":1,"name":"Startseite","item":"https:\/\/blog.zeit.de\/teilchen\/"},{"@type":"ListItem","position":2,"name":"Herr Cameron erfindet ein Lied"}]},{"@type":"WebSite","@id":"https:\/\/blog.zeit.de\/teilchen\/#website","url":"https:\/\/blog.zeit.de\/teilchen\/","name":"Teilchen","description":"Im Netz verstecken sich kleine Sch\u00e4tze - ZEIT ONLINE findet sie.","potentialAction":[{"@type":"SearchAction","target":{"@type":"EntryPoint","urlTemplate":"https:\/\/blog.zeit.de\/teilchen\/?s={search_term_string}"},"query-input":"required name=search_term_string"}],"inLanguage":"de"},{"@type":"Person","@id":"https:\/\/blog.zeit.de\/teilchen\/#\/schema\/person\/e90ba849254185115fd919d4fad07dc0","name":"Tobias Dorfer","image":{"@type":"ImageObject","inLanguage":"de","@id":"https:\/\/blog.zeit.de\/teilchen\/#\/schema\/person\/image\/","url":"https:\/\/secure.gravatar.com\/avatar\/0021e1a3fe9f799912804bcca6f1bcbbe58ee3bf29c8f714a0f453695a888d0a?s=96&d=mm&r=g","contentUrl":"https:\/\/secure.gravatar.com\/avatar\/0021e1a3fe9f799912804bcca6f1bcbbe58ee3bf29c8f714a0f453695a888d0a?s=96&d=mm&r=g","caption":"Tobias Dorfer"},"description":"Teamleiter Social Media bei ZEIT ONLINE. Zuvor sieben Jahre bei S\u00fcddeutsche.de, als Redakteur im Wirtschafts- und Regional-Ressort sowie Editorial SEO. Ausbildung an der Deutschen Journalistenschule in M\u00fcnchen mit Hospitanzen bei S\u00fcddeutsche Zeitung, SPIEGEL und SPIEGEL Online.","sameAs":["https:\/\/twitter.com\/tobiasdorfer"],"url":"https:\/\/blog.zeit.de\/teilchen\/author\/tdorfer\/"}]}},"jetpack_featured_media_url":"https:\/\/blog.zeit.de\/teilchen\/files\/2016\/07\/Bildschirmfoto-2016-07-12-um-10.36.31.png","jetpack_sharing_enabled":true,"_links":{"self":[{"href":"https:\/\/blog.zeit.de\/teilchen\/wp-json\/wp\/v2\/posts\/13968","targetHints":{"allow":["GET"]}}],"collection":[{"href":"https:\/\/blog.zeit.de\/teilchen\/wp-json\/wp\/v2\/posts"}],"about":[{"href":"https:\/\/blog.zeit.de\/teilchen\/wp-json\/wp\/v2\/types\/post"}],"author":[{"embeddable":true,"href":"https:\/\/blog.zeit.de\/teilchen\/wp-json\/wp\/v2\/users\/556"}],"replies":[{"embeddable":true,"href":"https:\/\/blog.zeit.de\/teilchen\/wp-json\/wp\/v2\/comments?post=13968"}],"version-history":[{"count":12,"href":"https:\/\/blog.zeit.de\/teilchen\/wp-json\/wp\/v2\/posts\/13968\/revisions"}],"predecessor-version":[{"id":13985,"href":"https:\/\/blog.zeit.de\/teilchen\/wp-json\/wp\/v2\/posts\/13968\/revisions\/13985"}],"wp:featuredmedia":[{"embeddable":true,"href":"https:\/\/blog.zeit.de\/teilchen\/wp-json\/wp\/v2\/media\/13980"}],"wp:attachment":[{"href":"https:\/\/blog.zeit.de\/teilchen\/wp-json\/wp\/v2\/media?parent=13968"}],"wp:term":[{"taxonomy":"category","embeddable":true,"href":"https:\/\/blog.zeit.de\/teilchen\/wp-json\/wp\/v2\/categories?post=13968"},{"taxonomy":"post_tag","embeddable":true,"href":"https:\/\/blog.zeit.de\/teilchen\/wp-json\/wp\/v2\/tags?post=13968"}],"curies":[{"name":"wp","href":"https:\/\/api.w.org\/{rel}","templated":true}]}}