{"id":13999,"date":"2016-07-12T16:20:40","date_gmt":"2016-07-12T14:20:40","guid":{"rendered":"http:\/\/blog.zeit.de\/teilchen\/?p=13999"},"modified":"2016-07-12T16:21:10","modified_gmt":"2016-07-12T14:21:10","slug":"boygroup-boys-klischees-boyband","status":"publish","type":"post","link":"https:\/\/blog.zeit.de\/teilchen\/2016\/07\/12\/boygroup-boys-klischees-boyband\/","title":{"rendered":"Alle Klischees in einer Boygroup"},"content":{"rendered":"\n<div class=\"embed-wrapper embed-wrapper--blocked js-embed-consent\" data-method=\"embed\">\n<script class=\"raw__source\" type=\"text\/template\"><iframe loading=\"lazy\" title=\"Boygroup Boys - We Are The Boys (Official Musicvideo)\" width=\"640\" height=\"360\" src=\"https:\/\/www.youtube-nocookie.com\/embed\/O0iI7bnQV1E?feature=oembed\" frameborder=\"0\" allow=\"accelerometer; autoplay; clipboard-write; encrypted-media; gyroscope; picture-in-picture; web-share\" referrerpolicy=\"strict-origin-when-cross-origin\" allowfullscreen><\/iframe><\/script>\n<div class=\"embed-wrapper__inner\">\n<div class=\"embed-wrapper__text\">\n<h3>Empfohlener redaktioneller Inhalt<\/h3>\n<p data-replace=\"no\">An dieser Stelle finden Sie externen Inhalt, der den Artikel erg\u00e4nzt. Sie k\u00f6nnen sich externe Inhalte mit einem Klick anzeigen lassen und wieder ausblenden.<noscript>Bitte aktivieren Sie JavaScript damit Sie diesen Inhalt anzeigen k\u00f6nnen.<\/noscript><\/p>\n<\/div>\n<div class=\"embed-consent\">\n<label class=\"embed-consent__toggle\">\n<input class=\"js-embed-consent__toggle\" type=\"checkbox\" autocomplete=\"off\">\n<span><\/span>\nExterner Inhalt\n<\/label>\n<a href=\"https:\/\/www.zeit.de\/hilfe\/datenschutz\" target=\"_blank\" class=\"embed-consent__datalink-when-active\">Datenschutzerkl\u00e4rung<\/a>\n<\/div>\n<div class=\"embed-wrapper__footer\">\n<p data-replace=\"no\">\nIch bin damit einverstanden, dass mir externe Inhalte angezeigt werden. Damit k\u00f6nnen personenbezogene Daten an Drittplattformen \u00fcbermittelt werden. <a href=\"https:\/\/www.zeit.de\/hilfe\/datenschutz\" target=\"_blank\">Mehr dazu in unserer Datenschutzerkl\u00e4rung.<\/a>\n<\/p>\n<\/div>\n<\/div>\n<\/div>\n<p>Haben Sie damals wegen der Trennung von Take That Tr\u00e4nen vergossen? Waren Sie in Eloy von Caught in the Act verliebt oder in Nick Carter von den Backstreet Boys? Standen Sie kreischend in der ersten Reihe eines Boyzone-Konzerts oder folgen Sie One Direction bei Twitter? Boygroup-Leidenschaften sind h\u00e4ufig Glaubensfragen. Wer New Kids on the Block verehrte, konnte nie und nimmer Westlife m\u00f6gen. Was eigentlich Bl\u00f6dsinn ist, denn die Bausteine, aus denen eine solche Boygroup zusammengebastelt ist, sind alle gleich. Das zeigt ein knapp dreieinhalbmin\u00fctiges Musikvideo, das sich derzeit rasant im Netz verbreitet.<\/p>\n<p><!--more-->Boygroup Boys hei\u00dft die Combo, die alle Klischees in sich vereint, die Boygroups gemeinhin nachgesagt werden. Nat\u00fcrlich sind so ziemlich alle ethnischen Gruppen vertreten. Selbstverst\u00e4ndlich tragen die Bandmitglieder in einer Szene wei\u00dfe Schlafanz\u00fcge. Es regnet Konfetti. Die Jungs sind nat\u00fcrlich beste Freunde. Einmal wird &#8222;<em>Hey, girl<\/em>&#8220; gehaucht \u2013 und zum Refrain immer getanzt.<\/p>\n<p>Die restlichen Klischees werden im Text des Songs verarbeitet. &#8222;Einer von uns singt, die anderen sehen nur gut aus und bilden den Backgroundchor&#8220;, hei\u00dft es zum Beispiel in einer Zeile. Oder: &#8222;Supertrauriger Regen an einer Fensterscheibe symbolisiert seine Tr\u00e4nen.&#8220; Mehr wollen wir an dieser Stelle nicht verraten \u2013 nur so viel vielleicht noch: Die Oben-ohne-Szene darf auch nicht fehlen. Gedreht wurde der Clip \u00fcbrigens von der Agentur DDB sowie von den Produktionsfirmen Markenfilm Crossing und Mokoh Music.<\/p>\n<p>Vielleicht fragen Sie sich jetzt, was die prominenten Vorbilder der Boygroup Boys gerade so machen. Hier die j\u00fcngsten Schlagzeilen:<\/p>\n<ul>\n<li>Die Backstreet Boys haben derzeit <a href=\"http:\/\/www.bild.de\/unterhaltung\/leute\/leute\/erraetst-du-die-haare-46551652.bild.html\">&#8222;etwas, das wir noch nie zuvor getan haben&#8220; in Arbeit<\/a>. Erscheint offenbar Ende August.<\/li>\n<li>Caught in the Act traten bei der j\u00fcngsten Silvesterfeier am Brandenburger Tor erstmals nach 17 Jahren wieder zusammen auf. <a href=\"http:\/\/www.news.de\/promis\/855642843\/caught-in-the-act-deutschland-tour-2016-die-tourdaten-comeback-benjamin-boyce-lee-baxter-eloy-de-jong-bastian-ragas\/1\/\">Jetzt plant die Band eine neue Tour<\/a> \u2013 ohne S\u00e4nger Benjamin Boyce allerdings.<\/li>\n<li>Bei Take That steht <a href=\"http:\/\/kurier.at\/kultur\/reunion-geplant-robbie-williams-geht-wahrscheinlich-mit-take-that-auf-jubilaeumstour\/206.067.618\">die x-te Reunion mit Robbie Williams<\/a> bevor.<\/li>\n<li>Und unter den One-Direction-Fans droht Tr\u00e4nenalarm: <a href=\"http:\/\/www.bunte.de\/stars\/stars-die-liebe\/stars-frisch-verliebt\/niall-horan-sein-erstes-liebes-outing-339181.html\">Niall Horan hat eine Freundin<\/a>.<\/li>\n<\/ul>\n<p>Derartige Schlagzeilen werden die Boygroup Boys sicher auch noch produzieren. Sie m\u00fcssen ja das Klischee bedienen.<\/p>\n<p><em>Mehr Teilchen finden Sie hier.<\/em><\/p>\n","protected":false},"excerpt":{"rendered":"<p>Empfohlener redaktioneller Inhalt An dieser Stelle finden Sie externen Inhalt, der den Artikel erg\u00e4nzt. Sie k\u00f6nnen sich externe Inhalte mit einem Klick anzeigen lassen [\u2026]<\/p>\n","protected":false},"author":556,"featured_media":14001,"comment_status":"open","ping_status":"closed","sticky":false,"template":"","format":"standard","meta":{"_jetpack_memberships_contains_paid_content":false,"footnotes":""},"categories":[28],"tags":[],"class_list":["post-13999","post","type-post","status-publish","format-standard","has-post-thumbnail","hentry","category-video"],"yoast_head":"<!-- This site is optimized with the Yoast SEO plugin v21.0 - https:\/\/yoast.com\/wordpress\/plugins\/seo\/ -->\n<title>Eine Boygroup, alle Klischees<\/title>\n<meta name=\"description\" content=\"Die Bausteine, aus denen Boygroups zusammengebastelt sind, sind alle gleich. Wie gleich, das zeigt dieses Musikvideo von Boygroup Boys.\" \/>\n<meta name=\"robots\" content=\"index, follow, max-snippet:-1, max-image-preview:large, max-video-preview:-1\" \/>\n<link rel=\"canonical\" href=\"https:\/\/blog.zeit.de\/teilchen\/2016\/07\/12\/boygroup-boys-klischees-boyband\/\" \/>\n<meta property=\"og:locale\" content=\"de_DE\" \/>\n<meta property=\"og:type\" content=\"article\" \/>\n<meta property=\"og:title\" content=\"Eine Boygroup, alle Klischees\" \/>\n<meta property=\"og:description\" content=\"Die Bausteine, aus denen Boygroups zusammengebastelt sind, sind alle gleich. Wie gleich, das zeigt dieses Musikvideo von Boygroup Boys.\" \/>\n<meta property=\"og:url\" content=\"https:\/\/blog.zeit.de\/teilchen\/2016\/07\/12\/boygroup-boys-klischees-boyband\/\" \/>\n<meta property=\"og:site_name\" content=\"Teilchen\" \/>\n<meta property=\"article:published_time\" content=\"2016-07-12T14:20:40+00:00\" \/>\n<meta property=\"article:modified_time\" content=\"2016-07-12T14:21:10+00:00\" \/>\n<meta property=\"og:image\" content=\"https:\/\/blog.zeit.de\/teilchen\/files\/2016\/07\/Bildschirmfoto-2016-07-12-um-15.26.55.png\" \/>\n\t<meta property=\"og:image:width\" content=\"836\" \/>\n\t<meta property=\"og:image:height\" content=\"443\" \/>\n\t<meta property=\"og:image:type\" content=\"image\/png\" \/>\n<meta name=\"author\" content=\"Tobias Dorfer\" \/>\n<meta name=\"twitter:card\" content=\"summary_large_image\" \/>\n<meta name=\"twitter:image\" content=\"https:\/\/blog.zeit.de\/teilchen\/files\/2016\/07\/Bildschirmfoto-2016-07-12-um-15.26.55.png\" \/>\n<meta name=\"twitter:creator\" content=\"@tobiasdorfer\" \/>\n<meta name=\"twitter:site\" content=\"@zeitonline\" \/>\n<meta name=\"twitter:label1\" content=\"Geschrieben von\" \/>\n\t<meta name=\"twitter:data1\" content=\"Tobias Dorfer\" \/>\n\t<meta name=\"twitter:label2\" content=\"Gesch\u00e4tzte Lesezeit\" \/>\n\t<meta name=\"twitter:data2\" content=\"2\u00a0Minuten\" \/>\n<script type=\"application\/ld+json\" class=\"yoast-schema-graph\">{\"@context\":\"https:\/\/schema.org\",\"@graph\":[{\"@type\":\"WebPage\",\"@id\":\"https:\/\/blog.zeit.de\/teilchen\/2016\/07\/12\/boygroup-boys-klischees-boyband\/\",\"url\":\"https:\/\/blog.zeit.de\/teilchen\/2016\/07\/12\/boygroup-boys-klischees-boyband\/\",\"name\":\"Eine Boygroup, alle Klischees\",\"isPartOf\":{\"@id\":\"https:\/\/blog.zeit.de\/teilchen\/#website\"},\"datePublished\":\"2016-07-12T14:20:40+00:00\",\"dateModified\":\"2016-07-12T14:21:10+00:00\",\"author\":{\"@id\":\"https:\/\/blog.zeit.de\/teilchen\/#\/schema\/person\/e90ba849254185115fd919d4fad07dc0\"},\"description\":\"Die Bausteine, aus denen Boygroups zusammengebastelt sind, sind alle gleich. Wie gleich, das zeigt dieses Musikvideo von Boygroup Boys.\",\"breadcrumb\":{\"@id\":\"https:\/\/blog.zeit.de\/teilchen\/2016\/07\/12\/boygroup-boys-klischees-boyband\/#breadcrumb\"},\"inLanguage\":\"de\",\"potentialAction\":[{\"@type\":\"ReadAction\",\"target\":[\"https:\/\/blog.zeit.de\/teilchen\/2016\/07\/12\/boygroup-boys-klischees-boyband\/\"]}]},{\"@type\":\"BreadcrumbList\",\"@id\":\"https:\/\/blog.zeit.de\/teilchen\/2016\/07\/12\/boygroup-boys-klischees-boyband\/#breadcrumb\",\"itemListElement\":[{\"@type\":\"ListItem\",\"position\":1,\"name\":\"Startseite\",\"item\":\"https:\/\/blog.zeit.de\/teilchen\/\"},{\"@type\":\"ListItem\",\"position\":2,\"name\":\"Alle Klischees in einer Boygroup\"}]},{\"@type\":\"WebSite\",\"@id\":\"https:\/\/blog.zeit.de\/teilchen\/#website\",\"url\":\"https:\/\/blog.zeit.de\/teilchen\/\",\"name\":\"Teilchen\",\"description\":\"Im Netz verstecken sich kleine Sch\u00e4tze - ZEIT ONLINE findet sie.\",\"potentialAction\":[{\"@type\":\"SearchAction\",\"target\":{\"@type\":\"EntryPoint\",\"urlTemplate\":\"https:\/\/blog.zeit.de\/teilchen\/?s={search_term_string}\"},\"query-input\":\"required name=search_term_string\"}],\"inLanguage\":\"de\"},{\"@type\":\"Person\",\"@id\":\"https:\/\/blog.zeit.de\/teilchen\/#\/schema\/person\/e90ba849254185115fd919d4fad07dc0\",\"name\":\"Tobias Dorfer\",\"image\":{\"@type\":\"ImageObject\",\"inLanguage\":\"de\",\"@id\":\"https:\/\/blog.zeit.de\/teilchen\/#\/schema\/person\/image\/\",\"url\":\"https:\/\/secure.gravatar.com\/avatar\/0021e1a3fe9f799912804bcca6f1bcbbe58ee3bf29c8f714a0f453695a888d0a?s=96&d=mm&r=g\",\"contentUrl\":\"https:\/\/secure.gravatar.com\/avatar\/0021e1a3fe9f799912804bcca6f1bcbbe58ee3bf29c8f714a0f453695a888d0a?s=96&d=mm&r=g\",\"caption\":\"Tobias Dorfer\"},\"description\":\"Teamleiter Social Media bei ZEIT ONLINE. Zuvor sieben Jahre bei S\u00fcddeutsche.de, als Redakteur im Wirtschafts- und Regional-Ressort sowie Editorial SEO. Ausbildung an der Deutschen Journalistenschule in M\u00fcnchen mit Hospitanzen bei S\u00fcddeutsche Zeitung, SPIEGEL und SPIEGEL Online.\",\"sameAs\":[\"https:\/\/twitter.com\/tobiasdorfer\"],\"url\":\"https:\/\/blog.zeit.de\/teilchen\/author\/tdorfer\/\"}]}<\/script>\n<!-- \/ Yoast SEO plugin. -->","yoast_head_json":{"title":"Eine Boygroup, alle Klischees","description":"Die Bausteine, aus denen Boygroups zusammengebastelt sind, sind alle gleich. Wie gleich, das zeigt dieses Musikvideo von Boygroup Boys.","robots":{"index":"index","follow":"follow","max-snippet":"max-snippet:-1","max-image-preview":"max-image-preview:large","max-video-preview":"max-video-preview:-1"},"canonical":"https:\/\/blog.zeit.de\/teilchen\/2016\/07\/12\/boygroup-boys-klischees-boyband\/","og_locale":"de_DE","og_type":"article","og_title":"Eine Boygroup, alle Klischees","og_description":"Die Bausteine, aus denen Boygroups zusammengebastelt sind, sind alle gleich. Wie gleich, das zeigt dieses Musikvideo von Boygroup Boys.","og_url":"https:\/\/blog.zeit.de\/teilchen\/2016\/07\/12\/boygroup-boys-klischees-boyband\/","og_site_name":"Teilchen","article_published_time":"2016-07-12T14:20:40+00:00","article_modified_time":"2016-07-12T14:21:10+00:00","og_image":[{"width":836,"height":443,"url":"https:\/\/blog.zeit.de\/teilchen\/files\/2016\/07\/Bildschirmfoto-2016-07-12-um-15.26.55.png","type":"image\/png"}],"author":"Tobias Dorfer","twitter_card":"summary_large_image","twitter_image":"https:\/\/blog.zeit.de\/teilchen\/files\/2016\/07\/Bildschirmfoto-2016-07-12-um-15.26.55.png","twitter_creator":"@tobiasdorfer","twitter_site":"@zeitonline","twitter_misc":{"Geschrieben von":"Tobias Dorfer","Gesch\u00e4tzte Lesezeit":"2\u00a0Minuten"},"schema":{"@context":"https:\/\/schema.org","@graph":[{"@type":"WebPage","@id":"https:\/\/blog.zeit.de\/teilchen\/2016\/07\/12\/boygroup-boys-klischees-boyband\/","url":"https:\/\/blog.zeit.de\/teilchen\/2016\/07\/12\/boygroup-boys-klischees-boyband\/","name":"Eine Boygroup, alle Klischees","isPartOf":{"@id":"https:\/\/blog.zeit.de\/teilchen\/#website"},"datePublished":"2016-07-12T14:20:40+00:00","dateModified":"2016-07-12T14:21:10+00:00","author":{"@id":"https:\/\/blog.zeit.de\/teilchen\/#\/schema\/person\/e90ba849254185115fd919d4fad07dc0"},"description":"Die Bausteine, aus denen Boygroups zusammengebastelt sind, sind alle gleich. Wie gleich, das zeigt dieses Musikvideo von Boygroup Boys.","breadcrumb":{"@id":"https:\/\/blog.zeit.de\/teilchen\/2016\/07\/12\/boygroup-boys-klischees-boyband\/#breadcrumb"},"inLanguage":"de","potentialAction":[{"@type":"ReadAction","target":["https:\/\/blog.zeit.de\/teilchen\/2016\/07\/12\/boygroup-boys-klischees-boyband\/"]}]},{"@type":"BreadcrumbList","@id":"https:\/\/blog.zeit.de\/teilchen\/2016\/07\/12\/boygroup-boys-klischees-boyband\/#breadcrumb","itemListElement":[{"@type":"ListItem","position":1,"name":"Startseite","item":"https:\/\/blog.zeit.de\/teilchen\/"},{"@type":"ListItem","position":2,"name":"Alle Klischees in einer Boygroup"}]},{"@type":"WebSite","@id":"https:\/\/blog.zeit.de\/teilchen\/#website","url":"https:\/\/blog.zeit.de\/teilchen\/","name":"Teilchen","description":"Im Netz verstecken sich kleine Sch\u00e4tze - ZEIT ONLINE findet sie.","potentialAction":[{"@type":"SearchAction","target":{"@type":"EntryPoint","urlTemplate":"https:\/\/blog.zeit.de\/teilchen\/?s={search_term_string}"},"query-input":"required name=search_term_string"}],"inLanguage":"de"},{"@type":"Person","@id":"https:\/\/blog.zeit.de\/teilchen\/#\/schema\/person\/e90ba849254185115fd919d4fad07dc0","name":"Tobias Dorfer","image":{"@type":"ImageObject","inLanguage":"de","@id":"https:\/\/blog.zeit.de\/teilchen\/#\/schema\/person\/image\/","url":"https:\/\/secure.gravatar.com\/avatar\/0021e1a3fe9f799912804bcca6f1bcbbe58ee3bf29c8f714a0f453695a888d0a?s=96&d=mm&r=g","contentUrl":"https:\/\/secure.gravatar.com\/avatar\/0021e1a3fe9f799912804bcca6f1bcbbe58ee3bf29c8f714a0f453695a888d0a?s=96&d=mm&r=g","caption":"Tobias Dorfer"},"description":"Teamleiter Social Media bei ZEIT ONLINE. Zuvor sieben Jahre bei S\u00fcddeutsche.de, als Redakteur im Wirtschafts- und Regional-Ressort sowie Editorial SEO. Ausbildung an der Deutschen Journalistenschule in M\u00fcnchen mit Hospitanzen bei S\u00fcddeutsche Zeitung, SPIEGEL und SPIEGEL Online.","sameAs":["https:\/\/twitter.com\/tobiasdorfer"],"url":"https:\/\/blog.zeit.de\/teilchen\/author\/tdorfer\/"}]}},"jetpack_featured_media_url":"https:\/\/blog.zeit.de\/teilchen\/files\/2016\/07\/Bildschirmfoto-2016-07-12-um-15.26.55.png","jetpack_sharing_enabled":true,"_links":{"self":[{"href":"https:\/\/blog.zeit.de\/teilchen\/wp-json\/wp\/v2\/posts\/13999","targetHints":{"allow":["GET"]}}],"collection":[{"href":"https:\/\/blog.zeit.de\/teilchen\/wp-json\/wp\/v2\/posts"}],"about":[{"href":"https:\/\/blog.zeit.de\/teilchen\/wp-json\/wp\/v2\/types\/post"}],"author":[{"embeddable":true,"href":"https:\/\/blog.zeit.de\/teilchen\/wp-json\/wp\/v2\/users\/556"}],"replies":[{"embeddable":true,"href":"https:\/\/blog.zeit.de\/teilchen\/wp-json\/wp\/v2\/comments?post=13999"}],"version-history":[{"count":6,"href":"https:\/\/blog.zeit.de\/teilchen\/wp-json\/wp\/v2\/posts\/13999\/revisions"}],"predecessor-version":[{"id":14012,"href":"https:\/\/blog.zeit.de\/teilchen\/wp-json\/wp\/v2\/posts\/13999\/revisions\/14012"}],"wp:featuredmedia":[{"embeddable":true,"href":"https:\/\/blog.zeit.de\/teilchen\/wp-json\/wp\/v2\/media\/14001"}],"wp:attachment":[{"href":"https:\/\/blog.zeit.de\/teilchen\/wp-json\/wp\/v2\/media?parent=13999"}],"wp:term":[{"taxonomy":"category","embeddable":true,"href":"https:\/\/blog.zeit.de\/teilchen\/wp-json\/wp\/v2\/categories?post=13999"},{"taxonomy":"post_tag","embeddable":true,"href":"https:\/\/blog.zeit.de\/teilchen\/wp-json\/wp\/v2\/tags?post=13999"}],"curies":[{"name":"wp","href":"https:\/\/api.w.org\/{rel}","templated":true}]}}