{"id":1427,"date":"2015-02-06T11:00:23","date_gmt":"2015-02-06T10:00:23","guid":{"rendered":"http:\/\/blog.zeit.de\/teilchen\/?p=1427"},"modified":"2015-03-10T10:28:07","modified_gmt":"2015-03-10T09:28:07","slug":"blinde-sehen-wieder-mit-e-sight-brille","status":"publish","type":"post","link":"https:\/\/blog.zeit.de\/teilchen\/2015\/02\/06\/blinde-sehen-wieder-mit-e-sight-brille\/","title":{"rendered":"Spezialbrille soll Blinde wieder sehen lassen"},"content":{"rendered":"<div class=\"zol_video art_wide vid4031689342001\"><\/div>\n<p>Eine Brille, die <a href=\"http:\/\/www.zeit.de\/wissen\/2013-02\/hirnimplantate-graphen\">Blinde<\/a> wieder sehen l\u00e4sst? Dieses Video scheint diese Hoffnung zu st\u00fctzen. Es wurde bereits millionenfach im Netz angeklickt.<br \/>\nZu sehen ist die blinde Kanadierin Kathy Beitz, die erstmals ihr neugeborenes Baby mithilfe der sogenannten eSight-Brille sehen kann. Doch wie funktioniert diese Wunderbrille?<\/p>\n<p>Bei vielen <a href=\"http:\/\/www.zeit.de\/2012\/36\/Auge-Netzhaut-Stammzellen\">erblindeten Menschen<\/a> funktionieren Teile des Auges nach wie vor. Diese intakten Zellen benutzt das Ger\u00e4t indem es ein modifiziertes Live-Videosignal \u00fcber diese Zellen an das Gehirn sendet.<\/p>\n<p>15.000 Dollar verlangt der kanadische Hersteller f\u00fcr die Brille. Mittlerweile gibt es verschiedene Spenden-Kampagnen, um auch Menschen ohne entsprechendes Geld das Sehen zu erm\u00f6glichen.<\/p>\n<p>Aufgrund des hohen Anschaffungspreises sieht der deutsche Allgemeine Blinden- und Sehbehindertenverein (ABSV) das Ger\u00e4t kritisch. Der Verband will demn\u00e4chst mit Experten die Brille testen und eine Einsch\u00e4tzung zu ihrem Nutzen f\u00fcr stark sehbehinderte Menschen abgeben.<\/p>\n<p>Weitere <a href=\"https:\/\/blog.zeit.de\/teilchen\/\">Teilchen finden Sie hier<\/a>.<\/p>\n","protected":false},"excerpt":{"rendered":"<p>Eine Brille, die Blinde wieder sehen l\u00e4sst? Dieses Video scheint diese Hoffnung zu st\u00fctzen. Es wurde bereits millionenfach im Netz angeklickt. Zu sehen ist [\u2026]<\/p>\n","protected":false},"author":515,"featured_media":0,"comment_status":"open","ping_status":"closed","sticky":false,"template":"","format":"standard","meta":{"_jetpack_memberships_contains_paid_content":false,"footnotes":""},"categories":[28],"tags":[],"class_list":["post-1427","post","type-post","status-publish","format-standard","hentry","category-video"],"yoast_head":"<!-- This site is optimized with the Yoast SEO plugin v21.0 - https:\/\/yoast.com\/wordpress\/plugins\/seo\/ -->\n<title>Spezialbrille soll Blinde wieder sehen lassen &#8902; Teilchen<\/title>\n<meta name=\"description\" content=\"Eine Brille, die Blinde wieder sehen l\u00e4sst? Es scheint sie nun tats\u00e4chlich zu geben. Allerdings nur f\u00fcr 15.000 Dollar.\" \/>\n<meta name=\"robots\" content=\"index, follow, max-snippet:-1, max-image-preview:large, max-video-preview:-1\" \/>\n<link rel=\"canonical\" href=\"https:\/\/blog.zeit.de\/teilchen\/2015\/02\/06\/blinde-sehen-wieder-mit-e-sight-brille\/\" \/>\n<meta property=\"og:locale\" content=\"de_DE\" \/>\n<meta property=\"og:type\" content=\"article\" \/>\n<meta property=\"og:title\" content=\"Spezialbrille soll Blinde wieder sehen lassen &#8902; Teilchen\" \/>\n<meta property=\"og:description\" content=\"Eine Brille, die Blinde wieder sehen l\u00e4sst? Es scheint sie nun tats\u00e4chlich zu geben. Allerdings nur f\u00fcr 15.000 Dollar.\" \/>\n<meta property=\"og:url\" content=\"https:\/\/blog.zeit.de\/teilchen\/2015\/02\/06\/blinde-sehen-wieder-mit-e-sight-brille\/\" \/>\n<meta property=\"og:site_name\" content=\"Teilchen\" \/>\n<meta property=\"article:published_time\" content=\"2015-02-06T10:00:23+00:00\" \/>\n<meta property=\"article:modified_time\" content=\"2015-03-10T09:28:07+00:00\" \/>\n<meta property=\"og:image\" content=\"https:\/\/blog.zeit.de\/teilchen\/files\/2015\/03\/teilchen-facebook-fallback.jpg\" \/>\n\t<meta property=\"og:image:width\" content=\"1200\" \/>\n\t<meta property=\"og:image:height\" content=\"900\" \/>\n\t<meta property=\"og:image:type\" content=\"image\/jpeg\" \/>\n<meta name=\"author\" content=\"Ren\u00e9 Dettmann\" \/>\n<meta name=\"twitter:card\" content=\"summary_large_image\" \/>\n<meta name=\"twitter:creator\" content=\"@zeitonline\" \/>\n<meta name=\"twitter:site\" content=\"@zeitonline\" \/>\n<meta name=\"twitter:label1\" content=\"Geschrieben von\" \/>\n\t<meta name=\"twitter:data1\" content=\"Ren\u00e9 Dettmann\" \/>\n\t<meta name=\"twitter:label2\" content=\"Gesch\u00e4tzte Lesezeit\" \/>\n\t<meta name=\"twitter:data2\" content=\"1\u00a0Minute\" \/>\n<script type=\"application\/ld+json\" class=\"yoast-schema-graph\">{\"@context\":\"https:\/\/schema.org\",\"@graph\":[{\"@type\":\"WebPage\",\"@id\":\"https:\/\/blog.zeit.de\/teilchen\/2015\/02\/06\/blinde-sehen-wieder-mit-e-sight-brille\/\",\"url\":\"https:\/\/blog.zeit.de\/teilchen\/2015\/02\/06\/blinde-sehen-wieder-mit-e-sight-brille\/\",\"name\":\"Spezialbrille soll Blinde wieder sehen lassen &#8902; Teilchen\",\"isPartOf\":{\"@id\":\"https:\/\/blog.zeit.de\/teilchen\/#website\"},\"datePublished\":\"2015-02-06T10:00:23+00:00\",\"dateModified\":\"2015-03-10T09:28:07+00:00\",\"author\":{\"@id\":\"https:\/\/blog.zeit.de\/teilchen\/#\/schema\/person\/5e57bbd55e98a695775d4b99c38846da\"},\"description\":\"Eine Brille, die Blinde wieder sehen l\u00e4sst? Es scheint sie nun tats\u00e4chlich zu geben. Allerdings nur f\u00fcr 15.000 Dollar.\",\"breadcrumb\":{\"@id\":\"https:\/\/blog.zeit.de\/teilchen\/2015\/02\/06\/blinde-sehen-wieder-mit-e-sight-brille\/#breadcrumb\"},\"inLanguage\":\"de\",\"potentialAction\":[{\"@type\":\"ReadAction\",\"target\":[\"https:\/\/blog.zeit.de\/teilchen\/2015\/02\/06\/blinde-sehen-wieder-mit-e-sight-brille\/\"]}]},{\"@type\":\"BreadcrumbList\",\"@id\":\"https:\/\/blog.zeit.de\/teilchen\/2015\/02\/06\/blinde-sehen-wieder-mit-e-sight-brille\/#breadcrumb\",\"itemListElement\":[{\"@type\":\"ListItem\",\"position\":1,\"name\":\"Startseite\",\"item\":\"https:\/\/blog.zeit.de\/teilchen\/\"},{\"@type\":\"ListItem\",\"position\":2,\"name\":\"Spezialbrille soll Blinde wieder sehen lassen\"}]},{\"@type\":\"WebSite\",\"@id\":\"https:\/\/blog.zeit.de\/teilchen\/#website\",\"url\":\"https:\/\/blog.zeit.de\/teilchen\/\",\"name\":\"Teilchen\",\"description\":\"Im Netz verstecken sich kleine Sch\u00e4tze - ZEIT ONLINE findet sie.\",\"potentialAction\":[{\"@type\":\"SearchAction\",\"target\":{\"@type\":\"EntryPoint\",\"urlTemplate\":\"https:\/\/blog.zeit.de\/teilchen\/?s={search_term_string}\"},\"query-input\":\"required name=search_term_string\"}],\"inLanguage\":\"de\"},{\"@type\":\"Person\",\"@id\":\"https:\/\/blog.zeit.de\/teilchen\/#\/schema\/person\/5e57bbd55e98a695775d4b99c38846da\",\"name\":\"Ren\u00e9 Dettmann\",\"image\":{\"@type\":\"ImageObject\",\"inLanguage\":\"de\",\"@id\":\"https:\/\/blog.zeit.de\/teilchen\/#\/schema\/person\/image\/\",\"url\":\"https:\/\/secure.gravatar.com\/avatar\/101ebe81af44f35a7efa3f361ac063a2e11a2093bae8d56aa541729126ffc4f5?s=96&d=mm&r=g\",\"contentUrl\":\"https:\/\/secure.gravatar.com\/avatar\/101ebe81af44f35a7efa3f361ac063a2e11a2093bae8d56aa541729126ffc4f5?s=96&d=mm&r=g\",\"caption\":\"Ren\u00e9 Dettmann\"},\"description\":\"ist Autor bei ZEIT ONLINE.\",\"url\":\"https:\/\/blog.zeit.de\/teilchen\/author\/rdettmann\/\"}]}<\/script>\n<!-- \/ Yoast SEO plugin. -->","yoast_head_json":{"title":"Spezialbrille soll Blinde wieder sehen lassen &#8902; Teilchen","description":"Eine Brille, die Blinde wieder sehen l\u00e4sst? Es scheint sie nun tats\u00e4chlich zu geben. Allerdings nur f\u00fcr 15.000 Dollar.","robots":{"index":"index","follow":"follow","max-snippet":"max-snippet:-1","max-image-preview":"max-image-preview:large","max-video-preview":"max-video-preview:-1"},"canonical":"https:\/\/blog.zeit.de\/teilchen\/2015\/02\/06\/blinde-sehen-wieder-mit-e-sight-brille\/","og_locale":"de_DE","og_type":"article","og_title":"Spezialbrille soll Blinde wieder sehen lassen &#8902; Teilchen","og_description":"Eine Brille, die Blinde wieder sehen l\u00e4sst? Es scheint sie nun tats\u00e4chlich zu geben. Allerdings nur f\u00fcr 15.000 Dollar.","og_url":"https:\/\/blog.zeit.de\/teilchen\/2015\/02\/06\/blinde-sehen-wieder-mit-e-sight-brille\/","og_site_name":"Teilchen","article_published_time":"2015-02-06T10:00:23+00:00","article_modified_time":"2015-03-10T09:28:07+00:00","og_image":[{"width":1200,"height":900,"url":"https:\/\/blog.zeit.de\/teilchen\/files\/2015\/03\/teilchen-facebook-fallback.jpg","type":"image\/jpeg"}],"author":"Ren\u00e9 Dettmann","twitter_card":"summary_large_image","twitter_creator":"@zeitonline","twitter_site":"@zeitonline","twitter_misc":{"Geschrieben von":"Ren\u00e9 Dettmann","Gesch\u00e4tzte Lesezeit":"1\u00a0Minute"},"schema":{"@context":"https:\/\/schema.org","@graph":[{"@type":"WebPage","@id":"https:\/\/blog.zeit.de\/teilchen\/2015\/02\/06\/blinde-sehen-wieder-mit-e-sight-brille\/","url":"https:\/\/blog.zeit.de\/teilchen\/2015\/02\/06\/blinde-sehen-wieder-mit-e-sight-brille\/","name":"Spezialbrille soll Blinde wieder sehen lassen &#8902; Teilchen","isPartOf":{"@id":"https:\/\/blog.zeit.de\/teilchen\/#website"},"datePublished":"2015-02-06T10:00:23+00:00","dateModified":"2015-03-10T09:28:07+00:00","author":{"@id":"https:\/\/blog.zeit.de\/teilchen\/#\/schema\/person\/5e57bbd55e98a695775d4b99c38846da"},"description":"Eine Brille, die Blinde wieder sehen l\u00e4sst? Es scheint sie nun tats\u00e4chlich zu geben. Allerdings nur f\u00fcr 15.000 Dollar.","breadcrumb":{"@id":"https:\/\/blog.zeit.de\/teilchen\/2015\/02\/06\/blinde-sehen-wieder-mit-e-sight-brille\/#breadcrumb"},"inLanguage":"de","potentialAction":[{"@type":"ReadAction","target":["https:\/\/blog.zeit.de\/teilchen\/2015\/02\/06\/blinde-sehen-wieder-mit-e-sight-brille\/"]}]},{"@type":"BreadcrumbList","@id":"https:\/\/blog.zeit.de\/teilchen\/2015\/02\/06\/blinde-sehen-wieder-mit-e-sight-brille\/#breadcrumb","itemListElement":[{"@type":"ListItem","position":1,"name":"Startseite","item":"https:\/\/blog.zeit.de\/teilchen\/"},{"@type":"ListItem","position":2,"name":"Spezialbrille soll Blinde wieder sehen lassen"}]},{"@type":"WebSite","@id":"https:\/\/blog.zeit.de\/teilchen\/#website","url":"https:\/\/blog.zeit.de\/teilchen\/","name":"Teilchen","description":"Im Netz verstecken sich kleine Sch\u00e4tze - ZEIT ONLINE findet sie.","potentialAction":[{"@type":"SearchAction","target":{"@type":"EntryPoint","urlTemplate":"https:\/\/blog.zeit.de\/teilchen\/?s={search_term_string}"},"query-input":"required name=search_term_string"}],"inLanguage":"de"},{"@type":"Person","@id":"https:\/\/blog.zeit.de\/teilchen\/#\/schema\/person\/5e57bbd55e98a695775d4b99c38846da","name":"Ren\u00e9 Dettmann","image":{"@type":"ImageObject","inLanguage":"de","@id":"https:\/\/blog.zeit.de\/teilchen\/#\/schema\/person\/image\/","url":"https:\/\/secure.gravatar.com\/avatar\/101ebe81af44f35a7efa3f361ac063a2e11a2093bae8d56aa541729126ffc4f5?s=96&d=mm&r=g","contentUrl":"https:\/\/secure.gravatar.com\/avatar\/101ebe81af44f35a7efa3f361ac063a2e11a2093bae8d56aa541729126ffc4f5?s=96&d=mm&r=g","caption":"Ren\u00e9 Dettmann"},"description":"ist Autor bei ZEIT ONLINE.","url":"https:\/\/blog.zeit.de\/teilchen\/author\/rdettmann\/"}]}},"jetpack_featured_media_url":"","jetpack_sharing_enabled":true,"_links":{"self":[{"href":"https:\/\/blog.zeit.de\/teilchen\/wp-json\/wp\/v2\/posts\/1427","targetHints":{"allow":["GET"]}}],"collection":[{"href":"https:\/\/blog.zeit.de\/teilchen\/wp-json\/wp\/v2\/posts"}],"about":[{"href":"https:\/\/blog.zeit.de\/teilchen\/wp-json\/wp\/v2\/types\/post"}],"author":[{"embeddable":true,"href":"https:\/\/blog.zeit.de\/teilchen\/wp-json\/wp\/v2\/users\/515"}],"replies":[{"embeddable":true,"href":"https:\/\/blog.zeit.de\/teilchen\/wp-json\/wp\/v2\/comments?post=1427"}],"version-history":[{"count":15,"href":"https:\/\/blog.zeit.de\/teilchen\/wp-json\/wp\/v2\/posts\/1427\/revisions"}],"predecessor-version":[{"id":2089,"href":"https:\/\/blog.zeit.de\/teilchen\/wp-json\/wp\/v2\/posts\/1427\/revisions\/2089"}],"wp:attachment":[{"href":"https:\/\/blog.zeit.de\/teilchen\/wp-json\/wp\/v2\/media?parent=1427"}],"wp:term":[{"taxonomy":"category","embeddable":true,"href":"https:\/\/blog.zeit.de\/teilchen\/wp-json\/wp\/v2\/categories?post=1427"},{"taxonomy":"post_tag","embeddable":true,"href":"https:\/\/blog.zeit.de\/teilchen\/wp-json\/wp\/v2\/tags?post=1427"}],"curies":[{"name":"wp","href":"https:\/\/api.w.org\/{rel}","templated":true}]}}