{"id":14294,"date":"2016-08-04T13:25:41","date_gmt":"2016-08-04T11:25:41","guid":{"rendered":"http:\/\/blog.zeit.de\/teilchen\/?p=14294"},"modified":"2016-08-04T14:56:19","modified_gmt":"2016-08-04T12:56:19","slug":"polizeigewalt-black-lives-matter-san-francisco-chronicle-projekt","status":"publish","type":"post","link":"https:\/\/blog.zeit.de\/teilchen\/2016\/08\/04\/polizeigewalt-black-lives-matter-san-francisco-chronicle-projekt\/","title":{"rendered":"&#8222;Wir sind nur eine Kugel davon entfernt, ein Hashtag zu werden&#8220;"},"content":{"rendered":"<p><figure id=\"attachment_14298\" aria-describedby=\"caption-attachment-14298\" style=\"width: 500px\" class=\"wp-caption alignnone\"><img loading=\"lazy\" decoding=\"async\" class=\"wp-image-14298 size-full\" src=\"https:\/\/blog.zeit.de\/teilchen\/files\/2016\/08\/preview-BLM.jpg\" alt=\"Wenn Polizeigewalt dein Leben zum Hashtag macht\" width=\"500\" height=\"333\" \/><figcaption id=\"caption-attachment-14298\" class=\"wp-caption-text\">Seid nett zueinander! \u00a9 Andrew Burton\/Getty Images<\/figcaption><\/figure><\/p>\n<p>Harte Worte, mit denen Mistah F.A.B. die Situation schwarzer Menschen in Amerika beschreibt. Der Rapper ist einer von acht M\u00e4nnern und Frauen, die in einem <a href=\"http:\/\/projects.sfchronicle.com\/2016\/black-voices\/\">Multimediaprojekt des <em>San Francisco Chronicle<\/em> ihre Geschichte erz\u00e4hlen<\/a>. <!--more--><\/p>\n<p>Eine Frage steht im Fokus: Wie f\u00fchlt es sich an, <a href=\"http:\/\/www.zeit.de\/thema\/polizeigewalt-usa\">wegen der Hautfarbe zu einem Thema von nationalem Interesse<\/a> zu werden? Im Zuge der <a href=\"http:\/\/www.zeit.de\/kultur\/2016-07\/black-lives-matter-bewegung-dallas-polizeigewalt\">Black-Lives-Matter-Bewegung<\/a>, die sich gegen Gewalt gegen Schwarze einsetzt, stehen die Probleme von Mistah F.A.B. und den anderen Protagonisten derzeit im Fokus der \u00d6ffentlichkeit.<\/p>\n<p>Und weil es einen Unterschied macht, ob nur \u00fcber Betroffene geredet wird oder ob sie selbst zu Wort kommen, hat <em>Chronicle<\/em>-Reporter Hamed Aleaziz in der Region um San Francisco nach Menschen gesucht, die ihm ihre Geschichte erz\u00e4hlen. Mit dabei sind eine \u00c4rztin, ein 61-j\u00e4hriger Historiker, der schon 53 Mal von der Polizei angehalten wurde, und die Mutter des <a href=\"http:\/\/www.zeit.de\/kultur\/film\/2014-04\/naechster-halt-fruitvale-station-film-oscar-grant\">mit 22 Jahren erschossenen Oscar Grant<\/a>. Entstanden sind eindringliche Portr\u00e4ts aus der schwarzen Community.<\/p>\n<ul>\n<li><em><a href=\"https:\/\/blog.zeit.de\/teilchen\/2016\/07\/11\/polizisten-usa-weisse-afroamerikaner-polizeigewalt\/\">Wie US-Polizisten Schwarze behandeln &#8211; und Wei\u00dfe <\/a><\/em><\/li>\n<li><em><a href=\"https:\/\/blog.zeit.de\/teilchen\/2016\/04\/12\/rassismus-lernen-was-es-heist-weis-zu-sein\/\">Lernen, was es hei\u00dft, wei\u00df zu sein <\/a><\/em><\/li>\n<li><em><a href=\"https:\/\/blog.zeit.de\/teilchen\/2015\/04\/28\/rassismus-usa-schwarze-maenner\/\">Die verschwundenen schwarzen M\u00e4nner der USA<\/a><\/em><\/li>\n<li><em>Weitere <a href=\"https:\/\/blog.zeit.de\/teilchen\/\">Teilchen finden Sie hier<\/a>.<\/em><\/li>\n<\/ul>\n<p>&nbsp;<\/p>\n","protected":false},"excerpt":{"rendered":"<p>Harte Worte, mit denen Mistah F.A.B. die Situation schwarzer Menschen in Amerika beschreibt. Der Rapper ist einer von acht M\u00e4nnern und Frauen, die in [\u2026]<\/p>\n","protected":false},"author":656,"featured_media":14298,"comment_status":"open","ping_status":"closed","sticky":false,"template":"","format":"standard","meta":{"_jetpack_memberships_contains_paid_content":false,"footnotes":""},"categories":[29747],"tags":[],"class_list":["post-14294","post","type-post","status-publish","format-standard","has-post-thumbnail","hentry","category-geschichten"],"yoast_head":"<!-- This site is optimized with the Yoast SEO plugin v21.0 - https:\/\/yoast.com\/wordpress\/plugins\/seo\/ -->\n<title>Wenn Polizeigewalt dein Leben zum Hashtag macht<\/title>\n<meta name=\"description\" content=\"Im Multimediaprojekt des San Francisco Chronicle berichten schwarze Menschen aus San Fransisco von ihren Erfahrungen mit Polizeigewalt\" \/>\n<meta name=\"robots\" content=\"index, follow, max-snippet:-1, max-image-preview:large, max-video-preview:-1\" \/>\n<link rel=\"canonical\" href=\"https:\/\/blog.zeit.de\/teilchen\/2016\/08\/04\/polizeigewalt-black-lives-matter-san-francisco-chronicle-projekt\/\" \/>\n<meta property=\"og:locale\" content=\"de_DE\" \/>\n<meta property=\"og:type\" content=\"article\" \/>\n<meta property=\"og:title\" content=\"Wenn Polizeigewalt dein Leben zum Hashtag macht\" \/>\n<meta property=\"og:description\" content=\"Im Multimediaprojekt des San Francisco Chronicle berichten schwarze Menschen aus San Fransisco von ihren Erfahrungen mit Polizeigewalt\" \/>\n<meta property=\"og:url\" content=\"https:\/\/blog.zeit.de\/teilchen\/2016\/08\/04\/polizeigewalt-black-lives-matter-san-francisco-chronicle-projekt\/\" \/>\n<meta property=\"og:site_name\" content=\"Teilchen\" \/>\n<meta property=\"article:published_time\" content=\"2016-08-04T11:25:41+00:00\" \/>\n<meta property=\"article:modified_time\" content=\"2016-08-04T12:56:19+00:00\" \/>\n<meta property=\"og:image\" content=\"https:\/\/blog.zeit.de\/teilchen\/files\/2016\/08\/preview-BLM.jpg\" \/>\n\t<meta property=\"og:image:width\" content=\"500\" \/>\n\t<meta property=\"og:image:height\" content=\"333\" \/>\n\t<meta property=\"og:image:type\" content=\"image\/jpeg\" \/>\n<meta name=\"author\" content=\"Hannah Weiner\" \/>\n<meta name=\"twitter:card\" content=\"summary_large_image\" \/>\n<meta name=\"twitter:image\" content=\"https:\/\/blog.zeit.de\/teilchen\/files\/2016\/08\/preview-BLM.jpg\" \/>\n<meta name=\"twitter:creator\" content=\"@hannahhoertzu\" \/>\n<meta name=\"twitter:site\" content=\"@zeitonline\" \/>\n<meta name=\"twitter:label1\" content=\"Geschrieben von\" \/>\n\t<meta name=\"twitter:data1\" content=\"Hannah Weiner\" \/>\n\t<meta name=\"twitter:label2\" content=\"Gesch\u00e4tzte Lesezeit\" \/>\n\t<meta name=\"twitter:data2\" content=\"1\u00a0Minute\" \/>\n<script type=\"application\/ld+json\" class=\"yoast-schema-graph\">{\"@context\":\"https:\/\/schema.org\",\"@graph\":[{\"@type\":\"WebPage\",\"@id\":\"https:\/\/blog.zeit.de\/teilchen\/2016\/08\/04\/polizeigewalt-black-lives-matter-san-francisco-chronicle-projekt\/\",\"url\":\"https:\/\/blog.zeit.de\/teilchen\/2016\/08\/04\/polizeigewalt-black-lives-matter-san-francisco-chronicle-projekt\/\",\"name\":\"Wenn Polizeigewalt dein Leben zum Hashtag macht\",\"isPartOf\":{\"@id\":\"https:\/\/blog.zeit.de\/teilchen\/#website\"},\"datePublished\":\"2016-08-04T11:25:41+00:00\",\"dateModified\":\"2016-08-04T12:56:19+00:00\",\"author\":{\"@id\":\"https:\/\/blog.zeit.de\/teilchen\/#\/schema\/person\/b585fb0ed4915fe1ab0fe9af77d3fda5\"},\"description\":\"Im Multimediaprojekt des San Francisco Chronicle berichten schwarze Menschen aus San Fransisco von ihren Erfahrungen mit Polizeigewalt\",\"breadcrumb\":{\"@id\":\"https:\/\/blog.zeit.de\/teilchen\/2016\/08\/04\/polizeigewalt-black-lives-matter-san-francisco-chronicle-projekt\/#breadcrumb\"},\"inLanguage\":\"de\",\"potentialAction\":[{\"@type\":\"ReadAction\",\"target\":[\"https:\/\/blog.zeit.de\/teilchen\/2016\/08\/04\/polizeigewalt-black-lives-matter-san-francisco-chronicle-projekt\/\"]}]},{\"@type\":\"BreadcrumbList\",\"@id\":\"https:\/\/blog.zeit.de\/teilchen\/2016\/08\/04\/polizeigewalt-black-lives-matter-san-francisco-chronicle-projekt\/#breadcrumb\",\"itemListElement\":[{\"@type\":\"ListItem\",\"position\":1,\"name\":\"Startseite\",\"item\":\"https:\/\/blog.zeit.de\/teilchen\/\"},{\"@type\":\"ListItem\",\"position\":2,\"name\":\"&#8222;Wir sind nur eine Kugel davon entfernt, ein Hashtag zu werden&#8220;\"}]},{\"@type\":\"WebSite\",\"@id\":\"https:\/\/blog.zeit.de\/teilchen\/#website\",\"url\":\"https:\/\/blog.zeit.de\/teilchen\/\",\"name\":\"Teilchen\",\"description\":\"Im Netz verstecken sich kleine Sch\u00e4tze - ZEIT ONLINE findet sie.\",\"potentialAction\":[{\"@type\":\"SearchAction\",\"target\":{\"@type\":\"EntryPoint\",\"urlTemplate\":\"https:\/\/blog.zeit.de\/teilchen\/?s={search_term_string}\"},\"query-input\":\"required name=search_term_string\"}],\"inLanguage\":\"de\"},{\"@type\":\"Person\",\"@id\":\"https:\/\/blog.zeit.de\/teilchen\/#\/schema\/person\/b585fb0ed4915fe1ab0fe9af77d3fda5\",\"name\":\"Hannah Weiner\",\"image\":{\"@type\":\"ImageObject\",\"inLanguage\":\"de\",\"@id\":\"https:\/\/blog.zeit.de\/teilchen\/#\/schema\/person\/image\/\",\"url\":\"https:\/\/secure.gravatar.com\/avatar\/02fce0d278c00e12a092ecda994109248c5ad8491353a37bed87b1ccf38f31e9?s=96&d=mm&r=g\",\"contentUrl\":\"https:\/\/secure.gravatar.com\/avatar\/02fce0d278c00e12a092ecda994109248c5ad8491353a37bed87b1ccf38f31e9?s=96&d=mm&r=g\",\"caption\":\"Hannah Weiner\"},\"description\":\"arbeitet am Newsdesk von ZEIT ONLINE.\",\"sameAs\":[\"https:\/\/twitter.com\/hannahhoertzu\"],\"url\":\"https:\/\/blog.zeit.de\/teilchen\/author\/hweiner\/\"}]}<\/script>\n<!-- \/ Yoast SEO plugin. -->","yoast_head_json":{"title":"Wenn Polizeigewalt dein Leben zum Hashtag macht","description":"Im Multimediaprojekt des San Francisco Chronicle berichten schwarze Menschen aus San Fransisco von ihren Erfahrungen mit Polizeigewalt","robots":{"index":"index","follow":"follow","max-snippet":"max-snippet:-1","max-image-preview":"max-image-preview:large","max-video-preview":"max-video-preview:-1"},"canonical":"https:\/\/blog.zeit.de\/teilchen\/2016\/08\/04\/polizeigewalt-black-lives-matter-san-francisco-chronicle-projekt\/","og_locale":"de_DE","og_type":"article","og_title":"Wenn Polizeigewalt dein Leben zum Hashtag macht","og_description":"Im Multimediaprojekt des San Francisco Chronicle berichten schwarze Menschen aus San Fransisco von ihren Erfahrungen mit Polizeigewalt","og_url":"https:\/\/blog.zeit.de\/teilchen\/2016\/08\/04\/polizeigewalt-black-lives-matter-san-francisco-chronicle-projekt\/","og_site_name":"Teilchen","article_published_time":"2016-08-04T11:25:41+00:00","article_modified_time":"2016-08-04T12:56:19+00:00","og_image":[{"width":500,"height":333,"url":"https:\/\/blog.zeit.de\/teilchen\/files\/2016\/08\/preview-BLM.jpg","type":"image\/jpeg"}],"author":"Hannah Weiner","twitter_card":"summary_large_image","twitter_image":"https:\/\/blog.zeit.de\/teilchen\/files\/2016\/08\/preview-BLM.jpg","twitter_creator":"@hannahhoertzu","twitter_site":"@zeitonline","twitter_misc":{"Geschrieben von":"Hannah Weiner","Gesch\u00e4tzte Lesezeit":"1\u00a0Minute"},"schema":{"@context":"https:\/\/schema.org","@graph":[{"@type":"WebPage","@id":"https:\/\/blog.zeit.de\/teilchen\/2016\/08\/04\/polizeigewalt-black-lives-matter-san-francisco-chronicle-projekt\/","url":"https:\/\/blog.zeit.de\/teilchen\/2016\/08\/04\/polizeigewalt-black-lives-matter-san-francisco-chronicle-projekt\/","name":"Wenn Polizeigewalt dein Leben zum Hashtag macht","isPartOf":{"@id":"https:\/\/blog.zeit.de\/teilchen\/#website"},"datePublished":"2016-08-04T11:25:41+00:00","dateModified":"2016-08-04T12:56:19+00:00","author":{"@id":"https:\/\/blog.zeit.de\/teilchen\/#\/schema\/person\/b585fb0ed4915fe1ab0fe9af77d3fda5"},"description":"Im Multimediaprojekt des San Francisco Chronicle berichten schwarze Menschen aus San Fransisco von ihren Erfahrungen mit Polizeigewalt","breadcrumb":{"@id":"https:\/\/blog.zeit.de\/teilchen\/2016\/08\/04\/polizeigewalt-black-lives-matter-san-francisco-chronicle-projekt\/#breadcrumb"},"inLanguage":"de","potentialAction":[{"@type":"ReadAction","target":["https:\/\/blog.zeit.de\/teilchen\/2016\/08\/04\/polizeigewalt-black-lives-matter-san-francisco-chronicle-projekt\/"]}]},{"@type":"BreadcrumbList","@id":"https:\/\/blog.zeit.de\/teilchen\/2016\/08\/04\/polizeigewalt-black-lives-matter-san-francisco-chronicle-projekt\/#breadcrumb","itemListElement":[{"@type":"ListItem","position":1,"name":"Startseite","item":"https:\/\/blog.zeit.de\/teilchen\/"},{"@type":"ListItem","position":2,"name":"&#8222;Wir sind nur eine Kugel davon entfernt, ein Hashtag zu werden&#8220;"}]},{"@type":"WebSite","@id":"https:\/\/blog.zeit.de\/teilchen\/#website","url":"https:\/\/blog.zeit.de\/teilchen\/","name":"Teilchen","description":"Im Netz verstecken sich kleine Sch\u00e4tze - ZEIT ONLINE findet sie.","potentialAction":[{"@type":"SearchAction","target":{"@type":"EntryPoint","urlTemplate":"https:\/\/blog.zeit.de\/teilchen\/?s={search_term_string}"},"query-input":"required name=search_term_string"}],"inLanguage":"de"},{"@type":"Person","@id":"https:\/\/blog.zeit.de\/teilchen\/#\/schema\/person\/b585fb0ed4915fe1ab0fe9af77d3fda5","name":"Hannah Weiner","image":{"@type":"ImageObject","inLanguage":"de","@id":"https:\/\/blog.zeit.de\/teilchen\/#\/schema\/person\/image\/","url":"https:\/\/secure.gravatar.com\/avatar\/02fce0d278c00e12a092ecda994109248c5ad8491353a37bed87b1ccf38f31e9?s=96&d=mm&r=g","contentUrl":"https:\/\/secure.gravatar.com\/avatar\/02fce0d278c00e12a092ecda994109248c5ad8491353a37bed87b1ccf38f31e9?s=96&d=mm&r=g","caption":"Hannah Weiner"},"description":"arbeitet am Newsdesk von ZEIT ONLINE.","sameAs":["https:\/\/twitter.com\/hannahhoertzu"],"url":"https:\/\/blog.zeit.de\/teilchen\/author\/hweiner\/"}]}},"jetpack_featured_media_url":"https:\/\/blog.zeit.de\/teilchen\/files\/2016\/08\/preview-BLM.jpg","jetpack_sharing_enabled":true,"_links":{"self":[{"href":"https:\/\/blog.zeit.de\/teilchen\/wp-json\/wp\/v2\/posts\/14294","targetHints":{"allow":["GET"]}}],"collection":[{"href":"https:\/\/blog.zeit.de\/teilchen\/wp-json\/wp\/v2\/posts"}],"about":[{"href":"https:\/\/blog.zeit.de\/teilchen\/wp-json\/wp\/v2\/types\/post"}],"author":[{"embeddable":true,"href":"https:\/\/blog.zeit.de\/teilchen\/wp-json\/wp\/v2\/users\/656"}],"replies":[{"embeddable":true,"href":"https:\/\/blog.zeit.de\/teilchen\/wp-json\/wp\/v2\/comments?post=14294"}],"version-history":[{"count":13,"href":"https:\/\/blog.zeit.de\/teilchen\/wp-json\/wp\/v2\/posts\/14294\/revisions"}],"predecessor-version":[{"id":14311,"href":"https:\/\/blog.zeit.de\/teilchen\/wp-json\/wp\/v2\/posts\/14294\/revisions\/14311"}],"wp:featuredmedia":[{"embeddable":true,"href":"https:\/\/blog.zeit.de\/teilchen\/wp-json\/wp\/v2\/media\/14298"}],"wp:attachment":[{"href":"https:\/\/blog.zeit.de\/teilchen\/wp-json\/wp\/v2\/media?parent=14294"}],"wp:term":[{"taxonomy":"category","embeddable":true,"href":"https:\/\/blog.zeit.de\/teilchen\/wp-json\/wp\/v2\/categories?post=14294"},{"taxonomy":"post_tag","embeddable":true,"href":"https:\/\/blog.zeit.de\/teilchen\/wp-json\/wp\/v2\/tags?post=14294"}],"curies":[{"name":"wp","href":"https:\/\/api.w.org\/{rel}","templated":true}]}}