{"id":14437,"date":"2016-08-16T10:46:09","date_gmt":"2016-08-16T08:46:09","guid":{"rendered":"http:\/\/blog.zeit.de\/teilchen\/?p=14437"},"modified":"2016-08-16T11:39:27","modified_gmt":"2016-08-16T09:39:27","slug":"olympia-sportler-turmspringen-kopfsprung","status":"publish","type":"post","link":"https:\/\/blog.zeit.de\/teilchen\/2016\/08\/16\/olympia-sportler-turmspringen-kopfsprung\/","title":{"rendered":"Als ein Kopfsprung noch Olympia-Standard war"},"content":{"rendered":"<div class=\"fb-video\" data-allowfullscreen=\"true\" data-href=\"https:\/\/www.facebook.com\/quartznews\/videos\/1243858682314498\/\" style=\"background-color: #fff; display: inline-block;\"><\/div>\n<p>&nbsp;<\/p>\n<p>Fr\u00fcher war alles schlechter. Mit dieser Grundhaltung unterscheidet sich der Sportler beispielsweise vom AfD-Anh\u00e4nger, der das Gold gemeinhin in der Vergangenheit sucht und findet. Der Sportler jedoch lebt davon, dass die Zukunft h\u00f6her, schneller oder zumindest weiter sein wird \u2013 und die Industrie leistet dazu in Form von High-Tech-Schuhen, atmungsaktiven Leibchen oder ausgefeilten Nahrungserg\u00e4nzungsmitteln ihren Beitrag. Wie sich die sportlichen Leistungen im Laufe der vergangenen Jahrzehnte verbessert haben, <a href=\"http:\/\/qz.com\/757648\/it-isnt-olympians-who-have-evolved-its-sports\/\">zeigt <em>Quartz<\/em> in einem Video<\/a>.<\/p>\n<p><!--more-->W\u00e4hrend sich die Turmspringerin bei den Olympischen Sommerspielen 2012 in London mit gesch\u00e4tzt 18.000 Schrauben dem Wasser entgegendreht, gen\u00fcgte bei den Spielen 1932 ein einfacher Kopfsprung \u2013 dieser wurde allerdings mit einer solchen Eleganz durchgef\u00fchrt, wie er in keinem deutschen Freibad zu bestaunen ist. Oder der Marathonlauf, der 1904 fast anderthalb Stunden l\u00e4nger dauerte als 2012.<\/p>\n<p>Die Unternehmen haben an den besseren Leistungen nicht nur deshalb ihren Anteil, weil sie besser designte Laufanz\u00fcge produzieren. Im Vergleich zu den Spielen vor 100 Jahren k\u00f6nnen zumindest manche Athleten dank hochdotierter Sponsorenvertr\u00e4ge von ihrem Sport leben. Ein anderer Grund ist die h\u00f6here Teilnehmerzahl, die\u00a0zu einem intensiveren Wettbewerb f\u00fchrt. Kenia, Heimatland von exzellenten L\u00e4ufern, nimmt beispielsweise erst seit 1956 an den Sommerspielen teil.<\/p>\n<p>Am Ende interessiert die Tatsache, ob ein Olympiasieger auch einen neuen Weltrekord aufgestellt hat, vor allem die Statistiker. Was die Zuschauer Zuhause fasziniert, das sind die gro\u00dfen olympischen G\u00e4nsehautmomente \u2013 und die gab es <a href=\"http:\/\/www.faz.net\/aktuell\/sport\/olympia\/kurz-vor-olympia-2016-in-rio-praesentiert-faz-net-zehn-besondere-momente-14367060.html#marathon1\">damals<\/a> wie <a href=\"https:\/\/www.youtube.com\/watch?v=X7_s3qXrrPA\">heute<\/a>.<\/p>\n<ul>\n<li><em>Alles zu den <a href=\"http:\/\/www.zeit.de\/thema\/olympische-spiele\">Olympischen Sommerspielen in Rio finden Sie hier<\/a>.<\/em><\/li>\n<li><em>Und weitere <a href=\"https:\/\/blog.zeit.de\/teilchen\/\">Teilchen gibt&#8217;s hier<\/a>.<\/em><\/li>\n<\/ul>\n","protected":false},"excerpt":{"rendered":"<p>&nbsp; Fr\u00fcher war alles schlechter. Mit dieser Grundhaltung unterscheidet sich der Sportler beispielsweise vom AfD-Anh\u00e4nger, der das Gold gemeinhin in der Vergangenheit sucht und [\u2026]<\/p>\n","protected":false},"author":556,"featured_media":14441,"comment_status":"open","ping_status":"closed","sticky":false,"template":"","format":"standard","meta":{"_jetpack_memberships_contains_paid_content":false,"footnotes":""},"categories":[28],"tags":[],"class_list":["post-14437","post","type-post","status-publish","format-standard","has-post-thumbnail","hentry","category-video"],"yoast_head":"<!-- This site is optimized with the Yoast SEO plugin v21.0 - https:\/\/yoast.com\/wordpress\/plugins\/seo\/ -->\n<title>Als ein Kopfsprung noch f\u00fcr Olympia reichte<\/title>\n<meta name=\"description\" content=\"Von Olympia-Sportlern wird heutzutage viel erwartet. Zumindest viel mehr als noch vor einigen Jahrzehnten. Quartz fasst das in einem Video zusammen.\" \/>\n<meta name=\"robots\" content=\"index, follow, max-snippet:-1, max-image-preview:large, max-video-preview:-1\" \/>\n<link rel=\"canonical\" href=\"https:\/\/blog.zeit.de\/teilchen\/2016\/08\/16\/olympia-sportler-turmspringen-kopfsprung\/\" \/>\n<meta property=\"og:locale\" content=\"de_DE\" \/>\n<meta property=\"og:type\" content=\"article\" \/>\n<meta property=\"og:title\" content=\"Als ein Kopfsprung noch Olympia-Standard war\" \/>\n<meta property=\"og:description\" content=\"Von Olympia-Sportlern wird heutzutage viel erwartet. Zumindest viel mehr als noch vor einigen Jahrzehnten. Quartz fasst das in einem Video zusammen.\" \/>\n<meta property=\"og:url\" content=\"https:\/\/blog.zeit.de\/teilchen\/2016\/08\/16\/olympia-sportler-turmspringen-kopfsprung\/\" \/>\n<meta property=\"og:site_name\" content=\"Teilchen\" \/>\n<meta property=\"article:published_time\" content=\"2016-08-16T08:46:09+00:00\" \/>\n<meta property=\"article:modified_time\" content=\"2016-08-16T09:39:27+00:00\" \/>\n<meta property=\"og:image\" content=\"https:\/\/blog.zeit.de\/teilchen\/files\/2016\/08\/Bildschirmfoto-2016-08-15-um-13.28.41.png\" \/>\n\t<meta property=\"og:image:width\" content=\"931\" \/>\n\t<meta property=\"og:image:height\" content=\"520\" \/>\n\t<meta property=\"og:image:type\" content=\"image\/png\" \/>\n<meta name=\"author\" content=\"Tobias Dorfer\" \/>\n<meta name=\"twitter:card\" content=\"summary_large_image\" \/>\n<meta name=\"twitter:title\" content=\"Als ein Kopfsprung noch Olympia-Standard war\" \/>\n<meta name=\"twitter:image\" content=\"https:\/\/blog.zeit.de\/teilchen\/files\/2016\/08\/Bildschirmfoto-2016-08-15-um-13.28.41.png\" \/>\n<meta name=\"twitter:creator\" content=\"@tobiasdorfer\" \/>\n<meta name=\"twitter:site\" content=\"@zeitonline\" \/>\n<meta name=\"twitter:label1\" content=\"Geschrieben von\" \/>\n\t<meta name=\"twitter:data1\" content=\"Tobias Dorfer\" \/>\n\t<meta name=\"twitter:label2\" content=\"Gesch\u00e4tzte Lesezeit\" \/>\n\t<meta name=\"twitter:data2\" content=\"1\u00a0Minute\" \/>\n<script type=\"application\/ld+json\" class=\"yoast-schema-graph\">{\"@context\":\"https:\/\/schema.org\",\"@graph\":[{\"@type\":\"WebPage\",\"@id\":\"https:\/\/blog.zeit.de\/teilchen\/2016\/08\/16\/olympia-sportler-turmspringen-kopfsprung\/\",\"url\":\"https:\/\/blog.zeit.de\/teilchen\/2016\/08\/16\/olympia-sportler-turmspringen-kopfsprung\/\",\"name\":\"Als ein Kopfsprung noch f\u00fcr Olympia reichte\",\"isPartOf\":{\"@id\":\"https:\/\/blog.zeit.de\/teilchen\/#website\"},\"datePublished\":\"2016-08-16T08:46:09+00:00\",\"dateModified\":\"2016-08-16T09:39:27+00:00\",\"author\":{\"@id\":\"https:\/\/blog.zeit.de\/teilchen\/#\/schema\/person\/e90ba849254185115fd919d4fad07dc0\"},\"description\":\"Von Olympia-Sportlern wird heutzutage viel erwartet. Zumindest viel mehr als noch vor einigen Jahrzehnten. Quartz fasst das in einem Video zusammen.\",\"breadcrumb\":{\"@id\":\"https:\/\/blog.zeit.de\/teilchen\/2016\/08\/16\/olympia-sportler-turmspringen-kopfsprung\/#breadcrumb\"},\"inLanguage\":\"de\",\"potentialAction\":[{\"@type\":\"ReadAction\",\"target\":[\"https:\/\/blog.zeit.de\/teilchen\/2016\/08\/16\/olympia-sportler-turmspringen-kopfsprung\/\"]}]},{\"@type\":\"BreadcrumbList\",\"@id\":\"https:\/\/blog.zeit.de\/teilchen\/2016\/08\/16\/olympia-sportler-turmspringen-kopfsprung\/#breadcrumb\",\"itemListElement\":[{\"@type\":\"ListItem\",\"position\":1,\"name\":\"Startseite\",\"item\":\"https:\/\/blog.zeit.de\/teilchen\/\"},{\"@type\":\"ListItem\",\"position\":2,\"name\":\"Als ein Kopfsprung noch Olympia-Standard war\"}]},{\"@type\":\"WebSite\",\"@id\":\"https:\/\/blog.zeit.de\/teilchen\/#website\",\"url\":\"https:\/\/blog.zeit.de\/teilchen\/\",\"name\":\"Teilchen\",\"description\":\"Im Netz verstecken sich kleine Sch\u00e4tze - ZEIT ONLINE findet sie.\",\"potentialAction\":[{\"@type\":\"SearchAction\",\"target\":{\"@type\":\"EntryPoint\",\"urlTemplate\":\"https:\/\/blog.zeit.de\/teilchen\/?s={search_term_string}\"},\"query-input\":\"required name=search_term_string\"}],\"inLanguage\":\"de\"},{\"@type\":\"Person\",\"@id\":\"https:\/\/blog.zeit.de\/teilchen\/#\/schema\/person\/e90ba849254185115fd919d4fad07dc0\",\"name\":\"Tobias Dorfer\",\"image\":{\"@type\":\"ImageObject\",\"inLanguage\":\"de\",\"@id\":\"https:\/\/blog.zeit.de\/teilchen\/#\/schema\/person\/image\/\",\"url\":\"https:\/\/secure.gravatar.com\/avatar\/0021e1a3fe9f799912804bcca6f1bcbbe58ee3bf29c8f714a0f453695a888d0a?s=96&d=mm&r=g\",\"contentUrl\":\"https:\/\/secure.gravatar.com\/avatar\/0021e1a3fe9f799912804bcca6f1bcbbe58ee3bf29c8f714a0f453695a888d0a?s=96&d=mm&r=g\",\"caption\":\"Tobias Dorfer\"},\"description\":\"Teamleiter Social Media bei ZEIT ONLINE. Zuvor sieben Jahre bei S\u00fcddeutsche.de, als Redakteur im Wirtschafts- und Regional-Ressort sowie Editorial SEO. Ausbildung an der Deutschen Journalistenschule in M\u00fcnchen mit Hospitanzen bei S\u00fcddeutsche Zeitung, SPIEGEL und SPIEGEL Online.\",\"sameAs\":[\"https:\/\/twitter.com\/tobiasdorfer\"],\"url\":\"https:\/\/blog.zeit.de\/teilchen\/author\/tdorfer\/\"}]}<\/script>\n<!-- \/ Yoast SEO plugin. -->","yoast_head_json":{"title":"Als ein Kopfsprung noch f\u00fcr Olympia reichte","description":"Von Olympia-Sportlern wird heutzutage viel erwartet. Zumindest viel mehr als noch vor einigen Jahrzehnten. Quartz fasst das in einem Video zusammen.","robots":{"index":"index","follow":"follow","max-snippet":"max-snippet:-1","max-image-preview":"max-image-preview:large","max-video-preview":"max-video-preview:-1"},"canonical":"https:\/\/blog.zeit.de\/teilchen\/2016\/08\/16\/olympia-sportler-turmspringen-kopfsprung\/","og_locale":"de_DE","og_type":"article","og_title":"Als ein Kopfsprung noch Olympia-Standard war","og_description":"Von Olympia-Sportlern wird heutzutage viel erwartet. Zumindest viel mehr als noch vor einigen Jahrzehnten. Quartz fasst das in einem Video zusammen.","og_url":"https:\/\/blog.zeit.de\/teilchen\/2016\/08\/16\/olympia-sportler-turmspringen-kopfsprung\/","og_site_name":"Teilchen","article_published_time":"2016-08-16T08:46:09+00:00","article_modified_time":"2016-08-16T09:39:27+00:00","og_image":[{"width":931,"height":520,"url":"https:\/\/blog.zeit.de\/teilchen\/files\/2016\/08\/Bildschirmfoto-2016-08-15-um-13.28.41.png","type":"image\/png"}],"author":"Tobias Dorfer","twitter_card":"summary_large_image","twitter_title":"Als ein Kopfsprung noch Olympia-Standard war","twitter_image":"https:\/\/blog.zeit.de\/teilchen\/files\/2016\/08\/Bildschirmfoto-2016-08-15-um-13.28.41.png","twitter_creator":"@tobiasdorfer","twitter_site":"@zeitonline","twitter_misc":{"Geschrieben von":"Tobias Dorfer","Gesch\u00e4tzte Lesezeit":"1\u00a0Minute"},"schema":{"@context":"https:\/\/schema.org","@graph":[{"@type":"WebPage","@id":"https:\/\/blog.zeit.de\/teilchen\/2016\/08\/16\/olympia-sportler-turmspringen-kopfsprung\/","url":"https:\/\/blog.zeit.de\/teilchen\/2016\/08\/16\/olympia-sportler-turmspringen-kopfsprung\/","name":"Als ein Kopfsprung noch f\u00fcr Olympia reichte","isPartOf":{"@id":"https:\/\/blog.zeit.de\/teilchen\/#website"},"datePublished":"2016-08-16T08:46:09+00:00","dateModified":"2016-08-16T09:39:27+00:00","author":{"@id":"https:\/\/blog.zeit.de\/teilchen\/#\/schema\/person\/e90ba849254185115fd919d4fad07dc0"},"description":"Von Olympia-Sportlern wird heutzutage viel erwartet. Zumindest viel mehr als noch vor einigen Jahrzehnten. Quartz fasst das in einem Video zusammen.","breadcrumb":{"@id":"https:\/\/blog.zeit.de\/teilchen\/2016\/08\/16\/olympia-sportler-turmspringen-kopfsprung\/#breadcrumb"},"inLanguage":"de","potentialAction":[{"@type":"ReadAction","target":["https:\/\/blog.zeit.de\/teilchen\/2016\/08\/16\/olympia-sportler-turmspringen-kopfsprung\/"]}]},{"@type":"BreadcrumbList","@id":"https:\/\/blog.zeit.de\/teilchen\/2016\/08\/16\/olympia-sportler-turmspringen-kopfsprung\/#breadcrumb","itemListElement":[{"@type":"ListItem","position":1,"name":"Startseite","item":"https:\/\/blog.zeit.de\/teilchen\/"},{"@type":"ListItem","position":2,"name":"Als ein Kopfsprung noch Olympia-Standard war"}]},{"@type":"WebSite","@id":"https:\/\/blog.zeit.de\/teilchen\/#website","url":"https:\/\/blog.zeit.de\/teilchen\/","name":"Teilchen","description":"Im Netz verstecken sich kleine Sch\u00e4tze - ZEIT ONLINE findet sie.","potentialAction":[{"@type":"SearchAction","target":{"@type":"EntryPoint","urlTemplate":"https:\/\/blog.zeit.de\/teilchen\/?s={search_term_string}"},"query-input":"required name=search_term_string"}],"inLanguage":"de"},{"@type":"Person","@id":"https:\/\/blog.zeit.de\/teilchen\/#\/schema\/person\/e90ba849254185115fd919d4fad07dc0","name":"Tobias Dorfer","image":{"@type":"ImageObject","inLanguage":"de","@id":"https:\/\/blog.zeit.de\/teilchen\/#\/schema\/person\/image\/","url":"https:\/\/secure.gravatar.com\/avatar\/0021e1a3fe9f799912804bcca6f1bcbbe58ee3bf29c8f714a0f453695a888d0a?s=96&d=mm&r=g","contentUrl":"https:\/\/secure.gravatar.com\/avatar\/0021e1a3fe9f799912804bcca6f1bcbbe58ee3bf29c8f714a0f453695a888d0a?s=96&d=mm&r=g","caption":"Tobias Dorfer"},"description":"Teamleiter Social Media bei ZEIT ONLINE. Zuvor sieben Jahre bei S\u00fcddeutsche.de, als Redakteur im Wirtschafts- und Regional-Ressort sowie Editorial SEO. Ausbildung an der Deutschen Journalistenschule in M\u00fcnchen mit Hospitanzen bei S\u00fcddeutsche Zeitung, SPIEGEL und SPIEGEL Online.","sameAs":["https:\/\/twitter.com\/tobiasdorfer"],"url":"https:\/\/blog.zeit.de\/teilchen\/author\/tdorfer\/"}]}},"jetpack_featured_media_url":"https:\/\/blog.zeit.de\/teilchen\/files\/2016\/08\/Bildschirmfoto-2016-08-15-um-13.28.41.png","jetpack_sharing_enabled":true,"_links":{"self":[{"href":"https:\/\/blog.zeit.de\/teilchen\/wp-json\/wp\/v2\/posts\/14437","targetHints":{"allow":["GET"]}}],"collection":[{"href":"https:\/\/blog.zeit.de\/teilchen\/wp-json\/wp\/v2\/posts"}],"about":[{"href":"https:\/\/blog.zeit.de\/teilchen\/wp-json\/wp\/v2\/types\/post"}],"author":[{"embeddable":true,"href":"https:\/\/blog.zeit.de\/teilchen\/wp-json\/wp\/v2\/users\/556"}],"replies":[{"embeddable":true,"href":"https:\/\/blog.zeit.de\/teilchen\/wp-json\/wp\/v2\/comments?post=14437"}],"version-history":[{"count":8,"href":"https:\/\/blog.zeit.de\/teilchen\/wp-json\/wp\/v2\/posts\/14437\/revisions"}],"predecessor-version":[{"id":14469,"href":"https:\/\/blog.zeit.de\/teilchen\/wp-json\/wp\/v2\/posts\/14437\/revisions\/14469"}],"wp:featuredmedia":[{"embeddable":true,"href":"https:\/\/blog.zeit.de\/teilchen\/wp-json\/wp\/v2\/media\/14441"}],"wp:attachment":[{"href":"https:\/\/blog.zeit.de\/teilchen\/wp-json\/wp\/v2\/media?parent=14437"}],"wp:term":[{"taxonomy":"category","embeddable":true,"href":"https:\/\/blog.zeit.de\/teilchen\/wp-json\/wp\/v2\/categories?post=14437"},{"taxonomy":"post_tag","embeddable":true,"href":"https:\/\/blog.zeit.de\/teilchen\/wp-json\/wp\/v2\/tags?post=14437"}],"curies":[{"name":"wp","href":"https:\/\/api.w.org\/{rel}","templated":true}]}}