{"id":14619,"date":"2016-08-25T15:13:53","date_gmt":"2016-08-25T13:13:53","guid":{"rendered":"http:\/\/blog.zeit.de\/teilchen\/?p=14619"},"modified":"2016-08-25T16:40:49","modified_gmt":"2016-08-25T14:40:49","slug":"italien-erdbeben-zerstoerung-vorher-nachher","status":"publish","type":"post","link":"https:\/\/blog.zeit.de\/teilchen\/2016\/08\/25\/italien-erdbeben-zerstoerung-vorher-nachher\/","title":{"rendered":"Die zerst\u00f6rte Sch\u00f6nheit"},"content":{"rendered":"\n<div class=\"embed-wrapper embed-wrapper--blocked js-embed-consent\" data-method=\"embed\">\n<script class=\"raw__source\" type=\"text\/template\"><div class=\"embed-twitter\"><blockquote class=\"twitter-tweet\" data-width=\"550\" data-dnt=\"true\"><p data-replace lang=\"en\" dir=\"ltr\">Italian towns before and after the earthquake <a href=\"https:\/\/t.co\/6XwuwJDjqM\">https:\/\/t.co\/6XwuwJDjqM<\/a> <a href=\"https:\/\/t.co\/x2ADfkPxh1\">pic.twitter.com\/x2ADfkPxh1<\/a><\/p>&mdash; The New York Times (@nytimes) <a href=\"https:\/\/twitter.com\/nytimes\/status\/768734925000499200?ref_src=twsrc%5Etfw\">August 25, 2016<\/a><\/blockquote><scr+ipt async src=\"https:\/\/platform.twitter.com\/widgets.js\" charset=\"utf-8\"><\/scr+ipt><\/div><\/script>\n<div class=\"embed-wrapper__inner\">\n<div class=\"embed-wrapper__text\">\n<h3>Empfohlener redaktioneller Inhalt<\/h3>\n<p data-replace=\"no\">An dieser Stelle finden Sie externen Inhalt, der den Artikel erg\u00e4nzt. Sie k\u00f6nnen sich externe Inhalte mit einem Klick anzeigen lassen und wieder ausblenden.<noscript>Bitte aktivieren Sie JavaScript damit Sie diesen Inhalt anzeigen k\u00f6nnen.<\/noscript><\/p>\n<\/div>\n<div class=\"embed-consent\">\n<label class=\"embed-consent__toggle\">\n<input class=\"js-embed-consent__toggle\" type=\"checkbox\" autocomplete=\"off\">\n<span><\/span>\nExterner Inhalt\n<\/label>\n<a href=\"https:\/\/www.zeit.de\/hilfe\/datenschutz\" target=\"_blank\" class=\"embed-consent__datalink-when-active\">Datenschutzerkl\u00e4rung<\/a>\n<\/div>\n<div class=\"embed-wrapper__footer\">\n<p data-replace=\"no\">\nIch bin damit einverstanden, dass mir externe Inhalte angezeigt werden. Damit k\u00f6nnen personenbezogene Daten an Drittplattformen \u00fcbermittelt werden. <a href=\"https:\/\/www.zeit.de\/hilfe\/datenschutz\" target=\"_blank\">Mehr dazu in unserer Datenschutzerkl\u00e4rung.<\/a>\n<\/p>\n<\/div>\n<\/div>\n<\/div>\n<p>Teilweise mit blo\u00dfen H\u00e4nden suchen die Helfer nach Versch\u00fctteten. In den italienischen Bergorten Amatrice, Pescara del Tronto und Arquata del Tronto hoffen sie, noch \u00dcberlebende aus den Tr\u00fcmmern zu bergen.<\/p>\n<p>Am <a href=\"http:\/\/www.zeit.de\/gesellschaft\/zeitgeschehen\/2016-08\/italien-erdbeben-tote-rettung-reaktionen\">Mittwochmorgen um 3.36 Uhr hatte das Erdbeben der St\u00e4rke 6,0 Einheimische und Touristen aus dem Schlaf gerissen<\/a> und im Gebiet zwischen den Regionen Latium, Marken und Umbrien viele D\u00f6rfer zerst\u00f6rt. <a href=\"http:\/\/www.nytimes.com\/interactive\/2016\/08\/24\/world\/europe\/italy-earthquake-before-after-amatrice-accumoli.html?_r=0\">Eine Fotostrecke der <em>New York Times<\/em><\/a> zeigt die Orte vor und nach dem schweren Erdbeben und macht das Ausma\u00df der Zerst\u00f6rung deutlich.<\/p>\n<p><!--more--><\/p>\n<p>Besonders das historische Zentrum von Amatrice wurde schwer getroffen, der mittelalterliche Stadtkern zu gro\u00dfen Teilen zerst\u00f6rt. &#8222;Die H\u00e4lfte der Stadt existiert nicht mehr&#8220;, sagt B\u00fcrgermeister Sergio Pirozzi. &#8222;Wir h\u00f6ren noch Stimmen unter den Tr\u00fcmmern. Es muss alles getan werden, um die Menschen zu retten.&#8220; Insgesamt 247 Menschen wurden durch die Erdst\u00f6\u00dfe get\u00f6tet.<\/p>\n<p>Hier im Herzen Italiens ist die Erde unberechenbar und gef\u00e4hrlich. Bereits vor sieben Jahren wurde der nahe gelegene <a href=\"http:\/\/www.zeit.de\/2010\/37\/T-Erdbeben\">Ort L&#8217;Aquila zerst\u00f6rt<\/a>, 308 Menschen kamen dabei ums Leben. Trotz der H\u00e4ufigkeit der Ersch\u00fctterungen l\u00e4sst sich aber nicht vorhersagen, wann genau das n\u00e4chste Beben kommt. Eine Bedrohung, die sich die italienischen Bergorte mit Gro\u00dfst\u00e4dten wie Lissabon und Istanbul teilen. Auch in den Millionenmetropolen drohen schwere Beben \u2013 wann genau, kann aber auch dort niemand sagen.<\/p>\n<ul>\n<li><em><a href=\"http:\/\/www.zeit.de\/2010\/04\/GSP-Erdbeben-Gebiete\">Wo ist die Erdbebengefahr am gr\u00f6\u00dften?<\/a><\/em><\/li>\n<li><em><a href=\"http:\/\/www.zeit.de\/2011\/12\/N-Risiko-Erdbeben\">Metropolen im Erdbebengebiet<\/a><\/em><\/li>\n<li><em><a href=\"http:\/\/www.zeit.de\/wissen\/umwelt\/2016-08\/erdbeben-italien-erdbebengebiet-praevention\">Istanbul und die st\u00e4ndige Gefahr<\/a><\/em><\/li>\n<\/ul>\n<p><em>Alle\u00a0<a href=\"https:\/\/blog.zeit.de\/teilchen\/\">Netzfundst\u00fccke von ZEIT ONLINE finden Sie hier<\/a>.<\/em><\/p>\n","protected":false},"excerpt":{"rendered":"<p>Empfohlener redaktioneller Inhalt An dieser Stelle finden Sie externen Inhalt, der den Artikel erg\u00e4nzt. Sie k\u00f6nnen sich externe Inhalte mit einem Klick anzeigen lassen [\u2026]<\/p>\n","protected":false},"author":659,"featured_media":14637,"comment_status":"open","ping_status":"closed","sticky":false,"template":"","format":"standard","meta":{"_jetpack_memberships_contains_paid_content":false,"footnotes":""},"categories":[14172],"tags":[],"class_list":["post-14619","post","type-post","status-publish","format-standard","has-post-thumbnail","hentry","category-bilder"],"yoast_head":"<!-- This site is optimized with the Yoast SEO plugin v21.0 - https:\/\/yoast.com\/wordpress\/plugins\/seo\/ -->\n<title>Italien: Die zerst\u00f6rte Sch\u00f6nheit<\/title>\n<meta name=\"description\" content=\"Eine Fotostrecke der New York Times zeigt das Ausma\u00df der Zerst\u00f6rung in Italien mit Bildern vor und nach dem schweren Erdbeben.\" \/>\n<meta name=\"robots\" content=\"index, follow, max-snippet:-1, max-image-preview:large, max-video-preview:-1\" \/>\n<link rel=\"canonical\" href=\"https:\/\/blog.zeit.de\/teilchen\/2016\/08\/25\/italien-erdbeben-zerstoerung-vorher-nachher\/\" \/>\n<meta property=\"og:locale\" content=\"de_DE\" \/>\n<meta property=\"og:type\" content=\"article\" \/>\n<meta property=\"og:title\" content=\"Italien: Die zerst\u00f6rte Sch\u00f6nheit\" \/>\n<meta property=\"og:description\" content=\"Eine Fotostrecke der New York Times zeigt das Ausma\u00df der Zerst\u00f6rung in Italien mit Bildern vor und nach dem schweren Erdbeben.\" \/>\n<meta property=\"og:url\" content=\"https:\/\/blog.zeit.de\/teilchen\/2016\/08\/25\/italien-erdbeben-zerstoerung-vorher-nachher\/\" \/>\n<meta property=\"og:site_name\" content=\"Teilchen\" \/>\n<meta property=\"article:published_time\" content=\"2016-08-25T13:13:53+00:00\" \/>\n<meta property=\"article:modified_time\" content=\"2016-08-25T14:40:49+00:00\" \/>\n<meta property=\"og:image\" content=\"https:\/\/blog.zeit.de\/teilchen\/files\/2016\/08\/preview-3.jpg\" \/>\n\t<meta property=\"og:image:width\" content=\"500\" \/>\n\t<meta property=\"og:image:height\" content=\"334\" \/>\n\t<meta property=\"og:image:type\" content=\"image\/jpeg\" \/>\n<meta name=\"author\" content=\"Christoph Zeiher\" \/>\n<meta name=\"twitter:card\" content=\"summary_large_image\" \/>\n<meta name=\"twitter:image\" content=\"https:\/\/blog.zeit.de\/teilchen\/files\/2016\/08\/preview-3.jpg\" \/>\n<meta name=\"twitter:creator\" content=\"@zeitonline\" \/>\n<meta name=\"twitter:site\" content=\"@zeitonline\" \/>\n<meta name=\"twitter:label1\" content=\"Geschrieben von\" \/>\n\t<meta name=\"twitter:data1\" content=\"Christoph Zeiher\" \/>\n\t<meta name=\"twitter:label2\" content=\"Gesch\u00e4tzte Lesezeit\" \/>\n\t<meta name=\"twitter:data2\" content=\"1\u00a0Minute\" \/>\n<script type=\"application\/ld+json\" class=\"yoast-schema-graph\">{\"@context\":\"https:\/\/schema.org\",\"@graph\":[{\"@type\":\"WebPage\",\"@id\":\"https:\/\/blog.zeit.de\/teilchen\/2016\/08\/25\/italien-erdbeben-zerstoerung-vorher-nachher\/\",\"url\":\"https:\/\/blog.zeit.de\/teilchen\/2016\/08\/25\/italien-erdbeben-zerstoerung-vorher-nachher\/\",\"name\":\"Italien: Die zerst\u00f6rte Sch\u00f6nheit\",\"isPartOf\":{\"@id\":\"https:\/\/blog.zeit.de\/teilchen\/#website\"},\"datePublished\":\"2016-08-25T13:13:53+00:00\",\"dateModified\":\"2016-08-25T14:40:49+00:00\",\"author\":{\"@id\":\"https:\/\/blog.zeit.de\/teilchen\/#\/schema\/person\/6d9647e07d4657b35321d013bc5ffc63\"},\"description\":\"Eine Fotostrecke der New York Times zeigt das Ausma\u00df der Zerst\u00f6rung in Italien mit Bildern vor und nach dem schweren Erdbeben.\",\"breadcrumb\":{\"@id\":\"https:\/\/blog.zeit.de\/teilchen\/2016\/08\/25\/italien-erdbeben-zerstoerung-vorher-nachher\/#breadcrumb\"},\"inLanguage\":\"de\",\"potentialAction\":[{\"@type\":\"ReadAction\",\"target\":[\"https:\/\/blog.zeit.de\/teilchen\/2016\/08\/25\/italien-erdbeben-zerstoerung-vorher-nachher\/\"]}]},{\"@type\":\"BreadcrumbList\",\"@id\":\"https:\/\/blog.zeit.de\/teilchen\/2016\/08\/25\/italien-erdbeben-zerstoerung-vorher-nachher\/#breadcrumb\",\"itemListElement\":[{\"@type\":\"ListItem\",\"position\":1,\"name\":\"Startseite\",\"item\":\"https:\/\/blog.zeit.de\/teilchen\/\"},{\"@type\":\"ListItem\",\"position\":2,\"name\":\"Die zerst\u00f6rte Sch\u00f6nheit\"}]},{\"@type\":\"WebSite\",\"@id\":\"https:\/\/blog.zeit.de\/teilchen\/#website\",\"url\":\"https:\/\/blog.zeit.de\/teilchen\/\",\"name\":\"Teilchen\",\"description\":\"Im Netz verstecken sich kleine Sch\u00e4tze - ZEIT ONLINE findet sie.\",\"potentialAction\":[{\"@type\":\"SearchAction\",\"target\":{\"@type\":\"EntryPoint\",\"urlTemplate\":\"https:\/\/blog.zeit.de\/teilchen\/?s={search_term_string}\"},\"query-input\":\"required name=search_term_string\"}],\"inLanguage\":\"de\"},{\"@type\":\"Person\",\"@id\":\"https:\/\/blog.zeit.de\/teilchen\/#\/schema\/person\/6d9647e07d4657b35321d013bc5ffc63\",\"name\":\"Christoph Zeiher\",\"image\":{\"@type\":\"ImageObject\",\"inLanguage\":\"de\",\"@id\":\"https:\/\/blog.zeit.de\/teilchen\/#\/schema\/person\/image\/\",\"url\":\"https:\/\/secure.gravatar.com\/avatar\/88e5d2654cf283dcced41aea8af15e618f78d88dba6239fa2e5e6d266a1a728d?s=96&d=mm&r=g\",\"contentUrl\":\"https:\/\/secure.gravatar.com\/avatar\/88e5d2654cf283dcced41aea8af15e618f78d88dba6239fa2e5e6d266a1a728d?s=96&d=mm&r=g\",\"caption\":\"Christoph Zeiher\"},\"url\":\"https:\/\/blog.zeit.de\/teilchen\/author\/czeiher\/\"}]}<\/script>\n<!-- \/ Yoast SEO plugin. -->","yoast_head_json":{"title":"Italien: Die zerst\u00f6rte Sch\u00f6nheit","description":"Eine Fotostrecke der New York Times zeigt das Ausma\u00df der Zerst\u00f6rung in Italien mit Bildern vor und nach dem schweren Erdbeben.","robots":{"index":"index","follow":"follow","max-snippet":"max-snippet:-1","max-image-preview":"max-image-preview:large","max-video-preview":"max-video-preview:-1"},"canonical":"https:\/\/blog.zeit.de\/teilchen\/2016\/08\/25\/italien-erdbeben-zerstoerung-vorher-nachher\/","og_locale":"de_DE","og_type":"article","og_title":"Italien: Die zerst\u00f6rte Sch\u00f6nheit","og_description":"Eine Fotostrecke der New York Times zeigt das Ausma\u00df der Zerst\u00f6rung in Italien mit Bildern vor und nach dem schweren Erdbeben.","og_url":"https:\/\/blog.zeit.de\/teilchen\/2016\/08\/25\/italien-erdbeben-zerstoerung-vorher-nachher\/","og_site_name":"Teilchen","article_published_time":"2016-08-25T13:13:53+00:00","article_modified_time":"2016-08-25T14:40:49+00:00","og_image":[{"width":500,"height":334,"url":"https:\/\/blog.zeit.de\/teilchen\/files\/2016\/08\/preview-3.jpg","type":"image\/jpeg"}],"author":"Christoph Zeiher","twitter_card":"summary_large_image","twitter_image":"https:\/\/blog.zeit.de\/teilchen\/files\/2016\/08\/preview-3.jpg","twitter_creator":"@zeitonline","twitter_site":"@zeitonline","twitter_misc":{"Geschrieben von":"Christoph Zeiher","Gesch\u00e4tzte Lesezeit":"1\u00a0Minute"},"schema":{"@context":"https:\/\/schema.org","@graph":[{"@type":"WebPage","@id":"https:\/\/blog.zeit.de\/teilchen\/2016\/08\/25\/italien-erdbeben-zerstoerung-vorher-nachher\/","url":"https:\/\/blog.zeit.de\/teilchen\/2016\/08\/25\/italien-erdbeben-zerstoerung-vorher-nachher\/","name":"Italien: Die zerst\u00f6rte Sch\u00f6nheit","isPartOf":{"@id":"https:\/\/blog.zeit.de\/teilchen\/#website"},"datePublished":"2016-08-25T13:13:53+00:00","dateModified":"2016-08-25T14:40:49+00:00","author":{"@id":"https:\/\/blog.zeit.de\/teilchen\/#\/schema\/person\/6d9647e07d4657b35321d013bc5ffc63"},"description":"Eine Fotostrecke der New York Times zeigt das Ausma\u00df der Zerst\u00f6rung in Italien mit Bildern vor und nach dem schweren Erdbeben.","breadcrumb":{"@id":"https:\/\/blog.zeit.de\/teilchen\/2016\/08\/25\/italien-erdbeben-zerstoerung-vorher-nachher\/#breadcrumb"},"inLanguage":"de","potentialAction":[{"@type":"ReadAction","target":["https:\/\/blog.zeit.de\/teilchen\/2016\/08\/25\/italien-erdbeben-zerstoerung-vorher-nachher\/"]}]},{"@type":"BreadcrumbList","@id":"https:\/\/blog.zeit.de\/teilchen\/2016\/08\/25\/italien-erdbeben-zerstoerung-vorher-nachher\/#breadcrumb","itemListElement":[{"@type":"ListItem","position":1,"name":"Startseite","item":"https:\/\/blog.zeit.de\/teilchen\/"},{"@type":"ListItem","position":2,"name":"Die zerst\u00f6rte Sch\u00f6nheit"}]},{"@type":"WebSite","@id":"https:\/\/blog.zeit.de\/teilchen\/#website","url":"https:\/\/blog.zeit.de\/teilchen\/","name":"Teilchen","description":"Im Netz verstecken sich kleine Sch\u00e4tze - ZEIT ONLINE findet sie.","potentialAction":[{"@type":"SearchAction","target":{"@type":"EntryPoint","urlTemplate":"https:\/\/blog.zeit.de\/teilchen\/?s={search_term_string}"},"query-input":"required name=search_term_string"}],"inLanguage":"de"},{"@type":"Person","@id":"https:\/\/blog.zeit.de\/teilchen\/#\/schema\/person\/6d9647e07d4657b35321d013bc5ffc63","name":"Christoph Zeiher","image":{"@type":"ImageObject","inLanguage":"de","@id":"https:\/\/blog.zeit.de\/teilchen\/#\/schema\/person\/image\/","url":"https:\/\/secure.gravatar.com\/avatar\/88e5d2654cf283dcced41aea8af15e618f78d88dba6239fa2e5e6d266a1a728d?s=96&d=mm&r=g","contentUrl":"https:\/\/secure.gravatar.com\/avatar\/88e5d2654cf283dcced41aea8af15e618f78d88dba6239fa2e5e6d266a1a728d?s=96&d=mm&r=g","caption":"Christoph Zeiher"},"url":"https:\/\/blog.zeit.de\/teilchen\/author\/czeiher\/"}]}},"jetpack_featured_media_url":"https:\/\/blog.zeit.de\/teilchen\/files\/2016\/08\/preview-3.jpg","jetpack_sharing_enabled":true,"_links":{"self":[{"href":"https:\/\/blog.zeit.de\/teilchen\/wp-json\/wp\/v2\/posts\/14619","targetHints":{"allow":["GET"]}}],"collection":[{"href":"https:\/\/blog.zeit.de\/teilchen\/wp-json\/wp\/v2\/posts"}],"about":[{"href":"https:\/\/blog.zeit.de\/teilchen\/wp-json\/wp\/v2\/types\/post"}],"author":[{"embeddable":true,"href":"https:\/\/blog.zeit.de\/teilchen\/wp-json\/wp\/v2\/users\/659"}],"replies":[{"embeddable":true,"href":"https:\/\/blog.zeit.de\/teilchen\/wp-json\/wp\/v2\/comments?post=14619"}],"version-history":[{"count":18,"href":"https:\/\/blog.zeit.de\/teilchen\/wp-json\/wp\/v2\/posts\/14619\/revisions"}],"predecessor-version":[{"id":14640,"href":"https:\/\/blog.zeit.de\/teilchen\/wp-json\/wp\/v2\/posts\/14619\/revisions\/14640"}],"wp:featuredmedia":[{"embeddable":true,"href":"https:\/\/blog.zeit.de\/teilchen\/wp-json\/wp\/v2\/media\/14637"}],"wp:attachment":[{"href":"https:\/\/blog.zeit.de\/teilchen\/wp-json\/wp\/v2\/media?parent=14619"}],"wp:term":[{"taxonomy":"category","embeddable":true,"href":"https:\/\/blog.zeit.de\/teilchen\/wp-json\/wp\/v2\/categories?post=14619"},{"taxonomy":"post_tag","embeddable":true,"href":"https:\/\/blog.zeit.de\/teilchen\/wp-json\/wp\/v2\/tags?post=14619"}],"curies":[{"name":"wp","href":"https:\/\/api.w.org\/{rel}","templated":true}]}}