{"id":14699,"date":"2016-09-01T13:42:34","date_gmt":"2016-09-01T11:42:34","guid":{"rendered":"http:\/\/blog.zeit.de\/teilchen\/?p=14699"},"modified":"2016-09-01T14:27:30","modified_gmt":"2016-09-01T12:27:30","slug":"syrien-buergerkrieg-sonnenbaden-werbekampagne","status":"publish","type":"post","link":"https:\/\/blog.zeit.de\/teilchen\/2016\/09\/01\/syrien-buergerkrieg-sonnenbaden-werbekampagne\/","title":{"rendered":"Sonnenbaden im B\u00fcrgerkriegsland"},"content":{"rendered":"<p><a href=\"https:\/\/www.youtube.com\/watch?v=saXH4yQARqg\">https:\/\/www.youtube.com\/watch?v=saXH4yQARqg<\/a><\/p>\n<p>Ein Jetski h\u00fcpft \u00fcber das leuchtend blaue Meer, bunte Schirme reihen sich am Strand auf, die Sonne strahlt hell \u00fcber der Stadt. Es ist die perfekte Kulisse f\u00fcr den n\u00e4chsten Sommerurlaub, die in einem k\u00fcrzlich hochgeladenen YouTube-Video gezeigt wird.<!--more--><\/p>\n<p>Doch der Sommersonnenschein tr\u00fcgt. Denn zu sehen sind nicht etwa Ibiza, Goldstrand oder Malle, sondern ein Land, in dem seit 2011 Krieg herrscht: <a href=\"http:\/\/www.zeit.de\/thema\/syrien\">Syrien<\/a>. Mit Basskl\u00e4ngen und k\u00fchnen Kamerafahrten versucht das Tourismusministerium Syrian Tourism aktuell f\u00fcr einen Ausflug an den Strand der syrischen Hafenstadt Tartus zu werben. Von dort nach Aleppo sind es mit dem Auto weniger als 300 Kilometer, nach Idlib nicht einmal 200. Die Absurdit\u00e4t des Videos wird nur noch durch den Titel getoppt: <em>Syria \u2013 Always Beautiful<\/em>.\u00a0 Das immer sch\u00f6ne Syrien.<\/p>\n<p>Die Werbekampagne f\u00fcr Sonnenbaden im B\u00fcrgerkriegsland l\u00e4uft bereits seit Oktober 2015. Und w\u00e4hrend der Krieg immer mehr Todesopfer fordert, werkelt Syrian Tourism flei\u00dfig am Image des Landes. Vor drei Wochen haben sie das Video <a href=\"https:\/\/youtu.be\/aGi9llemzXg\"><em>Syria from the Sky<\/em><\/a> hochgeladen. Es zeigt h\u00fcbsche Geb\u00e4ude und andere syrische Kulturg\u00fcter. Von den Tausenden Toten, den verletzten und hungernden Menschen, den <a href=\"http:\/\/www.zeit.de\/politik\/ausland\/2016-08\/islamischer-staat-syrien-irak-tote-massengraeber\">Massengr\u00e4bern<\/a> und zerst\u00f6rten St\u00e4dten ist auch darin nat\u00fcrlich nichts zu sehen. Das w\u00fcrde die Kulisse unn\u00f6tig st\u00f6ren.<\/p>\n<p><em><a href=\"https:\/\/blog.zeit.de\/teilchen\/\">Weitere\u00a0F<\/a><a href=\"https:\/\/blog.zeit.de\/teilchen\/\">undst\u00fccke aus dem Netz\u00a0finden Sie hier im Teilchen-Blog.<\/a> <\/em><\/p>\n","protected":false},"excerpt":{"rendered":"<p>Ein Jetski h\u00fcpft \u00fcber das leuchtend blaue Meer, bunte Schirme reihen sich am Strand auf, die Sonne strahlt hell \u00fcber der Stadt. Es ist [\u2026]<\/p>\n","protected":false},"author":656,"featured_media":0,"comment_status":"open","ping_status":"closed","sticky":false,"template":"","format":"standard","meta":{"_jetpack_memberships_contains_paid_content":false,"footnotes":""},"categories":[28],"tags":[],"class_list":["post-14699","post","type-post","status-publish","format-standard","hentry","category-video"],"yoast_head":"<!-- This site is optimized with the Yoast SEO plugin v21.0 - https:\/\/yoast.com\/wordpress\/plugins\/seo\/ -->\n<title>Sonnenbaden in Syrien<\/title>\n<meta name=\"description\" content=\"W\u00e4hrend der Krieg in Syrien immer mehr Todesopfer fordert, werkelt &quot;Syrian Tourism&quot; flei\u00dfig am Image des Landes.\" \/>\n<meta name=\"robots\" content=\"index, follow, max-snippet:-1, max-image-preview:large, max-video-preview:-1\" \/>\n<link rel=\"canonical\" href=\"https:\/\/blog.zeit.de\/teilchen\/2016\/09\/01\/syrien-buergerkrieg-sonnenbaden-werbekampagne\/\" \/>\n<meta property=\"og:locale\" content=\"de_DE\" \/>\n<meta property=\"og:type\" content=\"article\" \/>\n<meta property=\"og:title\" content=\"Sonnenbaden in Syrien\" \/>\n<meta property=\"og:description\" content=\"W\u00e4hrend der Krieg in Syrien immer mehr Todesopfer fordert, werkelt &quot;Syrian Tourism&quot; flei\u00dfig am Image des Landes.\" \/>\n<meta property=\"og:url\" content=\"https:\/\/blog.zeit.de\/teilchen\/2016\/09\/01\/syrien-buergerkrieg-sonnenbaden-werbekampagne\/\" \/>\n<meta property=\"og:site_name\" content=\"Teilchen\" \/>\n<meta property=\"article:published_time\" content=\"2016-09-01T11:42:34+00:00\" \/>\n<meta property=\"article:modified_time\" content=\"2016-09-01T12:27:30+00:00\" \/>\n<meta property=\"og:image\" content=\"https:\/\/blog.zeit.de\/teilchen\/files\/2015\/03\/teilchen-facebook-fallback.jpg\" \/>\n\t<meta property=\"og:image:width\" content=\"1200\" \/>\n\t<meta property=\"og:image:height\" content=\"900\" \/>\n\t<meta property=\"og:image:type\" content=\"image\/jpeg\" \/>\n<meta name=\"author\" content=\"Hannah Weiner\" \/>\n<meta name=\"twitter:card\" content=\"summary_large_image\" \/>\n<meta name=\"twitter:creator\" content=\"@hannahhoertzu\" \/>\n<meta name=\"twitter:site\" content=\"@zeitonline\" \/>\n<meta name=\"twitter:label1\" content=\"Geschrieben von\" \/>\n\t<meta name=\"twitter:data1\" content=\"Hannah Weiner\" \/>\n\t<meta name=\"twitter:label2\" content=\"Gesch\u00e4tzte Lesezeit\" \/>\n\t<meta name=\"twitter:data2\" content=\"1\u00a0Minute\" \/>\n<script type=\"application\/ld+json\" class=\"yoast-schema-graph\">{\"@context\":\"https:\/\/schema.org\",\"@graph\":[{\"@type\":\"WebPage\",\"@id\":\"https:\/\/blog.zeit.de\/teilchen\/2016\/09\/01\/syrien-buergerkrieg-sonnenbaden-werbekampagne\/\",\"url\":\"https:\/\/blog.zeit.de\/teilchen\/2016\/09\/01\/syrien-buergerkrieg-sonnenbaden-werbekampagne\/\",\"name\":\"Sonnenbaden in Syrien\",\"isPartOf\":{\"@id\":\"https:\/\/blog.zeit.de\/teilchen\/#website\"},\"datePublished\":\"2016-09-01T11:42:34+00:00\",\"dateModified\":\"2016-09-01T12:27:30+00:00\",\"author\":{\"@id\":\"https:\/\/blog.zeit.de\/teilchen\/#\/schema\/person\/b585fb0ed4915fe1ab0fe9af77d3fda5\"},\"description\":\"W\u00e4hrend der Krieg in Syrien immer mehr Todesopfer fordert, werkelt \\\"Syrian Tourism\\\" flei\u00dfig am Image des Landes.\",\"breadcrumb\":{\"@id\":\"https:\/\/blog.zeit.de\/teilchen\/2016\/09\/01\/syrien-buergerkrieg-sonnenbaden-werbekampagne\/#breadcrumb\"},\"inLanguage\":\"de\",\"potentialAction\":[{\"@type\":\"ReadAction\",\"target\":[\"https:\/\/blog.zeit.de\/teilchen\/2016\/09\/01\/syrien-buergerkrieg-sonnenbaden-werbekampagne\/\"]}]},{\"@type\":\"BreadcrumbList\",\"@id\":\"https:\/\/blog.zeit.de\/teilchen\/2016\/09\/01\/syrien-buergerkrieg-sonnenbaden-werbekampagne\/#breadcrumb\",\"itemListElement\":[{\"@type\":\"ListItem\",\"position\":1,\"name\":\"Startseite\",\"item\":\"https:\/\/blog.zeit.de\/teilchen\/\"},{\"@type\":\"ListItem\",\"position\":2,\"name\":\"Sonnenbaden im B\u00fcrgerkriegsland\"}]},{\"@type\":\"WebSite\",\"@id\":\"https:\/\/blog.zeit.de\/teilchen\/#website\",\"url\":\"https:\/\/blog.zeit.de\/teilchen\/\",\"name\":\"Teilchen\",\"description\":\"Im Netz verstecken sich kleine Sch\u00e4tze - ZEIT ONLINE findet sie.\",\"potentialAction\":[{\"@type\":\"SearchAction\",\"target\":{\"@type\":\"EntryPoint\",\"urlTemplate\":\"https:\/\/blog.zeit.de\/teilchen\/?s={search_term_string}\"},\"query-input\":\"required name=search_term_string\"}],\"inLanguage\":\"de\"},{\"@type\":\"Person\",\"@id\":\"https:\/\/blog.zeit.de\/teilchen\/#\/schema\/person\/b585fb0ed4915fe1ab0fe9af77d3fda5\",\"name\":\"Hannah Weiner\",\"image\":{\"@type\":\"ImageObject\",\"inLanguage\":\"de\",\"@id\":\"https:\/\/blog.zeit.de\/teilchen\/#\/schema\/person\/image\/\",\"url\":\"https:\/\/secure.gravatar.com\/avatar\/02fce0d278c00e12a092ecda994109248c5ad8491353a37bed87b1ccf38f31e9?s=96&d=mm&r=g\",\"contentUrl\":\"https:\/\/secure.gravatar.com\/avatar\/02fce0d278c00e12a092ecda994109248c5ad8491353a37bed87b1ccf38f31e9?s=96&d=mm&r=g\",\"caption\":\"Hannah Weiner\"},\"description\":\"arbeitet am Newsdesk von ZEIT ONLINE.\",\"sameAs\":[\"https:\/\/twitter.com\/hannahhoertzu\"],\"url\":\"https:\/\/blog.zeit.de\/teilchen\/author\/hweiner\/\"}]}<\/script>\n<!-- \/ Yoast SEO plugin. -->","yoast_head_json":{"title":"Sonnenbaden in Syrien","description":"W\u00e4hrend der Krieg in Syrien immer mehr Todesopfer fordert, werkelt \"Syrian Tourism\" flei\u00dfig am Image des Landes.","robots":{"index":"index","follow":"follow","max-snippet":"max-snippet:-1","max-image-preview":"max-image-preview:large","max-video-preview":"max-video-preview:-1"},"canonical":"https:\/\/blog.zeit.de\/teilchen\/2016\/09\/01\/syrien-buergerkrieg-sonnenbaden-werbekampagne\/","og_locale":"de_DE","og_type":"article","og_title":"Sonnenbaden in Syrien","og_description":"W\u00e4hrend der Krieg in Syrien immer mehr Todesopfer fordert, werkelt \"Syrian Tourism\" flei\u00dfig am Image des Landes.","og_url":"https:\/\/blog.zeit.de\/teilchen\/2016\/09\/01\/syrien-buergerkrieg-sonnenbaden-werbekampagne\/","og_site_name":"Teilchen","article_published_time":"2016-09-01T11:42:34+00:00","article_modified_time":"2016-09-01T12:27:30+00:00","og_image":[{"width":1200,"height":900,"url":"https:\/\/blog.zeit.de\/teilchen\/files\/2015\/03\/teilchen-facebook-fallback.jpg","type":"image\/jpeg"}],"author":"Hannah Weiner","twitter_card":"summary_large_image","twitter_creator":"@hannahhoertzu","twitter_site":"@zeitonline","twitter_misc":{"Geschrieben von":"Hannah Weiner","Gesch\u00e4tzte Lesezeit":"1\u00a0Minute"},"schema":{"@context":"https:\/\/schema.org","@graph":[{"@type":"WebPage","@id":"https:\/\/blog.zeit.de\/teilchen\/2016\/09\/01\/syrien-buergerkrieg-sonnenbaden-werbekampagne\/","url":"https:\/\/blog.zeit.de\/teilchen\/2016\/09\/01\/syrien-buergerkrieg-sonnenbaden-werbekampagne\/","name":"Sonnenbaden in Syrien","isPartOf":{"@id":"https:\/\/blog.zeit.de\/teilchen\/#website"},"datePublished":"2016-09-01T11:42:34+00:00","dateModified":"2016-09-01T12:27:30+00:00","author":{"@id":"https:\/\/blog.zeit.de\/teilchen\/#\/schema\/person\/b585fb0ed4915fe1ab0fe9af77d3fda5"},"description":"W\u00e4hrend der Krieg in Syrien immer mehr Todesopfer fordert, werkelt \"Syrian Tourism\" flei\u00dfig am Image des Landes.","breadcrumb":{"@id":"https:\/\/blog.zeit.de\/teilchen\/2016\/09\/01\/syrien-buergerkrieg-sonnenbaden-werbekampagne\/#breadcrumb"},"inLanguage":"de","potentialAction":[{"@type":"ReadAction","target":["https:\/\/blog.zeit.de\/teilchen\/2016\/09\/01\/syrien-buergerkrieg-sonnenbaden-werbekampagne\/"]}]},{"@type":"BreadcrumbList","@id":"https:\/\/blog.zeit.de\/teilchen\/2016\/09\/01\/syrien-buergerkrieg-sonnenbaden-werbekampagne\/#breadcrumb","itemListElement":[{"@type":"ListItem","position":1,"name":"Startseite","item":"https:\/\/blog.zeit.de\/teilchen\/"},{"@type":"ListItem","position":2,"name":"Sonnenbaden im B\u00fcrgerkriegsland"}]},{"@type":"WebSite","@id":"https:\/\/blog.zeit.de\/teilchen\/#website","url":"https:\/\/blog.zeit.de\/teilchen\/","name":"Teilchen","description":"Im Netz verstecken sich kleine Sch\u00e4tze - ZEIT ONLINE findet sie.","potentialAction":[{"@type":"SearchAction","target":{"@type":"EntryPoint","urlTemplate":"https:\/\/blog.zeit.de\/teilchen\/?s={search_term_string}"},"query-input":"required name=search_term_string"}],"inLanguage":"de"},{"@type":"Person","@id":"https:\/\/blog.zeit.de\/teilchen\/#\/schema\/person\/b585fb0ed4915fe1ab0fe9af77d3fda5","name":"Hannah Weiner","image":{"@type":"ImageObject","inLanguage":"de","@id":"https:\/\/blog.zeit.de\/teilchen\/#\/schema\/person\/image\/","url":"https:\/\/secure.gravatar.com\/avatar\/02fce0d278c00e12a092ecda994109248c5ad8491353a37bed87b1ccf38f31e9?s=96&d=mm&r=g","contentUrl":"https:\/\/secure.gravatar.com\/avatar\/02fce0d278c00e12a092ecda994109248c5ad8491353a37bed87b1ccf38f31e9?s=96&d=mm&r=g","caption":"Hannah Weiner"},"description":"arbeitet am Newsdesk von ZEIT ONLINE.","sameAs":["https:\/\/twitter.com\/hannahhoertzu"],"url":"https:\/\/blog.zeit.de\/teilchen\/author\/hweiner\/"}]}},"jetpack_featured_media_url":"","jetpack_sharing_enabled":true,"_links":{"self":[{"href":"https:\/\/blog.zeit.de\/teilchen\/wp-json\/wp\/v2\/posts\/14699","targetHints":{"allow":["GET"]}}],"collection":[{"href":"https:\/\/blog.zeit.de\/teilchen\/wp-json\/wp\/v2\/posts"}],"about":[{"href":"https:\/\/blog.zeit.de\/teilchen\/wp-json\/wp\/v2\/types\/post"}],"author":[{"embeddable":true,"href":"https:\/\/blog.zeit.de\/teilchen\/wp-json\/wp\/v2\/users\/656"}],"replies":[{"embeddable":true,"href":"https:\/\/blog.zeit.de\/teilchen\/wp-json\/wp\/v2\/comments?post=14699"}],"version-history":[{"count":12,"href":"https:\/\/blog.zeit.de\/teilchen\/wp-json\/wp\/v2\/posts\/14699\/revisions"}],"predecessor-version":[{"id":14711,"href":"https:\/\/blog.zeit.de\/teilchen\/wp-json\/wp\/v2\/posts\/14699\/revisions\/14711"}],"wp:attachment":[{"href":"https:\/\/blog.zeit.de\/teilchen\/wp-json\/wp\/v2\/media?parent=14699"}],"wp:term":[{"taxonomy":"category","embeddable":true,"href":"https:\/\/blog.zeit.de\/teilchen\/wp-json\/wp\/v2\/categories?post=14699"},{"taxonomy":"post_tag","embeddable":true,"href":"https:\/\/blog.zeit.de\/teilchen\/wp-json\/wp\/v2\/tags?post=14699"}],"curies":[{"name":"wp","href":"https:\/\/api.w.org\/{rel}","templated":true}]}}