{"id":14861,"date":"2016-09-19T16:48:02","date_gmt":"2016-09-19T14:48:02","guid":{"rendered":"http:\/\/blog.zeit.de\/teilchen\/?p=14861"},"modified":"2016-09-19T16:48:02","modified_gmt":"2016-09-19T14:48:02","slug":"aik-solna-einlaufrentner-statt-einlaufkinder","status":"publish","type":"post","link":"https:\/\/blog.zeit.de\/teilchen\/2016\/09\/19\/aik-solna-einlaufrentner-statt-einlaufkinder\/","title":{"rendered":"AIK Solna: Einlaufrentner statt Einlaufkinder"},"content":{"rendered":"\n<div class=\"embed-wrapper embed-wrapper--blocked js-embed-consent\" data-method=\"embed\">\n<script class=\"raw__source\" type=\"text\/template\"><iframe loading=\"lazy\" title=\"Kids replaced by senior citizens in Swedish football led by former UEFA president Lennart Johansson\" width=\"640\" height=\"360\" src=\"https:\/\/www.youtube-nocookie.com\/embed\/6I6bWwsyCl0?feature=oembed\" frameborder=\"0\" allow=\"accelerometer; autoplay; clipboard-write; encrypted-media; gyroscope; picture-in-picture; web-share\" referrerpolicy=\"strict-origin-when-cross-origin\" allowfullscreen><\/iframe><\/script>\n<div class=\"embed-wrapper__inner\">\n<div class=\"embed-wrapper__text\">\n<h3>Empfohlener redaktioneller Inhalt<\/h3>\n<p data-replace=\"no\">An dieser Stelle finden Sie externen Inhalt, der den Artikel erg\u00e4nzt. Sie k\u00f6nnen sich externe Inhalte mit einem Klick anzeigen lassen und wieder ausblenden.<noscript>Bitte aktivieren Sie JavaScript damit Sie diesen Inhalt anzeigen k\u00f6nnen.<\/noscript><\/p>\n<\/div>\n<div class=\"embed-consent\">\n<label class=\"embed-consent__toggle\">\n<input class=\"js-embed-consent__toggle\" type=\"checkbox\" autocomplete=\"off\">\n<span><\/span>\nExterner Inhalt\n<\/label>\n<a href=\"https:\/\/www.zeit.de\/hilfe\/datenschutz\" target=\"_blank\" class=\"embed-consent__datalink-when-active\">Datenschutzerkl\u00e4rung<\/a>\n<\/div>\n<div class=\"embed-wrapper__footer\">\n<p data-replace=\"no\">\nIch bin damit einverstanden, dass mir externe Inhalte angezeigt werden. Damit k\u00f6nnen personenbezogene Daten an Drittplattformen \u00fcbermittelt werden. <a href=\"https:\/\/www.zeit.de\/hilfe\/datenschutz\" target=\"_blank\">Mehr dazu in unserer Datenschutzerkl\u00e4rung.<\/a>\n<\/p>\n<\/div>\n<\/div>\n<\/div>\n<p>Dass vor Fu\u00dfballmatches die Spieler mit Kindern an der Hand das Spielfeld betreten, hat sich l\u00e4ngst eingeb\u00fcrgert. Ist ja auch eine sch\u00f6ne Sache f\u00fcr kleine Fans. An der Hand von Mats Hummels oder Manuel Neuer in ein ausverkauftes Stadion einzulaufen, das ist zweifelsohne ein erhabener Moment. Aber wer sagt eigentlich, dass solche Erlebnisse nur Kindern zustehen? In Schweden hat ein Team die Einlaufkinder nun gegen Einlaufrentner ausgetauscht.<\/p>\n<p><!--more-->Vor dem Spiel zwischen AIK Solna und Gefle IF liefen Senioren mit den Spielern auf den Rasen, angef\u00fchrt vom ehemaligen UEFA-Pr\u00e4sidenten Lennart Johansson, der im November 87 Jahre alt wird. Den Zuschauern gefiel die Aktion sichtlich, wie der tosende Applaus zeigte.<\/p>\n<p>Schon eine Weile engagiert sich AIK Solna besonders f\u00fcr seine \u00e4lteren Fans. &#8222;Viele von uns haben AIK ihr ganzes Leben unterst\u00fctzt, k\u00f6nnen aber aus verschiedenen Gr\u00fcnden nicht mehr ins Stadion kommen&#8220;, <a href=\"https:\/\/www.theguardian.com\/football\/2016\/sep\/19\/aik-swapped-children-pensioners-mascots-gefle-lennart-johansson\">sagte Johansson dem <em>Guardian<\/em><\/a>. &#8222;Das hei\u00dft aber nicht, dass ihnen das Team nicht mehr so wichtig ist.&#8220; Deshalb hat der Verein eine Kampagne gestartet. Mit reduzierten Tickets und kostenlosen Bus-Shuttels soll Menschen, die im Altersheim leben, der Stadionbesuch erleichtert werden. &#8222;Zu einer Familie geh\u00f6ren Alte und Junge&#8220;, sagte AIK-Pr\u00e4sident Mikael Ahlerup. &#8222;Heute haben wir unsere Familie vervollst\u00e4ndigt, indem wir die Senioren eingeladen haben.&#8220;<\/p>\n<p>Die haben sich \u00fcbrigens nicht nur \u00fcber die Einladung gefreut \u2013 sondern auch \u00fcber das Ergebnis: AIK Solna bezwang Gefle mit 1:0 und ist nun <a href=\"http:\/\/svenskfotboll.se\/allsvenskan\/\">Tabellendritter der ersten schwedischen Liga.<\/a><\/p>\n<p><em>Mehr <a href=\"https:\/\/blog.zeit.de\/teilchen\/\">Teilchen finden Sie hier<\/a>.<\/em><\/p>\n","protected":false},"excerpt":{"rendered":"<p>Empfohlener redaktioneller Inhalt An dieser Stelle finden Sie externen Inhalt, der den Artikel erg\u00e4nzt. Sie k\u00f6nnen sich externe Inhalte mit einem Klick anzeigen lassen [\u2026]<\/p>\n","protected":false},"author":556,"featured_media":14865,"comment_status":"open","ping_status":"closed","sticky":false,"template":"","format":"standard","meta":{"_jetpack_memberships_contains_paid_content":false,"footnotes":""},"categories":[28],"tags":[],"class_list":["post-14861","post","type-post","status-publish","format-standard","has-post-thumbnail","hentry","category-video"],"yoast_head":"<!-- This site is optimized with the Yoast SEO plugin v21.0 - https:\/\/yoast.com\/wordpress\/plugins\/seo\/ -->\n<title>AIK Solna: Einlaufrentner statt Einlaufkinder<\/title>\n<meta name=\"description\" content=\"Der schwedische Fu\u00dfballverein AIK Solna engagiert sich besonders f\u00fcr seine \u00e4lteren Fans \u2013 mit reduzierten Tickets und Bus-Shuttels aus dem Altersheim.\" \/>\n<meta name=\"robots\" content=\"index, follow, max-snippet:-1, max-image-preview:large, max-video-preview:-1\" \/>\n<link rel=\"canonical\" href=\"https:\/\/blog.zeit.de\/teilchen\/2016\/09\/19\/aik-solna-einlaufrentner-statt-einlaufkinder\/\" \/>\n<meta property=\"og:locale\" content=\"de_DE\" \/>\n<meta property=\"og:type\" content=\"article\" \/>\n<meta property=\"og:title\" content=\"AIK Solna: Einlaufrentner statt Einlaufkinder\" \/>\n<meta property=\"og:description\" content=\"Der schwedische Fu\u00dfballverein AIK Solna engagiert sich besonders f\u00fcr seine \u00e4lteren Fans \u2013 mit reduzierten Tickets und Bus-Shuttels aus dem Altersheim.\" \/>\n<meta property=\"og:url\" content=\"https:\/\/blog.zeit.de\/teilchen\/2016\/09\/19\/aik-solna-einlaufrentner-statt-einlaufkinder\/\" \/>\n<meta property=\"og:site_name\" content=\"Teilchen\" \/>\n<meta property=\"article:published_time\" content=\"2016-09-19T14:48:02+00:00\" \/>\n<meta property=\"og:image\" content=\"https:\/\/blog.zeit.de\/teilchen\/files\/2016\/09\/Bildschirmfoto-2016-09-19-um-16.28.34.png\" \/>\n\t<meta property=\"og:image:width\" content=\"842\" \/>\n\t<meta property=\"og:image:height\" content=\"451\" \/>\n\t<meta property=\"og:image:type\" content=\"image\/png\" \/>\n<meta name=\"author\" content=\"Tobias Dorfer\" \/>\n<meta name=\"twitter:card\" content=\"summary_large_image\" \/>\n<meta name=\"twitter:image\" content=\"https:\/\/blog.zeit.de\/teilchen\/files\/2016\/09\/Bildschirmfoto-2016-09-19-um-16.28.34.png\" \/>\n<meta name=\"twitter:creator\" content=\"@tobiasdorfer\" \/>\n<meta name=\"twitter:site\" content=\"@zeitonline\" \/>\n<meta name=\"twitter:label1\" content=\"Geschrieben von\" \/>\n\t<meta name=\"twitter:data1\" content=\"Tobias Dorfer\" \/>\n\t<meta name=\"twitter:label2\" content=\"Gesch\u00e4tzte Lesezeit\" \/>\n\t<meta name=\"twitter:data2\" content=\"1\u00a0Minute\" \/>\n<script type=\"application\/ld+json\" class=\"yoast-schema-graph\">{\"@context\":\"https:\/\/schema.org\",\"@graph\":[{\"@type\":\"WebPage\",\"@id\":\"https:\/\/blog.zeit.de\/teilchen\/2016\/09\/19\/aik-solna-einlaufrentner-statt-einlaufkinder\/\",\"url\":\"https:\/\/blog.zeit.de\/teilchen\/2016\/09\/19\/aik-solna-einlaufrentner-statt-einlaufkinder\/\",\"name\":\"AIK Solna: Einlaufrentner statt Einlaufkinder\",\"isPartOf\":{\"@id\":\"https:\/\/blog.zeit.de\/teilchen\/#website\"},\"datePublished\":\"2016-09-19T14:48:02+00:00\",\"dateModified\":\"2016-09-19T14:48:02+00:00\",\"author\":{\"@id\":\"https:\/\/blog.zeit.de\/teilchen\/#\/schema\/person\/e90ba849254185115fd919d4fad07dc0\"},\"description\":\"Der schwedische Fu\u00dfballverein AIK Solna engagiert sich besonders f\u00fcr seine \u00e4lteren Fans \u2013 mit reduzierten Tickets und Bus-Shuttels aus dem Altersheim.\",\"breadcrumb\":{\"@id\":\"https:\/\/blog.zeit.de\/teilchen\/2016\/09\/19\/aik-solna-einlaufrentner-statt-einlaufkinder\/#breadcrumb\"},\"inLanguage\":\"de\",\"potentialAction\":[{\"@type\":\"ReadAction\",\"target\":[\"https:\/\/blog.zeit.de\/teilchen\/2016\/09\/19\/aik-solna-einlaufrentner-statt-einlaufkinder\/\"]}]},{\"@type\":\"BreadcrumbList\",\"@id\":\"https:\/\/blog.zeit.de\/teilchen\/2016\/09\/19\/aik-solna-einlaufrentner-statt-einlaufkinder\/#breadcrumb\",\"itemListElement\":[{\"@type\":\"ListItem\",\"position\":1,\"name\":\"Startseite\",\"item\":\"https:\/\/blog.zeit.de\/teilchen\/\"},{\"@type\":\"ListItem\",\"position\":2,\"name\":\"AIK Solna: Einlaufrentner statt Einlaufkinder\"}]},{\"@type\":\"WebSite\",\"@id\":\"https:\/\/blog.zeit.de\/teilchen\/#website\",\"url\":\"https:\/\/blog.zeit.de\/teilchen\/\",\"name\":\"Teilchen\",\"description\":\"Im Netz verstecken sich kleine Sch\u00e4tze - ZEIT ONLINE findet sie.\",\"potentialAction\":[{\"@type\":\"SearchAction\",\"target\":{\"@type\":\"EntryPoint\",\"urlTemplate\":\"https:\/\/blog.zeit.de\/teilchen\/?s={search_term_string}\"},\"query-input\":\"required name=search_term_string\"}],\"inLanguage\":\"de\"},{\"@type\":\"Person\",\"@id\":\"https:\/\/blog.zeit.de\/teilchen\/#\/schema\/person\/e90ba849254185115fd919d4fad07dc0\",\"name\":\"Tobias Dorfer\",\"image\":{\"@type\":\"ImageObject\",\"inLanguage\":\"de\",\"@id\":\"https:\/\/blog.zeit.de\/teilchen\/#\/schema\/person\/image\/\",\"url\":\"https:\/\/secure.gravatar.com\/avatar\/0021e1a3fe9f799912804bcca6f1bcbbe58ee3bf29c8f714a0f453695a888d0a?s=96&d=mm&r=g\",\"contentUrl\":\"https:\/\/secure.gravatar.com\/avatar\/0021e1a3fe9f799912804bcca6f1bcbbe58ee3bf29c8f714a0f453695a888d0a?s=96&d=mm&r=g\",\"caption\":\"Tobias Dorfer\"},\"description\":\"Teamleiter Social Media bei ZEIT ONLINE. Zuvor sieben Jahre bei S\u00fcddeutsche.de, als Redakteur im Wirtschafts- und Regional-Ressort sowie Editorial SEO. Ausbildung an der Deutschen Journalistenschule in M\u00fcnchen mit Hospitanzen bei S\u00fcddeutsche Zeitung, SPIEGEL und SPIEGEL Online.\",\"sameAs\":[\"https:\/\/twitter.com\/tobiasdorfer\"],\"url\":\"https:\/\/blog.zeit.de\/teilchen\/author\/tdorfer\/\"}]}<\/script>\n<!-- \/ Yoast SEO plugin. -->","yoast_head_json":{"title":"AIK Solna: Einlaufrentner statt Einlaufkinder","description":"Der schwedische Fu\u00dfballverein AIK Solna engagiert sich besonders f\u00fcr seine \u00e4lteren Fans \u2013 mit reduzierten Tickets und Bus-Shuttels aus dem Altersheim.","robots":{"index":"index","follow":"follow","max-snippet":"max-snippet:-1","max-image-preview":"max-image-preview:large","max-video-preview":"max-video-preview:-1"},"canonical":"https:\/\/blog.zeit.de\/teilchen\/2016\/09\/19\/aik-solna-einlaufrentner-statt-einlaufkinder\/","og_locale":"de_DE","og_type":"article","og_title":"AIK Solna: Einlaufrentner statt Einlaufkinder","og_description":"Der schwedische Fu\u00dfballverein AIK Solna engagiert sich besonders f\u00fcr seine \u00e4lteren Fans \u2013 mit reduzierten Tickets und Bus-Shuttels aus dem Altersheim.","og_url":"https:\/\/blog.zeit.de\/teilchen\/2016\/09\/19\/aik-solna-einlaufrentner-statt-einlaufkinder\/","og_site_name":"Teilchen","article_published_time":"2016-09-19T14:48:02+00:00","og_image":[{"width":842,"height":451,"url":"https:\/\/blog.zeit.de\/teilchen\/files\/2016\/09\/Bildschirmfoto-2016-09-19-um-16.28.34.png","type":"image\/png"}],"author":"Tobias Dorfer","twitter_card":"summary_large_image","twitter_image":"https:\/\/blog.zeit.de\/teilchen\/files\/2016\/09\/Bildschirmfoto-2016-09-19-um-16.28.34.png","twitter_creator":"@tobiasdorfer","twitter_site":"@zeitonline","twitter_misc":{"Geschrieben von":"Tobias Dorfer","Gesch\u00e4tzte Lesezeit":"1\u00a0Minute"},"schema":{"@context":"https:\/\/schema.org","@graph":[{"@type":"WebPage","@id":"https:\/\/blog.zeit.de\/teilchen\/2016\/09\/19\/aik-solna-einlaufrentner-statt-einlaufkinder\/","url":"https:\/\/blog.zeit.de\/teilchen\/2016\/09\/19\/aik-solna-einlaufrentner-statt-einlaufkinder\/","name":"AIK Solna: Einlaufrentner statt Einlaufkinder","isPartOf":{"@id":"https:\/\/blog.zeit.de\/teilchen\/#website"},"datePublished":"2016-09-19T14:48:02+00:00","dateModified":"2016-09-19T14:48:02+00:00","author":{"@id":"https:\/\/blog.zeit.de\/teilchen\/#\/schema\/person\/e90ba849254185115fd919d4fad07dc0"},"description":"Der schwedische Fu\u00dfballverein AIK Solna engagiert sich besonders f\u00fcr seine \u00e4lteren Fans \u2013 mit reduzierten Tickets und Bus-Shuttels aus dem Altersheim.","breadcrumb":{"@id":"https:\/\/blog.zeit.de\/teilchen\/2016\/09\/19\/aik-solna-einlaufrentner-statt-einlaufkinder\/#breadcrumb"},"inLanguage":"de","potentialAction":[{"@type":"ReadAction","target":["https:\/\/blog.zeit.de\/teilchen\/2016\/09\/19\/aik-solna-einlaufrentner-statt-einlaufkinder\/"]}]},{"@type":"BreadcrumbList","@id":"https:\/\/blog.zeit.de\/teilchen\/2016\/09\/19\/aik-solna-einlaufrentner-statt-einlaufkinder\/#breadcrumb","itemListElement":[{"@type":"ListItem","position":1,"name":"Startseite","item":"https:\/\/blog.zeit.de\/teilchen\/"},{"@type":"ListItem","position":2,"name":"AIK Solna: Einlaufrentner statt Einlaufkinder"}]},{"@type":"WebSite","@id":"https:\/\/blog.zeit.de\/teilchen\/#website","url":"https:\/\/blog.zeit.de\/teilchen\/","name":"Teilchen","description":"Im Netz verstecken sich kleine Sch\u00e4tze - ZEIT ONLINE findet sie.","potentialAction":[{"@type":"SearchAction","target":{"@type":"EntryPoint","urlTemplate":"https:\/\/blog.zeit.de\/teilchen\/?s={search_term_string}"},"query-input":"required name=search_term_string"}],"inLanguage":"de"},{"@type":"Person","@id":"https:\/\/blog.zeit.de\/teilchen\/#\/schema\/person\/e90ba849254185115fd919d4fad07dc0","name":"Tobias Dorfer","image":{"@type":"ImageObject","inLanguage":"de","@id":"https:\/\/blog.zeit.de\/teilchen\/#\/schema\/person\/image\/","url":"https:\/\/secure.gravatar.com\/avatar\/0021e1a3fe9f799912804bcca6f1bcbbe58ee3bf29c8f714a0f453695a888d0a?s=96&d=mm&r=g","contentUrl":"https:\/\/secure.gravatar.com\/avatar\/0021e1a3fe9f799912804bcca6f1bcbbe58ee3bf29c8f714a0f453695a888d0a?s=96&d=mm&r=g","caption":"Tobias Dorfer"},"description":"Teamleiter Social Media bei ZEIT ONLINE. Zuvor sieben Jahre bei S\u00fcddeutsche.de, als Redakteur im Wirtschafts- und Regional-Ressort sowie Editorial SEO. Ausbildung an der Deutschen Journalistenschule in M\u00fcnchen mit Hospitanzen bei S\u00fcddeutsche Zeitung, SPIEGEL und SPIEGEL Online.","sameAs":["https:\/\/twitter.com\/tobiasdorfer"],"url":"https:\/\/blog.zeit.de\/teilchen\/author\/tdorfer\/"}]}},"jetpack_featured_media_url":"https:\/\/blog.zeit.de\/teilchen\/files\/2016\/09\/Bildschirmfoto-2016-09-19-um-16.28.34.png","jetpack_sharing_enabled":true,"_links":{"self":[{"href":"https:\/\/blog.zeit.de\/teilchen\/wp-json\/wp\/v2\/posts\/14861","targetHints":{"allow":["GET"]}}],"collection":[{"href":"https:\/\/blog.zeit.de\/teilchen\/wp-json\/wp\/v2\/posts"}],"about":[{"href":"https:\/\/blog.zeit.de\/teilchen\/wp-json\/wp\/v2\/types\/post"}],"author":[{"embeddable":true,"href":"https:\/\/blog.zeit.de\/teilchen\/wp-json\/wp\/v2\/users\/556"}],"replies":[{"embeddable":true,"href":"https:\/\/blog.zeit.de\/teilchen\/wp-json\/wp\/v2\/comments?post=14861"}],"version-history":[{"count":5,"href":"https:\/\/blog.zeit.de\/teilchen\/wp-json\/wp\/v2\/posts\/14861\/revisions"}],"predecessor-version":[{"id":14868,"href":"https:\/\/blog.zeit.de\/teilchen\/wp-json\/wp\/v2\/posts\/14861\/revisions\/14868"}],"wp:featuredmedia":[{"embeddable":true,"href":"https:\/\/blog.zeit.de\/teilchen\/wp-json\/wp\/v2\/media\/14865"}],"wp:attachment":[{"href":"https:\/\/blog.zeit.de\/teilchen\/wp-json\/wp\/v2\/media?parent=14861"}],"wp:term":[{"taxonomy":"category","embeddable":true,"href":"https:\/\/blog.zeit.de\/teilchen\/wp-json\/wp\/v2\/categories?post=14861"},{"taxonomy":"post_tag","embeddable":true,"href":"https:\/\/blog.zeit.de\/teilchen\/wp-json\/wp\/v2\/tags?post=14861"}],"curies":[{"name":"wp","href":"https:\/\/api.w.org\/{rel}","templated":true}]}}