{"id":14906,"date":"2016-09-22T14:48:46","date_gmt":"2016-09-22T12:48:46","guid":{"rendered":"http:\/\/blog.zeit.de\/teilchen\/?p=14906"},"modified":"2016-09-22T15:22:46","modified_gmt":"2016-09-22T13:22:46","slug":"norbert-hofer-rhetorik-fpoe-kobuk","status":"publish","type":"post","link":"https:\/\/blog.zeit.de\/teilchen\/2016\/09\/22\/norbert-hofer-rhetorik-fpoe-kobuk\/","title":{"rendered":"Hier wird die Rhetorik von Norbert Hofer seziert"},"content":{"rendered":"<p>https:\/\/youtube.com\/watch?v=cgpI0XxdGP8%3Frel%3D0%2520frameborder%3D0%2520allowfullscreen<\/p>\n<p>Politiker der FP\u00d6 beschweren sich oft und gerne \u00fcber die schlechte Behandlung durch Journalisten. Man <a href=\"http:\/\/derstandard.at\/2000038382627\/Medienfreiheit-wie-sie-die-FPOe-versteht\">werde schlecht dargestellt und geschnitten<\/a>. Und auch in Interviews werde man stets unterbrochen \u2013 viel h\u00e4ufiger als andere. Diese Vorw\u00fcrfe befeuern die Skepsis vieler W\u00e4hler gegen\u00fcber Medien und lassen die Rechten enger zusammenr\u00fccken.\u00a0Einer der gewieftesten Rhetoriker der Freiheitlichen ist der Pr\u00e4sidentschaftskandidat Norbert Hofer, einst selbst Seminartrainer f\u00fcr &#8222;Crash-Rhetorik&#8220; und NLP (Neuro-Linguistisches Programmieren), ein Kommunikationsmodell, mit dessen Hilfe der Gespr\u00e4chspartner manipuliert werden soll.<!--more--><\/p>\n<p>Vergangene Woche war Hofer zu Gast in der ORF-Sendung <em>Report<\/em>. Wieder bem\u00fchte er sein ganzes Repertoire, um die Interviewerin, die Journalistin Susanne Schnabl, wie eine garstige und unvorbereitete Fragestellerin aussehen zu lassen. Hans Kirchmeyr, der f\u00fcr das Medienwatchblog <em><a href=\"https:\/\/www.kobuk.at\/\" target=\"_blank\">Kobuk<\/a><\/em> schreibt, hat sich das Interview angesehen und kommentiert besonders auff\u00e4llige Passagen.<\/p>\n<p>&#8222;Darf ich antworten?&#8220;, fragt Norbert Hofer an einer Stelle und suggeriert, er sei r\u00fcde unterbrochen worden. In Wahrheit war es anders: Er selbst hatte zuvor mit einer Gegenfrage geantwortet, auf die die Moderatorin reagieren musste.<\/p>\n<p>An einer anderen Stelle unterstellt Norbert Hofer der Moderatorin, sie w\u00fcrde Briefwahl und Wahlkarten verwechseln. Das falsche Argument wird wiederholt, immer und immer wieder. Die urspr\u00fcngliche Frage hat der Zuseher bis dahin l\u00e4ngst vergessen.<\/p>\n<p>&#8222;Man k\u00f6nnte sagen, Norbert Hofer weicht einer unangenehmen Frage nicht aus, er zerst\u00f6rt sie&#8220;, sagt Hans Kirchmeyer.<\/p>\n<p><em>Weitere <a href=\"https:\/\/blog.zeit.de\/teilchen\/\" target=\"_blank\">Netzfundst\u00fccke von ZEIT ONLINE gibt es hier<\/a>.<\/em><\/p>\n","protected":false},"excerpt":{"rendered":"<p>Politiker der FP\u00d6 beschweren sich oft und gerne \u00fcber die schlechte Behandlung durch Journalisten. Man werde schlecht dargestellt und geschnitten. Und auch in Interviews [\u2026]<\/p>\n","protected":false},"author":662,"featured_media":14917,"comment_status":"open","ping_status":"closed","sticky":false,"template":"","format":"standard","meta":{"_jetpack_memberships_contains_paid_content":false,"footnotes":""},"categories":[28],"tags":[],"class_list":["post-14906","post","type-post","status-publish","format-standard","has-post-thumbnail","hentry","category-video"],"yoast_head":"<!-- This site is optimized with the Yoast SEO plugin v21.0 - https:\/\/yoast.com\/wordpress\/plugins\/seo\/ -->\n<title>Hier wird die Rhetorik von Norbert Hofer seziert<\/title>\n<meta name=\"description\" content=\"Norbert Hofer war k\u00fcrzlich in der ORF-Sendung Report zu Gast. Hans Kirchmeyr, vom Medienwatchblog Kobuk, kommentiert seine manipulative Rhetorik.\" \/>\n<meta name=\"robots\" content=\"index, follow, max-snippet:-1, max-image-preview:large, max-video-preview:-1\" \/>\n<link rel=\"canonical\" href=\"https:\/\/blog.zeit.de\/teilchen\/2016\/09\/22\/norbert-hofer-rhetorik-fpoe-kobuk\/\" \/>\n<meta property=\"og:locale\" content=\"de_DE\" \/>\n<meta property=\"og:type\" content=\"article\" \/>\n<meta property=\"og:title\" content=\"Hier wird die Rhetorik von Norbert Hofer seziert\" \/>\n<meta property=\"og:description\" content=\"Norbert Hofer war k\u00fcrzlich in der ORF-Sendung Report zu Gast. Hans Kirchmeyr, vom Medienwatchblog Kobuk, kommentiert seine manipulative Rhetorik.\" \/>\n<meta property=\"og:url\" content=\"https:\/\/blog.zeit.de\/teilchen\/2016\/09\/22\/norbert-hofer-rhetorik-fpoe-kobuk\/\" \/>\n<meta property=\"og:site_name\" content=\"Teilchen\" \/>\n<meta property=\"article:published_time\" content=\"2016-09-22T12:48:46+00:00\" \/>\n<meta property=\"article:modified_time\" content=\"2016-09-22T13:22:46+00:00\" \/>\n<meta property=\"og:image\" content=\"https:\/\/blog.zeit.de\/teilchen\/files\/2016\/09\/NorberHoferKobuk.png\" \/>\n\t<meta property=\"og:image:width\" content=\"1000\" \/>\n\t<meta property=\"og:image:height\" content=\"555\" \/>\n\t<meta property=\"og:image:type\" content=\"image\/png\" \/>\n<meta name=\"author\" content=\"Florian Gasser\" \/>\n<meta name=\"twitter:card\" content=\"summary_large_image\" \/>\n<meta name=\"twitter:image\" content=\"https:\/\/blog.zeit.de\/teilchen\/files\/2016\/09\/NorberHoferKobuk.png\" \/>\n<meta name=\"twitter:creator\" content=\"@zeitonline\" \/>\n<meta name=\"twitter:site\" content=\"@zeitonline\" \/>\n<meta name=\"twitter:label1\" content=\"Geschrieben von\" \/>\n\t<meta name=\"twitter:data1\" content=\"Florian Gasser\" \/>\n\t<meta name=\"twitter:label2\" content=\"Gesch\u00e4tzte Lesezeit\" \/>\n\t<meta name=\"twitter:data2\" content=\"1\u00a0Minute\" \/>\n<script type=\"application\/ld+json\" class=\"yoast-schema-graph\">{\"@context\":\"https:\/\/schema.org\",\"@graph\":[{\"@type\":\"WebPage\",\"@id\":\"https:\/\/blog.zeit.de\/teilchen\/2016\/09\/22\/norbert-hofer-rhetorik-fpoe-kobuk\/\",\"url\":\"https:\/\/blog.zeit.de\/teilchen\/2016\/09\/22\/norbert-hofer-rhetorik-fpoe-kobuk\/\",\"name\":\"Hier wird die Rhetorik von Norbert Hofer seziert\",\"isPartOf\":{\"@id\":\"https:\/\/blog.zeit.de\/teilchen\/#website\"},\"datePublished\":\"2016-09-22T12:48:46+00:00\",\"dateModified\":\"2016-09-22T13:22:46+00:00\",\"author\":{\"@id\":\"https:\/\/blog.zeit.de\/teilchen\/#\/schema\/person\/421a7303134e5bffc0dac0809d7c5a9d\"},\"description\":\"Norbert Hofer war k\u00fcrzlich in der ORF-Sendung Report zu Gast. Hans Kirchmeyr, vom Medienwatchblog Kobuk, kommentiert seine manipulative Rhetorik.\",\"breadcrumb\":{\"@id\":\"https:\/\/blog.zeit.de\/teilchen\/2016\/09\/22\/norbert-hofer-rhetorik-fpoe-kobuk\/#breadcrumb\"},\"inLanguage\":\"de\",\"potentialAction\":[{\"@type\":\"ReadAction\",\"target\":[\"https:\/\/blog.zeit.de\/teilchen\/2016\/09\/22\/norbert-hofer-rhetorik-fpoe-kobuk\/\"]}]},{\"@type\":\"BreadcrumbList\",\"@id\":\"https:\/\/blog.zeit.de\/teilchen\/2016\/09\/22\/norbert-hofer-rhetorik-fpoe-kobuk\/#breadcrumb\",\"itemListElement\":[{\"@type\":\"ListItem\",\"position\":1,\"name\":\"Startseite\",\"item\":\"https:\/\/blog.zeit.de\/teilchen\/\"},{\"@type\":\"ListItem\",\"position\":2,\"name\":\"Hier wird die Rhetorik von Norbert Hofer seziert\"}]},{\"@type\":\"WebSite\",\"@id\":\"https:\/\/blog.zeit.de\/teilchen\/#website\",\"url\":\"https:\/\/blog.zeit.de\/teilchen\/\",\"name\":\"Teilchen\",\"description\":\"Im Netz verstecken sich kleine Sch\u00e4tze - ZEIT ONLINE findet sie.\",\"potentialAction\":[{\"@type\":\"SearchAction\",\"target\":{\"@type\":\"EntryPoint\",\"urlTemplate\":\"https:\/\/blog.zeit.de\/teilchen\/?s={search_term_string}\"},\"query-input\":\"required name=search_term_string\"}],\"inLanguage\":\"de\"},{\"@type\":\"Person\",\"@id\":\"https:\/\/blog.zeit.de\/teilchen\/#\/schema\/person\/421a7303134e5bffc0dac0809d7c5a9d\",\"name\":\"Florian Gasser\",\"image\":{\"@type\":\"ImageObject\",\"inLanguage\":\"de\",\"@id\":\"https:\/\/blog.zeit.de\/teilchen\/#\/schema\/person\/image\/\",\"url\":\"https:\/\/secure.gravatar.com\/avatar\/f8d67d5ccfd6eb04df9341d7e5b0eb860af3d6cb588f15e8a0c0f0bacb0fc73b?s=96&d=mm&r=g\",\"contentUrl\":\"https:\/\/secure.gravatar.com\/avatar\/f8d67d5ccfd6eb04df9341d7e5b0eb860af3d6cb588f15e8a0c0f0bacb0fc73b?s=96&d=mm&r=g\",\"caption\":\"Florian Gasser\"},\"url\":\"https:\/\/blog.zeit.de\/teilchen\/author\/fgasser\/\"}]}<\/script>\n<!-- \/ Yoast SEO plugin. -->","yoast_head_json":{"title":"Hier wird die Rhetorik von Norbert Hofer seziert","description":"Norbert Hofer war k\u00fcrzlich in der ORF-Sendung Report zu Gast. Hans Kirchmeyr, vom Medienwatchblog Kobuk, kommentiert seine manipulative Rhetorik.","robots":{"index":"index","follow":"follow","max-snippet":"max-snippet:-1","max-image-preview":"max-image-preview:large","max-video-preview":"max-video-preview:-1"},"canonical":"https:\/\/blog.zeit.de\/teilchen\/2016\/09\/22\/norbert-hofer-rhetorik-fpoe-kobuk\/","og_locale":"de_DE","og_type":"article","og_title":"Hier wird die Rhetorik von Norbert Hofer seziert","og_description":"Norbert Hofer war k\u00fcrzlich in der ORF-Sendung Report zu Gast. Hans Kirchmeyr, vom Medienwatchblog Kobuk, kommentiert seine manipulative Rhetorik.","og_url":"https:\/\/blog.zeit.de\/teilchen\/2016\/09\/22\/norbert-hofer-rhetorik-fpoe-kobuk\/","og_site_name":"Teilchen","article_published_time":"2016-09-22T12:48:46+00:00","article_modified_time":"2016-09-22T13:22:46+00:00","og_image":[{"width":1000,"height":555,"url":"https:\/\/blog.zeit.de\/teilchen\/files\/2016\/09\/NorberHoferKobuk.png","type":"image\/png"}],"author":"Florian Gasser","twitter_card":"summary_large_image","twitter_image":"https:\/\/blog.zeit.de\/teilchen\/files\/2016\/09\/NorberHoferKobuk.png","twitter_creator":"@zeitonline","twitter_site":"@zeitonline","twitter_misc":{"Geschrieben von":"Florian Gasser","Gesch\u00e4tzte Lesezeit":"1\u00a0Minute"},"schema":{"@context":"https:\/\/schema.org","@graph":[{"@type":"WebPage","@id":"https:\/\/blog.zeit.de\/teilchen\/2016\/09\/22\/norbert-hofer-rhetorik-fpoe-kobuk\/","url":"https:\/\/blog.zeit.de\/teilchen\/2016\/09\/22\/norbert-hofer-rhetorik-fpoe-kobuk\/","name":"Hier wird die Rhetorik von Norbert Hofer seziert","isPartOf":{"@id":"https:\/\/blog.zeit.de\/teilchen\/#website"},"datePublished":"2016-09-22T12:48:46+00:00","dateModified":"2016-09-22T13:22:46+00:00","author":{"@id":"https:\/\/blog.zeit.de\/teilchen\/#\/schema\/person\/421a7303134e5bffc0dac0809d7c5a9d"},"description":"Norbert Hofer war k\u00fcrzlich in der ORF-Sendung Report zu Gast. Hans Kirchmeyr, vom Medienwatchblog Kobuk, kommentiert seine manipulative Rhetorik.","breadcrumb":{"@id":"https:\/\/blog.zeit.de\/teilchen\/2016\/09\/22\/norbert-hofer-rhetorik-fpoe-kobuk\/#breadcrumb"},"inLanguage":"de","potentialAction":[{"@type":"ReadAction","target":["https:\/\/blog.zeit.de\/teilchen\/2016\/09\/22\/norbert-hofer-rhetorik-fpoe-kobuk\/"]}]},{"@type":"BreadcrumbList","@id":"https:\/\/blog.zeit.de\/teilchen\/2016\/09\/22\/norbert-hofer-rhetorik-fpoe-kobuk\/#breadcrumb","itemListElement":[{"@type":"ListItem","position":1,"name":"Startseite","item":"https:\/\/blog.zeit.de\/teilchen\/"},{"@type":"ListItem","position":2,"name":"Hier wird die Rhetorik von Norbert Hofer seziert"}]},{"@type":"WebSite","@id":"https:\/\/blog.zeit.de\/teilchen\/#website","url":"https:\/\/blog.zeit.de\/teilchen\/","name":"Teilchen","description":"Im Netz verstecken sich kleine Sch\u00e4tze - ZEIT ONLINE findet sie.","potentialAction":[{"@type":"SearchAction","target":{"@type":"EntryPoint","urlTemplate":"https:\/\/blog.zeit.de\/teilchen\/?s={search_term_string}"},"query-input":"required name=search_term_string"}],"inLanguage":"de"},{"@type":"Person","@id":"https:\/\/blog.zeit.de\/teilchen\/#\/schema\/person\/421a7303134e5bffc0dac0809d7c5a9d","name":"Florian Gasser","image":{"@type":"ImageObject","inLanguage":"de","@id":"https:\/\/blog.zeit.de\/teilchen\/#\/schema\/person\/image\/","url":"https:\/\/secure.gravatar.com\/avatar\/f8d67d5ccfd6eb04df9341d7e5b0eb860af3d6cb588f15e8a0c0f0bacb0fc73b?s=96&d=mm&r=g","contentUrl":"https:\/\/secure.gravatar.com\/avatar\/f8d67d5ccfd6eb04df9341d7e5b0eb860af3d6cb588f15e8a0c0f0bacb0fc73b?s=96&d=mm&r=g","caption":"Florian Gasser"},"url":"https:\/\/blog.zeit.de\/teilchen\/author\/fgasser\/"}]}},"jetpack_featured_media_url":"https:\/\/blog.zeit.de\/teilchen\/files\/2016\/09\/NorberHoferKobuk.png","jetpack_sharing_enabled":true,"_links":{"self":[{"href":"https:\/\/blog.zeit.de\/teilchen\/wp-json\/wp\/v2\/posts\/14906","targetHints":{"allow":["GET"]}}],"collection":[{"href":"https:\/\/blog.zeit.de\/teilchen\/wp-json\/wp\/v2\/posts"}],"about":[{"href":"https:\/\/blog.zeit.de\/teilchen\/wp-json\/wp\/v2\/types\/post"}],"author":[{"embeddable":true,"href":"https:\/\/blog.zeit.de\/teilchen\/wp-json\/wp\/v2\/users\/662"}],"replies":[{"embeddable":true,"href":"https:\/\/blog.zeit.de\/teilchen\/wp-json\/wp\/v2\/comments?post=14906"}],"version-history":[{"count":11,"href":"https:\/\/blog.zeit.de\/teilchen\/wp-json\/wp\/v2\/posts\/14906\/revisions"}],"predecessor-version":[{"id":14921,"href":"https:\/\/blog.zeit.de\/teilchen\/wp-json\/wp\/v2\/posts\/14906\/revisions\/14921"}],"wp:featuredmedia":[{"embeddable":true,"href":"https:\/\/blog.zeit.de\/teilchen\/wp-json\/wp\/v2\/media\/14917"}],"wp:attachment":[{"href":"https:\/\/blog.zeit.de\/teilchen\/wp-json\/wp\/v2\/media?parent=14906"}],"wp:term":[{"taxonomy":"category","embeddable":true,"href":"https:\/\/blog.zeit.de\/teilchen\/wp-json\/wp\/v2\/categories?post=14906"},{"taxonomy":"post_tag","embeddable":true,"href":"https:\/\/blog.zeit.de\/teilchen\/wp-json\/wp\/v2\/tags?post=14906"}],"curies":[{"name":"wp","href":"https:\/\/api.w.org\/{rel}","templated":true}]}}