{"id":1527,"date":"2015-02-10T09:30:02","date_gmt":"2015-02-10T08:30:02","guid":{"rendered":"http:\/\/blog.zeit.de\/teilchen\/?p=1527"},"modified":"2015-03-09T13:24:07","modified_gmt":"2015-03-09T12:24:07","slug":"wie-die-deutschen-unbemerkt-die-usa-eroberten","status":"publish","type":"post","link":"https:\/\/blog.zeit.de\/teilchen\/2015\/02\/10\/wie-die-deutschen-unbemerkt-die-usa-eroberten\/","title":{"rendered":"Wie die Deutschen unbemerkt die USA eroberten"},"content":{"rendered":"<p><a href=\"http:\/\/www.economist.com\/news\/united-states\/21642222-americas-largest-ethnic-group-has-assimilated-so-well-people-barely-notice-it\"><img loading=\"lazy\" decoding=\"async\" class=\"alignnone size-medium wp-image-1538\" src=\"https:\/\/blog.zeit.de\/teilchen\/files\/2015\/02\/Bildschirmfoto-2015-02-09-um-11.22.22-580x389.png\" alt=\"deutsche-usa-karte\" width=\"580\" height=\"389\" srcset=\"https:\/\/blog.zeit.de\/teilchen\/files\/2015\/02\/Bildschirmfoto-2015-02-09-um-11.22.22-580x389.png 580w, https:\/\/blog.zeit.de\/teilchen\/files\/2015\/02\/Bildschirmfoto-2015-02-09-um-11.22.22.png 633w\" sizes=\"auto, (max-width: 580px) 100vw, 580px\" \/><\/a><\/p>\n<p>In den Vereinigten Staaten von Amerika gibt es den <em>kindergarten<\/em> und den <em>Turnverein<\/em>. M\u00e4chtige Politiker wie John Boehner \u2013 Vorsitzender des Repr\u00e4sentantenhauses und Gegenspieler von Barack Obama \u2013 oder Rand Paul, <a href=\"http:\/\/www.zeit.de\/politik\/ausland\/us-wahl\">m\u00f6glicher Pr\u00e4sidentschaftskandidat der Republikaner<\/a>, haben deutsche Vorfahren. Und \u00fcberhaupt, die Deutschen sind in den USA die gr\u00f6\u00dfte einzelne ethnische Minderheit. Ein Fakt, der vermutlich den wenigsten Amerikanern und den wenigsten Deutschen bewusst ist. In der \u00f6ffentlichen Wahrnehmung dominieren Latinos, in Stra\u00dfen und ganzen Stadtteilen wird nur Spanisch gesprochen, die Mexikaner oder Kubaner werden in Wahlk\u00e4mpfen heftig umworben.<\/p>\n<p><a href=\"http:\/\/www.economist.com\/news\/united-states\/21642222-americas-largest-ethnic-group-has-assimilated-so-well-people-barely-notice-it\">Der <em>Economist<\/em><\/a> erz\u00e4hlt die Geschichte der unsichtbaren deutschen Minderheit anhand harter Fakten, kleiner Anekdoten und einer Karte, die zeigt, dass die Deutschen in unz\u00e4hligen Countys, vor allem im Norden, die gr\u00f6\u00dfte Minderheit bilden. Warum kennt sie niemand?<\/p>\n<p>Die Deutschen kamen <a href=\"http:\/\/www.zeit.de\/zeit-geschichte\/2011\/03\/Massenauswanderung\">vor allem im 19. Jahrhundert in die USA<\/a>, aber waren nicht so politisch aktiv wie andere Einwanderer. Eine Redensart besagt: Die Italiener st\u00fcrmten die Rath\u00e4user, die Deutschen die Bierhallen. Nach dem Ersten Weltkrieg, erkl\u00e4rt der <em>Economist<\/em>, h\u00f6rten viele Deutsche auf, ihre Sprache zu sprechen und \u00e4nderten ihre Namen in englische Versionen. Mittlerweile sprechen 97 Prozent der Deutsch-Amerikaner nur Englisch zu Hause.<\/p>\n<p>Weitere <a href=\"https:\/\/blog.zeit.de\/teilchen\/\" target=\"_blank\">Teilchen finden Sie hier. <\/a><\/p>\n<p>&nbsp;<\/p>\n","protected":false},"excerpt":{"rendered":"<p>In den Vereinigten Staaten von Amerika gibt es den kindergarten und den Turnverein. M\u00e4chtige Politiker wie John Boehner \u2013 Vorsitzender des Repr\u00e4sentantenhauses und Gegenspieler [\u2026]<\/p>\n","protected":false},"author":551,"featured_media":0,"comment_status":"open","ping_status":"closed","sticky":false,"template":"","format":"standard","meta":{"_jetpack_memberships_contains_paid_content":false,"footnotes":""},"categories":[9469],"tags":[],"class_list":["post-1527","post","type-post","status-publish","format-standard","hentry","category-infografiken"],"yoast_head":"<!-- This site is optimized with the Yoast SEO plugin v21.0 - https:\/\/yoast.com\/wordpress\/plugins\/seo\/ -->\n<title>Wie die Deutschen unbemerkt die USA eroberten &#8902; Teilchen<\/title>\n<meta name=\"description\" content=\"Entgegen der \u00f6ffentlichen Wahrnehmung sind die Deutschen die gr\u00f6\u00dfte einzelne ethnische Minderheit in den USA.\" \/>\n<meta name=\"robots\" content=\"index, follow, max-snippet:-1, max-image-preview:large, max-video-preview:-1\" \/>\n<link rel=\"canonical\" href=\"https:\/\/blog.zeit.de\/teilchen\/2015\/02\/10\/wie-die-deutschen-unbemerkt-die-usa-eroberten\/\" \/>\n<meta property=\"og:locale\" content=\"de_DE\" \/>\n<meta property=\"og:type\" content=\"article\" \/>\n<meta property=\"og:title\" content=\"Wie die Deutschen unbemerkt die USA eroberten &#8902; Teilchen\" \/>\n<meta property=\"og:description\" content=\"Entgegen der \u00f6ffentlichen Wahrnehmung sind die Deutschen die gr\u00f6\u00dfte einzelne ethnische Minderheit in den USA.\" \/>\n<meta property=\"og:url\" content=\"https:\/\/blog.zeit.de\/teilchen\/2015\/02\/10\/wie-die-deutschen-unbemerkt-die-usa-eroberten\/\" \/>\n<meta property=\"og:site_name\" content=\"Teilchen\" \/>\n<meta property=\"article:published_time\" content=\"2015-02-10T08:30:02+00:00\" \/>\n<meta property=\"article:modified_time\" content=\"2015-03-09T12:24:07+00:00\" \/>\n<meta property=\"og:image\" content=\"https:\/\/blog.zeit.de\/teilchen\/files\/2015\/02\/Bildschirmfoto-2015-02-09-um-11.22.22-580x389.png\" \/>\n<meta name=\"author\" content=\"Anne-Kathrin Gerstlauer\" \/>\n<meta name=\"twitter:card\" content=\"summary_large_image\" \/>\n<meta name=\"twitter:creator\" content=\"@aki_g\" \/>\n<meta name=\"twitter:site\" content=\"@zeitonline\" \/>\n<meta name=\"twitter:label1\" content=\"Geschrieben von\" \/>\n\t<meta name=\"twitter:data1\" content=\"Anne-Kathrin Gerstlauer\" \/>\n\t<meta name=\"twitter:label2\" content=\"Gesch\u00e4tzte Lesezeit\" \/>\n\t<meta name=\"twitter:data2\" content=\"1\u00a0Minute\" \/>\n<script type=\"application\/ld+json\" class=\"yoast-schema-graph\">{\"@context\":\"https:\/\/schema.org\",\"@graph\":[{\"@type\":\"WebPage\",\"@id\":\"https:\/\/blog.zeit.de\/teilchen\/2015\/02\/10\/wie-die-deutschen-unbemerkt-die-usa-eroberten\/\",\"url\":\"https:\/\/blog.zeit.de\/teilchen\/2015\/02\/10\/wie-die-deutschen-unbemerkt-die-usa-eroberten\/\",\"name\":\"Wie die Deutschen unbemerkt die USA eroberten &#8902; Teilchen\",\"isPartOf\":{\"@id\":\"https:\/\/blog.zeit.de\/teilchen\/#website\"},\"datePublished\":\"2015-02-10T08:30:02+00:00\",\"dateModified\":\"2015-03-09T12:24:07+00:00\",\"author\":{\"@id\":\"https:\/\/blog.zeit.de\/teilchen\/#\/schema\/person\/4647bcc1dc1130bd18f579f82a6c3e76\"},\"description\":\"Entgegen der \u00f6ffentlichen Wahrnehmung sind die Deutschen die gr\u00f6\u00dfte einzelne ethnische Minderheit in den USA.\",\"breadcrumb\":{\"@id\":\"https:\/\/blog.zeit.de\/teilchen\/2015\/02\/10\/wie-die-deutschen-unbemerkt-die-usa-eroberten\/#breadcrumb\"},\"inLanguage\":\"de\",\"potentialAction\":[{\"@type\":\"ReadAction\",\"target\":[\"https:\/\/blog.zeit.de\/teilchen\/2015\/02\/10\/wie-die-deutschen-unbemerkt-die-usa-eroberten\/\"]}]},{\"@type\":\"BreadcrumbList\",\"@id\":\"https:\/\/blog.zeit.de\/teilchen\/2015\/02\/10\/wie-die-deutschen-unbemerkt-die-usa-eroberten\/#breadcrumb\",\"itemListElement\":[{\"@type\":\"ListItem\",\"position\":1,\"name\":\"Startseite\",\"item\":\"https:\/\/blog.zeit.de\/teilchen\/\"},{\"@type\":\"ListItem\",\"position\":2,\"name\":\"Wie die Deutschen unbemerkt die USA eroberten\"}]},{\"@type\":\"WebSite\",\"@id\":\"https:\/\/blog.zeit.de\/teilchen\/#website\",\"url\":\"https:\/\/blog.zeit.de\/teilchen\/\",\"name\":\"Teilchen\",\"description\":\"Im Netz verstecken sich kleine Sch\u00e4tze - ZEIT ONLINE findet sie.\",\"potentialAction\":[{\"@type\":\"SearchAction\",\"target\":{\"@type\":\"EntryPoint\",\"urlTemplate\":\"https:\/\/blog.zeit.de\/teilchen\/?s={search_term_string}\"},\"query-input\":\"required name=search_term_string\"}],\"inLanguage\":\"de\"},{\"@type\":\"Person\",\"@id\":\"https:\/\/blog.zeit.de\/teilchen\/#\/schema\/person\/4647bcc1dc1130bd18f579f82a6c3e76\",\"name\":\"Anne-Kathrin Gerstlauer\",\"image\":{\"@type\":\"ImageObject\",\"inLanguage\":\"de\",\"@id\":\"https:\/\/blog.zeit.de\/teilchen\/#\/schema\/person\/image\/\",\"url\":\"https:\/\/secure.gravatar.com\/avatar\/896f941cab138b118e3275c2b1b88f1593b21467f764b890bb6a086ff296a26e?s=96&d=mm&r=g\",\"contentUrl\":\"https:\/\/secure.gravatar.com\/avatar\/896f941cab138b118e3275c2b1b88f1593b21467f764b890bb6a086ff296a26e?s=96&d=mm&r=g\",\"caption\":\"Anne-Kathrin Gerstlauer\"},\"description\":\"ist Redakteurin im Ressort Studium.\",\"sameAs\":[\"https:\/\/twitter.com\/aki_g\"],\"url\":\"https:\/\/blog.zeit.de\/teilchen\/author\/akgerstlauer\/\"}]}<\/script>\n<!-- \/ Yoast SEO plugin. -->","yoast_head_json":{"title":"Wie die Deutschen unbemerkt die USA eroberten &#8902; Teilchen","description":"Entgegen der \u00f6ffentlichen Wahrnehmung sind die Deutschen die gr\u00f6\u00dfte einzelne ethnische Minderheit in den USA.","robots":{"index":"index","follow":"follow","max-snippet":"max-snippet:-1","max-image-preview":"max-image-preview:large","max-video-preview":"max-video-preview:-1"},"canonical":"https:\/\/blog.zeit.de\/teilchen\/2015\/02\/10\/wie-die-deutschen-unbemerkt-die-usa-eroberten\/","og_locale":"de_DE","og_type":"article","og_title":"Wie die Deutschen unbemerkt die USA eroberten &#8902; Teilchen","og_description":"Entgegen der \u00f6ffentlichen Wahrnehmung sind die Deutschen die gr\u00f6\u00dfte einzelne ethnische Minderheit in den USA.","og_url":"https:\/\/blog.zeit.de\/teilchen\/2015\/02\/10\/wie-die-deutschen-unbemerkt-die-usa-eroberten\/","og_site_name":"Teilchen","article_published_time":"2015-02-10T08:30:02+00:00","article_modified_time":"2015-03-09T12:24:07+00:00","og_image":[{"url":"https:\/\/blog.zeit.de\/teilchen\/files\/2015\/02\/Bildschirmfoto-2015-02-09-um-11.22.22-580x389.png"}],"author":"Anne-Kathrin Gerstlauer","twitter_card":"summary_large_image","twitter_creator":"@aki_g","twitter_site":"@zeitonline","twitter_misc":{"Geschrieben von":"Anne-Kathrin Gerstlauer","Gesch\u00e4tzte Lesezeit":"1\u00a0Minute"},"schema":{"@context":"https:\/\/schema.org","@graph":[{"@type":"WebPage","@id":"https:\/\/blog.zeit.de\/teilchen\/2015\/02\/10\/wie-die-deutschen-unbemerkt-die-usa-eroberten\/","url":"https:\/\/blog.zeit.de\/teilchen\/2015\/02\/10\/wie-die-deutschen-unbemerkt-die-usa-eroberten\/","name":"Wie die Deutschen unbemerkt die USA eroberten &#8902; Teilchen","isPartOf":{"@id":"https:\/\/blog.zeit.de\/teilchen\/#website"},"datePublished":"2015-02-10T08:30:02+00:00","dateModified":"2015-03-09T12:24:07+00:00","author":{"@id":"https:\/\/blog.zeit.de\/teilchen\/#\/schema\/person\/4647bcc1dc1130bd18f579f82a6c3e76"},"description":"Entgegen der \u00f6ffentlichen Wahrnehmung sind die Deutschen die gr\u00f6\u00dfte einzelne ethnische Minderheit in den USA.","breadcrumb":{"@id":"https:\/\/blog.zeit.de\/teilchen\/2015\/02\/10\/wie-die-deutschen-unbemerkt-die-usa-eroberten\/#breadcrumb"},"inLanguage":"de","potentialAction":[{"@type":"ReadAction","target":["https:\/\/blog.zeit.de\/teilchen\/2015\/02\/10\/wie-die-deutschen-unbemerkt-die-usa-eroberten\/"]}]},{"@type":"BreadcrumbList","@id":"https:\/\/blog.zeit.de\/teilchen\/2015\/02\/10\/wie-die-deutschen-unbemerkt-die-usa-eroberten\/#breadcrumb","itemListElement":[{"@type":"ListItem","position":1,"name":"Startseite","item":"https:\/\/blog.zeit.de\/teilchen\/"},{"@type":"ListItem","position":2,"name":"Wie die Deutschen unbemerkt die USA eroberten"}]},{"@type":"WebSite","@id":"https:\/\/blog.zeit.de\/teilchen\/#website","url":"https:\/\/blog.zeit.de\/teilchen\/","name":"Teilchen","description":"Im Netz verstecken sich kleine Sch\u00e4tze - ZEIT ONLINE findet sie.","potentialAction":[{"@type":"SearchAction","target":{"@type":"EntryPoint","urlTemplate":"https:\/\/blog.zeit.de\/teilchen\/?s={search_term_string}"},"query-input":"required name=search_term_string"}],"inLanguage":"de"},{"@type":"Person","@id":"https:\/\/blog.zeit.de\/teilchen\/#\/schema\/person\/4647bcc1dc1130bd18f579f82a6c3e76","name":"Anne-Kathrin Gerstlauer","image":{"@type":"ImageObject","inLanguage":"de","@id":"https:\/\/blog.zeit.de\/teilchen\/#\/schema\/person\/image\/","url":"https:\/\/secure.gravatar.com\/avatar\/896f941cab138b118e3275c2b1b88f1593b21467f764b890bb6a086ff296a26e?s=96&d=mm&r=g","contentUrl":"https:\/\/secure.gravatar.com\/avatar\/896f941cab138b118e3275c2b1b88f1593b21467f764b890bb6a086ff296a26e?s=96&d=mm&r=g","caption":"Anne-Kathrin Gerstlauer"},"description":"ist Redakteurin im Ressort Studium.","sameAs":["https:\/\/twitter.com\/aki_g"],"url":"https:\/\/blog.zeit.de\/teilchen\/author\/akgerstlauer\/"}]}},"jetpack_featured_media_url":"","jetpack_sharing_enabled":true,"_links":{"self":[{"href":"https:\/\/blog.zeit.de\/teilchen\/wp-json\/wp\/v2\/posts\/1527","targetHints":{"allow":["GET"]}}],"collection":[{"href":"https:\/\/blog.zeit.de\/teilchen\/wp-json\/wp\/v2\/posts"}],"about":[{"href":"https:\/\/blog.zeit.de\/teilchen\/wp-json\/wp\/v2\/types\/post"}],"author":[{"embeddable":true,"href":"https:\/\/blog.zeit.de\/teilchen\/wp-json\/wp\/v2\/users\/551"}],"replies":[{"embeddable":true,"href":"https:\/\/blog.zeit.de\/teilchen\/wp-json\/wp\/v2\/comments?post=1527"}],"version-history":[{"count":9,"href":"https:\/\/blog.zeit.de\/teilchen\/wp-json\/wp\/v2\/posts\/1527\/revisions"}],"predecessor-version":[{"id":2071,"href":"https:\/\/blog.zeit.de\/teilchen\/wp-json\/wp\/v2\/posts\/1527\/revisions\/2071"}],"wp:attachment":[{"href":"https:\/\/blog.zeit.de\/teilchen\/wp-json\/wp\/v2\/media?parent=1527"}],"wp:term":[{"taxonomy":"category","embeddable":true,"href":"https:\/\/blog.zeit.de\/teilchen\/wp-json\/wp\/v2\/categories?post=1527"},{"taxonomy":"post_tag","embeddable":true,"href":"https:\/\/blog.zeit.de\/teilchen\/wp-json\/wp\/v2\/tags?post=1527"}],"curies":[{"name":"wp","href":"https:\/\/api.w.org\/{rel}","templated":true}]}}