{"id":15489,"date":"2016-11-24T12:56:18","date_gmt":"2016-11-24T11:56:18","guid":{"rendered":"http:\/\/blog.zeit.de\/teilchen\/?p=15489"},"modified":"2016-11-24T12:56:18","modified_gmt":"2016-11-24T11:56:18","slug":"menschheit-geschichte-dauer-population-grafik","status":"publish","type":"post","link":"https:\/\/blog.zeit.de\/teilchen\/2016\/11\/24\/menschheit-geschichte-dauer-population-grafik\/","title":{"rendered":"Menschheitsgeschichte: sechs Minuten \u2013 Welterobern: 20 Sekunden"},"content":{"rendered":"\n<div class=\"embed-wrapper embed-wrapper--blocked js-embed-consent\" data-method=\"embed\">\n<script class=\"raw__source\" type=\"text\/template\"><iframe loading=\"lazy\" title=\"Human Population Through Time #datavisualization\" width=\"640\" height=\"360\" src=\"https:\/\/www.youtube-nocookie.com\/embed\/PUwmA3Q0_OE?feature=oembed\" frameborder=\"0\" allow=\"accelerometer; autoplay; clipboard-write; encrypted-media; gyroscope; picture-in-picture; web-share\" referrerpolicy=\"strict-origin-when-cross-origin\" allowfullscreen><\/iframe><\/script>\n<div class=\"embed-wrapper__inner\">\n<div class=\"embed-wrapper__text\">\n<h3>Empfohlener redaktioneller Inhalt<\/h3>\n<p data-replace=\"no\">An dieser Stelle finden Sie externen Inhalt, der den Artikel erg\u00e4nzt. Sie k\u00f6nnen sich externe Inhalte mit einem Klick anzeigen lassen und wieder ausblenden.<noscript>Bitte aktivieren Sie JavaScript damit Sie diesen Inhalt anzeigen k\u00f6nnen.<\/noscript><\/p>\n<\/div>\n<div class=\"embed-consent\">\n<label class=\"embed-consent__toggle\">\n<input class=\"js-embed-consent__toggle\" type=\"checkbox\" autocomplete=\"off\">\n<span><\/span>\nExterner Inhalt\n<\/label>\n<a href=\"https:\/\/www.zeit.de\/hilfe\/datenschutz\" target=\"_blank\" class=\"embed-consent__datalink-when-active\">Datenschutzerkl\u00e4rung<\/a>\n<\/div>\n<div class=\"embed-wrapper__footer\">\n<p data-replace=\"no\">\nIch bin damit einverstanden, dass mir externe Inhalte angezeigt werden. Damit k\u00f6nnen personenbezogene Daten an Drittplattformen \u00fcbermittelt werden. <a href=\"https:\/\/www.zeit.de\/hilfe\/datenschutz\" target=\"_blank\">Mehr dazu in unserer Datenschutzerkl\u00e4rung.<\/a>\n<\/p>\n<\/div>\n<\/div>\n<\/div>\n<p><span style=\"font-size: medium;\">\u00a0<\/span><\/p>\n<p><span style=\"font-size: medium;\">Moment, diese Kurve hat man schon mal gesehen! Achte Klasse, Biologieunterricht, auf dem Plan steht alles, was keinen Zellkern hat. Latenzphase, exponentielle Phase, station\u00e4re Phase. Bazillen, sagt das Schulbuch, vermehren sich schneller, als man gucken kann. Nur handelt <a href=\"https:\/\/www.youtube.com\/watch?v=PUwmA3Q0_OE&amp;feature=youtu.be\" target=\"_blank\">dieses Video vom American Museum of Natural History (AMNH)<\/a> nicht vom Klassiker E. Coli, sondern vom Menschen. Genauer: vom Wachstum der menschlichen Bev\u00f6lkerung. <\/span><\/p>\n<p><!--more--><\/p>\n<p><span style=\"font-size: medium;\">Der Bev\u00f6lkerungsbalken kriecht erst mal unglaublich lange vor sich hin. Latenz bis zum Anschlag. Als Rom die Antike Welt dominierte, leben weniger Menschen auf dem Planeten als heute in Brasilien. Kein Wunder, <a href=\"http:\/\/www.zeit.de\/2015\/15\/humboldt-universitaet-cicero-wilfried-nippel-hoersaal\" target=\"_blank\">dass Cicero weltber\u00fchmt wurde<\/a>! Der hatte ja auch keine Konkurrenz! <a href=\"http:\/\/www.zeit.de\/thema\/grossbritannien\" target=\"_blank\">Gro\u00dfbritannien<\/a> ist noch lange eine Bev\u00f6lkerungsw\u00fcste, erst um 900 ploppt der erste Dot auf: Die erste Million ist geschafft. <\/span><\/p>\n<p><span style=\"font-size: medium;\">Doch mit dem Mittelalter durchbricht seichtes Knattern die sanfte New-Age-Hintergrundmusik. Ein Geigerz\u00e4hler? Sehr subtil. Das Knacksen ert\u00f6nt pro Bev\u00f6lkerungspunkt, der auf der Weltkarte aufploppt. <a href=\"http:\/\/www.zeit.de\/wissen\/gesundheit\/2011-10\/verbreitung-pest-europa\" target=\"_blank\">Als der schwarze Tod \u00fcber die Landkarte zieht<\/a>, geht das erste und einzige Mal die Zahl der Menschen auf der Erde signifikant zur\u00fcck. Selbst die <a href=\"http:\/\/www.zeit.de\/thema\/zweiter-weltkrieg\" target=\"_blank\">Weltkriege<\/a> vermochten nicht am Homo Sapiens zu r\u00fctteln. <\/span><\/p>\n<p><span style=\"font-size: medium;\">Denn seit der industriellen Revolution befindet <a href=\"http:\/\/www.zeit.de\/gesellschaft\/2015-07\/bevoelkerungsentwicklung-vereinte-nationen-weltbevoelkerung\" target=\"_blank\">sich die Kurve in der exponentiellen Phase<\/a> und das Geigerz\u00e4hlerknacksen wird zum Dauerrauschen. Gleichzeitig verf\u00e4rbt sich die Weltkarte gelb. Die Menschheit hat die Erde endg\u00fcltig erobert. 200.000 Jahre brauchte sie f\u00fcr eine Milliarde Erdenbewohner, doch nur 200 Jahre f\u00fcr die restlichen sechs.<\/span><\/p>\n<p><span style=\"font-size: medium;\">Das AMNH stoppt im Heute, wagt einen Ausblick und setzt auf die station\u00e4re Phase. Das bedeutet S\u00e4ttigung, die Population verbraucht so viel wie sie produziert, das ideale Gleichgewicht.<a href=\"https:\/\/blog.zeit.de\/teilchen\/2015\/05\/05\/was-aragorn-zum-uebermenschen-macht\/\" target=\"_blank\"> In Mittelerde l\u00e4ge das eventuell woanders<\/a>, denn da ist der Sauerstoffgehalt h\u00f6her, die Ressourcen andere. Was mit Populationen passiert, die ihre Ressourcen aufbrauchen, wei\u00df wiederum das Schulbuch: Absterbephase, Bev\u00f6lkerungsr\u00fcckgang. Bleibt zu hoffen, dass der Mensch \u2013 da er ja wei\u00df, wo er ist \u2013 sich schlauer verh\u00e4lt, als das Bakterium.<\/span><\/p>\n<ul>\n<li><em>Mehr zur\u00a0<a href=\"http:\/\/www.zeit.de\/thema\/bevoelkerungsentwicklung\" target=\"_blank\">rasanten Bev\u00f6lkerungsentwicklung<\/a> gibt es hier<\/em><\/li>\n<li><em>Hier gibt&#8217;s den <a href=\"https:\/\/blog.zeit.de\/teilchen\/2016\/05\/25\/koerper-organe-mensch-interaktiv-bbc\/\" target=\"_blank\">Menschen in all seinen Bestandteilen<\/a><\/em><\/li>\n<li><em>Und <a href=\"https:\/\/blog.zeit.de\/teilchen\/\" target=\"_blank\">weitere Teilchen<\/a> finden sie hier<\/em><\/li>\n<\/ul>\n","protected":false},"excerpt":{"rendered":"<p>\u00a0 Moment, diese Kurve hat man schon mal gesehen! Achte Klasse, Biologieunterricht, auf dem Plan steht alles, was keinen Zellkern hat. Latenzphase, exponentielle Phase, [\u2026]<\/p>\n","protected":false},"author":672,"featured_media":15493,"comment_status":"open","ping_status":"closed","sticky":false,"template":"","format":"standard","meta":{"_jetpack_memberships_contains_paid_content":false,"footnotes":""},"categories":[28],"tags":[],"class_list":["post-15489","post","type-post","status-publish","format-standard","has-post-thumbnail","hentry","category-video"],"yoast_head":"<!-- This site is optimized with the Yoast SEO plugin v21.0 - https:\/\/yoast.com\/wordpress\/plugins\/seo\/ -->\n<title>Geschichte der Menschheit: sechs Minuten \u2013 Welteroberung: 20 Sekunden<\/title>\n<meta name=\"description\" content=\"200.000 Jahre brauchte die Menschheit f\u00fcr eine Milliarde Erdenbewohner, doch nur 200 Jahre f\u00fcr die restlichen sechs.\" \/>\n<meta name=\"robots\" content=\"index, follow, max-snippet:-1, max-image-preview:large, max-video-preview:-1\" \/>\n<link rel=\"canonical\" href=\"https:\/\/blog.zeit.de\/teilchen\/2016\/11\/24\/menschheit-geschichte-dauer-population-grafik\/\" \/>\n<meta property=\"og:locale\" content=\"de_DE\" \/>\n<meta property=\"og:type\" content=\"article\" \/>\n<meta property=\"og:title\" content=\"Geschichte der Menschheit: sechs Minuten \u2013 Welteroberung: 20 Sekunden\" \/>\n<meta property=\"og:description\" content=\"200.000 Jahre brauchte die Menschheit f\u00fcr eine Milliarde Erdenbewohner, doch nur 200 Jahre f\u00fcr die restlichen sechs.\" \/>\n<meta property=\"og:url\" content=\"https:\/\/blog.zeit.de\/teilchen\/2016\/11\/24\/menschheit-geschichte-dauer-population-grafik\/\" \/>\n<meta property=\"og:site_name\" content=\"Teilchen\" \/>\n<meta property=\"article:published_time\" content=\"2016-11-24T11:56:18+00:00\" \/>\n<meta property=\"og:image\" content=\"https:\/\/blog.zeit.de\/teilchen\/files\/2016\/11\/Bildschirmfoto-2016-11-23-um-15.44.31.png\" \/>\n\t<meta property=\"og:image:width\" content=\"1271\" \/>\n\t<meta property=\"og:image:height\" content=\"714\" \/>\n\t<meta property=\"og:image:type\" content=\"image\/png\" \/>\n<meta name=\"author\" content=\"Tobias Landwehr\" \/>\n<meta name=\"twitter:card\" content=\"summary_large_image\" \/>\n<meta name=\"twitter:image\" content=\"https:\/\/blog.zeit.de\/teilchen\/files\/2016\/11\/Bildschirmfoto-2016-11-23-um-15.44.31.png\" \/>\n<meta name=\"twitter:creator\" content=\"@zeitonline\" \/>\n<meta name=\"twitter:site\" content=\"@zeitonline\" \/>\n<meta name=\"twitter:label1\" content=\"Geschrieben von\" \/>\n\t<meta name=\"twitter:data1\" content=\"Tobias Landwehr\" \/>\n\t<meta name=\"twitter:label2\" content=\"Gesch\u00e4tzte Lesezeit\" \/>\n\t<meta name=\"twitter:data2\" content=\"2\u00a0Minuten\" \/>\n<script type=\"application\/ld+json\" class=\"yoast-schema-graph\">{\"@context\":\"https:\/\/schema.org\",\"@graph\":[{\"@type\":\"WebPage\",\"@id\":\"https:\/\/blog.zeit.de\/teilchen\/2016\/11\/24\/menschheit-geschichte-dauer-population-grafik\/\",\"url\":\"https:\/\/blog.zeit.de\/teilchen\/2016\/11\/24\/menschheit-geschichte-dauer-population-grafik\/\",\"name\":\"Geschichte der Menschheit: sechs Minuten \u2013 Welteroberung: 20 Sekunden\",\"isPartOf\":{\"@id\":\"https:\/\/blog.zeit.de\/teilchen\/#website\"},\"datePublished\":\"2016-11-24T11:56:18+00:00\",\"dateModified\":\"2016-11-24T11:56:18+00:00\",\"author\":{\"@id\":\"https:\/\/blog.zeit.de\/teilchen\/#\/schema\/person\/245d39b3bc1d405f3cfc6a77ddf4a182\"},\"description\":\"200.000 Jahre brauchte die Menschheit f\u00fcr eine Milliarde Erdenbewohner, doch nur 200 Jahre f\u00fcr die restlichen sechs.\",\"breadcrumb\":{\"@id\":\"https:\/\/blog.zeit.de\/teilchen\/2016\/11\/24\/menschheit-geschichte-dauer-population-grafik\/#breadcrumb\"},\"inLanguage\":\"de\",\"potentialAction\":[{\"@type\":\"ReadAction\",\"target\":[\"https:\/\/blog.zeit.de\/teilchen\/2016\/11\/24\/menschheit-geschichte-dauer-population-grafik\/\"]}]},{\"@type\":\"BreadcrumbList\",\"@id\":\"https:\/\/blog.zeit.de\/teilchen\/2016\/11\/24\/menschheit-geschichte-dauer-population-grafik\/#breadcrumb\",\"itemListElement\":[{\"@type\":\"ListItem\",\"position\":1,\"name\":\"Startseite\",\"item\":\"https:\/\/blog.zeit.de\/teilchen\/\"},{\"@type\":\"ListItem\",\"position\":2,\"name\":\"Menschheitsgeschichte: sechs Minuten \u2013 Welterobern: 20 Sekunden\"}]},{\"@type\":\"WebSite\",\"@id\":\"https:\/\/blog.zeit.de\/teilchen\/#website\",\"url\":\"https:\/\/blog.zeit.de\/teilchen\/\",\"name\":\"Teilchen\",\"description\":\"Im Netz verstecken sich kleine Sch\u00e4tze - ZEIT ONLINE findet sie.\",\"potentialAction\":[{\"@type\":\"SearchAction\",\"target\":{\"@type\":\"EntryPoint\",\"urlTemplate\":\"https:\/\/blog.zeit.de\/teilchen\/?s={search_term_string}\"},\"query-input\":\"required name=search_term_string\"}],\"inLanguage\":\"de\"},{\"@type\":\"Person\",\"@id\":\"https:\/\/blog.zeit.de\/teilchen\/#\/schema\/person\/245d39b3bc1d405f3cfc6a77ddf4a182\",\"name\":\"Tobias Landwehr\",\"image\":{\"@type\":\"ImageObject\",\"inLanguage\":\"de\",\"@id\":\"https:\/\/blog.zeit.de\/teilchen\/#\/schema\/person\/image\/\",\"url\":\"https:\/\/secure.gravatar.com\/avatar\/b56580809af5d72c124298acea6bd45919e4e3370be5f2cf79cd3d346630d97b?s=96&d=mm&r=g\",\"contentUrl\":\"https:\/\/secure.gravatar.com\/avatar\/b56580809af5d72c124298acea6bd45919e4e3370be5f2cf79cd3d346630d97b?s=96&d=mm&r=g\",\"caption\":\"Tobias Landwehr\"},\"description\":\"Agrarforschung in Brasilien oder nachhaltiger Tourismus in \u00c4gypten \u2013 die Wissenschaft hat Tobias Landwehr schon \u00fcber einige Kontinente gef\u00fchrt. Dar\u00fcber hinaus studierte er Neurowissenschaften in Osnabr\u00fcck und machte seinen Master in Renewable Energy Management in K\u00f6ln und Barcelona. Zeitweise arbeitete er in der Werft f\u00fcr Off-Shore-Windparks, immer jedoch interssiert er sich f\u00fcr Sport. Er spielt Volleyball und war auch in Rio de Janeiro als freiwilliger Helfer bei den Paralympics. Als freier Autor schreibt er f\u00fcr das Wissenschafts- und Sportressort von ZEIT ONLINE.\",\"url\":\"https:\/\/blog.zeit.de\/teilchen\/author\/tlandwehr\/\"}]}<\/script>\n<!-- \/ Yoast SEO plugin. -->","yoast_head_json":{"title":"Geschichte der Menschheit: sechs Minuten \u2013 Welteroberung: 20 Sekunden","description":"200.000 Jahre brauchte die Menschheit f\u00fcr eine Milliarde Erdenbewohner, doch nur 200 Jahre f\u00fcr die restlichen sechs.","robots":{"index":"index","follow":"follow","max-snippet":"max-snippet:-1","max-image-preview":"max-image-preview:large","max-video-preview":"max-video-preview:-1"},"canonical":"https:\/\/blog.zeit.de\/teilchen\/2016\/11\/24\/menschheit-geschichte-dauer-population-grafik\/","og_locale":"de_DE","og_type":"article","og_title":"Geschichte der Menschheit: sechs Minuten \u2013 Welteroberung: 20 Sekunden","og_description":"200.000 Jahre brauchte die Menschheit f\u00fcr eine Milliarde Erdenbewohner, doch nur 200 Jahre f\u00fcr die restlichen sechs.","og_url":"https:\/\/blog.zeit.de\/teilchen\/2016\/11\/24\/menschheit-geschichte-dauer-population-grafik\/","og_site_name":"Teilchen","article_published_time":"2016-11-24T11:56:18+00:00","og_image":[{"width":1271,"height":714,"url":"https:\/\/blog.zeit.de\/teilchen\/files\/2016\/11\/Bildschirmfoto-2016-11-23-um-15.44.31.png","type":"image\/png"}],"author":"Tobias Landwehr","twitter_card":"summary_large_image","twitter_image":"https:\/\/blog.zeit.de\/teilchen\/files\/2016\/11\/Bildschirmfoto-2016-11-23-um-15.44.31.png","twitter_creator":"@zeitonline","twitter_site":"@zeitonline","twitter_misc":{"Geschrieben von":"Tobias Landwehr","Gesch\u00e4tzte Lesezeit":"2\u00a0Minuten"},"schema":{"@context":"https:\/\/schema.org","@graph":[{"@type":"WebPage","@id":"https:\/\/blog.zeit.de\/teilchen\/2016\/11\/24\/menschheit-geschichte-dauer-population-grafik\/","url":"https:\/\/blog.zeit.de\/teilchen\/2016\/11\/24\/menschheit-geschichte-dauer-population-grafik\/","name":"Geschichte der Menschheit: sechs Minuten \u2013 Welteroberung: 20 Sekunden","isPartOf":{"@id":"https:\/\/blog.zeit.de\/teilchen\/#website"},"datePublished":"2016-11-24T11:56:18+00:00","dateModified":"2016-11-24T11:56:18+00:00","author":{"@id":"https:\/\/blog.zeit.de\/teilchen\/#\/schema\/person\/245d39b3bc1d405f3cfc6a77ddf4a182"},"description":"200.000 Jahre brauchte die Menschheit f\u00fcr eine Milliarde Erdenbewohner, doch nur 200 Jahre f\u00fcr die restlichen sechs.","breadcrumb":{"@id":"https:\/\/blog.zeit.de\/teilchen\/2016\/11\/24\/menschheit-geschichte-dauer-population-grafik\/#breadcrumb"},"inLanguage":"de","potentialAction":[{"@type":"ReadAction","target":["https:\/\/blog.zeit.de\/teilchen\/2016\/11\/24\/menschheit-geschichte-dauer-population-grafik\/"]}]},{"@type":"BreadcrumbList","@id":"https:\/\/blog.zeit.de\/teilchen\/2016\/11\/24\/menschheit-geschichte-dauer-population-grafik\/#breadcrumb","itemListElement":[{"@type":"ListItem","position":1,"name":"Startseite","item":"https:\/\/blog.zeit.de\/teilchen\/"},{"@type":"ListItem","position":2,"name":"Menschheitsgeschichte: sechs Minuten \u2013 Welterobern: 20 Sekunden"}]},{"@type":"WebSite","@id":"https:\/\/blog.zeit.de\/teilchen\/#website","url":"https:\/\/blog.zeit.de\/teilchen\/","name":"Teilchen","description":"Im Netz verstecken sich kleine Sch\u00e4tze - ZEIT ONLINE findet sie.","potentialAction":[{"@type":"SearchAction","target":{"@type":"EntryPoint","urlTemplate":"https:\/\/blog.zeit.de\/teilchen\/?s={search_term_string}"},"query-input":"required name=search_term_string"}],"inLanguage":"de"},{"@type":"Person","@id":"https:\/\/blog.zeit.de\/teilchen\/#\/schema\/person\/245d39b3bc1d405f3cfc6a77ddf4a182","name":"Tobias Landwehr","image":{"@type":"ImageObject","inLanguage":"de","@id":"https:\/\/blog.zeit.de\/teilchen\/#\/schema\/person\/image\/","url":"https:\/\/secure.gravatar.com\/avatar\/b56580809af5d72c124298acea6bd45919e4e3370be5f2cf79cd3d346630d97b?s=96&d=mm&r=g","contentUrl":"https:\/\/secure.gravatar.com\/avatar\/b56580809af5d72c124298acea6bd45919e4e3370be5f2cf79cd3d346630d97b?s=96&d=mm&r=g","caption":"Tobias Landwehr"},"description":"Agrarforschung in Brasilien oder nachhaltiger Tourismus in \u00c4gypten \u2013 die Wissenschaft hat Tobias Landwehr schon \u00fcber einige Kontinente gef\u00fchrt. Dar\u00fcber hinaus studierte er Neurowissenschaften in Osnabr\u00fcck und machte seinen Master in Renewable Energy Management in K\u00f6ln und Barcelona. Zeitweise arbeitete er in der Werft f\u00fcr Off-Shore-Windparks, immer jedoch interssiert er sich f\u00fcr Sport. Er spielt Volleyball und war auch in Rio de Janeiro als freiwilliger Helfer bei den Paralympics. Als freier Autor schreibt er f\u00fcr das Wissenschafts- und Sportressort von ZEIT ONLINE.","url":"https:\/\/blog.zeit.de\/teilchen\/author\/tlandwehr\/"}]}},"jetpack_featured_media_url":"https:\/\/blog.zeit.de\/teilchen\/files\/2016\/11\/Bildschirmfoto-2016-11-23-um-15.44.31.png","jetpack_sharing_enabled":true,"_links":{"self":[{"href":"https:\/\/blog.zeit.de\/teilchen\/wp-json\/wp\/v2\/posts\/15489","targetHints":{"allow":["GET"]}}],"collection":[{"href":"https:\/\/blog.zeit.de\/teilchen\/wp-json\/wp\/v2\/posts"}],"about":[{"href":"https:\/\/blog.zeit.de\/teilchen\/wp-json\/wp\/v2\/types\/post"}],"author":[{"embeddable":true,"href":"https:\/\/blog.zeit.de\/teilchen\/wp-json\/wp\/v2\/users\/672"}],"replies":[{"embeddable":true,"href":"https:\/\/blog.zeit.de\/teilchen\/wp-json\/wp\/v2\/comments?post=15489"}],"version-history":[{"count":7,"href":"https:\/\/blog.zeit.de\/teilchen\/wp-json\/wp\/v2\/posts\/15489\/revisions"}],"predecessor-version":[{"id":15503,"href":"https:\/\/blog.zeit.de\/teilchen\/wp-json\/wp\/v2\/posts\/15489\/revisions\/15503"}],"wp:featuredmedia":[{"embeddable":true,"href":"https:\/\/blog.zeit.de\/teilchen\/wp-json\/wp\/v2\/media\/15493"}],"wp:attachment":[{"href":"https:\/\/blog.zeit.de\/teilchen\/wp-json\/wp\/v2\/media?parent=15489"}],"wp:term":[{"taxonomy":"category","embeddable":true,"href":"https:\/\/blog.zeit.de\/teilchen\/wp-json\/wp\/v2\/categories?post=15489"},{"taxonomy":"post_tag","embeddable":true,"href":"https:\/\/blog.zeit.de\/teilchen\/wp-json\/wp\/v2\/tags?post=15489"}],"curies":[{"name":"wp","href":"https:\/\/api.w.org\/{rel}","templated":true}]}}