{"id":15598,"date":"2016-12-08T14:50:19","date_gmt":"2016-12-08T13:50:19","guid":{"rendered":"http:\/\/blog.zeit.de\/teilchen\/?p=15598"},"modified":"2016-12-08T14:50:19","modified_gmt":"2016-12-08T13:50:19","slug":"das-gefaellt-pegida-fans","status":"publish","type":"post","link":"https:\/\/blog.zeit.de\/teilchen\/2016\/12\/08\/das-gefaellt-pegida-fans\/","title":{"rendered":"Das gef\u00e4llt Pegida-Fans"},"content":{"rendered":"<p><figure id=\"attachment_15599\" aria-describedby=\"caption-attachment-15599\" style=\"width: 620px\" class=\"wp-caption aligncenter\"><img loading=\"lazy\" decoding=\"async\" class=\"wp-image-15599 size-medium\" src=\"https:\/\/blog.zeit.de\/teilchen\/files\/2016\/12\/br_afd_fans_facebook-620x263.png\" alt=\"Das gef\u00e4llt Pegida-Fans\" width=\"620\" height=\"263\" srcset=\"https:\/\/blog.zeit.de\/teilchen\/files\/2016\/12\/br_afd_fans_facebook-620x263.png 620w, https:\/\/blog.zeit.de\/teilchen\/files\/2016\/12\/br_afd_fans_facebook.png 739w\" sizes=\"auto, (max-width: 620px) 100vw, 620px\" \/><figcaption id=\"caption-attachment-15599\" class=\"wp-caption-text\">Unter den Fans von Pegida N\u00fcrnberg folgen mehr als 40 Prozent der AfD-Anh\u00e4nger auch einer NPD-Seite. \u00a9 Screenshot web.br.de<\/figcaption><\/figure><\/p>\n<p>Der Bayerische Rundfunk (BR) hat ausgewertet, was Anh\u00e4nger von Pegida N\u00fcrnberg bei Facebook so alles liken. Ergebnis: Der Rechtsradikalismus g\u00e4rt hinter den Bildschirmen. Pegida-Fans in rechten Organisationen und Wohnzimmern sharen Seiten mit rechten Inhalten aus ganz Europa. &#8222;Der real vollzogene Schulterschluss von Rechtspopulisten in Europa spiegelt sich somit auch auf Facebook wider&#8220;, <a href=\"http:\/\/web.br.de\/interaktiv\/rechtes-netz\/\" target=\"_blank\">hei\u00dft es in dem Artikel<\/a>.<\/p>\n<p><!--more-->Auch wenn sich die Szene auf Hunderte Seiten verteilt \u2013 alleine f\u00fcr die AfD registriert das Datenteam des BR rund 700 Seiten \u2013, kann man sie nicht mehr zersplittert nennen. Die User scheinen sich im Gegenteil auf sehr \u00e4hnliche Interessen zu konzentrieren, was zum Beispiel die starken \u00dcberschneidungen zwischen Pegida, AfD, <a href=\"http:\/\/www.zeit.de\/2016\/36\/identitaere-bewegung-hamburger-verfassungsschutz\" target=\"_blank\">Identit\u00e4rer Bewegung<\/a> und NPD belegen: Etwa ein Drittel der Pegida-Anh\u00e4nger sind beispielsweise auch Fans einer NPD-Seite, schreibt der BR.<\/p>\n<p>Der Untersuchung liegen die gelikten Seiten von etwa der H\u00e4lfte der Fans von Pegida N\u00fcrnberg zu Grunde, insgesamt etwa 11.500 Facebook-Seiten von Personen und Institutionen. Diese User folgen vor allem Politikern wie Frauke Petry oder Beatrix von Storch. An Medien werden das Wochenmagazin <em>Junge Freiheit<\/em>, <em>Russia Today<\/em>, das <em>Compact-Magazin<\/em> oder <em>unzensuriert.at<\/em> gelesen. Gleichzeitig scheint sich das rechte Publikum von der klassischen Medienwelt abzukoppeln: Unter den Top Ten der Medien findeen sich <em>Focus Online<\/em> und N24 weit abgeschlagen auf Platz neun und zehn. Konservative Medien wie <em>Bild<\/em>-Zeitung, <em>Die Welt<\/em> oder die <em>Frankfurter Allgemeine Zeitung<\/em> sucht man unter den Top Ten vergebens.<\/p>\n<p><em>Mehr <a href=\"https:\/\/blog.zeit.de\/teilchen\/\" target=\"_blank\">Netzfundst\u00fccke von ZEIT ONLINE gibt es hier<\/a>.<\/em><\/p>\n","protected":false},"excerpt":{"rendered":"<p>Der Bayerische Rundfunk (BR) hat ausgewertet, was Anh\u00e4nger von Pegida N\u00fcrnberg bei Facebook so alles liken. Ergebnis: Der Rechtsradikalismus g\u00e4rt hinter den Bildschirmen. Pegida-Fans [\u2026]<\/p>\n","protected":false},"author":646,"featured_media":15599,"comment_status":"open","ping_status":"closed","sticky":false,"template":"","format":"standard","meta":{"_jetpack_memberships_contains_paid_content":false,"footnotes":""},"categories":[9469],"tags":[37141,32209],"class_list":["post-15598","post","type-post","status-publish","format-standard","has-post-thumbnail","hentry","category-infografiken","tag-nuernberg","tag-pegida"],"yoast_head":"<!-- This site is optimized with the Yoast SEO plugin v21.0 - https:\/\/yoast.com\/wordpress\/plugins\/seo\/ -->\n<title>Das gef\u00e4llt Pegida-Fans<\/title>\n<meta name=\"description\" content=\"Der Bayerische Rundfunk hat ausgewertet, was Pegida-Fans bei Facebook so alles liken. Ergebnis: Der Rechtsradikalismus g\u00e4rt hinter den Bildschirmen.\" \/>\n<meta name=\"robots\" content=\"index, follow, max-snippet:-1, max-image-preview:large, max-video-preview:-1\" \/>\n<link rel=\"canonical\" href=\"https:\/\/blog.zeit.de\/teilchen\/2016\/12\/08\/das-gefaellt-pegida-fans\/\" \/>\n<meta property=\"og:locale\" content=\"de_DE\" \/>\n<meta property=\"og:type\" content=\"article\" \/>\n<meta property=\"og:title\" content=\"Das gef\u00e4llt Pegida-Fans\" \/>\n<meta property=\"og:description\" content=\"Der Bayerische Rundfunk hat ausgewertet, was Pegida-Fans bei Facebook so alles liken. Ergebnis: Der Rechtsradikalismus g\u00e4rt hinter den Bildschirmen.\" \/>\n<meta property=\"og:url\" content=\"https:\/\/blog.zeit.de\/teilchen\/2016\/12\/08\/das-gefaellt-pegida-fans\/\" \/>\n<meta property=\"og:site_name\" content=\"Teilchen\" \/>\n<meta property=\"article:published_time\" content=\"2016-12-08T13:50:19+00:00\" \/>\n<meta property=\"og:image\" content=\"https:\/\/blog.zeit.de\/teilchen\/files\/2016\/12\/br_afd_fans_facebook.png\" \/>\n\t<meta property=\"og:image:width\" content=\"739\" \/>\n\t<meta property=\"og:image:height\" content=\"314\" \/>\n\t<meta property=\"og:image:type\" content=\"image\/png\" \/>\n<meta name=\"author\" content=\"Andreas Loos\" \/>\n<meta name=\"twitter:card\" content=\"summary_large_image\" \/>\n<meta name=\"twitter:image\" content=\"https:\/\/blog.zeit.de\/teilchen\/files\/2016\/12\/br_afd_fans_facebook.png\" \/>\n<meta name=\"twitter:creator\" content=\"@zeitonline\" \/>\n<meta name=\"twitter:site\" content=\"@zeitonline\" \/>\n<meta name=\"twitter:label1\" content=\"Geschrieben von\" \/>\n\t<meta name=\"twitter:data1\" content=\"Andreas Loos\" \/>\n\t<meta name=\"twitter:label2\" content=\"Gesch\u00e4tzte Lesezeit\" \/>\n\t<meta name=\"twitter:data2\" content=\"1\u00a0Minute\" \/>\n<script type=\"application\/ld+json\" class=\"yoast-schema-graph\">{\"@context\":\"https:\/\/schema.org\",\"@graph\":[{\"@type\":\"WebPage\",\"@id\":\"https:\/\/blog.zeit.de\/teilchen\/2016\/12\/08\/das-gefaellt-pegida-fans\/\",\"url\":\"https:\/\/blog.zeit.de\/teilchen\/2016\/12\/08\/das-gefaellt-pegida-fans\/\",\"name\":\"Das gef\u00e4llt Pegida-Fans\",\"isPartOf\":{\"@id\":\"https:\/\/blog.zeit.de\/teilchen\/#website\"},\"datePublished\":\"2016-12-08T13:50:19+00:00\",\"dateModified\":\"2016-12-08T13:50:19+00:00\",\"author\":{\"@id\":\"https:\/\/blog.zeit.de\/teilchen\/#\/schema\/person\/bd0b7b9a38aaf4100389c417c9ced666\"},\"description\":\"Der Bayerische Rundfunk hat ausgewertet, was Pegida-Fans bei Facebook so alles liken. Ergebnis: Der Rechtsradikalismus g\u00e4rt hinter den Bildschirmen.\",\"breadcrumb\":{\"@id\":\"https:\/\/blog.zeit.de\/teilchen\/2016\/12\/08\/das-gefaellt-pegida-fans\/#breadcrumb\"},\"inLanguage\":\"de\",\"potentialAction\":[{\"@type\":\"ReadAction\",\"target\":[\"https:\/\/blog.zeit.de\/teilchen\/2016\/12\/08\/das-gefaellt-pegida-fans\/\"]}]},{\"@type\":\"BreadcrumbList\",\"@id\":\"https:\/\/blog.zeit.de\/teilchen\/2016\/12\/08\/das-gefaellt-pegida-fans\/#breadcrumb\",\"itemListElement\":[{\"@type\":\"ListItem\",\"position\":1,\"name\":\"Startseite\",\"item\":\"https:\/\/blog.zeit.de\/teilchen\/\"},{\"@type\":\"ListItem\",\"position\":2,\"name\":\"Das gef\u00e4llt Pegida-Fans\"}]},{\"@type\":\"WebSite\",\"@id\":\"https:\/\/blog.zeit.de\/teilchen\/#website\",\"url\":\"https:\/\/blog.zeit.de\/teilchen\/\",\"name\":\"Teilchen\",\"description\":\"Im Netz verstecken sich kleine Sch\u00e4tze - ZEIT ONLINE findet sie.\",\"potentialAction\":[{\"@type\":\"SearchAction\",\"target\":{\"@type\":\"EntryPoint\",\"urlTemplate\":\"https:\/\/blog.zeit.de\/teilchen\/?s={search_term_string}\"},\"query-input\":\"required name=search_term_string\"}],\"inLanguage\":\"de\"},{\"@type\":\"Person\",\"@id\":\"https:\/\/blog.zeit.de\/teilchen\/#\/schema\/person\/bd0b7b9a38aaf4100389c417c9ced666\",\"name\":\"Andreas Loos\",\"image\":{\"@type\":\"ImageObject\",\"inLanguage\":\"de\",\"@id\":\"https:\/\/blog.zeit.de\/teilchen\/#\/schema\/person\/image\/\",\"url\":\"https:\/\/secure.gravatar.com\/avatar\/15d394d23ba7b88ccee78e79b57317fe64c570a8190e976f46a248a89efd06dc?s=96&d=mm&r=g\",\"contentUrl\":\"https:\/\/secure.gravatar.com\/avatar\/15d394d23ba7b88ccee78e79b57317fe64c570a8190e976f46a248a89efd06dc?s=96&d=mm&r=g\",\"caption\":\"Andreas Loos\"},\"description\":\"Journalistik- und Mathematik-\/Physik-Studium. Wissenschaftsjournalist mit Schwerpunkt auf Mathematik. Mehrfach in Teamprojekten mit Preisen ausgezeichnet (Deutscher Reporterpreis, Grimme Online Award, Fellow der Robert Bosch Masterclass Wissenschaftsjournalismus). Seit Mai 2016 bei ZEIT ONLINE. Lebt in Berlin.\",\"url\":\"https:\/\/blog.zeit.de\/teilchen\/author\/aloos\/\"}]}<\/script>\n<!-- \/ Yoast SEO plugin. -->","yoast_head_json":{"title":"Das gef\u00e4llt Pegida-Fans","description":"Der Bayerische Rundfunk hat ausgewertet, was Pegida-Fans bei Facebook so alles liken. Ergebnis: Der Rechtsradikalismus g\u00e4rt hinter den Bildschirmen.","robots":{"index":"index","follow":"follow","max-snippet":"max-snippet:-1","max-image-preview":"max-image-preview:large","max-video-preview":"max-video-preview:-1"},"canonical":"https:\/\/blog.zeit.de\/teilchen\/2016\/12\/08\/das-gefaellt-pegida-fans\/","og_locale":"de_DE","og_type":"article","og_title":"Das gef\u00e4llt Pegida-Fans","og_description":"Der Bayerische Rundfunk hat ausgewertet, was Pegida-Fans bei Facebook so alles liken. Ergebnis: Der Rechtsradikalismus g\u00e4rt hinter den Bildschirmen.","og_url":"https:\/\/blog.zeit.de\/teilchen\/2016\/12\/08\/das-gefaellt-pegida-fans\/","og_site_name":"Teilchen","article_published_time":"2016-12-08T13:50:19+00:00","og_image":[{"width":739,"height":314,"url":"https:\/\/blog.zeit.de\/teilchen\/files\/2016\/12\/br_afd_fans_facebook.png","type":"image\/png"}],"author":"Andreas Loos","twitter_card":"summary_large_image","twitter_image":"https:\/\/blog.zeit.de\/teilchen\/files\/2016\/12\/br_afd_fans_facebook.png","twitter_creator":"@zeitonline","twitter_site":"@zeitonline","twitter_misc":{"Geschrieben von":"Andreas Loos","Gesch\u00e4tzte Lesezeit":"1\u00a0Minute"},"schema":{"@context":"https:\/\/schema.org","@graph":[{"@type":"WebPage","@id":"https:\/\/blog.zeit.de\/teilchen\/2016\/12\/08\/das-gefaellt-pegida-fans\/","url":"https:\/\/blog.zeit.de\/teilchen\/2016\/12\/08\/das-gefaellt-pegida-fans\/","name":"Das gef\u00e4llt Pegida-Fans","isPartOf":{"@id":"https:\/\/blog.zeit.de\/teilchen\/#website"},"datePublished":"2016-12-08T13:50:19+00:00","dateModified":"2016-12-08T13:50:19+00:00","author":{"@id":"https:\/\/blog.zeit.de\/teilchen\/#\/schema\/person\/bd0b7b9a38aaf4100389c417c9ced666"},"description":"Der Bayerische Rundfunk hat ausgewertet, was Pegida-Fans bei Facebook so alles liken. Ergebnis: Der Rechtsradikalismus g\u00e4rt hinter den Bildschirmen.","breadcrumb":{"@id":"https:\/\/blog.zeit.de\/teilchen\/2016\/12\/08\/das-gefaellt-pegida-fans\/#breadcrumb"},"inLanguage":"de","potentialAction":[{"@type":"ReadAction","target":["https:\/\/blog.zeit.de\/teilchen\/2016\/12\/08\/das-gefaellt-pegida-fans\/"]}]},{"@type":"BreadcrumbList","@id":"https:\/\/blog.zeit.de\/teilchen\/2016\/12\/08\/das-gefaellt-pegida-fans\/#breadcrumb","itemListElement":[{"@type":"ListItem","position":1,"name":"Startseite","item":"https:\/\/blog.zeit.de\/teilchen\/"},{"@type":"ListItem","position":2,"name":"Das gef\u00e4llt Pegida-Fans"}]},{"@type":"WebSite","@id":"https:\/\/blog.zeit.de\/teilchen\/#website","url":"https:\/\/blog.zeit.de\/teilchen\/","name":"Teilchen","description":"Im Netz verstecken sich kleine Sch\u00e4tze - ZEIT ONLINE findet sie.","potentialAction":[{"@type":"SearchAction","target":{"@type":"EntryPoint","urlTemplate":"https:\/\/blog.zeit.de\/teilchen\/?s={search_term_string}"},"query-input":"required name=search_term_string"}],"inLanguage":"de"},{"@type":"Person","@id":"https:\/\/blog.zeit.de\/teilchen\/#\/schema\/person\/bd0b7b9a38aaf4100389c417c9ced666","name":"Andreas Loos","image":{"@type":"ImageObject","inLanguage":"de","@id":"https:\/\/blog.zeit.de\/teilchen\/#\/schema\/person\/image\/","url":"https:\/\/secure.gravatar.com\/avatar\/15d394d23ba7b88ccee78e79b57317fe64c570a8190e976f46a248a89efd06dc?s=96&d=mm&r=g","contentUrl":"https:\/\/secure.gravatar.com\/avatar\/15d394d23ba7b88ccee78e79b57317fe64c570a8190e976f46a248a89efd06dc?s=96&d=mm&r=g","caption":"Andreas Loos"},"description":"Journalistik- und Mathematik-\/Physik-Studium. Wissenschaftsjournalist mit Schwerpunkt auf Mathematik. Mehrfach in Teamprojekten mit Preisen ausgezeichnet (Deutscher Reporterpreis, Grimme Online Award, Fellow der Robert Bosch Masterclass Wissenschaftsjournalismus). Seit Mai 2016 bei ZEIT ONLINE. Lebt in Berlin.","url":"https:\/\/blog.zeit.de\/teilchen\/author\/aloos\/"}]}},"jetpack_featured_media_url":"https:\/\/blog.zeit.de\/teilchen\/files\/2016\/12\/br_afd_fans_facebook.png","jetpack_sharing_enabled":true,"_links":{"self":[{"href":"https:\/\/blog.zeit.de\/teilchen\/wp-json\/wp\/v2\/posts\/15598","targetHints":{"allow":["GET"]}}],"collection":[{"href":"https:\/\/blog.zeit.de\/teilchen\/wp-json\/wp\/v2\/posts"}],"about":[{"href":"https:\/\/blog.zeit.de\/teilchen\/wp-json\/wp\/v2\/types\/post"}],"author":[{"embeddable":true,"href":"https:\/\/blog.zeit.de\/teilchen\/wp-json\/wp\/v2\/users\/646"}],"replies":[{"embeddable":true,"href":"https:\/\/blog.zeit.de\/teilchen\/wp-json\/wp\/v2\/comments?post=15598"}],"version-history":[{"count":8,"href":"https:\/\/blog.zeit.de\/teilchen\/wp-json\/wp\/v2\/posts\/15598\/revisions"}],"predecessor-version":[{"id":15607,"href":"https:\/\/blog.zeit.de\/teilchen\/wp-json\/wp\/v2\/posts\/15598\/revisions\/15607"}],"wp:featuredmedia":[{"embeddable":true,"href":"https:\/\/blog.zeit.de\/teilchen\/wp-json\/wp\/v2\/media\/15599"}],"wp:attachment":[{"href":"https:\/\/blog.zeit.de\/teilchen\/wp-json\/wp\/v2\/media?parent=15598"}],"wp:term":[{"taxonomy":"category","embeddable":true,"href":"https:\/\/blog.zeit.de\/teilchen\/wp-json\/wp\/v2\/categories?post=15598"},{"taxonomy":"post_tag","embeddable":true,"href":"https:\/\/blog.zeit.de\/teilchen\/wp-json\/wp\/v2\/tags?post=15598"}],"curies":[{"name":"wp","href":"https:\/\/api.w.org\/{rel}","templated":true}]}}