{"id":16321,"date":"2017-03-08T15:20:33","date_gmt":"2017-03-08T14:20:33","guid":{"rendered":"http:\/\/blog.zeit.de\/teilchen\/?p=16321"},"modified":"2017-03-08T18:01:24","modified_gmt":"2017-03-08T17:01:24","slug":"thomas-hitzlsperger-homosexualitaet-fussball-coming-out","status":"publish","type":"post","link":"https:\/\/blog.zeit.de\/teilchen\/2017\/03\/08\/thomas-hitzlsperger-homosexualitaet-fussball-coming-out\/","title":{"rendered":"Thomas Hitzlsperger erkl\u00e4rt, warum wir \u00fcber Homosexualit\u00e4t sprechen m\u00fcssen"},"content":{"rendered":"<p>https:\/\/www.youtube.com\/watch?v=M6BD-2pLeuM<\/p>\n<p>Es ist eine Frage, die homosexuellen Menschen gerne gestellt wird: Warum m\u00fcsst ihr eigentlich st\u00e4ndig \u00fcber eure Sexualit\u00e4t sprechen? Interessiert doch keinen, wen ihr liebt und warum. In Wahrheit bedeutet das h\u00e4ufig: Bleib mir mit diesem Thema weg. Und eigentlich haben diejenigen, die so etwas sagen, nicht mal unrecht: In einer 100 Prozent toleranten Welt sollte es doch wirklich niemanden interessieren, ob jemand homo, hetero, bi oder was auch immer ist. Wie also reagieren? Die beste Antwort auf diese Frage hat nun Thomas Hitzlsperger gegeben.<\/p>\n<p><!--more--><a href=\"http:\/\/www.zeit.de\/2014\/03\/homosexualitaet-profifussball-thomas-hitzlsperger\" target=\"_blank\">Hitzlsperger, ehemaliger Nationalfu\u00dfballer, hat sich Anfang 2014 in einem Interview mit der ZEIT als schwul geoutet<\/a>. Nun hat er bei einem Kongress der Fifa in Z\u00fcrich (<a href=\"https:\/\/www.youtube.com\/watch?v=k3Aj63ZQrho&amp;feature=player_embedded\" target=\"_blank\">den gesamten Mitschnitt der Konferenz gibt&#8217;s hier<\/a>) eine Frage von Clarence Seedorf zu beantworten. Der ehemalige Fu\u00dfballprofi (unter anderem AC Mailand) steht auf. &#8222;Ich freue mich sehr, dich wiederzusehen&#8220;, sagt Seedorf zu Hitzlsperger \u2013 und fragt dann: &#8222;Ist es wirklich n\u00f6tig, dass ihr \u00fcber eure sexuellen Neigungen sprecht? Heteros tun das doch auch nicht.&#8220;<\/p>\n<p>&#8222;Das ist sehr wichtig&#8220;, antwortet Hitzlsperger. Schlie\u00dflich seien Fu\u00dfballspieler Vorbilder. Und da viele Menschen Probleme mit ihrer eigenen (Homo-)Sexualit\u00e4t h\u00e4tten, sei es hilfreich, wenn prominente Sportler sich zu diesem Thema \u00e4u\u00dferten und \u00fcber ihre Sexualit\u00e4t spr\u00e4chen. Au\u00dferdem habe Seedorf nicht recht, wenn er sage, dass Heterosexualit\u00e4t in der \u00d6ffentlichkeit nicht thematisiert werde. &#8222;Jedes Mal, wenn ich \u00fcber einen Fu\u00dfballer lese, der seine Frau betr\u00fcgt \u2013 sorry, das passiert \u2013, sprechen sie \u00fcber ihre Sexualit\u00e4t.&#8220; Auch wenn Heteros Fotos ihrer Partner auf den Schreibtisch stellen, thematisierten sie ihre Sexualit\u00e4t.<\/p>\n<p>&#8222;Ich w\u00fcnschte, es w\u00e4re kein Problem&#8220;, sagt Hitzlsperger am Ende. &#8222;Aber leider ist es das. Und solange das so ist, m\u00fcssen Menschen dar\u00fcber reden, dass sie homosexuell sind, um anderen Mut zu machen.&#8220;<\/p>\n<p>Am Ende stellt Clarence Seedorf \u00fcbrigens klar, dass es ihn selbst \u00fcberhaupt nicht st\u00f6rt, \u00fcber Homosexualit\u00e4t zu sprechen \u2013 im Gegenteil: &#8222;Das ist das erste Mal, dass ich bei einer Konferenz eine solche Erkl\u00e4rung h\u00f6re. Sonst reden alle nur dar\u00fcber, dass sie die gleichen Rechte wollen. Du aber sprichst \u00fcber das gro\u00dfe Ganze. (&#8230;) Mein Kompliment.&#8220;<\/p>\n<p><em>Weitere <a href=\"https:\/\/blog.zeit.de\/teilchen\/\" target=\"_blank\">Netzfundst\u00fccke gibts im Teilchen-Blog<\/a>.<\/em><\/p>\n","protected":false},"excerpt":{"rendered":"<p>https:\/\/www.youtube.com\/watch?v=M6BD-2pLeuM Es ist eine Frage, die homosexuellen Menschen gerne gestellt wird: Warum m\u00fcsst ihr eigentlich st\u00e4ndig \u00fcber eure Sexualit\u00e4t sprechen? Interessiert doch keinen, wen [\u2026]<\/p>\n","protected":false},"author":556,"featured_media":16322,"comment_status":"open","ping_status":"closed","sticky":false,"template":"","format":"standard","meta":{"_jetpack_memberships_contains_paid_content":false,"footnotes":""},"categories":[28],"tags":[],"class_list":["post-16321","post","type-post","status-publish","format-standard","has-post-thumbnail","hentry","category-video"],"yoast_head":"<!-- This site is optimized with the Yoast SEO plugin v21.0 - https:\/\/yoast.com\/wordpress\/plugins\/seo\/ -->\n<title>Thomas Hitzlsperger erkl\u00e4rt, warum wir \u00fcber Homosexualit\u00e4t sprechen m\u00fcssen<\/title>\n<meta name=\"description\" content=\"&quot;Ich w\u00fcnschte, es w\u00e4re kein Problem&quot;, sagt Thomas Hitzlsperger und beantwortet damit eine anklagende Frage seines Kollegen Clarence Seedorf.\" \/>\n<meta name=\"robots\" content=\"index, follow, max-snippet:-1, max-image-preview:large, max-video-preview:-1\" \/>\n<link rel=\"canonical\" href=\"https:\/\/blog.zeit.de\/teilchen\/2017\/03\/08\/thomas-hitzlsperger-homosexualitaet-fussball-coming-out\/\" \/>\n<meta property=\"og:locale\" content=\"de_DE\" \/>\n<meta property=\"og:type\" content=\"article\" \/>\n<meta property=\"og:title\" content=\"Thomas Hitzlsperger erkl\u00e4rt, warum wir \u00fcber Homosexualit\u00e4t sprechen m\u00fcssen\" \/>\n<meta property=\"og:description\" content=\"&quot;Ich w\u00fcnschte, es w\u00e4re kein Problem&quot;, sagt Thomas Hitzlsperger und beantwortet damit eine anklagende Frage seines Kollegen Clarence Seedorf.\" \/>\n<meta property=\"og:url\" content=\"https:\/\/blog.zeit.de\/teilchen\/2017\/03\/08\/thomas-hitzlsperger-homosexualitaet-fussball-coming-out\/\" \/>\n<meta property=\"og:site_name\" content=\"Teilchen\" \/>\n<meta property=\"article:published_time\" content=\"2017-03-08T14:20:33+00:00\" \/>\n<meta property=\"article:modified_time\" content=\"2017-03-08T17:01:24+00:00\" \/>\n<meta property=\"og:image\" content=\"https:\/\/blog.zeit.de\/teilchen\/files\/2017\/03\/Bildschirmfoto-2017-03-08-um-14.33.26.png\" \/>\n\t<meta property=\"og:image:width\" content=\"845\" \/>\n\t<meta property=\"og:image:height\" content=\"473\" \/>\n\t<meta property=\"og:image:type\" content=\"image\/png\" \/>\n<meta name=\"author\" content=\"Tobias Dorfer\" \/>\n<meta name=\"twitter:card\" content=\"summary_large_image\" \/>\n<meta name=\"twitter:image\" content=\"https:\/\/blog.zeit.de\/teilchen\/files\/2017\/03\/Bildschirmfoto-2017-03-08-um-14.33.26.png\" \/>\n<meta name=\"twitter:creator\" content=\"@tobiasdorfer\" \/>\n<meta name=\"twitter:site\" content=\"@zeitonline\" \/>\n<meta name=\"twitter:label1\" content=\"Geschrieben von\" \/>\n\t<meta name=\"twitter:data1\" content=\"Tobias Dorfer\" \/>\n\t<meta name=\"twitter:label2\" content=\"Gesch\u00e4tzte Lesezeit\" \/>\n\t<meta name=\"twitter:data2\" content=\"2\u00a0Minuten\" \/>\n<script type=\"application\/ld+json\" class=\"yoast-schema-graph\">{\"@context\":\"https:\/\/schema.org\",\"@graph\":[{\"@type\":\"WebPage\",\"@id\":\"https:\/\/blog.zeit.de\/teilchen\/2017\/03\/08\/thomas-hitzlsperger-homosexualitaet-fussball-coming-out\/\",\"url\":\"https:\/\/blog.zeit.de\/teilchen\/2017\/03\/08\/thomas-hitzlsperger-homosexualitaet-fussball-coming-out\/\",\"name\":\"Thomas Hitzlsperger erkl\u00e4rt, warum wir \u00fcber Homosexualit\u00e4t sprechen m\u00fcssen\",\"isPartOf\":{\"@id\":\"https:\/\/blog.zeit.de\/teilchen\/#website\"},\"datePublished\":\"2017-03-08T14:20:33+00:00\",\"dateModified\":\"2017-03-08T17:01:24+00:00\",\"author\":{\"@id\":\"https:\/\/blog.zeit.de\/teilchen\/#\/schema\/person\/e90ba849254185115fd919d4fad07dc0\"},\"description\":\"\\\"Ich w\u00fcnschte, es w\u00e4re kein Problem\\\", sagt Thomas Hitzlsperger und beantwortet damit eine anklagende Frage seines Kollegen Clarence Seedorf.\",\"breadcrumb\":{\"@id\":\"https:\/\/blog.zeit.de\/teilchen\/2017\/03\/08\/thomas-hitzlsperger-homosexualitaet-fussball-coming-out\/#breadcrumb\"},\"inLanguage\":\"de\",\"potentialAction\":[{\"@type\":\"ReadAction\",\"target\":[\"https:\/\/blog.zeit.de\/teilchen\/2017\/03\/08\/thomas-hitzlsperger-homosexualitaet-fussball-coming-out\/\"]}]},{\"@type\":\"BreadcrumbList\",\"@id\":\"https:\/\/blog.zeit.de\/teilchen\/2017\/03\/08\/thomas-hitzlsperger-homosexualitaet-fussball-coming-out\/#breadcrumb\",\"itemListElement\":[{\"@type\":\"ListItem\",\"position\":1,\"name\":\"Startseite\",\"item\":\"https:\/\/blog.zeit.de\/teilchen\/\"},{\"@type\":\"ListItem\",\"position\":2,\"name\":\"Thomas Hitzlsperger erkl\u00e4rt, warum wir \u00fcber Homosexualit\u00e4t sprechen m\u00fcssen\"}]},{\"@type\":\"WebSite\",\"@id\":\"https:\/\/blog.zeit.de\/teilchen\/#website\",\"url\":\"https:\/\/blog.zeit.de\/teilchen\/\",\"name\":\"Teilchen\",\"description\":\"Im Netz verstecken sich kleine Sch\u00e4tze - ZEIT ONLINE findet sie.\",\"potentialAction\":[{\"@type\":\"SearchAction\",\"target\":{\"@type\":\"EntryPoint\",\"urlTemplate\":\"https:\/\/blog.zeit.de\/teilchen\/?s={search_term_string}\"},\"query-input\":\"required name=search_term_string\"}],\"inLanguage\":\"de\"},{\"@type\":\"Person\",\"@id\":\"https:\/\/blog.zeit.de\/teilchen\/#\/schema\/person\/e90ba849254185115fd919d4fad07dc0\",\"name\":\"Tobias Dorfer\",\"image\":{\"@type\":\"ImageObject\",\"inLanguage\":\"de\",\"@id\":\"https:\/\/blog.zeit.de\/teilchen\/#\/schema\/person\/image\/\",\"url\":\"https:\/\/secure.gravatar.com\/avatar\/0021e1a3fe9f799912804bcca6f1bcbbe58ee3bf29c8f714a0f453695a888d0a?s=96&d=mm&r=g\",\"contentUrl\":\"https:\/\/secure.gravatar.com\/avatar\/0021e1a3fe9f799912804bcca6f1bcbbe58ee3bf29c8f714a0f453695a888d0a?s=96&d=mm&r=g\",\"caption\":\"Tobias Dorfer\"},\"description\":\"Teamleiter Social Media bei ZEIT ONLINE. Zuvor sieben Jahre bei S\u00fcddeutsche.de, als Redakteur im Wirtschafts- und Regional-Ressort sowie Editorial SEO. Ausbildung an der Deutschen Journalistenschule in M\u00fcnchen mit Hospitanzen bei S\u00fcddeutsche Zeitung, SPIEGEL und SPIEGEL Online.\",\"sameAs\":[\"https:\/\/twitter.com\/tobiasdorfer\"],\"url\":\"https:\/\/blog.zeit.de\/teilchen\/author\/tdorfer\/\"}]}<\/script>\n<!-- \/ Yoast SEO plugin. -->","yoast_head_json":{"title":"Thomas Hitzlsperger erkl\u00e4rt, warum wir \u00fcber Homosexualit\u00e4t sprechen m\u00fcssen","description":"\"Ich w\u00fcnschte, es w\u00e4re kein Problem\", sagt Thomas Hitzlsperger und beantwortet damit eine anklagende Frage seines Kollegen Clarence Seedorf.","robots":{"index":"index","follow":"follow","max-snippet":"max-snippet:-1","max-image-preview":"max-image-preview:large","max-video-preview":"max-video-preview:-1"},"canonical":"https:\/\/blog.zeit.de\/teilchen\/2017\/03\/08\/thomas-hitzlsperger-homosexualitaet-fussball-coming-out\/","og_locale":"de_DE","og_type":"article","og_title":"Thomas Hitzlsperger erkl\u00e4rt, warum wir \u00fcber Homosexualit\u00e4t sprechen m\u00fcssen","og_description":"\"Ich w\u00fcnschte, es w\u00e4re kein Problem\", sagt Thomas Hitzlsperger und beantwortet damit eine anklagende Frage seines Kollegen Clarence Seedorf.","og_url":"https:\/\/blog.zeit.de\/teilchen\/2017\/03\/08\/thomas-hitzlsperger-homosexualitaet-fussball-coming-out\/","og_site_name":"Teilchen","article_published_time":"2017-03-08T14:20:33+00:00","article_modified_time":"2017-03-08T17:01:24+00:00","og_image":[{"width":845,"height":473,"url":"https:\/\/blog.zeit.de\/teilchen\/files\/2017\/03\/Bildschirmfoto-2017-03-08-um-14.33.26.png","type":"image\/png"}],"author":"Tobias Dorfer","twitter_card":"summary_large_image","twitter_image":"https:\/\/blog.zeit.de\/teilchen\/files\/2017\/03\/Bildschirmfoto-2017-03-08-um-14.33.26.png","twitter_creator":"@tobiasdorfer","twitter_site":"@zeitonline","twitter_misc":{"Geschrieben von":"Tobias Dorfer","Gesch\u00e4tzte Lesezeit":"2\u00a0Minuten"},"schema":{"@context":"https:\/\/schema.org","@graph":[{"@type":"WebPage","@id":"https:\/\/blog.zeit.de\/teilchen\/2017\/03\/08\/thomas-hitzlsperger-homosexualitaet-fussball-coming-out\/","url":"https:\/\/blog.zeit.de\/teilchen\/2017\/03\/08\/thomas-hitzlsperger-homosexualitaet-fussball-coming-out\/","name":"Thomas Hitzlsperger erkl\u00e4rt, warum wir \u00fcber Homosexualit\u00e4t sprechen m\u00fcssen","isPartOf":{"@id":"https:\/\/blog.zeit.de\/teilchen\/#website"},"datePublished":"2017-03-08T14:20:33+00:00","dateModified":"2017-03-08T17:01:24+00:00","author":{"@id":"https:\/\/blog.zeit.de\/teilchen\/#\/schema\/person\/e90ba849254185115fd919d4fad07dc0"},"description":"\"Ich w\u00fcnschte, es w\u00e4re kein Problem\", sagt Thomas Hitzlsperger und beantwortet damit eine anklagende Frage seines Kollegen Clarence Seedorf.","breadcrumb":{"@id":"https:\/\/blog.zeit.de\/teilchen\/2017\/03\/08\/thomas-hitzlsperger-homosexualitaet-fussball-coming-out\/#breadcrumb"},"inLanguage":"de","potentialAction":[{"@type":"ReadAction","target":["https:\/\/blog.zeit.de\/teilchen\/2017\/03\/08\/thomas-hitzlsperger-homosexualitaet-fussball-coming-out\/"]}]},{"@type":"BreadcrumbList","@id":"https:\/\/blog.zeit.de\/teilchen\/2017\/03\/08\/thomas-hitzlsperger-homosexualitaet-fussball-coming-out\/#breadcrumb","itemListElement":[{"@type":"ListItem","position":1,"name":"Startseite","item":"https:\/\/blog.zeit.de\/teilchen\/"},{"@type":"ListItem","position":2,"name":"Thomas Hitzlsperger erkl\u00e4rt, warum wir \u00fcber Homosexualit\u00e4t sprechen m\u00fcssen"}]},{"@type":"WebSite","@id":"https:\/\/blog.zeit.de\/teilchen\/#website","url":"https:\/\/blog.zeit.de\/teilchen\/","name":"Teilchen","description":"Im Netz verstecken sich kleine Sch\u00e4tze - ZEIT ONLINE findet sie.","potentialAction":[{"@type":"SearchAction","target":{"@type":"EntryPoint","urlTemplate":"https:\/\/blog.zeit.de\/teilchen\/?s={search_term_string}"},"query-input":"required name=search_term_string"}],"inLanguage":"de"},{"@type":"Person","@id":"https:\/\/blog.zeit.de\/teilchen\/#\/schema\/person\/e90ba849254185115fd919d4fad07dc0","name":"Tobias Dorfer","image":{"@type":"ImageObject","inLanguage":"de","@id":"https:\/\/blog.zeit.de\/teilchen\/#\/schema\/person\/image\/","url":"https:\/\/secure.gravatar.com\/avatar\/0021e1a3fe9f799912804bcca6f1bcbbe58ee3bf29c8f714a0f453695a888d0a?s=96&d=mm&r=g","contentUrl":"https:\/\/secure.gravatar.com\/avatar\/0021e1a3fe9f799912804bcca6f1bcbbe58ee3bf29c8f714a0f453695a888d0a?s=96&d=mm&r=g","caption":"Tobias Dorfer"},"description":"Teamleiter Social Media bei ZEIT ONLINE. Zuvor sieben Jahre bei S\u00fcddeutsche.de, als Redakteur im Wirtschafts- und Regional-Ressort sowie Editorial SEO. Ausbildung an der Deutschen Journalistenschule in M\u00fcnchen mit Hospitanzen bei S\u00fcddeutsche Zeitung, SPIEGEL und SPIEGEL Online.","sameAs":["https:\/\/twitter.com\/tobiasdorfer"],"url":"https:\/\/blog.zeit.de\/teilchen\/author\/tdorfer\/"}]}},"jetpack_featured_media_url":"https:\/\/blog.zeit.de\/teilchen\/files\/2017\/03\/Bildschirmfoto-2017-03-08-um-14.33.26.png","jetpack_sharing_enabled":true,"_links":{"self":[{"href":"https:\/\/blog.zeit.de\/teilchen\/wp-json\/wp\/v2\/posts\/16321","targetHints":{"allow":["GET"]}}],"collection":[{"href":"https:\/\/blog.zeit.de\/teilchen\/wp-json\/wp\/v2\/posts"}],"about":[{"href":"https:\/\/blog.zeit.de\/teilchen\/wp-json\/wp\/v2\/types\/post"}],"author":[{"embeddable":true,"href":"https:\/\/blog.zeit.de\/teilchen\/wp-json\/wp\/v2\/users\/556"}],"replies":[{"embeddable":true,"href":"https:\/\/blog.zeit.de\/teilchen\/wp-json\/wp\/v2\/comments?post=16321"}],"version-history":[{"count":6,"href":"https:\/\/blog.zeit.de\/teilchen\/wp-json\/wp\/v2\/posts\/16321\/revisions"}],"predecessor-version":[{"id":16329,"href":"https:\/\/blog.zeit.de\/teilchen\/wp-json\/wp\/v2\/posts\/16321\/revisions\/16329"}],"wp:featuredmedia":[{"embeddable":true,"href":"https:\/\/blog.zeit.de\/teilchen\/wp-json\/wp\/v2\/media\/16322"}],"wp:attachment":[{"href":"https:\/\/blog.zeit.de\/teilchen\/wp-json\/wp\/v2\/media?parent=16321"}],"wp:term":[{"taxonomy":"category","embeddable":true,"href":"https:\/\/blog.zeit.de\/teilchen\/wp-json\/wp\/v2\/categories?post=16321"},{"taxonomy":"post_tag","embeddable":true,"href":"https:\/\/blog.zeit.de\/teilchen\/wp-json\/wp\/v2\/tags?post=16321"}],"curies":[{"name":"wp","href":"https:\/\/api.w.org\/{rel}","templated":true}]}}