{"id":16456,"date":"2017-03-15T11:38:33","date_gmt":"2017-03-15T10:38:33","guid":{"rendered":"http:\/\/blog.zeit.de\/teilchen\/?p=16456"},"modified":"2017-03-15T12:50:15","modified_gmt":"2017-03-15T11:50:15","slug":"melanie-segard-down-syndrom-wetterfee-france-2","status":"publish","type":"post","link":"https:\/\/blog.zeit.de\/teilchen\/2017\/03\/15\/melanie-segard-down-syndrom-wetterfee-france-2\/","title":{"rendered":"Am Wochenende wird&#8217;s sch\u00f6n \u2013 dank M\u00e9lanie S\u00e9gard"},"content":{"rendered":"<div class=\"fb-video\" data-allowfullscreen=\"true\" data-href=\"https:\/\/www.facebook.com\/france2\/videos\/10155879800157598\/\" style=\"background-color: #fff; display: inline-block;\"><\/div>\n<p>An diesem Dienstagabend ist der Wetterbericht auf France 2 ein ganz besonderer. Kurz nach 20:35 Uhr, das Hauptnachrichtenmagazin des Fernsehsenders ist gerade zu Ende, tritt eine besondere junge Frau vor die Kamera. Sie wollte schon immer mal Wetterfee sein. Jetzt wird ihr Wunsch wahr.<\/p>\n<p><!--more-->Begr\u00fc\u00dft werden die Zuschauer zun\u00e4chst von der bekannten Moderatorin Ana\u00efs Baydemir. Es wird w\u00e4rmer am Mittwoch, bis zu 20 Grad an der Mittelmeerk\u00fcste. Im Norden zum Tagesbeginn wolkig, im S\u00fcden sonniger. So weit, so gut. Dann folgen die weiteren Aussichten f\u00fcrs Wochenende \u2013 mit &#8222;unserem Ehrengast&#8220; M\u00e9lanie S\u00e9gard. Die 21-J\u00e4hrige besitzt drei Exemplare des Chromosoms 21, \u00fcblicherweise hat jeder Mensch nur zwei. Eines von 700 Neugeborenen kommt sch\u00e4tzungsweise mit dem Down-Syndrom zur Welt.<\/p>\n<p>M\u00e9lanie S\u00e9gard will zeigen, dass die genetische Besonderheit einer TV-Karriere nicht im Wege stehen muss. Mit selbstbewusstem Schritt, als h\u00e4tte sie nie etwas anderes gemacht, als vor einer Kamera zu stehen, kommt sie ins Studio und tr\u00e4gt die Vorhersage f\u00fcr Samstag und Sonntag vor. Es ist die perfekte Fernsehpremiere. Kein Versprecher, die neue Moderatorin ist sehr gut vorbereitet. Zum Schluss umarmen sich die beiden Frauen \u2013 dann wird noch einer der Lieblingssongs von M\u00e9lanie S\u00e9gard gespielt: <a href=\"https:\/\/www.youtube.com\/watch?v=PCuJguybz5Y\" target=\"_blank\"><em>Sous le vent<\/em> von Garou und C\u00e9line Dion<\/a>. 5,3 Millionen Zuschauer sehen den Auftritt, <a href=\"http:\/\/tvmag.lefigaro.fr\/programme-tv\/record-d-audience-pour-la-meteo-de-melanie-segard_da8c9a5e-0958-11e7-9e67-f673f4d99eca\/\" target=\"_blank\">es ist die h\u00f6chste Einschaltquote f\u00fcr das France-2-Wetter seit Monaten.<\/a><\/p>\n<p>Angefangen hat alles auf Facebook. M\u00e9lanie, die schon immer den Wunsch hatte, ein Mal Wetterfee zu sein, wird unterst\u00fctzt <a href=\"http:\/\/www.unapei.org\/\">vom franz\u00f6sischen Verband Unapei<\/a>, der sich unter anderem um die Belange von Menschen mit Down-Syndrom k\u00fcmmert. Unapei rief die Kampagne <em>Melanie peut le faire<\/em> (&#8222;M\u00e9lanie kann das&#8220;) ins Leben. Im ersten Posting vom 27. Februar erz\u00e4hlte die 21-J\u00e4hrige von ihrem Traum.<\/p>\n<style>.embed-container { position: relative; padding-bottom: 92.77%; height: 0; overflow: hidden; max-width: 100%; } .embed-container iframe, .embed-container object, .embed-container embed { position: absolute; top: 0; left: 0; width: 100%; height: 100%; }<\/style>\n<div class='embed-container'>\n\n<div class=\"embed-wrapper embed-wrapper--blocked js-embed-consent\" data-method=\"iframe\">\n<script class=\"raw__source\" type=\"text\/template\"><iframe src='https:\/\/www.facebook.com\/plugins\/video.php?href=https%3A%2F%2Fwww.facebook.com%2Fmelaniepeutlefaire%2Fvideos%2F375044889533917%2F&show_text=0&width=560' width='560' height='315' style='border:none;overflow:hidden' scrolling='no' frameborder='0' allowTransparency='true' allowFullScreen='true'><\/iframe><\/script>\n<div class=\"embed-wrapper__inner\">\n<div class=\"embed-wrapper__text\">\n<h3>Empfohlener redaktioneller Inhalt<\/h3>\n<p data-replace=\"no\">An dieser Stelle finden Sie externen Inhalt, der den Artikel erg\u00e4nzt. Sie k\u00f6nnen sich externe Inhalte mit einem Klick anzeigen lassen und wieder ausblenden.<noscript>Bitte aktivieren Sie JavaScript damit Sie diesen Inhalt anzeigen k\u00f6nnen.<\/noscript><\/p>\n<\/div>\n<div class=\"embed-consent\">\n<label class=\"embed-consent__toggle\">\n<input class=\"js-embed-consent__toggle\" type=\"checkbox\" autocomplete=\"off\">\n<span><\/span>\nExterner Inhalt\n<\/label>\n<a href=\"https:\/\/www.zeit.de\/hilfe\/datenschutz\" target=\"_blank\" class=\"embed-consent__datalink-when-active\">Datenschutzerkl\u00e4rung<\/a>\n<\/div>\n<div class=\"embed-wrapper__footer\">\n<p data-replace=\"no\">\nIch bin damit einverstanden, dass mir externe Inhalte angezeigt werden. Damit k\u00f6nnen personenbezogene Daten an Drittplattformen \u00fcbermittelt werden. <a href=\"https:\/\/www.zeit.de\/hilfe\/datenschutz\" target=\"_blank\">Mehr dazu in unserer Datenschutzerkl\u00e4rung.<\/a>\n<\/p>\n<\/div>\n<\/div>\n<\/div>\n<\/div>\n<p>Die 100.000 Likes hatte sie rasch beisammen. Zwei Wochen sp\u00e4ter wurde ihr Traum dann wahr. Und vielleicht war ihr Auftritt bei France 2 ja nur der Beginn einer TV-Karriere.<\/p>\n<p>Weitere Texte zum Down-Syndrom gibt es auf ZEIT ONLINE:<\/p>\n<ul>\n<li><em>Zwei Jungen mit Down-Syndrom: Benjamin lebt, Luca ist tot. Entschieden haben das ihre Eltern. Lesen Sie noch einmal unsere Reportage \u00fcber ein Dilemma, <a href=\"http:\/\/www.zeit.de\/feature\/down-syndrom-praenataldiagnostik-bluttest-entscheidung\" target=\"_blank\">in das Tests vor der Geburt immer mehr Paare st\u00fcrzen<\/a>.<\/em><\/li>\n<li><em>Hier geht&#8217;s zu <a href=\"http:\/\/www.zeit.de\/thema\/down-syndrom\" target=\"_blank\">unserer Themenseite zum Down-Syndrom<\/a><\/em><\/li>\n<\/ul>\n<p><em>Weitere <a href=\"https:\/\/blog.zeit.de\/teilchen\/\" target=\"_blank\">Netzfundst\u00fccke finden Sie hier<\/a>.<\/em><\/p>\n","protected":false},"excerpt":{"rendered":"<p>An diesem Dienstagabend ist der Wetterbericht auf France 2 ein ganz besonderer. Kurz nach 20:35 Uhr, das Hauptnachrichtenmagazin des Fernsehsenders ist gerade zu Ende, [\u2026]<\/p>\n","protected":false},"author":556,"featured_media":16466,"comment_status":"open","ping_status":"closed","sticky":false,"template":"","format":"standard","meta":{"_jetpack_memberships_contains_paid_content":false,"footnotes":""},"categories":[28],"tags":[],"class_list":["post-16456","post","type-post","status-publish","format-standard","has-post-thumbnail","hentry","category-video"],"yoast_head":"<!-- This site is optimized with the Yoast SEO plugin v21.0 - https:\/\/yoast.com\/wordpress\/plugins\/seo\/ -->\n<title>Am Wochenende wird&#039;s sch\u00f6n \u2013 dank M\u00e9lanie S\u00e9gard<\/title>\n<meta name=\"description\" content=\"M\u00e9lanie S\u00e9gard wollte schon immer mal Wetterfee sein. Jetzt wird ihr Wunsch wahr.\" \/>\n<meta name=\"robots\" content=\"index, follow, max-snippet:-1, max-image-preview:large, max-video-preview:-1\" \/>\n<link rel=\"canonical\" href=\"https:\/\/blog.zeit.de\/teilchen\/2017\/03\/15\/melanie-segard-down-syndrom-wetterfee-france-2\/\" \/>\n<meta property=\"og:locale\" content=\"de_DE\" \/>\n<meta property=\"og:type\" content=\"article\" \/>\n<meta property=\"og:title\" content=\"Am Wochenende wird&#039;s sch\u00f6n \u2013 dank M\u00e9lanie S\u00e9gard\" \/>\n<meta property=\"og:description\" content=\"M\u00e9lanie S\u00e9gard wollte schon immer mal Wetterfee sein. Jetzt wird ihr Wunsch wahr.\" \/>\n<meta property=\"og:url\" content=\"https:\/\/blog.zeit.de\/teilchen\/2017\/03\/15\/melanie-segard-down-syndrom-wetterfee-france-2\/\" \/>\n<meta property=\"og:site_name\" content=\"Teilchen\" \/>\n<meta property=\"article:published_time\" content=\"2017-03-15T10:38:33+00:00\" \/>\n<meta property=\"article:modified_time\" content=\"2017-03-15T11:50:15+00:00\" \/>\n<meta property=\"og:image\" content=\"https:\/\/blog.zeit.de\/teilchen\/files\/2017\/03\/Bildschirmfoto-2017-03-15-um-11.01.29.png\" \/>\n\t<meta property=\"og:image:width\" content=\"843\" \/>\n\t<meta property=\"og:image:height\" content=\"471\" \/>\n\t<meta property=\"og:image:type\" content=\"image\/png\" \/>\n<meta name=\"author\" content=\"Tobias Dorfer\" \/>\n<meta name=\"twitter:card\" content=\"summary_large_image\" \/>\n<meta name=\"twitter:image\" content=\"https:\/\/blog.zeit.de\/teilchen\/files\/2017\/03\/Bildschirmfoto-2017-03-15-um-11.01.29.png\" \/>\n<meta name=\"twitter:creator\" content=\"@tobiasdorfer\" \/>\n<meta name=\"twitter:site\" content=\"@zeitonline\" \/>\n<meta name=\"twitter:label1\" content=\"Geschrieben von\" \/>\n\t<meta name=\"twitter:data1\" content=\"Tobias Dorfer\" \/>\n\t<meta name=\"twitter:label2\" content=\"Gesch\u00e4tzte Lesezeit\" \/>\n\t<meta name=\"twitter:data2\" content=\"2\u00a0Minuten\" \/>\n<script type=\"application\/ld+json\" class=\"yoast-schema-graph\">{\"@context\":\"https:\/\/schema.org\",\"@graph\":[{\"@type\":\"WebPage\",\"@id\":\"https:\/\/blog.zeit.de\/teilchen\/2017\/03\/15\/melanie-segard-down-syndrom-wetterfee-france-2\/\",\"url\":\"https:\/\/blog.zeit.de\/teilchen\/2017\/03\/15\/melanie-segard-down-syndrom-wetterfee-france-2\/\",\"name\":\"Am Wochenende wird's sch\u00f6n \u2013 dank M\u00e9lanie S\u00e9gard\",\"isPartOf\":{\"@id\":\"https:\/\/blog.zeit.de\/teilchen\/#website\"},\"datePublished\":\"2017-03-15T10:38:33+00:00\",\"dateModified\":\"2017-03-15T11:50:15+00:00\",\"author\":{\"@id\":\"https:\/\/blog.zeit.de\/teilchen\/#\/schema\/person\/e90ba849254185115fd919d4fad07dc0\"},\"description\":\"M\u00e9lanie S\u00e9gard wollte schon immer mal Wetterfee sein. Jetzt wird ihr Wunsch wahr.\",\"breadcrumb\":{\"@id\":\"https:\/\/blog.zeit.de\/teilchen\/2017\/03\/15\/melanie-segard-down-syndrom-wetterfee-france-2\/#breadcrumb\"},\"inLanguage\":\"de\",\"potentialAction\":[{\"@type\":\"ReadAction\",\"target\":[\"https:\/\/blog.zeit.de\/teilchen\/2017\/03\/15\/melanie-segard-down-syndrom-wetterfee-france-2\/\"]}]},{\"@type\":\"BreadcrumbList\",\"@id\":\"https:\/\/blog.zeit.de\/teilchen\/2017\/03\/15\/melanie-segard-down-syndrom-wetterfee-france-2\/#breadcrumb\",\"itemListElement\":[{\"@type\":\"ListItem\",\"position\":1,\"name\":\"Startseite\",\"item\":\"https:\/\/blog.zeit.de\/teilchen\/\"},{\"@type\":\"ListItem\",\"position\":2,\"name\":\"Am Wochenende wird&#8217;s sch\u00f6n \u2013 dank M\u00e9lanie S\u00e9gard\"}]},{\"@type\":\"WebSite\",\"@id\":\"https:\/\/blog.zeit.de\/teilchen\/#website\",\"url\":\"https:\/\/blog.zeit.de\/teilchen\/\",\"name\":\"Teilchen\",\"description\":\"Im Netz verstecken sich kleine Sch\u00e4tze - ZEIT ONLINE findet sie.\",\"potentialAction\":[{\"@type\":\"SearchAction\",\"target\":{\"@type\":\"EntryPoint\",\"urlTemplate\":\"https:\/\/blog.zeit.de\/teilchen\/?s={search_term_string}\"},\"query-input\":\"required name=search_term_string\"}],\"inLanguage\":\"de\"},{\"@type\":\"Person\",\"@id\":\"https:\/\/blog.zeit.de\/teilchen\/#\/schema\/person\/e90ba849254185115fd919d4fad07dc0\",\"name\":\"Tobias Dorfer\",\"image\":{\"@type\":\"ImageObject\",\"inLanguage\":\"de\",\"@id\":\"https:\/\/blog.zeit.de\/teilchen\/#\/schema\/person\/image\/\",\"url\":\"https:\/\/secure.gravatar.com\/avatar\/0021e1a3fe9f799912804bcca6f1bcbbe58ee3bf29c8f714a0f453695a888d0a?s=96&d=mm&r=g\",\"contentUrl\":\"https:\/\/secure.gravatar.com\/avatar\/0021e1a3fe9f799912804bcca6f1bcbbe58ee3bf29c8f714a0f453695a888d0a?s=96&d=mm&r=g\",\"caption\":\"Tobias Dorfer\"},\"description\":\"Teamleiter Social Media bei ZEIT ONLINE. Zuvor sieben Jahre bei S\u00fcddeutsche.de, als Redakteur im Wirtschafts- und Regional-Ressort sowie Editorial SEO. Ausbildung an der Deutschen Journalistenschule in M\u00fcnchen mit Hospitanzen bei S\u00fcddeutsche Zeitung, SPIEGEL und SPIEGEL Online.\",\"sameAs\":[\"https:\/\/twitter.com\/tobiasdorfer\"],\"url\":\"https:\/\/blog.zeit.de\/teilchen\/author\/tdorfer\/\"}]}<\/script>\n<!-- \/ Yoast SEO plugin. -->","yoast_head_json":{"title":"Am Wochenende wird's sch\u00f6n \u2013 dank M\u00e9lanie S\u00e9gard","description":"M\u00e9lanie S\u00e9gard wollte schon immer mal Wetterfee sein. Jetzt wird ihr Wunsch wahr.","robots":{"index":"index","follow":"follow","max-snippet":"max-snippet:-1","max-image-preview":"max-image-preview:large","max-video-preview":"max-video-preview:-1"},"canonical":"https:\/\/blog.zeit.de\/teilchen\/2017\/03\/15\/melanie-segard-down-syndrom-wetterfee-france-2\/","og_locale":"de_DE","og_type":"article","og_title":"Am Wochenende wird's sch\u00f6n \u2013 dank M\u00e9lanie S\u00e9gard","og_description":"M\u00e9lanie S\u00e9gard wollte schon immer mal Wetterfee sein. Jetzt wird ihr Wunsch wahr.","og_url":"https:\/\/blog.zeit.de\/teilchen\/2017\/03\/15\/melanie-segard-down-syndrom-wetterfee-france-2\/","og_site_name":"Teilchen","article_published_time":"2017-03-15T10:38:33+00:00","article_modified_time":"2017-03-15T11:50:15+00:00","og_image":[{"width":843,"height":471,"url":"https:\/\/blog.zeit.de\/teilchen\/files\/2017\/03\/Bildschirmfoto-2017-03-15-um-11.01.29.png","type":"image\/png"}],"author":"Tobias Dorfer","twitter_card":"summary_large_image","twitter_image":"https:\/\/blog.zeit.de\/teilchen\/files\/2017\/03\/Bildschirmfoto-2017-03-15-um-11.01.29.png","twitter_creator":"@tobiasdorfer","twitter_site":"@zeitonline","twitter_misc":{"Geschrieben von":"Tobias Dorfer","Gesch\u00e4tzte Lesezeit":"2\u00a0Minuten"},"schema":{"@context":"https:\/\/schema.org","@graph":[{"@type":"WebPage","@id":"https:\/\/blog.zeit.de\/teilchen\/2017\/03\/15\/melanie-segard-down-syndrom-wetterfee-france-2\/","url":"https:\/\/blog.zeit.de\/teilchen\/2017\/03\/15\/melanie-segard-down-syndrom-wetterfee-france-2\/","name":"Am Wochenende wird's sch\u00f6n \u2013 dank M\u00e9lanie S\u00e9gard","isPartOf":{"@id":"https:\/\/blog.zeit.de\/teilchen\/#website"},"datePublished":"2017-03-15T10:38:33+00:00","dateModified":"2017-03-15T11:50:15+00:00","author":{"@id":"https:\/\/blog.zeit.de\/teilchen\/#\/schema\/person\/e90ba849254185115fd919d4fad07dc0"},"description":"M\u00e9lanie S\u00e9gard wollte schon immer mal Wetterfee sein. Jetzt wird ihr Wunsch wahr.","breadcrumb":{"@id":"https:\/\/blog.zeit.de\/teilchen\/2017\/03\/15\/melanie-segard-down-syndrom-wetterfee-france-2\/#breadcrumb"},"inLanguage":"de","potentialAction":[{"@type":"ReadAction","target":["https:\/\/blog.zeit.de\/teilchen\/2017\/03\/15\/melanie-segard-down-syndrom-wetterfee-france-2\/"]}]},{"@type":"BreadcrumbList","@id":"https:\/\/blog.zeit.de\/teilchen\/2017\/03\/15\/melanie-segard-down-syndrom-wetterfee-france-2\/#breadcrumb","itemListElement":[{"@type":"ListItem","position":1,"name":"Startseite","item":"https:\/\/blog.zeit.de\/teilchen\/"},{"@type":"ListItem","position":2,"name":"Am Wochenende wird&#8217;s sch\u00f6n \u2013 dank M\u00e9lanie S\u00e9gard"}]},{"@type":"WebSite","@id":"https:\/\/blog.zeit.de\/teilchen\/#website","url":"https:\/\/blog.zeit.de\/teilchen\/","name":"Teilchen","description":"Im Netz verstecken sich kleine Sch\u00e4tze - ZEIT ONLINE findet sie.","potentialAction":[{"@type":"SearchAction","target":{"@type":"EntryPoint","urlTemplate":"https:\/\/blog.zeit.de\/teilchen\/?s={search_term_string}"},"query-input":"required name=search_term_string"}],"inLanguage":"de"},{"@type":"Person","@id":"https:\/\/blog.zeit.de\/teilchen\/#\/schema\/person\/e90ba849254185115fd919d4fad07dc0","name":"Tobias Dorfer","image":{"@type":"ImageObject","inLanguage":"de","@id":"https:\/\/blog.zeit.de\/teilchen\/#\/schema\/person\/image\/","url":"https:\/\/secure.gravatar.com\/avatar\/0021e1a3fe9f799912804bcca6f1bcbbe58ee3bf29c8f714a0f453695a888d0a?s=96&d=mm&r=g","contentUrl":"https:\/\/secure.gravatar.com\/avatar\/0021e1a3fe9f799912804bcca6f1bcbbe58ee3bf29c8f714a0f453695a888d0a?s=96&d=mm&r=g","caption":"Tobias Dorfer"},"description":"Teamleiter Social Media bei ZEIT ONLINE. Zuvor sieben Jahre bei S\u00fcddeutsche.de, als Redakteur im Wirtschafts- und Regional-Ressort sowie Editorial SEO. Ausbildung an der Deutschen Journalistenschule in M\u00fcnchen mit Hospitanzen bei S\u00fcddeutsche Zeitung, SPIEGEL und SPIEGEL Online.","sameAs":["https:\/\/twitter.com\/tobiasdorfer"],"url":"https:\/\/blog.zeit.de\/teilchen\/author\/tdorfer\/"}]}},"jetpack_featured_media_url":"https:\/\/blog.zeit.de\/teilchen\/files\/2017\/03\/Bildschirmfoto-2017-03-15-um-11.01.29.png","jetpack_sharing_enabled":true,"_links":{"self":[{"href":"https:\/\/blog.zeit.de\/teilchen\/wp-json\/wp\/v2\/posts\/16456","targetHints":{"allow":["GET"]}}],"collection":[{"href":"https:\/\/blog.zeit.de\/teilchen\/wp-json\/wp\/v2\/posts"}],"about":[{"href":"https:\/\/blog.zeit.de\/teilchen\/wp-json\/wp\/v2\/types\/post"}],"author":[{"embeddable":true,"href":"https:\/\/blog.zeit.de\/teilchen\/wp-json\/wp\/v2\/users\/556"}],"replies":[{"embeddable":true,"href":"https:\/\/blog.zeit.de\/teilchen\/wp-json\/wp\/v2\/comments?post=16456"}],"version-history":[{"count":17,"href":"https:\/\/blog.zeit.de\/teilchen\/wp-json\/wp\/v2\/posts\/16456\/revisions"}],"predecessor-version":[{"id":16481,"href":"https:\/\/blog.zeit.de\/teilchen\/wp-json\/wp\/v2\/posts\/16456\/revisions\/16481"}],"wp:featuredmedia":[{"embeddable":true,"href":"https:\/\/blog.zeit.de\/teilchen\/wp-json\/wp\/v2\/media\/16466"}],"wp:attachment":[{"href":"https:\/\/blog.zeit.de\/teilchen\/wp-json\/wp\/v2\/media?parent=16456"}],"wp:term":[{"taxonomy":"category","embeddable":true,"href":"https:\/\/blog.zeit.de\/teilchen\/wp-json\/wp\/v2\/categories?post=16456"},{"taxonomy":"post_tag","embeddable":true,"href":"https:\/\/blog.zeit.de\/teilchen\/wp-json\/wp\/v2\/tags?post=16456"}],"curies":[{"name":"wp","href":"https:\/\/api.w.org\/{rel}","templated":true}]}}