{"id":16884,"date":"2017-05-30T17:07:38","date_gmt":"2017-05-30T15:07:38","guid":{"rendered":"http:\/\/blog.zeit.de\/teilchen\/?p=16884"},"modified":"2017-05-30T17:07:38","modified_gmt":"2017-05-30T15:07:38","slug":"fussballfans-fc-kopenhagen-daenemark","status":"publish","type":"post","link":"https:\/\/blog.zeit.de\/teilchen\/2017\/05\/30\/fussballfans-fc-kopenhagen-daenemark\/","title":{"rendered":"D\u00e4nische Fu\u00dfballfans zeigen, wie sportliches Verhalten geht"},"content":{"rendered":"\n<div class=\"embed-wrapper embed-wrapper--blocked js-embed-consent\" data-method=\"embed\">\n<script class=\"raw__source\" type=\"text\/template\"><iframe loading=\"lazy\" title=\"F.C K\u00f8benhavn i en smuk gestus - overr\u00e6kker pokal til handicappet fan\" width=\"640\" height=\"360\" src=\"https:\/\/www.youtube-nocookie.com\/embed\/jLTuqq8da2o?feature=oembed\" frameborder=\"0\" allow=\"accelerometer; autoplay; clipboard-write; encrypted-media; gyroscope; picture-in-picture; web-share\" referrerpolicy=\"strict-origin-when-cross-origin\" allowfullscreen><\/iframe><\/script>\n<div class=\"embed-wrapper__inner\">\n<div class=\"embed-wrapper__text\">\n<h3>Empfohlener redaktioneller Inhalt<\/h3>\n<p data-replace=\"no\">An dieser Stelle finden Sie externen Inhalt, der den Artikel erg\u00e4nzt. Sie k\u00f6nnen sich externe Inhalte mit einem Klick anzeigen lassen und wieder ausblenden.<noscript>Bitte aktivieren Sie JavaScript damit Sie diesen Inhalt anzeigen k\u00f6nnen.<\/noscript><\/p>\n<\/div>\n<div class=\"embed-consent\">\n<label class=\"embed-consent__toggle\">\n<input class=\"js-embed-consent__toggle\" type=\"checkbox\" autocomplete=\"off\">\n<span><\/span>\nExterner Inhalt\n<\/label>\n<a href=\"https:\/\/www.zeit.de\/hilfe\/datenschutz\" target=\"_blank\" class=\"embed-consent__datalink-when-active\">Datenschutzerkl\u00e4rung<\/a>\n<\/div>\n<div class=\"embed-wrapper__footer\">\n<p data-replace=\"no\">\nIch bin damit einverstanden, dass mir externe Inhalte angezeigt werden. Damit k\u00f6nnen personenbezogene Daten an Drittplattformen \u00fcbermittelt werden. <a href=\"https:\/\/www.zeit.de\/hilfe\/datenschutz\" target=\"_blank\">Mehr dazu in unserer Datenschutzerkl\u00e4rung.<\/a>\n<\/p>\n<\/div>\n<\/div>\n<\/div>\n<p>Der Fu\u00dfballfan hat in diesen Tagen ein Imageproblem. Nach dem <a href=\"http:\/\/www.zeit.de\/sport\/2017-05\/eintracht-braunschweig-vfl-wolfburg-relegation\" target=\"_blank\" rel=\"noopener noreferrer\">unsportlichen Verhalten einiger Braunschweiger Fans beim Relegationsspiel gegen den VfL Wolfsburg<\/a> wird der DFB-Kontrollausschuss ermitteln \u2013 und der Wolfsburger Mario Gomez l\u00e4sst sich mit den Worten zitieren, &#8222;wie Affen&#8220; h\u00e4tten sich die randalierenden Anh\u00e4nger benommen. Dass Fu\u00dfballfans auch anders k\u00f6nnen, zeigten k\u00fcrzlich die Anh\u00e4nger des d\u00e4nischen Erstligisten FC Kopenhagen.<\/p>\n<p><!--more-->Das Team, trainiert vom ehemaligen K\u00f6lner Coach St\u00e5le Solbakken, hatte \u2013 <a href=\"http:\/\/www.sport1.de\/internationaler-fussball\/2017\/05\/daenemark-der-fc-kopenhagen-wird-erneut-meister\" target=\"_blank\" rel=\"noopener noreferrer\">nachdem es sich den Meistertitel in der Superliga schon Anfang Mai gesichert hatte<\/a> \u2013 den Lokalrivalen Br\u00f8ndby am vergangenen Donnerstag im Pokalfinale mit 3:1 besiegt und so das Double geholt. Nach der ausgelassenen Feier auf dem Rasen reichten die Spieler den Pokal in die Zuschauerr\u00e4nge. Doch niemand streckte den Cup in die H\u00f6he. Stattdessen lief ein Fan durch die R\u00e4nge und gab den Pokal einem im Rollstuhl sitzenden Mann. Erst dann wurde gefeiert \u2013 gemeinsam. Das Video, in dem die Szene festgehalten ist, wird derzeit durch die sozialen Netzwerke gereicht.<\/p>\n<p>So verh\u00e4lt man sich im Stadion, liebe Braunschweiger, m\u00f6chte man sagen \u2013 doch ganz so vorbildlich benehmen sich die d\u00e4nischen Fans auch nicht immer. <a href=\"http:\/\/sport.tv2.dk\/fodbold\/2017-05-24-politiet-bruger-ekstreme-ressourcer-paa-dansk-pokalfinale\" target=\"_blank\" rel=\"noopener noreferrer\">Das Pokalfinale war zuvor als &#8222;Hochrisikospiel&#8220; eingestuft<\/a> worden, deshalb waren besonders viele Polizisten im Einsatz. Nicht ohne Grund: Im April waren FC Kopenhagen und\u00a0Br\u00f8ndby in einem Ligaspiel aufeinandergetroffen. Damals hatten <a href=\"http:\/\/www.spiegel.de\/sport\/fussball\/kopenhagen-derby-daenische-fans-bewerfen-fussballer-mit-toten-ratten-a-1143675.html\" target=\"_blank\" rel=\"noopener noreferrer\">Br\u00f8ndby-Fans tote Ratten aufs Spielfeld geworfen<\/a>.<\/p>\n<p><em>Weitere <a href=\"https:\/\/blog.zeit.de\/teilchen\/\" target=\"_blank\" rel=\"noopener noreferrer\">Netzfundst\u00fccke von ZEIT ONLINE gibt&#8217;s im Teilchen-Blog<\/a>.<\/em><\/p>\n","protected":false},"excerpt":{"rendered":"<p>Empfohlener redaktioneller Inhalt An dieser Stelle finden Sie externen Inhalt, der den Artikel erg\u00e4nzt. Sie k\u00f6nnen sich externe Inhalte mit einem Klick anzeigen lassen [\u2026]<\/p>\n","protected":false},"author":556,"featured_media":16885,"comment_status":"open","ping_status":"closed","sticky":false,"template":"","format":"standard","meta":{"_jetpack_memberships_contains_paid_content":false,"footnotes":""},"categories":[28],"tags":[],"class_list":["post-16884","post","type-post","status-publish","format-standard","has-post-thumbnail","hentry","category-video"],"yoast_head":"<!-- This site is optimized with the Yoast SEO plugin v21.0 - https:\/\/yoast.com\/wordpress\/plugins\/seo\/ -->\n<title>D\u00e4nische Fu\u00dfballfans zeigen, wie sportliches Verhalten geht<\/title>\n<meta name=\"description\" content=\"Fu\u00dfballfans k\u00f6nnen sich eben doch auch benehmen. Nach dem Pokalsieg des FC Kopenhagen, wurde die Troph\u00e4e an einen Fan im Rollstuhl durchgereicht.\" \/>\n<meta name=\"robots\" content=\"index, follow, max-snippet:-1, max-image-preview:large, max-video-preview:-1\" \/>\n<link rel=\"canonical\" href=\"https:\/\/blog.zeit.de\/teilchen\/2017\/05\/30\/fussballfans-fc-kopenhagen-daenemark\/\" \/>\n<meta property=\"og:locale\" content=\"de_DE\" \/>\n<meta property=\"og:type\" content=\"article\" \/>\n<meta property=\"og:title\" content=\"D\u00e4nische Fu\u00dfballfans zeigen, wie sportliches Verhalten geht\" \/>\n<meta property=\"og:description\" content=\"Fu\u00dfballfans k\u00f6nnen sich eben doch auch benehmen. Nach dem Pokalsieg des FC Kopenhagen, wurde die Troph\u00e4e an einen Fan im Rollstuhl durchgereicht.\" \/>\n<meta property=\"og:url\" content=\"https:\/\/blog.zeit.de\/teilchen\/2017\/05\/30\/fussballfans-fc-kopenhagen-daenemark\/\" \/>\n<meta property=\"og:site_name\" content=\"Teilchen\" \/>\n<meta property=\"article:published_time\" content=\"2017-05-30T15:07:38+00:00\" \/>\n<meta property=\"og:image\" content=\"https:\/\/blog.zeit.de\/teilchen\/files\/2017\/05\/Bildschirmfoto-2017-05-30-um-15.52.17.png\" \/>\n\t<meta property=\"og:image:width\" content=\"844\" \/>\n\t<meta property=\"og:image:height\" content=\"469\" \/>\n\t<meta property=\"og:image:type\" content=\"image\/png\" \/>\n<meta name=\"author\" content=\"Tobias Dorfer\" \/>\n<meta name=\"twitter:card\" content=\"summary_large_image\" \/>\n<meta name=\"twitter:image\" content=\"https:\/\/blog.zeit.de\/teilchen\/files\/2017\/05\/Bildschirmfoto-2017-05-30-um-15.52.17.png\" \/>\n<meta name=\"twitter:creator\" content=\"@tobiasdorfer\" \/>\n<meta name=\"twitter:site\" content=\"@zeitonline\" \/>\n<meta name=\"twitter:label1\" content=\"Geschrieben von\" \/>\n\t<meta name=\"twitter:data1\" content=\"Tobias Dorfer\" \/>\n\t<meta name=\"twitter:label2\" content=\"Gesch\u00e4tzte Lesezeit\" \/>\n\t<meta name=\"twitter:data2\" content=\"1\u00a0Minute\" \/>\n<script type=\"application\/ld+json\" class=\"yoast-schema-graph\">{\"@context\":\"https:\/\/schema.org\",\"@graph\":[{\"@type\":\"WebPage\",\"@id\":\"https:\/\/blog.zeit.de\/teilchen\/2017\/05\/30\/fussballfans-fc-kopenhagen-daenemark\/\",\"url\":\"https:\/\/blog.zeit.de\/teilchen\/2017\/05\/30\/fussballfans-fc-kopenhagen-daenemark\/\",\"name\":\"D\u00e4nische Fu\u00dfballfans zeigen, wie sportliches Verhalten geht\",\"isPartOf\":{\"@id\":\"https:\/\/blog.zeit.de\/teilchen\/#website\"},\"datePublished\":\"2017-05-30T15:07:38+00:00\",\"dateModified\":\"2017-05-30T15:07:38+00:00\",\"author\":{\"@id\":\"https:\/\/blog.zeit.de\/teilchen\/#\/schema\/person\/e90ba849254185115fd919d4fad07dc0\"},\"description\":\"Fu\u00dfballfans k\u00f6nnen sich eben doch auch benehmen. Nach dem Pokalsieg des FC Kopenhagen, wurde die Troph\u00e4e an einen Fan im Rollstuhl durchgereicht.\",\"breadcrumb\":{\"@id\":\"https:\/\/blog.zeit.de\/teilchen\/2017\/05\/30\/fussballfans-fc-kopenhagen-daenemark\/#breadcrumb\"},\"inLanguage\":\"de\",\"potentialAction\":[{\"@type\":\"ReadAction\",\"target\":[\"https:\/\/blog.zeit.de\/teilchen\/2017\/05\/30\/fussballfans-fc-kopenhagen-daenemark\/\"]}]},{\"@type\":\"BreadcrumbList\",\"@id\":\"https:\/\/blog.zeit.de\/teilchen\/2017\/05\/30\/fussballfans-fc-kopenhagen-daenemark\/#breadcrumb\",\"itemListElement\":[{\"@type\":\"ListItem\",\"position\":1,\"name\":\"Startseite\",\"item\":\"https:\/\/blog.zeit.de\/teilchen\/\"},{\"@type\":\"ListItem\",\"position\":2,\"name\":\"D\u00e4nische Fu\u00dfballfans zeigen, wie sportliches Verhalten geht\"}]},{\"@type\":\"WebSite\",\"@id\":\"https:\/\/blog.zeit.de\/teilchen\/#website\",\"url\":\"https:\/\/blog.zeit.de\/teilchen\/\",\"name\":\"Teilchen\",\"description\":\"Im Netz verstecken sich kleine Sch\u00e4tze - ZEIT ONLINE findet sie.\",\"potentialAction\":[{\"@type\":\"SearchAction\",\"target\":{\"@type\":\"EntryPoint\",\"urlTemplate\":\"https:\/\/blog.zeit.de\/teilchen\/?s={search_term_string}\"},\"query-input\":\"required name=search_term_string\"}],\"inLanguage\":\"de\"},{\"@type\":\"Person\",\"@id\":\"https:\/\/blog.zeit.de\/teilchen\/#\/schema\/person\/e90ba849254185115fd919d4fad07dc0\",\"name\":\"Tobias Dorfer\",\"image\":{\"@type\":\"ImageObject\",\"inLanguage\":\"de\",\"@id\":\"https:\/\/blog.zeit.de\/teilchen\/#\/schema\/person\/image\/\",\"url\":\"https:\/\/secure.gravatar.com\/avatar\/0021e1a3fe9f799912804bcca6f1bcbbe58ee3bf29c8f714a0f453695a888d0a?s=96&d=mm&r=g\",\"contentUrl\":\"https:\/\/secure.gravatar.com\/avatar\/0021e1a3fe9f799912804bcca6f1bcbbe58ee3bf29c8f714a0f453695a888d0a?s=96&d=mm&r=g\",\"caption\":\"Tobias Dorfer\"},\"description\":\"Teamleiter Social Media bei ZEIT ONLINE. Zuvor sieben Jahre bei S\u00fcddeutsche.de, als Redakteur im Wirtschafts- und Regional-Ressort sowie Editorial SEO. Ausbildung an der Deutschen Journalistenschule in M\u00fcnchen mit Hospitanzen bei S\u00fcddeutsche Zeitung, SPIEGEL und SPIEGEL Online.\",\"sameAs\":[\"https:\/\/twitter.com\/tobiasdorfer\"],\"url\":\"https:\/\/blog.zeit.de\/teilchen\/author\/tdorfer\/\"}]}<\/script>\n<!-- \/ Yoast SEO plugin. -->","yoast_head_json":{"title":"D\u00e4nische Fu\u00dfballfans zeigen, wie sportliches Verhalten geht","description":"Fu\u00dfballfans k\u00f6nnen sich eben doch auch benehmen. Nach dem Pokalsieg des FC Kopenhagen, wurde die Troph\u00e4e an einen Fan im Rollstuhl durchgereicht.","robots":{"index":"index","follow":"follow","max-snippet":"max-snippet:-1","max-image-preview":"max-image-preview:large","max-video-preview":"max-video-preview:-1"},"canonical":"https:\/\/blog.zeit.de\/teilchen\/2017\/05\/30\/fussballfans-fc-kopenhagen-daenemark\/","og_locale":"de_DE","og_type":"article","og_title":"D\u00e4nische Fu\u00dfballfans zeigen, wie sportliches Verhalten geht","og_description":"Fu\u00dfballfans k\u00f6nnen sich eben doch auch benehmen. Nach dem Pokalsieg des FC Kopenhagen, wurde die Troph\u00e4e an einen Fan im Rollstuhl durchgereicht.","og_url":"https:\/\/blog.zeit.de\/teilchen\/2017\/05\/30\/fussballfans-fc-kopenhagen-daenemark\/","og_site_name":"Teilchen","article_published_time":"2017-05-30T15:07:38+00:00","og_image":[{"width":844,"height":469,"url":"https:\/\/blog.zeit.de\/teilchen\/files\/2017\/05\/Bildschirmfoto-2017-05-30-um-15.52.17.png","type":"image\/png"}],"author":"Tobias Dorfer","twitter_card":"summary_large_image","twitter_image":"https:\/\/blog.zeit.de\/teilchen\/files\/2017\/05\/Bildschirmfoto-2017-05-30-um-15.52.17.png","twitter_creator":"@tobiasdorfer","twitter_site":"@zeitonline","twitter_misc":{"Geschrieben von":"Tobias Dorfer","Gesch\u00e4tzte Lesezeit":"1\u00a0Minute"},"schema":{"@context":"https:\/\/schema.org","@graph":[{"@type":"WebPage","@id":"https:\/\/blog.zeit.de\/teilchen\/2017\/05\/30\/fussballfans-fc-kopenhagen-daenemark\/","url":"https:\/\/blog.zeit.de\/teilchen\/2017\/05\/30\/fussballfans-fc-kopenhagen-daenemark\/","name":"D\u00e4nische Fu\u00dfballfans zeigen, wie sportliches Verhalten geht","isPartOf":{"@id":"https:\/\/blog.zeit.de\/teilchen\/#website"},"datePublished":"2017-05-30T15:07:38+00:00","dateModified":"2017-05-30T15:07:38+00:00","author":{"@id":"https:\/\/blog.zeit.de\/teilchen\/#\/schema\/person\/e90ba849254185115fd919d4fad07dc0"},"description":"Fu\u00dfballfans k\u00f6nnen sich eben doch auch benehmen. Nach dem Pokalsieg des FC Kopenhagen, wurde die Troph\u00e4e an einen Fan im Rollstuhl durchgereicht.","breadcrumb":{"@id":"https:\/\/blog.zeit.de\/teilchen\/2017\/05\/30\/fussballfans-fc-kopenhagen-daenemark\/#breadcrumb"},"inLanguage":"de","potentialAction":[{"@type":"ReadAction","target":["https:\/\/blog.zeit.de\/teilchen\/2017\/05\/30\/fussballfans-fc-kopenhagen-daenemark\/"]}]},{"@type":"BreadcrumbList","@id":"https:\/\/blog.zeit.de\/teilchen\/2017\/05\/30\/fussballfans-fc-kopenhagen-daenemark\/#breadcrumb","itemListElement":[{"@type":"ListItem","position":1,"name":"Startseite","item":"https:\/\/blog.zeit.de\/teilchen\/"},{"@type":"ListItem","position":2,"name":"D\u00e4nische Fu\u00dfballfans zeigen, wie sportliches Verhalten geht"}]},{"@type":"WebSite","@id":"https:\/\/blog.zeit.de\/teilchen\/#website","url":"https:\/\/blog.zeit.de\/teilchen\/","name":"Teilchen","description":"Im Netz verstecken sich kleine Sch\u00e4tze - ZEIT ONLINE findet sie.","potentialAction":[{"@type":"SearchAction","target":{"@type":"EntryPoint","urlTemplate":"https:\/\/blog.zeit.de\/teilchen\/?s={search_term_string}"},"query-input":"required name=search_term_string"}],"inLanguage":"de"},{"@type":"Person","@id":"https:\/\/blog.zeit.de\/teilchen\/#\/schema\/person\/e90ba849254185115fd919d4fad07dc0","name":"Tobias Dorfer","image":{"@type":"ImageObject","inLanguage":"de","@id":"https:\/\/blog.zeit.de\/teilchen\/#\/schema\/person\/image\/","url":"https:\/\/secure.gravatar.com\/avatar\/0021e1a3fe9f799912804bcca6f1bcbbe58ee3bf29c8f714a0f453695a888d0a?s=96&d=mm&r=g","contentUrl":"https:\/\/secure.gravatar.com\/avatar\/0021e1a3fe9f799912804bcca6f1bcbbe58ee3bf29c8f714a0f453695a888d0a?s=96&d=mm&r=g","caption":"Tobias Dorfer"},"description":"Teamleiter Social Media bei ZEIT ONLINE. Zuvor sieben Jahre bei S\u00fcddeutsche.de, als Redakteur im Wirtschafts- und Regional-Ressort sowie Editorial SEO. Ausbildung an der Deutschen Journalistenschule in M\u00fcnchen mit Hospitanzen bei S\u00fcddeutsche Zeitung, SPIEGEL und SPIEGEL Online.","sameAs":["https:\/\/twitter.com\/tobiasdorfer"],"url":"https:\/\/blog.zeit.de\/teilchen\/author\/tdorfer\/"}]}},"jetpack_featured_media_url":"https:\/\/blog.zeit.de\/teilchen\/files\/2017\/05\/Bildschirmfoto-2017-05-30-um-15.52.17.png","jetpack_sharing_enabled":true,"_links":{"self":[{"href":"https:\/\/blog.zeit.de\/teilchen\/wp-json\/wp\/v2\/posts\/16884","targetHints":{"allow":["GET"]}}],"collection":[{"href":"https:\/\/blog.zeit.de\/teilchen\/wp-json\/wp\/v2\/posts"}],"about":[{"href":"https:\/\/blog.zeit.de\/teilchen\/wp-json\/wp\/v2\/types\/post"}],"author":[{"embeddable":true,"href":"https:\/\/blog.zeit.de\/teilchen\/wp-json\/wp\/v2\/users\/556"}],"replies":[{"embeddable":true,"href":"https:\/\/blog.zeit.de\/teilchen\/wp-json\/wp\/v2\/comments?post=16884"}],"version-history":[{"count":4,"href":"https:\/\/blog.zeit.de\/teilchen\/wp-json\/wp\/v2\/posts\/16884\/revisions"}],"predecessor-version":[{"id":16889,"href":"https:\/\/blog.zeit.de\/teilchen\/wp-json\/wp\/v2\/posts\/16884\/revisions\/16889"}],"wp:featuredmedia":[{"embeddable":true,"href":"https:\/\/blog.zeit.de\/teilchen\/wp-json\/wp\/v2\/media\/16885"}],"wp:attachment":[{"href":"https:\/\/blog.zeit.de\/teilchen\/wp-json\/wp\/v2\/media?parent=16884"}],"wp:term":[{"taxonomy":"category","embeddable":true,"href":"https:\/\/blog.zeit.de\/teilchen\/wp-json\/wp\/v2\/categories?post=16884"},{"taxonomy":"post_tag","embeddable":true,"href":"https:\/\/blog.zeit.de\/teilchen\/wp-json\/wp\/v2\/tags?post=16884"}],"curies":[{"name":"wp","href":"https:\/\/api.w.org\/{rel}","templated":true}]}}