{"id":1714,"date":"2015-02-17T17:00:41","date_gmt":"2015-02-17T16:00:41","guid":{"rendered":"http:\/\/blog.zeit.de\/teilchen\/?p=1714"},"modified":"2015-03-09T13:12:14","modified_gmt":"2015-03-09T12:12:14","slug":"selfmade-van-damme","status":"publish","type":"post","link":"https:\/\/blog.zeit.de\/teilchen\/2015\/02\/17\/selfmade-van-damme\/","title":{"rendered":"Selfmade Van Damme"},"content":{"rendered":"<p><figure id=\"attachment_1746\" aria-describedby=\"caption-attachment-1746\" style=\"width: 580px\" class=\"wp-caption alignleft\"><a href=\"http:\/\/www.funnyordie.com\/videos\/1f1fa1bf23\/jcvd-s-make-my-movie-challenge\" target=\"_blank\"><img loading=\"lazy\" decoding=\"async\" class=\"wp-image-1746 size-medium\" src=\"https:\/\/blog.zeit.de\/teilchen\/files\/2015\/02\/JCVD_Movie_Challange4-580x291.png\" alt=\"Teilnehmer an der JCVD Movie-Challange\" width=\"580\" height=\"291\" srcset=\"https:\/\/blog.zeit.de\/teilchen\/files\/2015\/02\/JCVD_Movie_Challange4-580x291.png 580w, https:\/\/blog.zeit.de\/teilchen\/files\/2015\/02\/JCVD_Movie_Challange4.png 886w\" sizes=\"auto, (max-width: 580px) 100vw, 580px\" \/><\/a><figcaption id=\"caption-attachment-1746\" class=\"wp-caption-text\">\u00a9 <a href=\"https:\/\/www.youtube.com\/watch?v=B4HhQUDfQ4M\">youtubepoop<\/a> (Screenshot)<\/figcaption><\/figure><\/p>\n<p>Kennen Sie einen Film mit Jean-Claude Van Damme? Oder ein ber\u00fchmtes Zitat von ihm? Wohl erst nach l\u00e4ngerem Nachdenken kommen immerhin hartgesottene Fans des Actionfilm-Genres auf so wenig renommierte Titel wie <em>Timecop<\/em>, <em>Bloodsport<\/em>, <em>Karate Tiger<\/em> und <em>Universal Soldier<\/em> \u2013 vielleicht. Denn viele kennen zwar den Paten des Action-Trashs, aber nur wenige verm\u00f6gen zu sagen, weshalb eigentlich. Fun Fact: Im Archiv von ZEIT ONLINE wird Van Damme zwar gute zwei Dutzend Male gef\u00fchrt,\u00a0aber <a href=\"http:\/\/www.zeit.de\/suche\/index?q=jean-claude%20van%20damme&amp;sort=aktuell&amp;rezension=0&amp;tmode=&amp;from=&amp;to=&amp;p=1\" target=\"_blank\">kein einziger Beitrag<\/a> widmet sich ihm.<\/p>\n<p>Das wird auf absehbare Zeit wohl so bleiben. Die wortkargen Auftritte des geb\u00fcrtigen Belgiers in schier zahllosen Filmen\u00a0haben das Abziehbild des klassischen Hollywood-Actionhelden jedenfalls maximal um die \u00e4sthetisch fragw\u00fcrdige Facette des Kampfsport-Spagats erg\u00e4nzt. Und trotzdem: Van Damme ist Pop, Synonym f\u00fcr\u00a0K\u00f6rperkult und Spektakel.<\/p>\n<p>Kaum verwunderlich daher, dass der in die Jahre gekommene\u00a0Kickboxer\u00a0aktuell in\u00a0sozialen Netzwerken\u00a0zum Hans Dampf in allen Gassen avanciert.\u00a0Seinen Killer-Spagat persifliert er\u00a0gekonnt in einem <a href=\"https:\/\/www.youtube.com\/watch?v=M7FIvfx5J10\" target=\"_blank\">Werbefilm des schwedischen Autoherstellers Volvo<\/a>, der sich <a href=\"https:\/\/www.facebook.com\/JCVDonline\/posts\/10155139116535046\" target=\"_blank\">auf Facebook\u00a0einer gewissen Beliebtheit erfreut<\/a>. Bereits im Februar 2014\u00a0gab zudem die\u00a0Emmy-gekr\u00f6nte Produktionsfirma Funny or Die den Startschuss f\u00fcr eine bemerkenswerte Imagekampagne mit ihm: die <a href=\"http:\/\/www.funnyordie.com\/videos\/1f1fa1bf23\/jcvd-s-make-my-movie-challenge\" target=\"_blank\"><em>JCVD Make My Movie-Challenge<\/em><\/a>. Seitdem mausert sich\u00a0Van Damme endg\u00fcltig zum Trending-Topic der Remix-Kultur.<\/p>\n\n<div class=\"embed-wrapper embed-wrapper--blocked js-embed-consent\" data-method=\"iframe\">\n<script class=\"raw__source\" type=\"text\/template\"><iframe loading=\"lazy\" frameborder=\"0\" width=\"580\" height=\"327\" src=\"\/\/www.dailymotion.com\/embed\/video\/x2gnk6p\" allowfullscreen><\/iframe><\/script>\n<div class=\"embed-wrapper__inner\">\n<div class=\"embed-wrapper__text\">\n<h3>Empfohlener redaktioneller Inhalt<\/h3>\n<p data-replace=\"no\">An dieser Stelle finden Sie externen Inhalt, der den Artikel erg\u00e4nzt. Sie k\u00f6nnen sich externe Inhalte mit einem Klick anzeigen lassen und wieder ausblenden.<noscript>Bitte aktivieren Sie JavaScript damit Sie diesen Inhalt anzeigen k\u00f6nnen.<\/noscript><\/p>\n<\/div>\n<div class=\"embed-consent\">\n<label class=\"embed-consent__toggle\">\n<input class=\"js-embed-consent__toggle\" type=\"checkbox\" autocomplete=\"off\">\n<span><\/span>\nExterner Inhalt\n<\/label>\n<a href=\"https:\/\/www.zeit.de\/hilfe\/datenschutz\" target=\"_blank\" class=\"embed-consent__datalink-when-active\">Datenschutzerkl\u00e4rung<\/a>\n<\/div>\n<div class=\"embed-wrapper__footer\">\n<p data-replace=\"no\">\nIch bin damit einverstanden, dass mir externe Inhalte angezeigt werden. Damit k\u00f6nnen personenbezogene Daten an Drittplattformen \u00fcbermittelt werden. <a href=\"https:\/\/www.zeit.de\/hilfe\/datenschutz\" target=\"_blank\">Mehr dazu in unserer Datenschutzerkl\u00e4rung.<\/a>\n<\/p>\n<\/div>\n<\/div>\n<\/div>\n<p>Konzept: Vor dem Green-Screen fuchtelt Van Damme\u00a0in verschiedenen Einstellungen mit F\u00fc\u00dfen, F\u00e4usten, Schwert und Maschinengewehr, er schleicht sich unter den Blicken abwesender Feinde, rennt, schreit, springt\u00a0und\u00a0spricht ein paar einfache S\u00e4tze. <a href=\"https:\/\/www.facebook.com\/video.php?v=656928214432906\" target=\"_blank\">Nach wie vor<\/a> ist die\u00a0YouTube-Community dazu aufgefordert, die Szenen in eigenen Filmen nach Lust und Laune zu verwenden. Dank\u00a0Green-Screen\u00a0wird Van Damme zum Gaststar\u00a0in Self-Made-Filmen aus aller Welt, und die sind bisweilen famos.<\/p>\n\n<div class=\"embed-wrapper embed-wrapper--blocked js-embed-consent\" data-method=\"iframe\">\n<script class=\"raw__source\" type=\"text\/template\"><iframe loading=\"lazy\" frameborder=\"0\" height=\"327\" src=\"https:\/\/www.youtube.com\/embed\/4h3a1m4XpAE\" width=\"580\"><\/iframe><\/script>\n<div class=\"embed-wrapper__inner\">\n<div class=\"embed-wrapper__text\">\n<h3>Empfohlener redaktioneller Inhalt<\/h3>\n<p data-replace=\"no\">An dieser Stelle finden Sie externen Inhalt, der den Artikel erg\u00e4nzt. Sie k\u00f6nnen sich externe Inhalte mit einem Klick anzeigen lassen und wieder ausblenden.<noscript>Bitte aktivieren Sie JavaScript damit Sie diesen Inhalt anzeigen k\u00f6nnen.<\/noscript><\/p>\n<\/div>\n<div class=\"embed-consent\">\n<label class=\"embed-consent__toggle\">\n<input class=\"js-embed-consent__toggle\" type=\"checkbox\" autocomplete=\"off\">\n<span><\/span>\nExterner Inhalt\n<\/label>\n<a href=\"https:\/\/www.zeit.de\/hilfe\/datenschutz\" target=\"_blank\" class=\"embed-consent__datalink-when-active\">Datenschutzerkl\u00e4rung<\/a>\n<\/div>\n<div class=\"embed-wrapper__footer\">\n<p data-replace=\"no\">\nIch bin damit einverstanden, dass mir externe Inhalte angezeigt werden. Damit k\u00f6nnen personenbezogene Daten an Drittplattformen \u00fcbermittelt werden. <a href=\"https:\/\/www.zeit.de\/hilfe\/datenschutz\" target=\"_blank\">Mehr dazu in unserer Datenschutzerkl\u00e4rung.<\/a>\n<\/p>\n<\/div>\n<\/div>\n<\/div>\n\n<div class=\"embed-wrapper embed-wrapper--blocked js-embed-consent\" data-method=\"iframe\">\n<script class=\"raw__source\" type=\"text\/template\"><iframe loading=\"lazy\" frameborder=\"0\" height=\"327\" src=\"https:\/\/www.youtube.com\/embed\/yr6cp7cppCc\" width=\"580\"><\/iframe><\/script>\n<div class=\"embed-wrapper__inner\">\n<div class=\"embed-wrapper__text\">\n<h3>Empfohlener redaktioneller Inhalt<\/h3>\n<p data-replace=\"no\">An dieser Stelle finden Sie externen Inhalt, der den Artikel erg\u00e4nzt. Sie k\u00f6nnen sich externe Inhalte mit einem Klick anzeigen lassen und wieder ausblenden.<noscript>Bitte aktivieren Sie JavaScript damit Sie diesen Inhalt anzeigen k\u00f6nnen.<\/noscript><\/p>\n<\/div>\n<div class=\"embed-consent\">\n<label class=\"embed-consent__toggle\">\n<input class=\"js-embed-consent__toggle\" type=\"checkbox\" autocomplete=\"off\">\n<span><\/span>\nExterner Inhalt\n<\/label>\n<a href=\"https:\/\/www.zeit.de\/hilfe\/datenschutz\" target=\"_blank\" class=\"embed-consent__datalink-when-active\">Datenschutzerkl\u00e4rung<\/a>\n<\/div>\n<div class=\"embed-wrapper__footer\">\n<p data-replace=\"no\">\nIch bin damit einverstanden, dass mir externe Inhalte angezeigt werden. Damit k\u00f6nnen personenbezogene Daten an Drittplattformen \u00fcbermittelt werden. <a href=\"https:\/\/www.zeit.de\/hilfe\/datenschutz\" target=\"_blank\">Mehr dazu in unserer Datenschutzerkl\u00e4rung.<\/a>\n<\/p>\n<\/div>\n<\/div>\n<\/div>\n\n<div class=\"embed-wrapper embed-wrapper--blocked js-embed-consent\" data-method=\"iframe\">\n<script class=\"raw__source\" type=\"text\/template\"><iframe loading=\"lazy\" frameborder=\"0\" height=\"327\" src=\"https:\/\/www.youtube.com\/embed\/B4HhQUDfQ4M\" width=\"580\"><\/iframe><\/script>\n<div class=\"embed-wrapper__inner\">\n<div class=\"embed-wrapper__text\">\n<h3>Empfohlener redaktioneller Inhalt<\/h3>\n<p data-replace=\"no\">An dieser Stelle finden Sie externen Inhalt, der den Artikel erg\u00e4nzt. Sie k\u00f6nnen sich externe Inhalte mit einem Klick anzeigen lassen und wieder ausblenden.<noscript>Bitte aktivieren Sie JavaScript damit Sie diesen Inhalt anzeigen k\u00f6nnen.<\/noscript><\/p>\n<\/div>\n<div class=\"embed-consent\">\n<label class=\"embed-consent__toggle\">\n<input class=\"js-embed-consent__toggle\" type=\"checkbox\" autocomplete=\"off\">\n<span><\/span>\nExterner Inhalt\n<\/label>\n<a href=\"https:\/\/www.zeit.de\/hilfe\/datenschutz\" target=\"_blank\" class=\"embed-consent__datalink-when-active\">Datenschutzerkl\u00e4rung<\/a>\n<\/div>\n<div class=\"embed-wrapper__footer\">\n<p data-replace=\"no\">\nIch bin damit einverstanden, dass mir externe Inhalte angezeigt werden. Damit k\u00f6nnen personenbezogene Daten an Drittplattformen \u00fcbermittelt werden. <a href=\"https:\/\/www.zeit.de\/hilfe\/datenschutz\" target=\"_blank\">Mehr dazu in unserer Datenschutzerkl\u00e4rung.<\/a>\n<\/p>\n<\/div>\n<\/div>\n<\/div>\n","protected":false},"excerpt":{"rendered":"<p>Kennen Sie einen Film mit Jean-Claude Van Damme? Oder ein ber\u00fchmtes Zitat von ihm? Wohl erst nach l\u00e4ngerem Nachdenken kommen immerhin hartgesottene Fans des [\u2026]<\/p>\n","protected":false},"author":359,"featured_media":0,"comment_status":"open","ping_status":"closed","sticky":false,"template":"","format":"standard","meta":{"_jetpack_memberships_contains_paid_content":false,"footnotes":""},"categories":[28],"tags":[],"class_list":["post-1714","post","type-post","status-publish","format-standard","hentry","category-video"],"yoast_head":"<!-- This site is optimized with the Yoast SEO plugin v21.0 - https:\/\/yoast.com\/wordpress\/plugins\/seo\/ -->\n<title>Selfmade Van Damme &#8902; Teilchen<\/title>\n<meta name=\"description\" content=\"Kennen Sie einen Film mit Jean-Claude Van Damme? Auf Youtube kann man ihn bald in Self-Made-Filmen der Nutzer bewundern.\" \/>\n<meta name=\"robots\" content=\"index, follow, max-snippet:-1, max-image-preview:large, max-video-preview:-1\" \/>\n<link rel=\"canonical\" href=\"https:\/\/blog.zeit.de\/teilchen\/2015\/02\/17\/selfmade-van-damme\/\" \/>\n<meta property=\"og:locale\" content=\"de_DE\" \/>\n<meta property=\"og:type\" content=\"article\" \/>\n<meta property=\"og:title\" content=\"Selfmade Van Damme &#8902; Teilchen\" \/>\n<meta property=\"og:description\" content=\"Kennen Sie einen Film mit Jean-Claude Van Damme? Auf Youtube kann man ihn bald in Self-Made-Filmen der Nutzer bewundern.\" \/>\n<meta property=\"og:url\" content=\"https:\/\/blog.zeit.de\/teilchen\/2015\/02\/17\/selfmade-van-damme\/\" \/>\n<meta property=\"og:site_name\" content=\"Teilchen\" \/>\n<meta property=\"article:published_time\" content=\"2015-02-17T16:00:41+00:00\" \/>\n<meta property=\"article:modified_time\" content=\"2015-03-09T12:12:14+00:00\" \/>\n<meta property=\"og:image\" content=\"https:\/\/blog.zeit.de\/teilchen\/files\/2015\/02\/JCVD_Movie_Challange4-580x291.png\" \/>\n<meta name=\"author\" content=\"David Schmidt\" \/>\n<meta name=\"twitter:card\" content=\"summary_large_image\" \/>\n<meta name=\"twitter:creator\" content=\"@zeitonline\" \/>\n<meta name=\"twitter:site\" content=\"@zeitonline\" \/>\n<meta name=\"twitter:label1\" content=\"Geschrieben von\" \/>\n\t<meta name=\"twitter:data1\" content=\"David Schmidt\" \/>\n\t<meta name=\"twitter:label2\" content=\"Gesch\u00e4tzte Lesezeit\" \/>\n\t<meta name=\"twitter:data2\" content=\"1\u00a0Minute\" \/>\n<script type=\"application\/ld+json\" class=\"yoast-schema-graph\">{\"@context\":\"https:\/\/schema.org\",\"@graph\":[{\"@type\":\"WebPage\",\"@id\":\"https:\/\/blog.zeit.de\/teilchen\/2015\/02\/17\/selfmade-van-damme\/\",\"url\":\"https:\/\/blog.zeit.de\/teilchen\/2015\/02\/17\/selfmade-van-damme\/\",\"name\":\"Selfmade Van Damme &#8902; Teilchen\",\"isPartOf\":{\"@id\":\"https:\/\/blog.zeit.de\/teilchen\/#website\"},\"datePublished\":\"2015-02-17T16:00:41+00:00\",\"dateModified\":\"2015-03-09T12:12:14+00:00\",\"author\":{\"@id\":\"https:\/\/blog.zeit.de\/teilchen\/#\/schema\/person\/24d610e6fc0de72a8e436b14054ebb8a\"},\"description\":\"Kennen Sie einen Film mit Jean-Claude Van Damme? Auf Youtube kann man ihn bald in Self-Made-Filmen der Nutzer bewundern.\",\"breadcrumb\":{\"@id\":\"https:\/\/blog.zeit.de\/teilchen\/2015\/02\/17\/selfmade-van-damme\/#breadcrumb\"},\"inLanguage\":\"de\",\"potentialAction\":[{\"@type\":\"ReadAction\",\"target\":[\"https:\/\/blog.zeit.de\/teilchen\/2015\/02\/17\/selfmade-van-damme\/\"]}]},{\"@type\":\"BreadcrumbList\",\"@id\":\"https:\/\/blog.zeit.de\/teilchen\/2015\/02\/17\/selfmade-van-damme\/#breadcrumb\",\"itemListElement\":[{\"@type\":\"ListItem\",\"position\":1,\"name\":\"Startseite\",\"item\":\"https:\/\/blog.zeit.de\/teilchen\/\"},{\"@type\":\"ListItem\",\"position\":2,\"name\":\"Selfmade Van Damme\"}]},{\"@type\":\"WebSite\",\"@id\":\"https:\/\/blog.zeit.de\/teilchen\/#website\",\"url\":\"https:\/\/blog.zeit.de\/teilchen\/\",\"name\":\"Teilchen\",\"description\":\"Im Netz verstecken sich kleine Sch\u00e4tze - ZEIT ONLINE findet sie.\",\"potentialAction\":[{\"@type\":\"SearchAction\",\"target\":{\"@type\":\"EntryPoint\",\"urlTemplate\":\"https:\/\/blog.zeit.de\/teilchen\/?s={search_term_string}\"},\"query-input\":\"required name=search_term_string\"}],\"inLanguage\":\"de\"},{\"@type\":\"Person\",\"@id\":\"https:\/\/blog.zeit.de\/teilchen\/#\/schema\/person\/24d610e6fc0de72a8e436b14054ebb8a\",\"name\":\"David Schmidt\",\"image\":{\"@type\":\"ImageObject\",\"inLanguage\":\"de\",\"@id\":\"https:\/\/blog.zeit.de\/teilchen\/#\/schema\/person\/image\/\",\"url\":\"https:\/\/secure.gravatar.com\/avatar\/2a2d9972993f525221835e69ad74cb1af347217bc7f61fe3a610c14f33f22f9d?s=96&d=mm&r=g\",\"contentUrl\":\"https:\/\/secure.gravatar.com\/avatar\/2a2d9972993f525221835e69ad74cb1af347217bc7f61fe3a610c14f33f22f9d?s=96&d=mm&r=g\",\"caption\":\"David Schmidt\"},\"description\":\"ist Redakteur bei ZEIT ONLINE.\",\"url\":\"https:\/\/blog.zeit.de\/teilchen\/author\/dschmidt\/\"}]}<\/script>\n<!-- \/ Yoast SEO plugin. -->","yoast_head_json":{"title":"Selfmade Van Damme &#8902; Teilchen","description":"Kennen Sie einen Film mit Jean-Claude Van Damme? Auf Youtube kann man ihn bald in Self-Made-Filmen der Nutzer bewundern.","robots":{"index":"index","follow":"follow","max-snippet":"max-snippet:-1","max-image-preview":"max-image-preview:large","max-video-preview":"max-video-preview:-1"},"canonical":"https:\/\/blog.zeit.de\/teilchen\/2015\/02\/17\/selfmade-van-damme\/","og_locale":"de_DE","og_type":"article","og_title":"Selfmade Van Damme &#8902; Teilchen","og_description":"Kennen Sie einen Film mit Jean-Claude Van Damme? Auf Youtube kann man ihn bald in Self-Made-Filmen der Nutzer bewundern.","og_url":"https:\/\/blog.zeit.de\/teilchen\/2015\/02\/17\/selfmade-van-damme\/","og_site_name":"Teilchen","article_published_time":"2015-02-17T16:00:41+00:00","article_modified_time":"2015-03-09T12:12:14+00:00","og_image":[{"url":"https:\/\/blog.zeit.de\/teilchen\/files\/2015\/02\/JCVD_Movie_Challange4-580x291.png"}],"author":"David Schmidt","twitter_card":"summary_large_image","twitter_creator":"@zeitonline","twitter_site":"@zeitonline","twitter_misc":{"Geschrieben von":"David Schmidt","Gesch\u00e4tzte Lesezeit":"1\u00a0Minute"},"schema":{"@context":"https:\/\/schema.org","@graph":[{"@type":"WebPage","@id":"https:\/\/blog.zeit.de\/teilchen\/2015\/02\/17\/selfmade-van-damme\/","url":"https:\/\/blog.zeit.de\/teilchen\/2015\/02\/17\/selfmade-van-damme\/","name":"Selfmade Van Damme &#8902; Teilchen","isPartOf":{"@id":"https:\/\/blog.zeit.de\/teilchen\/#website"},"datePublished":"2015-02-17T16:00:41+00:00","dateModified":"2015-03-09T12:12:14+00:00","author":{"@id":"https:\/\/blog.zeit.de\/teilchen\/#\/schema\/person\/24d610e6fc0de72a8e436b14054ebb8a"},"description":"Kennen Sie einen Film mit Jean-Claude Van Damme? Auf Youtube kann man ihn bald in Self-Made-Filmen der Nutzer bewundern.","breadcrumb":{"@id":"https:\/\/blog.zeit.de\/teilchen\/2015\/02\/17\/selfmade-van-damme\/#breadcrumb"},"inLanguage":"de","potentialAction":[{"@type":"ReadAction","target":["https:\/\/blog.zeit.de\/teilchen\/2015\/02\/17\/selfmade-van-damme\/"]}]},{"@type":"BreadcrumbList","@id":"https:\/\/blog.zeit.de\/teilchen\/2015\/02\/17\/selfmade-van-damme\/#breadcrumb","itemListElement":[{"@type":"ListItem","position":1,"name":"Startseite","item":"https:\/\/blog.zeit.de\/teilchen\/"},{"@type":"ListItem","position":2,"name":"Selfmade Van Damme"}]},{"@type":"WebSite","@id":"https:\/\/blog.zeit.de\/teilchen\/#website","url":"https:\/\/blog.zeit.de\/teilchen\/","name":"Teilchen","description":"Im Netz verstecken sich kleine Sch\u00e4tze - ZEIT ONLINE findet sie.","potentialAction":[{"@type":"SearchAction","target":{"@type":"EntryPoint","urlTemplate":"https:\/\/blog.zeit.de\/teilchen\/?s={search_term_string}"},"query-input":"required name=search_term_string"}],"inLanguage":"de"},{"@type":"Person","@id":"https:\/\/blog.zeit.de\/teilchen\/#\/schema\/person\/24d610e6fc0de72a8e436b14054ebb8a","name":"David Schmidt","image":{"@type":"ImageObject","inLanguage":"de","@id":"https:\/\/blog.zeit.de\/teilchen\/#\/schema\/person\/image\/","url":"https:\/\/secure.gravatar.com\/avatar\/2a2d9972993f525221835e69ad74cb1af347217bc7f61fe3a610c14f33f22f9d?s=96&d=mm&r=g","contentUrl":"https:\/\/secure.gravatar.com\/avatar\/2a2d9972993f525221835e69ad74cb1af347217bc7f61fe3a610c14f33f22f9d?s=96&d=mm&r=g","caption":"David Schmidt"},"description":"ist Redakteur bei ZEIT ONLINE.","url":"https:\/\/blog.zeit.de\/teilchen\/author\/dschmidt\/"}]}},"jetpack_featured_media_url":"","jetpack_sharing_enabled":true,"_links":{"self":[{"href":"https:\/\/blog.zeit.de\/teilchen\/wp-json\/wp\/v2\/posts\/1714","targetHints":{"allow":["GET"]}}],"collection":[{"href":"https:\/\/blog.zeit.de\/teilchen\/wp-json\/wp\/v2\/posts"}],"about":[{"href":"https:\/\/blog.zeit.de\/teilchen\/wp-json\/wp\/v2\/types\/post"}],"author":[{"embeddable":true,"href":"https:\/\/blog.zeit.de\/teilchen\/wp-json\/wp\/v2\/users\/359"}],"replies":[{"embeddable":true,"href":"https:\/\/blog.zeit.de\/teilchen\/wp-json\/wp\/v2\/comments?post=1714"}],"version-history":[{"count":20,"href":"https:\/\/blog.zeit.de\/teilchen\/wp-json\/wp\/v2\/posts\/1714\/revisions"}],"predecessor-version":[{"id":2058,"href":"https:\/\/blog.zeit.de\/teilchen\/wp-json\/wp\/v2\/posts\/1714\/revisions\/2058"}],"wp:attachment":[{"href":"https:\/\/blog.zeit.de\/teilchen\/wp-json\/wp\/v2\/media?parent=1714"}],"wp:term":[{"taxonomy":"category","embeddable":true,"href":"https:\/\/blog.zeit.de\/teilchen\/wp-json\/wp\/v2\/categories?post=1714"},{"taxonomy":"post_tag","embeddable":true,"href":"https:\/\/blog.zeit.de\/teilchen\/wp-json\/wp\/v2\/tags?post=1714"}],"curies":[{"name":"wp","href":"https:\/\/api.w.org\/{rel}","templated":true}]}}