{"id":17245,"date":"2017-08-02T11:07:49","date_gmt":"2017-08-02T09:07:49","guid":{"rendered":"http:\/\/blog.zeit.de\/teilchen\/?p=17245"},"modified":"2017-08-02T18:51:53","modified_gmt":"2017-08-02T16:51:53","slug":"islamkritiker-leere-bussitze-islamistinnen-burkas","status":"publish","type":"post","link":"https:\/\/blog.zeit.de\/teilchen\/2017\/08\/02\/islamkritiker-leere-bussitze-islamistinnen-burkas\/","title":{"rendered":"Rechte halten leere Bussitze f\u00fcr Islamistinnen in Burkas"},"content":{"rendered":"\n<div class=\"embed-wrapper embed-wrapper--blocked js-embed-consent\" data-method=\"iframe\">\n<script class=\"raw__source\" type=\"text\/template\"><iframe loading=\"lazy\" style=\"border: none; overflow: hidden;\" frameborder=\"0\" height=\"437\" scrolling=\"no\" src=\"https:\/\/www.facebook.com\/plugins\/post.php?href=https%3A%2F%2Fwww.facebook.com%2Fsindre.beyer%2Fposts%2F10154640945770248&amp;width=500\" width=\"500\"><\/iframe><\/script>\n<div class=\"embed-wrapper__inner\">\n<div class=\"embed-wrapper__text\">\n<h3>Empfohlener redaktioneller Inhalt<\/h3>\n<p data-replace=\"no\">An dieser Stelle finden Sie externen Inhalt, der den Artikel erg\u00e4nzt. Sie k\u00f6nnen sich externe Inhalte mit einem Klick anzeigen lassen und wieder ausblenden.<noscript>Bitte aktivieren Sie JavaScript damit Sie diesen Inhalt anzeigen k\u00f6nnen.<\/noscript><\/p>\n<\/div>\n<div class=\"embed-consent\">\n<label class=\"embed-consent__toggle\">\n<input class=\"js-embed-consent__toggle\" type=\"checkbox\" autocomplete=\"off\">\n<span><\/span>\nExterner Inhalt\n<\/label>\n<a href=\"https:\/\/www.zeit.de\/hilfe\/datenschutz\" target=\"_blank\" class=\"embed-consent__datalink-when-active\">Datenschutzerkl\u00e4rung<\/a>\n<\/div>\n<div class=\"embed-wrapper__footer\">\n<p data-replace=\"no\">\nIch bin damit einverstanden, dass mir externe Inhalte angezeigt werden. Damit k\u00f6nnen personenbezogene Daten an Drittplattformen \u00fcbermittelt werden. <a href=\"https:\/\/www.zeit.de\/hilfe\/datenschutz\" target=\"_blank\">Mehr dazu in unserer Datenschutzerkl\u00e4rung.<\/a>\n<\/p>\n<\/div>\n<\/div>\n<\/div>\n<p>Es ist schon manchmal absurd, welcher Unsinn im Netz geteilt wird. Viele Falschnachrichten sind nicht unmittelbar als solche erkennbar. Im Fall eines Fotos aus Norwegen war die Sache eigentlich klar. Viele rechte Islamkritiker sahen jedoch einen Bus voller burkatragender Frauen. In Wahrheit zeigt das Bild leere Sitze.<!--more--><\/p>\n<p>In der geschlossenen Facebookgruppe\u00a0<a href=\"https:\/\/www.facebook.com\/groups\/977401442274457\/\" target=\"_blank\" rel=\"noopener\">Fedrelandet viktigst<\/a>, in der sich zahlreiche Zuwanderungsgegner tummeln, hat der Nutzer Johan Slattavik dieses Foto gepostet und fragt: &#8222;Was denken die Leute dar\u00fcber?&#8220; Es sollte nur ein Witz sein, wie die <a href=\"https:\/\/www.washingtonpost.com\/news\/worldviews\/wp\/2017\/08\/01\/how-a-photo-of-empty-bus-seats-triggered-an-anti-muslim-fear-fest-on-facebook\/?tid=sm_fb&amp;utm_term=.232e48f63621\"><em>Washington Post <\/em><\/a>berichtet. Aber die knapp 13.000 Mitglieder der Gruppe sahen offenbar nur das, was sie sehen wollten und ergossen ihren Hass unter dem Foto \u2013 scheint es doch genau die \u00c4ngste zu bedienen, die viele Rechte sch\u00fcren: Muslime &#8222;\u00fcberfluten&#8220; Europa.<\/p>\n<p>&#8222;Ich dachte, so w\u00fcrde es im Jahr 2050 sein. Aber das passiert genau jetzt&#8220;, kommentiert ein Nutzer dem Onlinemagazin <em><a href=\"https:\/\/www.thelocal.no\/20170731\/norwegian-anti-immigrant-facebook-groups-confuses-empty-bus-seats-with-terrorists\">The Local<\/a> <\/em>zufolge. &#8222;Das k\u00f6nnten Terroristen mit Waffen sein&#8220;, warnt ein anderer. Woraufhin gefordert wird: &#8222;Werft sie aus unserem Land.&#8220;<\/p>\n<p>Von der blinden Wut der Nutzer ver\u00f6ffentlichte Sindre Beyer einen <a href=\"https:\/\/www.facebook.com\/sindre.beyer\/posts\/10154636640635248\">Screenshot auf Facebook<\/a>, das Posting ging viral \u2013 und stellt die rechten Kommentierer blo\u00df. &#8222;Sieht so aus, als m\u00fcssten die Rassisten zum Optiker gehen&#8220;, schreibt ein fassungsloser Nutzer. Ein anderer kann nicht nachvollziehen, wie man auf dem Foto \u00fcberhaupt Burkas erkennen kann: &#8222;Das Erste, was ich sah, war ein Haufen von Darth Vaders.&#8220;<\/p>\n<p>Und auch auf Twitter lassen die Reaktionen nicht lange auf sich warten:<\/p>\n\n<div class=\"embed-wrapper embed-wrapper--blocked js-embed-consent\" data-method=\"embed\">\n<script class=\"raw__source\" type=\"text\/template\"><div class=\"embed-twitter\"><blockquote class=\"twitter-tweet\" data-width=\"550\" data-dnt=\"true\"><p data-replace lang=\"en\" dir=\"ltr\">yeah, they&#39;re everywhere - outside my favorite cafe, even...? <a href=\"https:\/\/t.co\/q8xdFyiTlH\">pic.twitter.com\/q8xdFyiTlH<\/a><\/p>&mdash; Stein Bagger (@stein_bagger) <a href=\"https:\/\/twitter.com\/stein_bagger\/status\/892774741282615296?ref_src=twsrc%5Etfw\">August 2, 2017<\/a><\/blockquote><scr+ipt async src=\"https:\/\/platform.twitter.com\/widgets.js\" charset=\"utf-8\"><\/scr+ipt><\/div><\/script>\n<div class=\"embed-wrapper__inner\">\n<div class=\"embed-wrapper__text\">\n<h3>Empfohlener redaktioneller Inhalt<\/h3>\n<p data-replace=\"no\">An dieser Stelle finden Sie externen Inhalt, der den Artikel erg\u00e4nzt. Sie k\u00f6nnen sich externe Inhalte mit einem Klick anzeigen lassen und wieder ausblenden.<noscript>Bitte aktivieren Sie JavaScript damit Sie diesen Inhalt anzeigen k\u00f6nnen.<\/noscript><\/p>\n<\/div>\n<div class=\"embed-consent\">\n<label class=\"embed-consent__toggle\">\n<input class=\"js-embed-consent__toggle\" type=\"checkbox\" autocomplete=\"off\">\n<span><\/span>\nExterner Inhalt\n<\/label>\n<a href=\"https:\/\/www.zeit.de\/hilfe\/datenschutz\" target=\"_blank\" class=\"embed-consent__datalink-when-active\">Datenschutzerkl\u00e4rung<\/a>\n<\/div>\n<div class=\"embed-wrapper__footer\">\n<p data-replace=\"no\">\nIch bin damit einverstanden, dass mir externe Inhalte angezeigt werden. Damit k\u00f6nnen personenbezogene Daten an Drittplattformen \u00fcbermittelt werden. <a href=\"https:\/\/www.zeit.de\/hilfe\/datenschutz\" target=\"_blank\">Mehr dazu in unserer Datenschutzerkl\u00e4rung.<\/a>\n<\/p>\n<\/div>\n<\/div>\n<\/div>\n<p>Sindre Beyer selbst gibt sich geschockt angesichts des Hasses und der Dimension von Fake-News, die sein Screenshot offenbart. &#8222;Ich habe den Post geteilt, damit mehr Menschen sehen k\u00f6nnen, was in den dunklen Ecken des Netzes geschieht&#8220;, sagte er der norwegischen Nachrichtenseite <a href=\"http:\/\/www.nettavisen.no\/nyheter\/innenriks\/facebook-innlegg-om-tomme-busseter-gar-viralt---det-ser-da-virkelig-skummelt-ut-kan-vre-terrorister-med-vapen\/3423359933.html\"><em>Nettavisen<\/em><\/a>.<\/p>\n<p>Der Leiter des norwegischen Zentrums gegen Rassismus,\u00a0Rune Berglund Steen, erkl\u00e4rt, die irrationale Reaktion auf sechs leere Bussitze zeige, wie schnell Menschen ihre eigenen Schl\u00fcsse z\u00f6gen. Sie &#8222;sehen, was sie sehen wollen, und das sind gef\u00e4hrliche Muslime&#8220;, zitiert ihn\u00a0<em><a href=\"https:\/\/www.thelocal.no\/20170731\/norwegian-anti-immigrant-facebook-groups-confuses-empty-bus-seats-with-terrorists\">The Local<\/a>. <\/em> Dabei sei eine solche Szene in Oslo mehr als unrealistisch: &#8222;Die Busse sind weder voll mit gruseligen Islamisten, noch sind so viele Pl\u00e4tze frei.&#8220;<\/p>\n<p><em>Aktualisierung: Das Bild der leeren Bussitze und die damit assoziierten vollverschleierten Frauen kursierte bereits im September 2016 auf Twitter. Damals diskutierte die Politik \u00fcber ein <a href=\"http:\/\/www.zeit.de\/2016\/35\/burka-nikab-vollverschleierung-verbot-ja\">allgemeines Burka-Verbot in Deutschland<\/a>. Das Argument daf\u00fcr: Vollverschleierung sei ein Hindernis f\u00fcr die Integration. Das Argument dagegen: Ein Verbot widerspreche der gelebten Vielfalt. Dies griff die Twitternutzerin Sleepy mit dem Bild eines Busses aus dem Allg\u00e4u auf.<br \/>\n<\/em><\/p>\n<p>https:\/\/twitter.com\/garstigesWeib\/status\/772427004247506944<\/p>\n<p><em>Der Tweet war nat\u00fcrlich satirisch gemeint, wie Sleepy gegen\u00fcber ZEIT ONLINE betont. Damit habe sie auf die Manipulierbarkeit der Menschen w\u00e4hrend der Debatte hinweisen wollen. Dass das Bild nun in Norwegen die Runde macht, findet sie gut: &#8222;Ich freue mich \u00fcbrigens, dass sich ein paar Rechtsradikale wegen dieses Fotos selbst entlarvt haben.&#8220;<\/em><\/p>\n<ul>\n<li><em>Auch in Deutschland werden jede Menge Fake-News verbreitet. <a href=\"http:\/\/www.zeit.de\/politik\/deutschland\/2016-11\/fake-news-deutschland-geruechte-hoaxmap\" target=\"_blank\" rel=\"noopener\">Das Projekt &#8222;Hoaxmap&#8220; deckt die Falschmeldungen auf<\/a>.<\/em><\/li>\n<li><em>Alle Informationen zu <a href=\"http:\/\/www.zeit.de\/thema\/fake-news\">Fake-News<\/a> finden Sie auf der Themenseite.<\/em><\/li>\n<li><em>Weitere <a href=\"https:\/\/blog.zeit.de\/teilchen\/\" target=\"_blank\" rel=\"noopener\">Netzfundst\u00fccke gibt&#8217;s im Teilchen-Blog<\/a>.<\/em><\/li>\n<\/ul>\n","protected":false},"excerpt":{"rendered":"<p>Empfohlener redaktioneller Inhalt An dieser Stelle finden Sie externen Inhalt, der den Artikel erg\u00e4nzt. Sie k\u00f6nnen sich externe Inhalte mit einem Klick anzeigen lassen [\u2026]<\/p>\n","protected":false},"author":684,"featured_media":17263,"comment_status":"open","ping_status":"closed","sticky":false,"template":"","format":"standard","meta":{"_jetpack_memberships_contains_paid_content":false,"footnotes":""},"categories":[14172,29747],"tags":[],"class_list":["post-17245","post","type-post","status-publish","format-standard","has-post-thumbnail","hentry","category-bilder","category-geschichten"],"yoast_head":"<!-- This site is optimized with the Yoast SEO plugin v21.0 - https:\/\/yoast.com\/wordpress\/plugins\/seo\/ -->\n<title>Islamkritiker: Rechte halten leere Bussitze f\u00fcr Islamistinnen in Burkas<\/title>\n<meta name=\"description\" content=\"Was zeigt dieses Foto: burkatragende Frauen oder leere Bussitze? Islamkritiker einer norwegischen Facebook-Gruppe sind sich einig.\" \/>\n<meta name=\"robots\" content=\"index, follow, max-snippet:-1, max-image-preview:large, max-video-preview:-1\" \/>\n<link rel=\"canonical\" href=\"https:\/\/blog.zeit.de\/teilchen\/2017\/08\/02\/islamkritiker-leere-bussitze-islamistinnen-burkas\/\" \/>\n<meta property=\"og:locale\" content=\"de_DE\" \/>\n<meta property=\"og:type\" content=\"article\" \/>\n<meta property=\"og:title\" content=\"Rechte halten leere Bussitze f\u00fcr Islamistinnen in Burkas\" \/>\n<meta property=\"og:description\" content=\"Was erkennen Sie auf diesem Bild? F\u00fcr die Mitglieder einer rechten Facebookgruppe gibt es keine Zweifel: Es muss sich um muslimische Frauen handeln.\" \/>\n<meta property=\"og:url\" content=\"https:\/\/blog.zeit.de\/teilchen\/2017\/08\/02\/islamkritiker-leere-bussitze-islamistinnen-burkas\/\" \/>\n<meta property=\"og:site_name\" content=\"Teilchen\" \/>\n<meta property=\"article:published_time\" content=\"2017-08-02T09:07:49+00:00\" \/>\n<meta property=\"article:modified_time\" content=\"2017-08-02T16:51:53+00:00\" \/>\n<meta property=\"og:image\" content=\"https:\/\/blog.zeit.de\/teilchen\/files\/2017\/08\/burkasitze.jpg\" \/>\n\t<meta property=\"og:image:width\" content=\"720\" \/>\n\t<meta property=\"og:image:height\" content=\"614\" \/>\n\t<meta property=\"og:image:type\" content=\"image\/jpeg\" \/>\n<meta name=\"author\" content=\"Hanna Lauwitz\" \/>\n<meta name=\"twitter:card\" content=\"summary_large_image\" \/>\n<meta name=\"twitter:title\" content=\"Rechte halten leere Bussitze f\u00fcr Islamistinnen in Burkas\" \/>\n<meta name=\"twitter:description\" content=\"Was erkennen Sie auf diesem Bild? F\u00fcr die Mitglieder einer rechten Facebookgruppe gibt es keine Zweifel: Es muss sich um muslimische Frauen handeln.\" \/>\n<meta name=\"twitter:creator\" content=\"@hannamariarosa\" \/>\n<meta name=\"twitter:site\" content=\"@zeitonline\" \/>\n<meta name=\"twitter:label1\" content=\"Geschrieben von\" \/>\n\t<meta name=\"twitter:data1\" content=\"Hanna Lauwitz\" \/>\n\t<meta name=\"twitter:label2\" content=\"Gesch\u00e4tzte Lesezeit\" \/>\n\t<meta name=\"twitter:data2\" content=\"3\u00a0Minuten\" \/>\n<script type=\"application\/ld+json\" class=\"yoast-schema-graph\">{\"@context\":\"https:\/\/schema.org\",\"@graph\":[{\"@type\":\"WebPage\",\"@id\":\"https:\/\/blog.zeit.de\/teilchen\/2017\/08\/02\/islamkritiker-leere-bussitze-islamistinnen-burkas\/\",\"url\":\"https:\/\/blog.zeit.de\/teilchen\/2017\/08\/02\/islamkritiker-leere-bussitze-islamistinnen-burkas\/\",\"name\":\"Islamkritiker: Rechte halten leere Bussitze f\u00fcr Islamistinnen in Burkas\",\"isPartOf\":{\"@id\":\"https:\/\/blog.zeit.de\/teilchen\/#website\"},\"datePublished\":\"2017-08-02T09:07:49+00:00\",\"dateModified\":\"2017-08-02T16:51:53+00:00\",\"author\":{\"@id\":\"https:\/\/blog.zeit.de\/teilchen\/#\/schema\/person\/835c07f25a4cf509c1f669cd01218106\"},\"description\":\"Was zeigt dieses Foto: burkatragende Frauen oder leere Bussitze? Islamkritiker einer norwegischen Facebook-Gruppe sind sich einig.\",\"breadcrumb\":{\"@id\":\"https:\/\/blog.zeit.de\/teilchen\/2017\/08\/02\/islamkritiker-leere-bussitze-islamistinnen-burkas\/#breadcrumb\"},\"inLanguage\":\"de\",\"potentialAction\":[{\"@type\":\"ReadAction\",\"target\":[\"https:\/\/blog.zeit.de\/teilchen\/2017\/08\/02\/islamkritiker-leere-bussitze-islamistinnen-burkas\/\"]}]},{\"@type\":\"BreadcrumbList\",\"@id\":\"https:\/\/blog.zeit.de\/teilchen\/2017\/08\/02\/islamkritiker-leere-bussitze-islamistinnen-burkas\/#breadcrumb\",\"itemListElement\":[{\"@type\":\"ListItem\",\"position\":1,\"name\":\"Startseite\",\"item\":\"https:\/\/blog.zeit.de\/teilchen\/\"},{\"@type\":\"ListItem\",\"position\":2,\"name\":\"Rechte halten leere Bussitze f\u00fcr Islamistinnen in Burkas\"}]},{\"@type\":\"WebSite\",\"@id\":\"https:\/\/blog.zeit.de\/teilchen\/#website\",\"url\":\"https:\/\/blog.zeit.de\/teilchen\/\",\"name\":\"Teilchen\",\"description\":\"Im Netz verstecken sich kleine Sch\u00e4tze - ZEIT ONLINE findet sie.\",\"potentialAction\":[{\"@type\":\"SearchAction\",\"target\":{\"@type\":\"EntryPoint\",\"urlTemplate\":\"https:\/\/blog.zeit.de\/teilchen\/?s={search_term_string}\"},\"query-input\":\"required name=search_term_string\"}],\"inLanguage\":\"de\"},{\"@type\":\"Person\",\"@id\":\"https:\/\/blog.zeit.de\/teilchen\/#\/schema\/person\/835c07f25a4cf509c1f669cd01218106\",\"name\":\"Hanna Lauwitz\",\"image\":{\"@type\":\"ImageObject\",\"inLanguage\":\"de\",\"@id\":\"https:\/\/blog.zeit.de\/teilchen\/#\/schema\/person\/image\/\",\"url\":\"https:\/\/secure.gravatar.com\/avatar\/a2058e8325b0c0f790e8ffc10cfad6a35ffeb4907f706f757da2927d3aaa6443?s=96&d=mm&r=g\",\"contentUrl\":\"https:\/\/secure.gravatar.com\/avatar\/a2058e8325b0c0f790e8ffc10cfad6a35ffeb4907f706f757da2927d3aaa6443?s=96&d=mm&r=g\",\"caption\":\"Hanna Lauwitz\"},\"description\":\"Redakteurin Social Media bei ZEIT ONLINE\",\"sameAs\":[\"https:\/\/twitter.com\/hannamariarosa\"],\"url\":\"https:\/\/blog.zeit.de\/teilchen\/author\/hlauwitz\/\"}]}<\/script>\n<!-- \/ Yoast SEO plugin. -->","yoast_head_json":{"title":"Islamkritiker: Rechte halten leere Bussitze f\u00fcr Islamistinnen in Burkas","description":"Was zeigt dieses Foto: burkatragende Frauen oder leere Bussitze? Islamkritiker einer norwegischen Facebook-Gruppe sind sich einig.","robots":{"index":"index","follow":"follow","max-snippet":"max-snippet:-1","max-image-preview":"max-image-preview:large","max-video-preview":"max-video-preview:-1"},"canonical":"https:\/\/blog.zeit.de\/teilchen\/2017\/08\/02\/islamkritiker-leere-bussitze-islamistinnen-burkas\/","og_locale":"de_DE","og_type":"article","og_title":"Rechte halten leere Bussitze f\u00fcr Islamistinnen in Burkas","og_description":"Was erkennen Sie auf diesem Bild? F\u00fcr die Mitglieder einer rechten Facebookgruppe gibt es keine Zweifel: Es muss sich um muslimische Frauen handeln.","og_url":"https:\/\/blog.zeit.de\/teilchen\/2017\/08\/02\/islamkritiker-leere-bussitze-islamistinnen-burkas\/","og_site_name":"Teilchen","article_published_time":"2017-08-02T09:07:49+00:00","article_modified_time":"2017-08-02T16:51:53+00:00","og_image":[{"width":720,"height":614,"url":"https:\/\/blog.zeit.de\/teilchen\/files\/2017\/08\/burkasitze.jpg","type":"image\/jpeg"}],"author":"Hanna Lauwitz","twitter_card":"summary_large_image","twitter_title":"Rechte halten leere Bussitze f\u00fcr Islamistinnen in Burkas","twitter_description":"Was erkennen Sie auf diesem Bild? F\u00fcr die Mitglieder einer rechten Facebookgruppe gibt es keine Zweifel: Es muss sich um muslimische Frauen handeln.","twitter_creator":"@hannamariarosa","twitter_site":"@zeitonline","twitter_misc":{"Geschrieben von":"Hanna Lauwitz","Gesch\u00e4tzte Lesezeit":"3\u00a0Minuten"},"schema":{"@context":"https:\/\/schema.org","@graph":[{"@type":"WebPage","@id":"https:\/\/blog.zeit.de\/teilchen\/2017\/08\/02\/islamkritiker-leere-bussitze-islamistinnen-burkas\/","url":"https:\/\/blog.zeit.de\/teilchen\/2017\/08\/02\/islamkritiker-leere-bussitze-islamistinnen-burkas\/","name":"Islamkritiker: Rechte halten leere Bussitze f\u00fcr Islamistinnen in Burkas","isPartOf":{"@id":"https:\/\/blog.zeit.de\/teilchen\/#website"},"datePublished":"2017-08-02T09:07:49+00:00","dateModified":"2017-08-02T16:51:53+00:00","author":{"@id":"https:\/\/blog.zeit.de\/teilchen\/#\/schema\/person\/835c07f25a4cf509c1f669cd01218106"},"description":"Was zeigt dieses Foto: burkatragende Frauen oder leere Bussitze? Islamkritiker einer norwegischen Facebook-Gruppe sind sich einig.","breadcrumb":{"@id":"https:\/\/blog.zeit.de\/teilchen\/2017\/08\/02\/islamkritiker-leere-bussitze-islamistinnen-burkas\/#breadcrumb"},"inLanguage":"de","potentialAction":[{"@type":"ReadAction","target":["https:\/\/blog.zeit.de\/teilchen\/2017\/08\/02\/islamkritiker-leere-bussitze-islamistinnen-burkas\/"]}]},{"@type":"BreadcrumbList","@id":"https:\/\/blog.zeit.de\/teilchen\/2017\/08\/02\/islamkritiker-leere-bussitze-islamistinnen-burkas\/#breadcrumb","itemListElement":[{"@type":"ListItem","position":1,"name":"Startseite","item":"https:\/\/blog.zeit.de\/teilchen\/"},{"@type":"ListItem","position":2,"name":"Rechte halten leere Bussitze f\u00fcr Islamistinnen in Burkas"}]},{"@type":"WebSite","@id":"https:\/\/blog.zeit.de\/teilchen\/#website","url":"https:\/\/blog.zeit.de\/teilchen\/","name":"Teilchen","description":"Im Netz verstecken sich kleine Sch\u00e4tze - ZEIT ONLINE findet sie.","potentialAction":[{"@type":"SearchAction","target":{"@type":"EntryPoint","urlTemplate":"https:\/\/blog.zeit.de\/teilchen\/?s={search_term_string}"},"query-input":"required name=search_term_string"}],"inLanguage":"de"},{"@type":"Person","@id":"https:\/\/blog.zeit.de\/teilchen\/#\/schema\/person\/835c07f25a4cf509c1f669cd01218106","name":"Hanna Lauwitz","image":{"@type":"ImageObject","inLanguage":"de","@id":"https:\/\/blog.zeit.de\/teilchen\/#\/schema\/person\/image\/","url":"https:\/\/secure.gravatar.com\/avatar\/a2058e8325b0c0f790e8ffc10cfad6a35ffeb4907f706f757da2927d3aaa6443?s=96&d=mm&r=g","contentUrl":"https:\/\/secure.gravatar.com\/avatar\/a2058e8325b0c0f790e8ffc10cfad6a35ffeb4907f706f757da2927d3aaa6443?s=96&d=mm&r=g","caption":"Hanna Lauwitz"},"description":"Redakteurin Social Media bei ZEIT ONLINE","sameAs":["https:\/\/twitter.com\/hannamariarosa"],"url":"https:\/\/blog.zeit.de\/teilchen\/author\/hlauwitz\/"}]}},"jetpack_featured_media_url":"https:\/\/blog.zeit.de\/teilchen\/files\/2017\/08\/burkasitze.jpg","jetpack_sharing_enabled":true,"_links":{"self":[{"href":"https:\/\/blog.zeit.de\/teilchen\/wp-json\/wp\/v2\/posts\/17245","targetHints":{"allow":["GET"]}}],"collection":[{"href":"https:\/\/blog.zeit.de\/teilchen\/wp-json\/wp\/v2\/posts"}],"about":[{"href":"https:\/\/blog.zeit.de\/teilchen\/wp-json\/wp\/v2\/types\/post"}],"author":[{"embeddable":true,"href":"https:\/\/blog.zeit.de\/teilchen\/wp-json\/wp\/v2\/users\/684"}],"replies":[{"embeddable":true,"href":"https:\/\/blog.zeit.de\/teilchen\/wp-json\/wp\/v2\/comments?post=17245"}],"version-history":[{"count":23,"href":"https:\/\/blog.zeit.de\/teilchen\/wp-json\/wp\/v2\/posts\/17245\/revisions"}],"predecessor-version":[{"id":17270,"href":"https:\/\/blog.zeit.de\/teilchen\/wp-json\/wp\/v2\/posts\/17245\/revisions\/17270"}],"wp:featuredmedia":[{"embeddable":true,"href":"https:\/\/blog.zeit.de\/teilchen\/wp-json\/wp\/v2\/media\/17263"}],"wp:attachment":[{"href":"https:\/\/blog.zeit.de\/teilchen\/wp-json\/wp\/v2\/media?parent=17245"}],"wp:term":[{"taxonomy":"category","embeddable":true,"href":"https:\/\/blog.zeit.de\/teilchen\/wp-json\/wp\/v2\/categories?post=17245"},{"taxonomy":"post_tag","embeddable":true,"href":"https:\/\/blog.zeit.de\/teilchen\/wp-json\/wp\/v2\/tags?post=17245"}],"curies":[{"name":"wp","href":"https:\/\/api.w.org\/{rel}","templated":true}]}}