{"id":17326,"date":"2017-08-14T10:57:59","date_gmt":"2017-08-14T08:57:59","guid":{"rendered":"http:\/\/blog.zeit.de\/teilchen\/?p=17326"},"modified":"2017-08-14T13:18:27","modified_gmt":"2017-08-14T11:18:27","slug":"rassismus-1943-usa-kriegsministerium-kurzfilm-aktualitaet","status":"publish","type":"post","link":"https:\/\/blog.zeit.de\/teilchen\/2017\/08\/14\/rassismus-1943-usa-kriegsministerium-kurzfilm-aktualitaet\/","title":{"rendered":"Wie das US-Kriegsministerium 1943 vor Populismus warnte \u2013 und damit auch 2017 noch aktuell ist"},"content":{"rendered":"\n<div class=\"embed-wrapper embed-wrapper--blocked js-embed-consent\" data-method=\"embed\">\n<script class=\"raw__source\" type=\"text\/template\"><iframe loading=\"lazy\" title=\"Don&#039;t Be a Sucker - 1947\" width=\"640\" height=\"480\" src=\"https:\/\/www.youtube-nocookie.com\/embed\/23X14HS4gLk?feature=oembed\" frameborder=\"0\" allow=\"accelerometer; autoplay; clipboard-write; encrypted-media; gyroscope; picture-in-picture; web-share\" referrerpolicy=\"strict-origin-when-cross-origin\" allowfullscreen><\/iframe><\/script>\n<div class=\"embed-wrapper__inner\">\n<div class=\"embed-wrapper__text\">\n<h3>Empfohlener redaktioneller Inhalt<\/h3>\n<p data-replace=\"no\">An dieser Stelle finden Sie externen Inhalt, der den Artikel erg\u00e4nzt. Sie k\u00f6nnen sich externe Inhalte mit einem Klick anzeigen lassen und wieder ausblenden.<noscript>Bitte aktivieren Sie JavaScript damit Sie diesen Inhalt anzeigen k\u00f6nnen.<\/noscript><\/p>\n<\/div>\n<div class=\"embed-consent\">\n<label class=\"embed-consent__toggle\">\n<input class=\"js-embed-consent__toggle\" type=\"checkbox\" autocomplete=\"off\">\n<span><\/span>\nExterner Inhalt\n<\/label>\n<a href=\"https:\/\/www.zeit.de\/hilfe\/datenschutz\" target=\"_blank\" class=\"embed-consent__datalink-when-active\">Datenschutzerkl\u00e4rung<\/a>\n<\/div>\n<div class=\"embed-wrapper__footer\">\n<p data-replace=\"no\">\nIch bin damit einverstanden, dass mir externe Inhalte angezeigt werden. Damit k\u00f6nnen personenbezogene Daten an Drittplattformen \u00fcbermittelt werden. <a href=\"https:\/\/www.zeit.de\/hilfe\/datenschutz\" target=\"_blank\">Mehr dazu in unserer Datenschutzerkl\u00e4rung.<\/a>\n<\/p>\n<\/div>\n<\/div>\n<\/div>\n<p>Geschichte wiederholt sich nicht, hei\u00dft es \u2013 doch das amerikanische Kriegsministerium ging 1943 lieber auf Nummer sicher: Um den US-B\u00fcrgern die Gefahren durch Populismus und massentauglichen Rassismus aufzuzeigen, produzierte das Ministerium vor mehr als 70 Jahren einen Kurzfilm, der 1947 aufgrund seines Erfolgs ein zweites Mal ver\u00f6ffentlicht wurde. In dem 17-Minuten-Streifen <em>Don&#8217;t be a sucker <\/em>(etwa: Sei kein Dummkopf) geht es, in frischer Erinnerung an das Nazi-Regime und den Zweiten Weltkrieg, um die <a href=\"http:\/\/www.openculture.com\/2016\/07\/dont-be-a-sucker.html\">Verf\u00fchrungsk\u00fcnste von Demagogen<\/a> \u2013 und wie man sich gegen eine herbeigeredete Spaltung der Gesellschaft wehren sollte.<\/p>\n<p><!--more-->Kernsatz des Videos: &#8222;&#8218;Die &#8218;anderen&#8216; gibt es nicht, es gibt nur Amerikaner.&#8220; Eine Botschaft mit zeitloser Wahrheit \u2013 die gerade in den <a href=\"http:\/\/www.zeit.de\/politik\/ausland\/2016-11\/us-praesident-donald-trump-vereinigte-staaten-spaltung\">heute (wieder) tief gespaltenen USA<\/a> an Bedeutung zu gewinnen scheint. Immer h\u00e4ufiger tauchen in sozialen Netzwerken Zitate oder Videoschnipsel aus dem Film auf, die seine Aktualit\u00e4t betonen. Ein Nutzer bei YouTube etwa schreibt: &#8222;Das Video k\u00f6nnte von vergangener Woche stammen.&#8220;<\/p>\n<p>Deswegen: Zur\u00fccklehnen, Video ansehen, und sich fragen, was man aus 1943 f\u00fcr 2017 lernen kann.<\/p>\n<ul>\n<li><em>Auf unseren Themenseiten finden Sie weitere Artikel zum Thema <a href=\"http:\/\/www.zeit.de\/thema\/usa\" target=\"_blank\" rel=\"noopener\">USA<\/a> und <a href=\"http:\/\/www.zeit.de\/thema\/donald-trump\" target=\"_blank\" rel=\"noopener\">Donald Trump<\/a>.<\/em><\/li>\n<li><em>Weitere Netzfundst\u00fccke von <a href=\"https:\/\/blog.zeit.de\/teilchen\/\" target=\"_blank\" rel=\"noopener\"> ZEIT ONLINE gibt&#8217;s im Teilchen-Blog<\/a>.<\/em><\/li>\n<\/ul>\n","protected":false},"excerpt":{"rendered":"<p>Empfohlener redaktioneller Inhalt An dieser Stelle finden Sie externen Inhalt, der den Artikel erg\u00e4nzt. Sie k\u00f6nnen sich externe Inhalte mit einem Klick anzeigen lassen [\u2026]<\/p>\n","protected":false},"author":705,"featured_media":17345,"comment_status":"open","ping_status":"closed","sticky":false,"template":"","format":"standard","meta":{"_jetpack_memberships_contains_paid_content":false,"footnotes":""},"categories":[28],"tags":[],"class_list":["post-17326","post","type-post","status-publish","format-standard","has-post-thumbnail","hentry","category-video"],"yoast_head":"<!-- This site is optimized with the Yoast SEO plugin v21.0 - https:\/\/yoast.com\/wordpress\/plugins\/seo\/ -->\n<title>Ist der Rassismus von 1947 ein anderer als heute?<\/title>\n<meta name=\"description\" content=\"Um den US-B\u00fcrgern Gefahren durch Rassismus aufzuzeigen, produzierte das Kriegsministerium in den 40er Jahren einen Kurzfilm \u2013 der heute noch aktuell ist.\" \/>\n<meta name=\"robots\" content=\"index, follow, max-snippet:-1, max-image-preview:large, max-video-preview:-1\" \/>\n<link rel=\"canonical\" href=\"https:\/\/blog.zeit.de\/teilchen\/2017\/08\/14\/rassismus-1943-usa-kriegsministerium-kurzfilm-aktualitaet\/\" \/>\n<meta property=\"og:locale\" content=\"de_DE\" \/>\n<meta property=\"og:type\" content=\"article\" \/>\n<meta property=\"og:title\" content=\"Ist der Rassismus von 1947 ein anderer als heute?\" \/>\n<meta property=\"og:description\" content=\"Um den US-B\u00fcrgern Gefahren durch Rassismus aufzuzeigen, produzierte das Kriegsministerium in den 40er Jahren einen Kurzfilm \u2013 der heute noch aktuell ist.\" \/>\n<meta property=\"og:url\" content=\"https:\/\/blog.zeit.de\/teilchen\/2017\/08\/14\/rassismus-1943-usa-kriegsministerium-kurzfilm-aktualitaet\/\" \/>\n<meta property=\"og:site_name\" content=\"Teilchen\" \/>\n<meta property=\"article:published_time\" content=\"2017-08-14T08:57:59+00:00\" \/>\n<meta property=\"article:modified_time\" content=\"2017-08-14T11:18:27+00:00\" \/>\n<meta property=\"og:image\" content=\"https:\/\/blog.zeit.de\/teilchen\/files\/2017\/08\/Bildschirmfoto-2017-08-14-um-10.43.25.png\" \/>\n\t<meta property=\"og:image:width\" content=\"628\" \/>\n\t<meta property=\"og:image:height\" content=\"466\" \/>\n\t<meta property=\"og:image:type\" content=\"image\/png\" \/>\n<meta name=\"author\" content=\"Lukas Koschnitzke\" \/>\n<meta name=\"twitter:card\" content=\"summary_large_image\" \/>\n<meta name=\"twitter:image\" content=\"https:\/\/blog.zeit.de\/teilchen\/files\/2017\/08\/Bildschirmfoto-2017-08-14-um-10.43.25.png\" \/>\n<meta name=\"twitter:creator\" content=\"@zeitonline\" \/>\n<meta name=\"twitter:site\" content=\"@zeitonline\" \/>\n<meta name=\"twitter:label1\" content=\"Geschrieben von\" \/>\n\t<meta name=\"twitter:data1\" content=\"Lukas Koschnitzke\" \/>\n\t<meta name=\"twitter:label2\" content=\"Gesch\u00e4tzte Lesezeit\" \/>\n\t<meta name=\"twitter:data2\" content=\"1\u00a0Minute\" \/>\n<script type=\"application\/ld+json\" class=\"yoast-schema-graph\">{\"@context\":\"https:\/\/schema.org\",\"@graph\":[{\"@type\":\"WebPage\",\"@id\":\"https:\/\/blog.zeit.de\/teilchen\/2017\/08\/14\/rassismus-1943-usa-kriegsministerium-kurzfilm-aktualitaet\/\",\"url\":\"https:\/\/blog.zeit.de\/teilchen\/2017\/08\/14\/rassismus-1943-usa-kriegsministerium-kurzfilm-aktualitaet\/\",\"name\":\"Ist der Rassismus von 1947 ein anderer als heute?\",\"isPartOf\":{\"@id\":\"https:\/\/blog.zeit.de\/teilchen\/#website\"},\"datePublished\":\"2017-08-14T08:57:59+00:00\",\"dateModified\":\"2017-08-14T11:18:27+00:00\",\"author\":{\"@id\":\"https:\/\/blog.zeit.de\/teilchen\/#\/schema\/person\/9b14705aa19f7257cab0b0706948e40f\"},\"description\":\"Um den US-B\u00fcrgern Gefahren durch Rassismus aufzuzeigen, produzierte das Kriegsministerium in den 40er Jahren einen Kurzfilm \u2013 der heute noch aktuell ist.\",\"breadcrumb\":{\"@id\":\"https:\/\/blog.zeit.de\/teilchen\/2017\/08\/14\/rassismus-1943-usa-kriegsministerium-kurzfilm-aktualitaet\/#breadcrumb\"},\"inLanguage\":\"de\",\"potentialAction\":[{\"@type\":\"ReadAction\",\"target\":[\"https:\/\/blog.zeit.de\/teilchen\/2017\/08\/14\/rassismus-1943-usa-kriegsministerium-kurzfilm-aktualitaet\/\"]}]},{\"@type\":\"BreadcrumbList\",\"@id\":\"https:\/\/blog.zeit.de\/teilchen\/2017\/08\/14\/rassismus-1943-usa-kriegsministerium-kurzfilm-aktualitaet\/#breadcrumb\",\"itemListElement\":[{\"@type\":\"ListItem\",\"position\":1,\"name\":\"Startseite\",\"item\":\"https:\/\/blog.zeit.de\/teilchen\/\"},{\"@type\":\"ListItem\",\"position\":2,\"name\":\"Wie das US-Kriegsministerium 1943 vor Populismus warnte \u2013 und damit auch 2017 noch aktuell ist\"}]},{\"@type\":\"WebSite\",\"@id\":\"https:\/\/blog.zeit.de\/teilchen\/#website\",\"url\":\"https:\/\/blog.zeit.de\/teilchen\/\",\"name\":\"Teilchen\",\"description\":\"Im Netz verstecken sich kleine Sch\u00e4tze - ZEIT ONLINE findet sie.\",\"potentialAction\":[{\"@type\":\"SearchAction\",\"target\":{\"@type\":\"EntryPoint\",\"urlTemplate\":\"https:\/\/blog.zeit.de\/teilchen\/?s={search_term_string}\"},\"query-input\":\"required name=search_term_string\"}],\"inLanguage\":\"de\"},{\"@type\":\"Person\",\"@id\":\"https:\/\/blog.zeit.de\/teilchen\/#\/schema\/person\/9b14705aa19f7257cab0b0706948e40f\",\"name\":\"Lukas Koschnitzke\",\"image\":{\"@type\":\"ImageObject\",\"inLanguage\":\"de\",\"@id\":\"https:\/\/blog.zeit.de\/teilchen\/#\/schema\/person\/image\/\",\"url\":\"https:\/\/secure.gravatar.com\/avatar\/fddbe25b8ad3d8763c1e0c7e9658348883a3788b36589e2f4eaac40964fc9314?s=96&d=mm&r=g\",\"contentUrl\":\"https:\/\/secure.gravatar.com\/avatar\/fddbe25b8ad3d8763c1e0c7e9658348883a3788b36589e2f4eaac40964fc9314?s=96&d=mm&r=g\",\"caption\":\"Lukas Koschnitzke\"},\"description\":\"Volkswirtschaftsstudium in Madrid und K\u00f6ln, Absolvent der K\u00f6lner Journalistenschule. Seit Sommer 2017 Redakteur im Ressort Politik, Wirtschaft und Gesellschaft bei ZEIT ONLINE.\",\"url\":\"https:\/\/blog.zeit.de\/teilchen\/author\/lkoschnitzke\/\"}]}<\/script>\n<!-- \/ Yoast SEO plugin. -->","yoast_head_json":{"title":"Ist der Rassismus von 1947 ein anderer als heute?","description":"Um den US-B\u00fcrgern Gefahren durch Rassismus aufzuzeigen, produzierte das Kriegsministerium in den 40er Jahren einen Kurzfilm \u2013 der heute noch aktuell ist.","robots":{"index":"index","follow":"follow","max-snippet":"max-snippet:-1","max-image-preview":"max-image-preview:large","max-video-preview":"max-video-preview:-1"},"canonical":"https:\/\/blog.zeit.de\/teilchen\/2017\/08\/14\/rassismus-1943-usa-kriegsministerium-kurzfilm-aktualitaet\/","og_locale":"de_DE","og_type":"article","og_title":"Ist der Rassismus von 1947 ein anderer als heute?","og_description":"Um den US-B\u00fcrgern Gefahren durch Rassismus aufzuzeigen, produzierte das Kriegsministerium in den 40er Jahren einen Kurzfilm \u2013 der heute noch aktuell ist.","og_url":"https:\/\/blog.zeit.de\/teilchen\/2017\/08\/14\/rassismus-1943-usa-kriegsministerium-kurzfilm-aktualitaet\/","og_site_name":"Teilchen","article_published_time":"2017-08-14T08:57:59+00:00","article_modified_time":"2017-08-14T11:18:27+00:00","og_image":[{"width":628,"height":466,"url":"https:\/\/blog.zeit.de\/teilchen\/files\/2017\/08\/Bildschirmfoto-2017-08-14-um-10.43.25.png","type":"image\/png"}],"author":"Lukas Koschnitzke","twitter_card":"summary_large_image","twitter_image":"https:\/\/blog.zeit.de\/teilchen\/files\/2017\/08\/Bildschirmfoto-2017-08-14-um-10.43.25.png","twitter_creator":"@zeitonline","twitter_site":"@zeitonline","twitter_misc":{"Geschrieben von":"Lukas Koschnitzke","Gesch\u00e4tzte Lesezeit":"1\u00a0Minute"},"schema":{"@context":"https:\/\/schema.org","@graph":[{"@type":"WebPage","@id":"https:\/\/blog.zeit.de\/teilchen\/2017\/08\/14\/rassismus-1943-usa-kriegsministerium-kurzfilm-aktualitaet\/","url":"https:\/\/blog.zeit.de\/teilchen\/2017\/08\/14\/rassismus-1943-usa-kriegsministerium-kurzfilm-aktualitaet\/","name":"Ist der Rassismus von 1947 ein anderer als heute?","isPartOf":{"@id":"https:\/\/blog.zeit.de\/teilchen\/#website"},"datePublished":"2017-08-14T08:57:59+00:00","dateModified":"2017-08-14T11:18:27+00:00","author":{"@id":"https:\/\/blog.zeit.de\/teilchen\/#\/schema\/person\/9b14705aa19f7257cab0b0706948e40f"},"description":"Um den US-B\u00fcrgern Gefahren durch Rassismus aufzuzeigen, produzierte das Kriegsministerium in den 40er Jahren einen Kurzfilm \u2013 der heute noch aktuell ist.","breadcrumb":{"@id":"https:\/\/blog.zeit.de\/teilchen\/2017\/08\/14\/rassismus-1943-usa-kriegsministerium-kurzfilm-aktualitaet\/#breadcrumb"},"inLanguage":"de","potentialAction":[{"@type":"ReadAction","target":["https:\/\/blog.zeit.de\/teilchen\/2017\/08\/14\/rassismus-1943-usa-kriegsministerium-kurzfilm-aktualitaet\/"]}]},{"@type":"BreadcrumbList","@id":"https:\/\/blog.zeit.de\/teilchen\/2017\/08\/14\/rassismus-1943-usa-kriegsministerium-kurzfilm-aktualitaet\/#breadcrumb","itemListElement":[{"@type":"ListItem","position":1,"name":"Startseite","item":"https:\/\/blog.zeit.de\/teilchen\/"},{"@type":"ListItem","position":2,"name":"Wie das US-Kriegsministerium 1943 vor Populismus warnte \u2013 und damit auch 2017 noch aktuell ist"}]},{"@type":"WebSite","@id":"https:\/\/blog.zeit.de\/teilchen\/#website","url":"https:\/\/blog.zeit.de\/teilchen\/","name":"Teilchen","description":"Im Netz verstecken sich kleine Sch\u00e4tze - ZEIT ONLINE findet sie.","potentialAction":[{"@type":"SearchAction","target":{"@type":"EntryPoint","urlTemplate":"https:\/\/blog.zeit.de\/teilchen\/?s={search_term_string}"},"query-input":"required name=search_term_string"}],"inLanguage":"de"},{"@type":"Person","@id":"https:\/\/blog.zeit.de\/teilchen\/#\/schema\/person\/9b14705aa19f7257cab0b0706948e40f","name":"Lukas Koschnitzke","image":{"@type":"ImageObject","inLanguage":"de","@id":"https:\/\/blog.zeit.de\/teilchen\/#\/schema\/person\/image\/","url":"https:\/\/secure.gravatar.com\/avatar\/fddbe25b8ad3d8763c1e0c7e9658348883a3788b36589e2f4eaac40964fc9314?s=96&d=mm&r=g","contentUrl":"https:\/\/secure.gravatar.com\/avatar\/fddbe25b8ad3d8763c1e0c7e9658348883a3788b36589e2f4eaac40964fc9314?s=96&d=mm&r=g","caption":"Lukas Koschnitzke"},"description":"Volkswirtschaftsstudium in Madrid und K\u00f6ln, Absolvent der K\u00f6lner Journalistenschule. Seit Sommer 2017 Redakteur im Ressort Politik, Wirtschaft und Gesellschaft bei ZEIT ONLINE.","url":"https:\/\/blog.zeit.de\/teilchen\/author\/lkoschnitzke\/"}]}},"jetpack_featured_media_url":"https:\/\/blog.zeit.de\/teilchen\/files\/2017\/08\/Bildschirmfoto-2017-08-14-um-10.43.25.png","jetpack_sharing_enabled":true,"_links":{"self":[{"href":"https:\/\/blog.zeit.de\/teilchen\/wp-json\/wp\/v2\/posts\/17326","targetHints":{"allow":["GET"]}}],"collection":[{"href":"https:\/\/blog.zeit.de\/teilchen\/wp-json\/wp\/v2\/posts"}],"about":[{"href":"https:\/\/blog.zeit.de\/teilchen\/wp-json\/wp\/v2\/types\/post"}],"author":[{"embeddable":true,"href":"https:\/\/blog.zeit.de\/teilchen\/wp-json\/wp\/v2\/users\/705"}],"replies":[{"embeddable":true,"href":"https:\/\/blog.zeit.de\/teilchen\/wp-json\/wp\/v2\/comments?post=17326"}],"version-history":[{"count":12,"href":"https:\/\/blog.zeit.de\/teilchen\/wp-json\/wp\/v2\/posts\/17326\/revisions"}],"predecessor-version":[{"id":17344,"href":"https:\/\/blog.zeit.de\/teilchen\/wp-json\/wp\/v2\/posts\/17326\/revisions\/17344"}],"wp:featuredmedia":[{"embeddable":true,"href":"https:\/\/blog.zeit.de\/teilchen\/wp-json\/wp\/v2\/media\/17345"}],"wp:attachment":[{"href":"https:\/\/blog.zeit.de\/teilchen\/wp-json\/wp\/v2\/media?parent=17326"}],"wp:term":[{"taxonomy":"category","embeddable":true,"href":"https:\/\/blog.zeit.de\/teilchen\/wp-json\/wp\/v2\/categories?post=17326"},{"taxonomy":"post_tag","embeddable":true,"href":"https:\/\/blog.zeit.de\/teilchen\/wp-json\/wp\/v2\/tags?post=17326"}],"curies":[{"name":"wp","href":"https:\/\/api.w.org\/{rel}","templated":true}]}}