{"id":1768,"date":"2015-02-19T17:00:10","date_gmt":"2015-02-19T16:00:10","guid":{"rendered":"http:\/\/blog.zeit.de\/teilchen\/?p=1768"},"modified":"2015-03-09T13:07:05","modified_gmt":"2015-03-09T12:07:05","slug":"maenner-und-frauen-verhaeltnis-weltbevoelkerung","status":"publish","type":"post","link":"https:\/\/blog.zeit.de\/teilchen\/2015\/02\/19\/maenner-und-frauen-verhaeltnis-weltbevoelkerung\/","title":{"rendered":"Warum wir mehr M\u00e4nner als Frauen sind"},"content":{"rendered":"<p><a href=\"http:\/\/qz.com\/335183\/heres-why-men-on-earth-outnumber-women-by-60-million\/\"><img loading=\"lazy\" decoding=\"async\" class=\"alignnone size-medium wp-image-1769\" src=\"https:\/\/blog.zeit.de\/teilchen\/files\/2015\/02\/Bildschirmfoto-2015-02-17-um-16.16.43-580x563.png\" alt=\"Erde-M\u00e4nner-Frauen\" width=\"580\" height=\"563\" srcset=\"https:\/\/blog.zeit.de\/teilchen\/files\/2015\/02\/Bildschirmfoto-2015-02-17-um-16.16.43-580x563.png 580w, https:\/\/blog.zeit.de\/teilchen\/files\/2015\/02\/Bildschirmfoto-2015-02-17-um-16.16.43.png 827w\" sizes=\"auto, (max-width: 580px) 100vw, 580px\" \/><\/a><\/p>\n<p>Es leben <a href=\"http:\/\/qz.com\/335183\/heres-why-men-on-earth-outnumber-women-by-60-million\/\" target=\"_blank\">mehr M\u00e4nner als Frauen auf diesem Planeten<\/a>, wussten Sie das? <a href=\"http:\/\/data.worldbank.org\/indicator\/SP.POP.TOTL.FE.ZS\/countries\/1W?display=default\" target=\"_blank\">Nach Angaben der Weltbank<\/a> \u00fcberwiegen die m\u00e4nnlichen Vertreter inzwischen mit 60 Millionen \u2013 so gro\u00df war der Unterschied noch nie, seit Statistiken dar\u00fcber gef\u00fchrt werden. Das \u00fcberrascht, weil das Verh\u00e4ltnis zwischen M\u00e4nnern und Frauen in etwa ausgeglichen sein sollte: <a href=\"http:\/\/esa.un.org\/wpp\/Documentation\/pdf\/WPP2012_Volume-I_Comprehensive-Tables.pdf\" target=\"_blank\">Frauen leben zwar im Schnitt l\u00e4nger<\/a>, daf\u00fcr werden aber durchschnittlich <a href=\"https:\/\/www.cia.gov\/library\/publications\/the-world-factbook\/fields\/2018.html\" target=\"_blank\">mehr Jungen als M\u00e4dchen geboren<\/a>. Was also ist der Grund?<\/p>\n<p>Vor allem die bev\u00f6lkerungsreichsten L\u00e4nder der Welt sorgen daf\u00fcr, dass mehr M\u00e4nner als Frauen unseren Planeten bev\u00f6lkern. Was in China und Indien zu diesem Missverh\u00e4ltnis f\u00fchrt, ist <a href=\"http:\/\/www.economist.com\/node\/15636231\" target=\"_blank\">in diesem <em>Economist<\/em>-Artikel<\/a> nachzulesen.<\/p>\n<p>Warum Russland einen deutlichen Frauen\u00fcberschuss hat, in Katar hingegen M\u00e4nner drei Viertel der Bev\u00f6lkerung stellen, <a href=\"http:\/\/qz.com\/335183\/heres-why-men-on-earth-outnumber-women-by-60-million\/\" target=\"_blank\">hat die US-Plattform <em>Quartz<\/em> zusammengetragen<\/a>. Dort sehen Sie auch, welche Auswirkungen Kriege auf das Geschlechterverh\u00e4ltnis in einzelnen L\u00e4ndern haben.<\/p>\n<p><em>Weitere <a href=\"https:\/\/blog.zeit.de\/teilchen\/\" target=\"_blank\">Teilchen finden Sie hier<\/a>.<\/em><\/p>\n","protected":false},"excerpt":{"rendered":"<p>Es leben mehr M\u00e4nner als Frauen auf diesem Planeten, wussten Sie das? Nach Angaben der Weltbank \u00fcberwiegen die m\u00e4nnlichen Vertreter inzwischen mit 60 Millionen [\u2026]<\/p>\n","protected":false},"author":528,"featured_media":0,"comment_status":"open","ping_status":"closed","sticky":false,"template":"","format":"standard","meta":{"_jetpack_memberships_contains_paid_content":false,"footnotes":""},"categories":[29747,9469],"tags":[],"class_list":["post-1768","post","type-post","status-publish","format-standard","hentry","category-geschichten","category-infografiken"],"yoast_head":"<!-- This site is optimized with the Yoast SEO plugin v21.0 - https:\/\/yoast.com\/wordpress\/plugins\/seo\/ -->\n<title>Warum wir mehr M\u00e4nner als Frauen sind &#8902; Teilchen<\/title>\n<meta name=\"description\" content=\"Auf unserer Erde leben mehr M\u00e4nner als Frauen. Dabei sollte das Verh\u00e4ltnis zwischen M\u00e4nner und Frauen ausgeglichen sein. Eine Erkl\u00e4rung finden Sie hier.\" \/>\n<meta name=\"robots\" content=\"index, follow, max-snippet:-1, max-image-preview:large, max-video-preview:-1\" \/>\n<link rel=\"canonical\" href=\"https:\/\/blog.zeit.de\/teilchen\/2015\/02\/19\/maenner-und-frauen-verhaeltnis-weltbevoelkerung\/\" \/>\n<meta property=\"og:locale\" content=\"de_DE\" \/>\n<meta property=\"og:type\" content=\"article\" \/>\n<meta property=\"og:title\" content=\"Warum wir mehr M\u00e4nner als Frauen sind &#8902; Teilchen\" \/>\n<meta property=\"og:description\" content=\"Auf unserer Erde leben mehr M\u00e4nner als Frauen. Dabei sollte das Verh\u00e4ltnis zwischen M\u00e4nner und Frauen ausgeglichen sein. Eine Erkl\u00e4rung finden Sie hier.\" \/>\n<meta property=\"og:url\" content=\"https:\/\/blog.zeit.de\/teilchen\/2015\/02\/19\/maenner-und-frauen-verhaeltnis-weltbevoelkerung\/\" \/>\n<meta property=\"og:site_name\" content=\"Teilchen\" \/>\n<meta property=\"article:published_time\" content=\"2015-02-19T16:00:10+00:00\" \/>\n<meta property=\"article:modified_time\" content=\"2015-03-09T12:07:05+00:00\" \/>\n<meta property=\"og:image\" content=\"https:\/\/blog.zeit.de\/teilchen\/files\/2015\/02\/Bildschirmfoto-2015-02-17-um-16.16.43-580x563.png\" \/>\n<meta name=\"author\" content=\"Bj\u00f6rn Maatz\" \/>\n<meta name=\"twitter:card\" content=\"summary_large_image\" \/>\n<meta name=\"twitter:creator\" content=\"@BjoernMaatz\" \/>\n<meta name=\"twitter:site\" content=\"@zeitonline\" \/>\n<meta name=\"twitter:label1\" content=\"Geschrieben von\" \/>\n\t<meta name=\"twitter:data1\" content=\"Bj\u00f6rn Maatz\" \/>\n\t<meta name=\"twitter:label2\" content=\"Gesch\u00e4tzte Lesezeit\" \/>\n\t<meta name=\"twitter:data2\" content=\"1\u00a0Minute\" \/>\n<script type=\"application\/ld+json\" class=\"yoast-schema-graph\">{\"@context\":\"https:\/\/schema.org\",\"@graph\":[{\"@type\":\"WebPage\",\"@id\":\"https:\/\/blog.zeit.de\/teilchen\/2015\/02\/19\/maenner-und-frauen-verhaeltnis-weltbevoelkerung\/\",\"url\":\"https:\/\/blog.zeit.de\/teilchen\/2015\/02\/19\/maenner-und-frauen-verhaeltnis-weltbevoelkerung\/\",\"name\":\"Warum wir mehr M\u00e4nner als Frauen sind &#8902; Teilchen\",\"isPartOf\":{\"@id\":\"https:\/\/blog.zeit.de\/teilchen\/#website\"},\"datePublished\":\"2015-02-19T16:00:10+00:00\",\"dateModified\":\"2015-03-09T12:07:05+00:00\",\"author\":{\"@id\":\"https:\/\/blog.zeit.de\/teilchen\/#\/schema\/person\/20ae47479c9c6443ed61f03c9eac892f\"},\"description\":\"Auf unserer Erde leben mehr M\u00e4nner als Frauen. Dabei sollte das Verh\u00e4ltnis zwischen M\u00e4nner und Frauen ausgeglichen sein. Eine Erkl\u00e4rung finden Sie hier.\",\"breadcrumb\":{\"@id\":\"https:\/\/blog.zeit.de\/teilchen\/2015\/02\/19\/maenner-und-frauen-verhaeltnis-weltbevoelkerung\/#breadcrumb\"},\"inLanguage\":\"de\",\"potentialAction\":[{\"@type\":\"ReadAction\",\"target\":[\"https:\/\/blog.zeit.de\/teilchen\/2015\/02\/19\/maenner-und-frauen-verhaeltnis-weltbevoelkerung\/\"]}]},{\"@type\":\"BreadcrumbList\",\"@id\":\"https:\/\/blog.zeit.de\/teilchen\/2015\/02\/19\/maenner-und-frauen-verhaeltnis-weltbevoelkerung\/#breadcrumb\",\"itemListElement\":[{\"@type\":\"ListItem\",\"position\":1,\"name\":\"Startseite\",\"item\":\"https:\/\/blog.zeit.de\/teilchen\/\"},{\"@type\":\"ListItem\",\"position\":2,\"name\":\"Warum wir mehr M\u00e4nner als Frauen sind\"}]},{\"@type\":\"WebSite\",\"@id\":\"https:\/\/blog.zeit.de\/teilchen\/#website\",\"url\":\"https:\/\/blog.zeit.de\/teilchen\/\",\"name\":\"Teilchen\",\"description\":\"Im Netz verstecken sich kleine Sch\u00e4tze - ZEIT ONLINE findet sie.\",\"potentialAction\":[{\"@type\":\"SearchAction\",\"target\":{\"@type\":\"EntryPoint\",\"urlTemplate\":\"https:\/\/blog.zeit.de\/teilchen\/?s={search_term_string}\"},\"query-input\":\"required name=search_term_string\"}],\"inLanguage\":\"de\"},{\"@type\":\"Person\",\"@id\":\"https:\/\/blog.zeit.de\/teilchen\/#\/schema\/person\/20ae47479c9c6443ed61f03c9eac892f\",\"name\":\"Bj\u00f6rn Maatz\",\"image\":{\"@type\":\"ImageObject\",\"inLanguage\":\"de\",\"@id\":\"https:\/\/blog.zeit.de\/teilchen\/#\/schema\/person\/image\/\",\"url\":\"https:\/\/secure.gravatar.com\/avatar\/4ed13ddffa21af7dcec9d6d36d2b36f05bfc49e1676e43abd84a80376d644278?s=96&d=mm&r=g\",\"contentUrl\":\"https:\/\/secure.gravatar.com\/avatar\/4ed13ddffa21af7dcec9d6d36d2b36f05bfc49e1676e43abd84a80376d644278?s=96&d=mm&r=g\",\"caption\":\"Bj\u00f6rn Maatz\"},\"description\":\"Leitet die Online-Redaktion der Kreativagentur Philipp und Keuntje. Zuvor Engagement-Redakteur bei ZEIT ONLINE und bei FINANCIAL TIMES DEUTSCHLAND, u.a. als Print-Redakteur im Unternehmensressort sowie als erster und letzter Social-Media-Redakteur. Studium der Wirtschaftsjournalistik in Bremen und Melbourne mit Hospitanzen beim NDR, der dpa und dem Hamburger Abendblatt.\",\"sameAs\":[\"https:\/\/twitter.com\/BjoernMaatz\"],\"url\":\"https:\/\/blog.zeit.de\/teilchen\/author\/bjoernmaatz\/\"}]}<\/script>\n<!-- \/ Yoast SEO plugin. -->","yoast_head_json":{"title":"Warum wir mehr M\u00e4nner als Frauen sind &#8902; Teilchen","description":"Auf unserer Erde leben mehr M\u00e4nner als Frauen. Dabei sollte das Verh\u00e4ltnis zwischen M\u00e4nner und Frauen ausgeglichen sein. Eine Erkl\u00e4rung finden Sie hier.","robots":{"index":"index","follow":"follow","max-snippet":"max-snippet:-1","max-image-preview":"max-image-preview:large","max-video-preview":"max-video-preview:-1"},"canonical":"https:\/\/blog.zeit.de\/teilchen\/2015\/02\/19\/maenner-und-frauen-verhaeltnis-weltbevoelkerung\/","og_locale":"de_DE","og_type":"article","og_title":"Warum wir mehr M\u00e4nner als Frauen sind &#8902; Teilchen","og_description":"Auf unserer Erde leben mehr M\u00e4nner als Frauen. Dabei sollte das Verh\u00e4ltnis zwischen M\u00e4nner und Frauen ausgeglichen sein. Eine Erkl\u00e4rung finden Sie hier.","og_url":"https:\/\/blog.zeit.de\/teilchen\/2015\/02\/19\/maenner-und-frauen-verhaeltnis-weltbevoelkerung\/","og_site_name":"Teilchen","article_published_time":"2015-02-19T16:00:10+00:00","article_modified_time":"2015-03-09T12:07:05+00:00","og_image":[{"url":"https:\/\/blog.zeit.de\/teilchen\/files\/2015\/02\/Bildschirmfoto-2015-02-17-um-16.16.43-580x563.png"}],"author":"Bj\u00f6rn Maatz","twitter_card":"summary_large_image","twitter_creator":"@BjoernMaatz","twitter_site":"@zeitonline","twitter_misc":{"Geschrieben von":"Bj\u00f6rn Maatz","Gesch\u00e4tzte Lesezeit":"1\u00a0Minute"},"schema":{"@context":"https:\/\/schema.org","@graph":[{"@type":"WebPage","@id":"https:\/\/blog.zeit.de\/teilchen\/2015\/02\/19\/maenner-und-frauen-verhaeltnis-weltbevoelkerung\/","url":"https:\/\/blog.zeit.de\/teilchen\/2015\/02\/19\/maenner-und-frauen-verhaeltnis-weltbevoelkerung\/","name":"Warum wir mehr M\u00e4nner als Frauen sind &#8902; Teilchen","isPartOf":{"@id":"https:\/\/blog.zeit.de\/teilchen\/#website"},"datePublished":"2015-02-19T16:00:10+00:00","dateModified":"2015-03-09T12:07:05+00:00","author":{"@id":"https:\/\/blog.zeit.de\/teilchen\/#\/schema\/person\/20ae47479c9c6443ed61f03c9eac892f"},"description":"Auf unserer Erde leben mehr M\u00e4nner als Frauen. Dabei sollte das Verh\u00e4ltnis zwischen M\u00e4nner und Frauen ausgeglichen sein. Eine Erkl\u00e4rung finden Sie hier.","breadcrumb":{"@id":"https:\/\/blog.zeit.de\/teilchen\/2015\/02\/19\/maenner-und-frauen-verhaeltnis-weltbevoelkerung\/#breadcrumb"},"inLanguage":"de","potentialAction":[{"@type":"ReadAction","target":["https:\/\/blog.zeit.de\/teilchen\/2015\/02\/19\/maenner-und-frauen-verhaeltnis-weltbevoelkerung\/"]}]},{"@type":"BreadcrumbList","@id":"https:\/\/blog.zeit.de\/teilchen\/2015\/02\/19\/maenner-und-frauen-verhaeltnis-weltbevoelkerung\/#breadcrumb","itemListElement":[{"@type":"ListItem","position":1,"name":"Startseite","item":"https:\/\/blog.zeit.de\/teilchen\/"},{"@type":"ListItem","position":2,"name":"Warum wir mehr M\u00e4nner als Frauen sind"}]},{"@type":"WebSite","@id":"https:\/\/blog.zeit.de\/teilchen\/#website","url":"https:\/\/blog.zeit.de\/teilchen\/","name":"Teilchen","description":"Im Netz verstecken sich kleine Sch\u00e4tze - ZEIT ONLINE findet sie.","potentialAction":[{"@type":"SearchAction","target":{"@type":"EntryPoint","urlTemplate":"https:\/\/blog.zeit.de\/teilchen\/?s={search_term_string}"},"query-input":"required name=search_term_string"}],"inLanguage":"de"},{"@type":"Person","@id":"https:\/\/blog.zeit.de\/teilchen\/#\/schema\/person\/20ae47479c9c6443ed61f03c9eac892f","name":"Bj\u00f6rn Maatz","image":{"@type":"ImageObject","inLanguage":"de","@id":"https:\/\/blog.zeit.de\/teilchen\/#\/schema\/person\/image\/","url":"https:\/\/secure.gravatar.com\/avatar\/4ed13ddffa21af7dcec9d6d36d2b36f05bfc49e1676e43abd84a80376d644278?s=96&d=mm&r=g","contentUrl":"https:\/\/secure.gravatar.com\/avatar\/4ed13ddffa21af7dcec9d6d36d2b36f05bfc49e1676e43abd84a80376d644278?s=96&d=mm&r=g","caption":"Bj\u00f6rn Maatz"},"description":"Leitet die Online-Redaktion der Kreativagentur Philipp und Keuntje. Zuvor Engagement-Redakteur bei ZEIT ONLINE und bei FINANCIAL TIMES DEUTSCHLAND, u.a. als Print-Redakteur im Unternehmensressort sowie als erster und letzter Social-Media-Redakteur. Studium der Wirtschaftsjournalistik in Bremen und Melbourne mit Hospitanzen beim NDR, der dpa und dem Hamburger Abendblatt.","sameAs":["https:\/\/twitter.com\/BjoernMaatz"],"url":"https:\/\/blog.zeit.de\/teilchen\/author\/bjoernmaatz\/"}]}},"jetpack_featured_media_url":"","jetpack_sharing_enabled":true,"_links":{"self":[{"href":"https:\/\/blog.zeit.de\/teilchen\/wp-json\/wp\/v2\/posts\/1768","targetHints":{"allow":["GET"]}}],"collection":[{"href":"https:\/\/blog.zeit.de\/teilchen\/wp-json\/wp\/v2\/posts"}],"about":[{"href":"https:\/\/blog.zeit.de\/teilchen\/wp-json\/wp\/v2\/types\/post"}],"author":[{"embeddable":true,"href":"https:\/\/blog.zeit.de\/teilchen\/wp-json\/wp\/v2\/users\/528"}],"replies":[{"embeddable":true,"href":"https:\/\/blog.zeit.de\/teilchen\/wp-json\/wp\/v2\/comments?post=1768"}],"version-history":[{"count":10,"href":"https:\/\/blog.zeit.de\/teilchen\/wp-json\/wp\/v2\/posts\/1768\/revisions"}],"predecessor-version":[{"id":2053,"href":"https:\/\/blog.zeit.de\/teilchen\/wp-json\/wp\/v2\/posts\/1768\/revisions\/2053"}],"wp:attachment":[{"href":"https:\/\/blog.zeit.de\/teilchen\/wp-json\/wp\/v2\/media?parent=1768"}],"wp:term":[{"taxonomy":"category","embeddable":true,"href":"https:\/\/blog.zeit.de\/teilchen\/wp-json\/wp\/v2\/categories?post=1768"},{"taxonomy":"post_tag","embeddable":true,"href":"https:\/\/blog.zeit.de\/teilchen\/wp-json\/wp\/v2\/tags?post=1768"}],"curies":[{"name":"wp","href":"https:\/\/api.w.org\/{rel}","templated":true}]}}