{"id":17704,"date":"2017-10-27T11:41:16","date_gmt":"2017-10-27T09:41:16","guid":{"rendered":"http:\/\/blog.zeit.de\/teilchen\/?p=17704"},"modified":"2017-10-27T11:52:46","modified_gmt":"2017-10-27T09:52:46","slug":"raetselraten-in-kommentarspalten-new-york-times","status":"publish","type":"post","link":"https:\/\/blog.zeit.de\/teilchen\/2017\/10\/27\/raetselraten-in-kommentarspalten-new-york-times\/","title":{"rendered":"R\u00e4tselraten in der Kommentarspalte"},"content":{"rendered":"<p><figure id=\"attachment_17706\" aria-describedby=\"caption-attachment-17706\" style=\"width: 620px\" class=\"wp-caption alignnone\"><img loading=\"lazy\" decoding=\"async\" class=\"wp-image-17706 size-medium\" src=\"https:\/\/blog.zeit.de\/teilchen\/files\/2017\/10\/GettyImages-540336490-620x395.jpg\" alt=\"R\u00e4tselraten in den Kommentarspalten der New York Times\" width=\"620\" height=\"395\" srcset=\"https:\/\/blog.zeit.de\/teilchen\/files\/2017\/10\/GettyImages-540336490-620x395.jpg 620w, https:\/\/blog.zeit.de\/teilchen\/files\/2017\/10\/GettyImages-540336490-768x490.jpg 768w, https:\/\/blog.zeit.de\/teilchen\/files\/2017\/10\/GettyImages-540336490-1024x653.jpg 1024w\" sizes=\"auto, (max-width: 620px) 100vw, 620px\" \/><figcaption id=\"caption-attachment-17706\" class=\"wp-caption-text\">Karen Bleier\/AFP\/Getty Images<\/figcaption><\/figure><\/p>\n<p>Kommentare sind eine kniffelige Angelegenheit f\u00fcr Journalisten. Die P\u00f6bler sollen keinen Raum f\u00fcr ihren Hass bekommen, \u00fcber die Konstruktiven freut man sich und wenn Leser auf peinliche Fehler hinweisen, m\u00f6chte man am liebsten im Boden versinken.<\/p>\n<p><!--more--><\/p>\n<p>Aber auch die Kommentatoren selbst treten mal ins Fettn\u00e4pfchen: Christine ist eine der flei\u00dfigsten und angesehensten Nutzerinnen im <a href=\"https:\/\/www.nytimes.com\/2017\/10\/26\/reader-center\/nyt-comments-section.html?smid=fb-nytimes&amp;smtyp=cur\">Forum der renommierten US-Zeitung <em>New York Times<\/em><\/a> \u2013 mehr als 10.000 Kommentare hat sie schon geschrieben.<\/p>\n<p>Ein klein wenig <a href=\"http:\/\/nymag.com\/selectall\/2017\/10\/commenter-christinemcm-accidentally-transcribes-nyt-comment.html\">Internetber\u00fchmtheit<\/a> hat ihr nun ein Kommentar unter einem <a href=\"https:\/\/www.nytimes.com\/2017\/10\/25\/us\/politics\/trump-republican-party-critics.html#permid=24600115\">Artikel \u00fcber das Verh\u00e4ltnis der Republikaner zum US-Pr\u00e4sidenten Donald Trump<\/a> verschafft.<\/p>\n<p>&#8222;Ich habe keine Hoffnung, dass die Demokraten jemals \u2013&#8220;, setzt sie ihr vernichtendes Urteil an. Was die Demokraten nie schaffen werden, erfahren die anderen Nutzer leider nicht, denn pl\u00f6tzlich spricht sie in R\u00e4tseln, begr\u00fc\u00dft eine unbekannte Person und erz\u00e4hlt, dass sie gerade ihre Knie k\u00fchlt und Eier kocht.<\/p>\n<p><img loading=\"lazy\" decoding=\"async\" class=\"alignnone size-full wp-image-17705\" src=\"https:\/\/blog.zeit.de\/teilchen\/files\/2017\/10\/Bildschirmfoto-2017-10-27-um-09.51.52.png\" alt=\"\" width=\"476\" height=\"247\" \/><\/p>\n<p>&#8222;Moment, was?&#8220;, ist dann auch die naheliegendste Reaktion eines anderen, verwirrten Kommentatoren. &#8222;Sollte das ein Kommentar zu den Republikanern sein?&#8220;, fragt sich ein anderer und l\u00f6st dann das R\u00e4tsel auf: &#8222;H\u00f6rt sich an wie wild gewordenes Talk-to-Text.&#8220;<\/p>\n<p>Damit liegt er richtig. Christine nutzt f\u00fcr ihre Kommentare offenbar eine Spracherkennungssoftware, die ihre gesprochenen \u00c4u\u00dferungen in Text transkribiert \u2013 und damit auch ihr Gespr\u00e4ch mit einem verfr\u00fchten Besuch in die Kommentarspalte sp\u00fclt. &#8222;Das war ein Fehler&#8220;, schreibt Christine. &#8222;Ich hatte keine Ahnung, dass der ganze Bl\u00f6dsinn aufgenommen wurde.&#8220;<\/p>\n<p>Zum Gl\u00fcck kann sie \u00fcber sich selbst lachen: &#8222;Tja Leute, ich sch\u00e4tze, ich klinge wie Sarah Palin&#8220; \u2013 gemeint ist die ultrakonservative Republikanerin, deren \u00c4u\u00dferungen unter linksliberalen <em>New-York-Times-<\/em>Lesern vermutlich auch als Bl\u00f6dsinn gelten. &#8222;Dein Kommentar ergibt immer noch mehr Sinn, als Trump und die Republikaner je begreifen k\u00f6nnten&#8220;, tr\u00f6stet sie ein Mitkommentator scherzhaft. &#8222;Hoffe, deinem Knie geht&#8217;s besser&#8220;, f\u00fcgt ein anderer hinzu.<\/p>\n<p>Das Fazit eines Forennutzers: &#8222;Wahrlich, wir leben in absurden Zeiten.&#8220;<\/p>\n<p><em>Weitere <a href=\"https:\/\/blog.zeit.de\/teilchen\/\" target=\"_blank\" rel=\"noopener\">Netzfundst\u00fccke finden Sie im Teilchen-Blog<\/a>.<\/em><\/p>\n","protected":false},"excerpt":{"rendered":"<p>Kommentare sind eine kniffelige Angelegenheit f\u00fcr Journalisten. Die P\u00f6bler sollen keinen Raum f\u00fcr ihren Hass bekommen, \u00fcber die Konstruktiven freut man sich und wenn [\u2026]<\/p>\n","protected":false},"author":702,"featured_media":17706,"comment_status":"open","ping_status":"closed","sticky":false,"template":"","format":"standard","meta":{"_jetpack_memberships_contains_paid_content":false,"footnotes":""},"categories":[29747],"tags":[],"class_list":["post-17704","post","type-post","status-publish","format-standard","has-post-thumbnail","hentry","category-geschichten"],"yoast_head":"<!-- This site is optimized with the Yoast SEO plugin v21.0 - https:\/\/yoast.com\/wordpress\/plugins\/seo\/ -->\n<title>R\u00e4tselraten in den Kommentarspalten der New York Times<\/title>\n<meta name=\"description\" content=\"Kommentarspalten sind eine kniffelige Angelegenheit f\u00fcr Journalisten. Aber auch die Kommentatoren treten mal ins Fettn\u00e4pfchen.\" \/>\n<meta name=\"robots\" content=\"index, follow, max-snippet:-1, max-image-preview:large, max-video-preview:-1\" \/>\n<link rel=\"canonical\" href=\"https:\/\/blog.zeit.de\/teilchen\/2017\/10\/27\/raetselraten-in-kommentarspalten-new-york-times\/\" \/>\n<meta property=\"og:locale\" content=\"de_DE\" \/>\n<meta property=\"og:type\" content=\"article\" \/>\n<meta property=\"og:title\" content=\"R\u00e4tselraten in der Kommentarspalte\" \/>\n<meta property=\"og:description\" content=\"Christine ist eine der flei\u00dfigsten Kommentatorinnen unter Artikeln der New York Times. Dass einer ihrer Beitr\u00e4ge jetzt das Internet begeistert, hatte sie aber nicht geplant.\" \/>\n<meta property=\"og:url\" content=\"https:\/\/blog.zeit.de\/teilchen\/2017\/10\/27\/raetselraten-in-kommentarspalten-new-york-times\/\" \/>\n<meta property=\"og:site_name\" content=\"Teilchen\" \/>\n<meta property=\"article:published_time\" content=\"2017-10-27T09:41:16+00:00\" \/>\n<meta property=\"article:modified_time\" content=\"2017-10-27T09:52:46+00:00\" \/>\n<meta property=\"og:image\" content=\"https:\/\/blog.zeit.de\/teilchen\/files\/2017\/10\/GettyImages-540336490.jpg\" \/>\n\t<meta property=\"og:image:width\" content=\"4100\" \/>\n\t<meta property=\"og:image:height\" content=\"2614\" \/>\n\t<meta property=\"og:image:type\" content=\"image\/jpeg\" \/>\n<meta name=\"author\" content=\"Veronika V\u00f6llinger\" \/>\n<meta name=\"twitter:card\" content=\"summary_large_image\" \/>\n<meta name=\"twitter:title\" content=\"R\u00e4tselraten in der Kommentarspalte\" \/>\n<meta name=\"twitter:description\" content=\"Christine ist eine der flei\u00dfigsten Kommentatorinnen unter Artikeln der New York Times. Dass einer ihrer Beitr\u00e4ge jetzt das Internet begeistert, hatte sie aber nicht geplant.\" \/>\n<meta name=\"twitter:creator\" content=\"@vvoellin\" \/>\n<meta name=\"twitter:site\" content=\"@zeitonline\" \/>\n<meta name=\"twitter:label1\" content=\"Geschrieben von\" \/>\n\t<meta name=\"twitter:data1\" content=\"Veronika V\u00f6llinger\" \/>\n\t<meta name=\"twitter:label2\" content=\"Gesch\u00e4tzte Lesezeit\" \/>\n\t<meta name=\"twitter:data2\" content=\"2\u00a0Minuten\" \/>\n<script type=\"application\/ld+json\" class=\"yoast-schema-graph\">{\"@context\":\"https:\/\/schema.org\",\"@graph\":[{\"@type\":\"WebPage\",\"@id\":\"https:\/\/blog.zeit.de\/teilchen\/2017\/10\/27\/raetselraten-in-kommentarspalten-new-york-times\/\",\"url\":\"https:\/\/blog.zeit.de\/teilchen\/2017\/10\/27\/raetselraten-in-kommentarspalten-new-york-times\/\",\"name\":\"R\u00e4tselraten in den Kommentarspalten der New York Times\",\"isPartOf\":{\"@id\":\"https:\/\/blog.zeit.de\/teilchen\/#website\"},\"datePublished\":\"2017-10-27T09:41:16+00:00\",\"dateModified\":\"2017-10-27T09:52:46+00:00\",\"author\":{\"@id\":\"https:\/\/blog.zeit.de\/teilchen\/#\/schema\/person\/567f23b50c5bc1215b52ca58ecdfd00e\"},\"description\":\"Kommentarspalten sind eine kniffelige Angelegenheit f\u00fcr Journalisten. Aber auch die Kommentatoren treten mal ins Fettn\u00e4pfchen.\",\"breadcrumb\":{\"@id\":\"https:\/\/blog.zeit.de\/teilchen\/2017\/10\/27\/raetselraten-in-kommentarspalten-new-york-times\/#breadcrumb\"},\"inLanguage\":\"de\",\"potentialAction\":[{\"@type\":\"ReadAction\",\"target\":[\"https:\/\/blog.zeit.de\/teilchen\/2017\/10\/27\/raetselraten-in-kommentarspalten-new-york-times\/\"]}]},{\"@type\":\"BreadcrumbList\",\"@id\":\"https:\/\/blog.zeit.de\/teilchen\/2017\/10\/27\/raetselraten-in-kommentarspalten-new-york-times\/#breadcrumb\",\"itemListElement\":[{\"@type\":\"ListItem\",\"position\":1,\"name\":\"Startseite\",\"item\":\"https:\/\/blog.zeit.de\/teilchen\/\"},{\"@type\":\"ListItem\",\"position\":2,\"name\":\"R\u00e4tselraten in der Kommentarspalte\"}]},{\"@type\":\"WebSite\",\"@id\":\"https:\/\/blog.zeit.de\/teilchen\/#website\",\"url\":\"https:\/\/blog.zeit.de\/teilchen\/\",\"name\":\"Teilchen\",\"description\":\"Im Netz verstecken sich kleine Sch\u00e4tze - ZEIT ONLINE findet sie.\",\"potentialAction\":[{\"@type\":\"SearchAction\",\"target\":{\"@type\":\"EntryPoint\",\"urlTemplate\":\"https:\/\/blog.zeit.de\/teilchen\/?s={search_term_string}\"},\"query-input\":\"required name=search_term_string\"}],\"inLanguage\":\"de\"},{\"@type\":\"Person\",\"@id\":\"https:\/\/blog.zeit.de\/teilchen\/#\/schema\/person\/567f23b50c5bc1215b52ca58ecdfd00e\",\"name\":\"Veronika V\u00f6llinger\",\"image\":{\"@type\":\"ImageObject\",\"inLanguage\":\"de\",\"@id\":\"https:\/\/blog.zeit.de\/teilchen\/#\/schema\/person\/image\/\",\"url\":\"https:\/\/secure.gravatar.com\/avatar\/9ea065aebec346d8193048ac8a3a1ed23b5e9725e6b6809051e8e6bd8a25c1ee?s=96&d=mm&r=g\",\"contentUrl\":\"https:\/\/secure.gravatar.com\/avatar\/9ea065aebec346d8193048ac8a3a1ed23b5e9725e6b6809051e8e6bd8a25c1ee?s=96&d=mm&r=g\",\"caption\":\"Veronika V\u00f6llinger\"},\"description\":\"Redakteurin im Ressort Politik, Wirtschaft und Gesellschaft\",\"sameAs\":[\"https:\/\/twitter.com\/vvoellin\"],\"url\":\"https:\/\/blog.zeit.de\/teilchen\/author\/veronikavoellinger\/\"}]}<\/script>\n<!-- \/ Yoast SEO plugin. -->","yoast_head_json":{"title":"R\u00e4tselraten in den Kommentarspalten der New York Times","description":"Kommentarspalten sind eine kniffelige Angelegenheit f\u00fcr Journalisten. Aber auch die Kommentatoren treten mal ins Fettn\u00e4pfchen.","robots":{"index":"index","follow":"follow","max-snippet":"max-snippet:-1","max-image-preview":"max-image-preview:large","max-video-preview":"max-video-preview:-1"},"canonical":"https:\/\/blog.zeit.de\/teilchen\/2017\/10\/27\/raetselraten-in-kommentarspalten-new-york-times\/","og_locale":"de_DE","og_type":"article","og_title":"R\u00e4tselraten in der Kommentarspalte","og_description":"Christine ist eine der flei\u00dfigsten Kommentatorinnen unter Artikeln der New York Times. Dass einer ihrer Beitr\u00e4ge jetzt das Internet begeistert, hatte sie aber nicht geplant.","og_url":"https:\/\/blog.zeit.de\/teilchen\/2017\/10\/27\/raetselraten-in-kommentarspalten-new-york-times\/","og_site_name":"Teilchen","article_published_time":"2017-10-27T09:41:16+00:00","article_modified_time":"2017-10-27T09:52:46+00:00","og_image":[{"width":4100,"height":2614,"url":"https:\/\/blog.zeit.de\/teilchen\/files\/2017\/10\/GettyImages-540336490.jpg","type":"image\/jpeg"}],"author":"Veronika V\u00f6llinger","twitter_card":"summary_large_image","twitter_title":"R\u00e4tselraten in der Kommentarspalte","twitter_description":"Christine ist eine der flei\u00dfigsten Kommentatorinnen unter Artikeln der New York Times. Dass einer ihrer Beitr\u00e4ge jetzt das Internet begeistert, hatte sie aber nicht geplant.","twitter_creator":"@vvoellin","twitter_site":"@zeitonline","twitter_misc":{"Geschrieben von":"Veronika V\u00f6llinger","Gesch\u00e4tzte Lesezeit":"2\u00a0Minuten"},"schema":{"@context":"https:\/\/schema.org","@graph":[{"@type":"WebPage","@id":"https:\/\/blog.zeit.de\/teilchen\/2017\/10\/27\/raetselraten-in-kommentarspalten-new-york-times\/","url":"https:\/\/blog.zeit.de\/teilchen\/2017\/10\/27\/raetselraten-in-kommentarspalten-new-york-times\/","name":"R\u00e4tselraten in den Kommentarspalten der New York Times","isPartOf":{"@id":"https:\/\/blog.zeit.de\/teilchen\/#website"},"datePublished":"2017-10-27T09:41:16+00:00","dateModified":"2017-10-27T09:52:46+00:00","author":{"@id":"https:\/\/blog.zeit.de\/teilchen\/#\/schema\/person\/567f23b50c5bc1215b52ca58ecdfd00e"},"description":"Kommentarspalten sind eine kniffelige Angelegenheit f\u00fcr Journalisten. Aber auch die Kommentatoren treten mal ins Fettn\u00e4pfchen.","breadcrumb":{"@id":"https:\/\/blog.zeit.de\/teilchen\/2017\/10\/27\/raetselraten-in-kommentarspalten-new-york-times\/#breadcrumb"},"inLanguage":"de","potentialAction":[{"@type":"ReadAction","target":["https:\/\/blog.zeit.de\/teilchen\/2017\/10\/27\/raetselraten-in-kommentarspalten-new-york-times\/"]}]},{"@type":"BreadcrumbList","@id":"https:\/\/blog.zeit.de\/teilchen\/2017\/10\/27\/raetselraten-in-kommentarspalten-new-york-times\/#breadcrumb","itemListElement":[{"@type":"ListItem","position":1,"name":"Startseite","item":"https:\/\/blog.zeit.de\/teilchen\/"},{"@type":"ListItem","position":2,"name":"R\u00e4tselraten in der Kommentarspalte"}]},{"@type":"WebSite","@id":"https:\/\/blog.zeit.de\/teilchen\/#website","url":"https:\/\/blog.zeit.de\/teilchen\/","name":"Teilchen","description":"Im Netz verstecken sich kleine Sch\u00e4tze - ZEIT ONLINE findet sie.","potentialAction":[{"@type":"SearchAction","target":{"@type":"EntryPoint","urlTemplate":"https:\/\/blog.zeit.de\/teilchen\/?s={search_term_string}"},"query-input":"required name=search_term_string"}],"inLanguage":"de"},{"@type":"Person","@id":"https:\/\/blog.zeit.de\/teilchen\/#\/schema\/person\/567f23b50c5bc1215b52ca58ecdfd00e","name":"Veronika V\u00f6llinger","image":{"@type":"ImageObject","inLanguage":"de","@id":"https:\/\/blog.zeit.de\/teilchen\/#\/schema\/person\/image\/","url":"https:\/\/secure.gravatar.com\/avatar\/9ea065aebec346d8193048ac8a3a1ed23b5e9725e6b6809051e8e6bd8a25c1ee?s=96&d=mm&r=g","contentUrl":"https:\/\/secure.gravatar.com\/avatar\/9ea065aebec346d8193048ac8a3a1ed23b5e9725e6b6809051e8e6bd8a25c1ee?s=96&d=mm&r=g","caption":"Veronika V\u00f6llinger"},"description":"Redakteurin im Ressort Politik, Wirtschaft und Gesellschaft","sameAs":["https:\/\/twitter.com\/vvoellin"],"url":"https:\/\/blog.zeit.de\/teilchen\/author\/veronikavoellinger\/"}]}},"jetpack_featured_media_url":"https:\/\/blog.zeit.de\/teilchen\/files\/2017\/10\/GettyImages-540336490.jpg","jetpack_sharing_enabled":true,"_links":{"self":[{"href":"https:\/\/blog.zeit.de\/teilchen\/wp-json\/wp\/v2\/posts\/17704","targetHints":{"allow":["GET"]}}],"collection":[{"href":"https:\/\/blog.zeit.de\/teilchen\/wp-json\/wp\/v2\/posts"}],"about":[{"href":"https:\/\/blog.zeit.de\/teilchen\/wp-json\/wp\/v2\/types\/post"}],"author":[{"embeddable":true,"href":"https:\/\/blog.zeit.de\/teilchen\/wp-json\/wp\/v2\/users\/702"}],"replies":[{"embeddable":true,"href":"https:\/\/blog.zeit.de\/teilchen\/wp-json\/wp\/v2\/comments?post=17704"}],"version-history":[{"count":8,"href":"https:\/\/blog.zeit.de\/teilchen\/wp-json\/wp\/v2\/posts\/17704\/revisions"}],"predecessor-version":[{"id":17715,"href":"https:\/\/blog.zeit.de\/teilchen\/wp-json\/wp\/v2\/posts\/17704\/revisions\/17715"}],"wp:featuredmedia":[{"embeddable":true,"href":"https:\/\/blog.zeit.de\/teilchen\/wp-json\/wp\/v2\/media\/17706"}],"wp:attachment":[{"href":"https:\/\/blog.zeit.de\/teilchen\/wp-json\/wp\/v2\/media?parent=17704"}],"wp:term":[{"taxonomy":"category","embeddable":true,"href":"https:\/\/blog.zeit.de\/teilchen\/wp-json\/wp\/v2\/categories?post=17704"},{"taxonomy":"post_tag","embeddable":true,"href":"https:\/\/blog.zeit.de\/teilchen\/wp-json\/wp\/v2\/tags?post=17704"}],"curies":[{"name":"wp","href":"https:\/\/api.w.org\/{rel}","templated":true}]}}