{"id":17889,"date":"2017-12-13T12:50:39","date_gmt":"2017-12-13T11:50:39","guid":{"rendered":"http:\/\/blog.zeit.de\/teilchen\/?p=17889"},"modified":"2017-12-13T13:26:04","modified_gmt":"2017-12-13T12:26:04","slug":"afd-bundestag-sitzungen-facebook-post","status":"publish","type":"post","link":"https:\/\/blog.zeit.de\/teilchen\/2017\/12\/13\/afd-bundestag-sitzungen-facebook-post\/","title":{"rendered":"AfD \u2013 einsam im Bundestag"},"content":{"rendered":"<p><figure id=\"attachment_17917\" aria-describedby=\"caption-attachment-17917\" style=\"width: 498px\" class=\"wp-caption aligncenter\"><img loading=\"lazy\" decoding=\"async\" class=\"size-full wp-image-17917\" src=\"https:\/\/blog.zeit.de\/teilchen\/files\/2017\/12\/Bildschirmfoto-2017-12-13-um-13.03.41.png\" alt=\"\" width=\"498\" height=\"631\" \/><figcaption id=\"caption-attachment-17917\" class=\"wp-caption-text\">Facebook-Posting des AfD-Abgeordneten Stefan Keuter vom 12.12.2017. \u00a9 Screenshot <a href=\"https:\/\/www.facebook.com\/Stefan.Keuter.AfD\/posts\/168521660414647\" target=\"_blank\" rel=\"noopener\">Facebook.com\/Stefan.Keuter.AfD<\/a><\/figcaption><\/figure><\/p>\n<p>Die <a href=\"http:\/\/www.zeit.de\/thema\/alternative-fuer-deutschland\" target=\"_blank\" rel=\"noopener\">AfD<\/a> ist da \u2013 und wo sind die anderen? Der Essener AfD-Bundestagsabgeordnete Stefan Keuter stellt die Abgeordneten seiner Fraktion in einem Facebook-Posting als vorbildliche Parlamentarier dar, w\u00e4hrend in den Reihen der &#8222;Altparteien&#8220; noch &#8222;g\u00e4hnende Leere&#8220; herrscht. Doch die Wirklichkeit sah offenbar ein wenig anders aus. Genauso wie urspr\u00fcnglich auch das Facebook-Posting selbst.<\/p>\n<p><!--more-->Am Dienstagvormittag um 8:39 Uhr postete Keuter zwei Bilder \u2013 und einen Text, der zu dieser Zeit noch ein wenig anders lautete als aktuell im <a href=\"https:\/\/www.facebook.com\/Stefan.Keuter.AfD\/posts\/168521660414647\" target=\"_blank\" rel=\"noopener\">Posting<\/a> sichtbar, n\u00e4mlich: &#8222;Heute Plenarsitzung. Charakteristisch: Die AfD l\u00e4uft ein, DIN den Reihen der Altparteien herrscht g\u00e4hnende Leere.&#8220; Eine Minute sp\u00e4ter \u00e4nderte er den Satz in &#8222;Charakteristisch: Die AfD l\u00e4uft ein, die Reihen der Altparteien herrscht g\u00e4hnende Leere.&#8220;<\/p>\n<p>Wollte Keuter damit sagen, dass seine Fraktion vorbildlich ihrer Abgeordnetenpflicht nachkommt, w\u00e4hrend die anderen Parteien die Sitzung schw\u00e4nzen? Zumindest l\u00e4sst der urspr\u00fcnglich gepostete Satz diese Deutung vermuten. Die Tatsache allerdings, dass 21 Minuten vor Sitzungsbeginn nicht alle Abgeordneten an ihren Pl\u00e4tzen sitzen, ist nicht weiter ungew\u00f6hnlich.<\/p>\n\n<div class=\"embed-wrapper embed-wrapper--blocked js-embed-consent\" data-method=\"embed\">\n<script class=\"raw__source\" type=\"text\/template\"><div class=\"embed-twitter\"><blockquote class=\"twitter-tweet\" data-width=\"550\" data-dnt=\"true\"><p data-replace lang=\"de\" dir=\"ltr\">Endlich wieder eine harte Opposition im <a href=\"https:\/\/twitter.com\/hashtag\/Bundestag?src=hash&amp;ref_src=twsrc%5Etfw\">#Bundestag<\/a>: <a href=\"https:\/\/twitter.com\/hashtag\/AfD?src=hash&amp;ref_src=twsrc%5Etfw\">#AfD<\/a>-Abgeordnete sind 21 Minuten vor Sitzungsbeginn im Plenum, um dann emp\u00f6rt die Abwesenheit der &quot;Altparteien&quot; \u00fcber Social Media zu dokumentieren. Not impressed! <a href=\"https:\/\/t.co\/fQvwxflrhR\">pic.twitter.com\/fQvwxflrhR<\/a><\/p>&mdash; Johannes Hillje (@JHillje) <a href=\"https:\/\/twitter.com\/JHillje\/status\/940543931292508160?ref_src=twsrc%5Etfw\">December 12, 2017<\/a><\/blockquote><scr+ipt async src=\"https:\/\/platform.twitter.com\/widgets.js\" charset=\"utf-8\"><\/scr+ipt><\/div><\/script>\n<div class=\"embed-wrapper__inner\">\n<div class=\"embed-wrapper__text\">\n<h3>Empfohlener redaktioneller Inhalt<\/h3>\n<p data-replace=\"no\">An dieser Stelle finden Sie externen Inhalt, der den Artikel erg\u00e4nzt. Sie k\u00f6nnen sich externe Inhalte mit einem Klick anzeigen lassen und wieder ausblenden.<noscript>Bitte aktivieren Sie JavaScript damit Sie diesen Inhalt anzeigen k\u00f6nnen.<\/noscript><\/p>\n<\/div>\n<div class=\"embed-consent\">\n<label class=\"embed-consent__toggle\">\n<input class=\"js-embed-consent__toggle\" type=\"checkbox\" autocomplete=\"off\">\n<span><\/span>\nExterner Inhalt\n<\/label>\n<a href=\"https:\/\/www.zeit.de\/hilfe\/datenschutz\" target=\"_blank\" class=\"embed-consent__datalink-when-active\">Datenschutzerkl\u00e4rung<\/a>\n<\/div>\n<div class=\"embed-wrapper__footer\">\n<p data-replace=\"no\">\nIch bin damit einverstanden, dass mir externe Inhalte angezeigt werden. Damit k\u00f6nnen personenbezogene Daten an Drittplattformen \u00fcbermittelt werden. <a href=\"https:\/\/www.zeit.de\/hilfe\/datenschutz\" target=\"_blank\">Mehr dazu in unserer Datenschutzerkl\u00e4rung.<\/a>\n<\/p>\n<\/div>\n<\/div>\n<\/div>\n<p>Und so reagierte die Gr\u00fcnen-Politikerin Renate K\u00fcnast mit einem s\u00fcffisanten Antwort-Tweet:<\/p>\n\n<div class=\"embed-wrapper embed-wrapper--blocked js-embed-consent\" data-method=\"embed\">\n<script class=\"raw__source\" type=\"text\/template\"><div class=\"embed-twitter\"><blockquote class=\"twitter-tweet\" data-width=\"550\" data-dnt=\"true\"><p data-replace lang=\"de\" dir=\"ltr\">Ich glaube,  die anderen hatten 20 Minuten vor der Sitzung noch was zu arbeiten.\ud83d\ude1c<\/p>&mdash; Renate K\u00fcnast (@RenateKuenast) <a href=\"https:\/\/twitter.com\/RenateKuenast\/status\/940560051261132800?ref_src=twsrc%5Etfw\">December 12, 2017<\/a><\/blockquote><scr+ipt async src=\"https:\/\/platform.twitter.com\/widgets.js\" charset=\"utf-8\"><\/scr+ipt><\/div><\/script>\n<div class=\"embed-wrapper__inner\">\n<div class=\"embed-wrapper__text\">\n<h3>Empfohlener redaktioneller Inhalt<\/h3>\n<p data-replace=\"no\">An dieser Stelle finden Sie externen Inhalt, der den Artikel erg\u00e4nzt. Sie k\u00f6nnen sich externe Inhalte mit einem Klick anzeigen lassen und wieder ausblenden.<noscript>Bitte aktivieren Sie JavaScript damit Sie diesen Inhalt anzeigen k\u00f6nnen.<\/noscript><\/p>\n<\/div>\n<div class=\"embed-consent\">\n<label class=\"embed-consent__toggle\">\n<input class=\"js-embed-consent__toggle\" type=\"checkbox\" autocomplete=\"off\">\n<span><\/span>\nExterner Inhalt\n<\/label>\n<a href=\"https:\/\/www.zeit.de\/hilfe\/datenschutz\" target=\"_blank\" class=\"embed-consent__datalink-when-active\">Datenschutzerkl\u00e4rung<\/a>\n<\/div>\n<div class=\"embed-wrapper__footer\">\n<p data-replace=\"no\">\nIch bin damit einverstanden, dass mir externe Inhalte angezeigt werden. Damit k\u00f6nnen personenbezogene Daten an Drittplattformen \u00fcbermittelt werden. <a href=\"https:\/\/www.zeit.de\/hilfe\/datenschutz\" target=\"_blank\">Mehr dazu in unserer Datenschutzerkl\u00e4rung.<\/a>\n<\/p>\n<\/div>\n<\/div>\n<\/div>\n<p>Tats\u00e4chlich war das Plenum sp\u00e4ter gut gef\u00fcllt \u2013 und zwar nicht nur mit AfD-Abgeordneten, wie ein Foto der Nachrichtenagentur dpa zeigt. Es wurde zu Beginn der Sitzung aufgenommen, zeigt das Gedenken an den verstorbenen SPD-Politiker Ewald Schurer und einen gut gef\u00fcllten Sitzungssaal.<\/p>\n<p><figure id=\"attachment_17894\" aria-describedby=\"caption-attachment-17894\" style=\"width: 620px\" class=\"wp-caption aligncenter\"><img loading=\"lazy\" decoding=\"async\" class=\"size-medium wp-image-17894\" src=\"https:\/\/blog.zeit.de\/teilchen\/files\/2017\/12\/97871821-620x413.jpg\" alt=\"\" width=\"620\" height=\"413\" srcset=\"https:\/\/blog.zeit.de\/teilchen\/files\/2017\/12\/97871821-620x413.jpg 620w, https:\/\/blog.zeit.de\/teilchen\/files\/2017\/12\/97871821-768x512.jpg 768w, https:\/\/blog.zeit.de\/teilchen\/files\/2017\/12\/97871821-1024x683.jpg 1024w\" sizes=\"auto, (max-width: 620px) 100vw, 620px\" \/><figcaption id=\"caption-attachment-17894\" class=\"wp-caption-text\">Gedenken an den SPD-Abgeordneten Ewald Schurer im Deutschen Bundestag, 12.12.2017. \u00a9 Wolfgang Kumm\/dpa<\/figcaption><\/figure><\/p>\n<p>Doch Keuters Posting hatte da schon seine Kreise gezogen. Auf Nachfrage der <em>WAZ<\/em> bestritt Keuter, dass sein Posting den Eindruck erwecken sollte, die anderen Parteien w\u00fcrden die Bundestagssitzung schw\u00e4nzen. <a href=\"https:\/\/www.waz.de\/staedte\/essen\/essener-afd-abgeordneter-bei-facebook-taeuschung-erwischt-id212815111.html\" target=\"_blank\" rel=\"noopener\">Er habe lediglich zeigen wollen, dass seine Fraktion wieder mit zahlreichen Abgeordneten pr\u00e4sent w\u00e4re<\/a>.<\/p>\n<p>Und in der Tat liest sich Keuters Posting pl\u00f6tzlich viel harmloser. Um 15:50 Uhr hat er einen &#8222;Nachtrag&#8220; verfasst, in dem er berichtet, dass seine Fraktion &#8222;fast immer noch vollst\u00e4ndig anwesend&#8220; ist. Keuter hat aber auch \u2013 ohne dies kenntlich zu machen \u2013 den Anfangssatz abgemildert, der die Situation im Plenum um 8:39 Uhr beschreibt. Pl\u00f6tzlich hei\u00dft es nicht mehr &#8222;Charakteristisch: Die AfD l\u00e4uft ein, die Reihen der Altparteien herrscht g\u00e4hnende Leere&#8220; sondern &#8222;Charakteristisch: Die AfD l\u00e4uft FR\u00dcH ein, in den Reihen der Altparteien herrscht NOCH g\u00e4hnende Leere.&#8220; Hier k\u00f6nnen Sie die Geschichte des Postings nachverfolgen. (Sie k\u00f6nnen auch auf das Facebook-Posting gehen, dann oben rechts auf die drei Punkte klicken und sehen \u00fcber &#8222;Edit History&#8220; die einzelnen \u00c4nderungen.)<\/p>\n<p><figure id=\"attachment_17900\" aria-describedby=\"caption-attachment-17900\" style=\"width: 552px\" class=\"wp-caption aligncenter\"><a href=\"Postin\"><img loading=\"lazy\" decoding=\"async\" class=\"size-full wp-image-17900\" src=\"https:\/\/blog.zeit.de\/teilchen\/files\/2017\/12\/Bildschirmfoto-2017-12-13-um-10.52.59.png\" alt=\"\" width=\"552\" height=\"292\" \/><\/a><figcaption id=\"caption-attachment-17900\" class=\"wp-caption-text\">History des <a href=\"https:\/\/www.facebook.com\/Stefan.Keuter.AfD\/posts\/168521660414647\" target=\"_blank\" rel=\"noopener\">Facebook-Postings von AfD-Politiker Stefan Keuter<\/a> \u00a9 Screenshot Facebook<\/figcaption><\/figure><\/p>\n<p>&nbsp;<\/p>\n<p><figure id=\"attachment_17901\" aria-describedby=\"caption-attachment-17901\" style=\"width: 552px\" class=\"wp-caption aligncenter\"><img loading=\"lazy\" decoding=\"async\" class=\"size-full wp-image-17901\" src=\"https:\/\/blog.zeit.de\/teilchen\/files\/2017\/12\/Bildschirmfoto-2017-12-13-um-10.52.41.png\" alt=\"\" width=\"552\" height=\"721\" \/><figcaption id=\"caption-attachment-17901\" class=\"wp-caption-text\">History des <a href=\"https:\/\/www.facebook.com\/Stefan.Keuter.AfD\/posts\/168521660414647\" target=\"_blank\" rel=\"noopener\">Facebook-Postings von AfD-Politiker Stefan Keuter<\/a> \u00a9 Screenshot Facebook<\/figcaption><\/figure><\/p>\n<p>Aber eines kann man den AfD-Abgeordneten nicht absprechen. P\u00fcnktlich waren sie. \u00dcberp\u00fcnktlich sogar.<\/p>\n<p><em>Weitere <a href=\"https:\/\/blog.zeit.de\/teilchen\/\" target=\"_blank\" rel=\"noopener\">Netzfundst\u00fccke gibt&#8217;s im Teilchen-Blog<\/a>.<\/em><\/p>\n","protected":false},"excerpt":{"rendered":"<p>Die AfD ist da \u2013 und wo sind die anderen? Der Essener AfD-Bundestagsabgeordnete Stefan Keuter stellt die Abgeordneten seiner Fraktion in einem Facebook-Posting als [\u2026]<\/p>\n","protected":false},"author":556,"featured_media":17902,"comment_status":"open","ping_status":"closed","sticky":false,"template":"","format":"standard","meta":{"_jetpack_memberships_contains_paid_content":false,"footnotes":""},"categories":[29747],"tags":[],"class_list":["post-17889","post","type-post","status-publish","format-standard","has-post-thumbnail","hentry","category-geschichten"],"yoast_head":"<!-- This site is optimized with the Yoast SEO plugin v21.0 - https:\/\/yoast.com\/wordpress\/plugins\/seo\/ -->\n<title>AfD \u2013 einsam im Bundestag<\/title>\n<meta name=\"description\" content=\"Mit seinem Facebook-Post m\u00f6chte ein AfD-Politiker den Eindruck erwecken, die anderen Parteien w\u00fcrden Bundestagssitzung schw\u00e4nzen. Doch das ist falsch.\" \/>\n<meta name=\"robots\" content=\"index, follow, max-snippet:-1, max-image-preview:large, max-video-preview:-1\" \/>\n<link rel=\"canonical\" href=\"https:\/\/blog.zeit.de\/teilchen\/2017\/12\/13\/afd-bundestag-sitzungen-facebook-post\/\" \/>\n<meta property=\"og:locale\" content=\"de_DE\" \/>\n<meta property=\"og:type\" content=\"article\" \/>\n<meta property=\"og:title\" content=\"AfD \u2013 einsam im Bundestag\" \/>\n<meta property=\"og:description\" content=\"Mit seinem Facebook-Post m\u00f6chte ein AfD-Politiker den Eindruck erwecken, die anderen Parteien w\u00fcrden Bundestagssitzung schw\u00e4nzen. Doch das ist falsch.\" \/>\n<meta property=\"og:url\" content=\"https:\/\/blog.zeit.de\/teilchen\/2017\/12\/13\/afd-bundestag-sitzungen-facebook-post\/\" \/>\n<meta property=\"og:site_name\" content=\"Teilchen\" \/>\n<meta property=\"article:published_time\" content=\"2017-12-13T11:50:39+00:00\" \/>\n<meta property=\"article:modified_time\" content=\"2017-12-13T12:26:04+00:00\" \/>\n<meta property=\"og:image\" content=\"https:\/\/blog.zeit.de\/teilchen\/files\/2017\/12\/Bildschirmfoto-2017-12-13-um-11.49.57.png\" \/>\n\t<meta property=\"og:image:width\" content=\"497\" \/>\n\t<meta property=\"og:image:height\" content=\"378\" \/>\n\t<meta property=\"og:image:type\" content=\"image\/png\" \/>\n<meta name=\"author\" content=\"Tobias Dorfer\" \/>\n<meta name=\"twitter:card\" content=\"summary_large_image\" \/>\n<meta name=\"twitter:image\" content=\"https:\/\/blog.zeit.de\/teilchen\/files\/2017\/12\/Bildschirmfoto-2017-12-13-um-11.49.57.png\" \/>\n<meta name=\"twitter:creator\" content=\"@tobiasdorfer\" \/>\n<meta name=\"twitter:site\" content=\"@zeitonline\" \/>\n<meta name=\"twitter:label1\" content=\"Geschrieben von\" \/>\n\t<meta name=\"twitter:data1\" content=\"Tobias Dorfer\" \/>\n\t<meta name=\"twitter:label2\" content=\"Gesch\u00e4tzte Lesezeit\" \/>\n\t<meta name=\"twitter:data2\" content=\"3\u00a0Minuten\" \/>\n<script type=\"application\/ld+json\" class=\"yoast-schema-graph\">{\"@context\":\"https:\/\/schema.org\",\"@graph\":[{\"@type\":\"WebPage\",\"@id\":\"https:\/\/blog.zeit.de\/teilchen\/2017\/12\/13\/afd-bundestag-sitzungen-facebook-post\/\",\"url\":\"https:\/\/blog.zeit.de\/teilchen\/2017\/12\/13\/afd-bundestag-sitzungen-facebook-post\/\",\"name\":\"AfD \u2013 einsam im Bundestag\",\"isPartOf\":{\"@id\":\"https:\/\/blog.zeit.de\/teilchen\/#website\"},\"datePublished\":\"2017-12-13T11:50:39+00:00\",\"dateModified\":\"2017-12-13T12:26:04+00:00\",\"author\":{\"@id\":\"https:\/\/blog.zeit.de\/teilchen\/#\/schema\/person\/e90ba849254185115fd919d4fad07dc0\"},\"description\":\"Mit seinem Facebook-Post m\u00f6chte ein AfD-Politiker den Eindruck erwecken, die anderen Parteien w\u00fcrden Bundestagssitzung schw\u00e4nzen. Doch das ist falsch.\",\"breadcrumb\":{\"@id\":\"https:\/\/blog.zeit.de\/teilchen\/2017\/12\/13\/afd-bundestag-sitzungen-facebook-post\/#breadcrumb\"},\"inLanguage\":\"de\",\"potentialAction\":[{\"@type\":\"ReadAction\",\"target\":[\"https:\/\/blog.zeit.de\/teilchen\/2017\/12\/13\/afd-bundestag-sitzungen-facebook-post\/\"]}]},{\"@type\":\"BreadcrumbList\",\"@id\":\"https:\/\/blog.zeit.de\/teilchen\/2017\/12\/13\/afd-bundestag-sitzungen-facebook-post\/#breadcrumb\",\"itemListElement\":[{\"@type\":\"ListItem\",\"position\":1,\"name\":\"Startseite\",\"item\":\"https:\/\/blog.zeit.de\/teilchen\/\"},{\"@type\":\"ListItem\",\"position\":2,\"name\":\"AfD \u2013 einsam im Bundestag\"}]},{\"@type\":\"WebSite\",\"@id\":\"https:\/\/blog.zeit.de\/teilchen\/#website\",\"url\":\"https:\/\/blog.zeit.de\/teilchen\/\",\"name\":\"Teilchen\",\"description\":\"Im Netz verstecken sich kleine Sch\u00e4tze - ZEIT ONLINE findet sie.\",\"potentialAction\":[{\"@type\":\"SearchAction\",\"target\":{\"@type\":\"EntryPoint\",\"urlTemplate\":\"https:\/\/blog.zeit.de\/teilchen\/?s={search_term_string}\"},\"query-input\":\"required name=search_term_string\"}],\"inLanguage\":\"de\"},{\"@type\":\"Person\",\"@id\":\"https:\/\/blog.zeit.de\/teilchen\/#\/schema\/person\/e90ba849254185115fd919d4fad07dc0\",\"name\":\"Tobias Dorfer\",\"image\":{\"@type\":\"ImageObject\",\"inLanguage\":\"de\",\"@id\":\"https:\/\/blog.zeit.de\/teilchen\/#\/schema\/person\/image\/\",\"url\":\"https:\/\/secure.gravatar.com\/avatar\/0021e1a3fe9f799912804bcca6f1bcbbe58ee3bf29c8f714a0f453695a888d0a?s=96&d=mm&r=g\",\"contentUrl\":\"https:\/\/secure.gravatar.com\/avatar\/0021e1a3fe9f799912804bcca6f1bcbbe58ee3bf29c8f714a0f453695a888d0a?s=96&d=mm&r=g\",\"caption\":\"Tobias Dorfer\"},\"description\":\"Teamleiter Social Media bei ZEIT ONLINE. Zuvor sieben Jahre bei S\u00fcddeutsche.de, als Redakteur im Wirtschafts- und Regional-Ressort sowie Editorial SEO. Ausbildung an der Deutschen Journalistenschule in M\u00fcnchen mit Hospitanzen bei S\u00fcddeutsche Zeitung, SPIEGEL und SPIEGEL Online.\",\"sameAs\":[\"https:\/\/twitter.com\/tobiasdorfer\"],\"url\":\"https:\/\/blog.zeit.de\/teilchen\/author\/tdorfer\/\"}]}<\/script>\n<!-- \/ Yoast SEO plugin. -->","yoast_head_json":{"title":"AfD \u2013 einsam im Bundestag","description":"Mit seinem Facebook-Post m\u00f6chte ein AfD-Politiker den Eindruck erwecken, die anderen Parteien w\u00fcrden Bundestagssitzung schw\u00e4nzen. Doch das ist falsch.","robots":{"index":"index","follow":"follow","max-snippet":"max-snippet:-1","max-image-preview":"max-image-preview:large","max-video-preview":"max-video-preview:-1"},"canonical":"https:\/\/blog.zeit.de\/teilchen\/2017\/12\/13\/afd-bundestag-sitzungen-facebook-post\/","og_locale":"de_DE","og_type":"article","og_title":"AfD \u2013 einsam im Bundestag","og_description":"Mit seinem Facebook-Post m\u00f6chte ein AfD-Politiker den Eindruck erwecken, die anderen Parteien w\u00fcrden Bundestagssitzung schw\u00e4nzen. Doch das ist falsch.","og_url":"https:\/\/blog.zeit.de\/teilchen\/2017\/12\/13\/afd-bundestag-sitzungen-facebook-post\/","og_site_name":"Teilchen","article_published_time":"2017-12-13T11:50:39+00:00","article_modified_time":"2017-12-13T12:26:04+00:00","og_image":[{"width":497,"height":378,"url":"https:\/\/blog.zeit.de\/teilchen\/files\/2017\/12\/Bildschirmfoto-2017-12-13-um-11.49.57.png","type":"image\/png"}],"author":"Tobias Dorfer","twitter_card":"summary_large_image","twitter_image":"https:\/\/blog.zeit.de\/teilchen\/files\/2017\/12\/Bildschirmfoto-2017-12-13-um-11.49.57.png","twitter_creator":"@tobiasdorfer","twitter_site":"@zeitonline","twitter_misc":{"Geschrieben von":"Tobias Dorfer","Gesch\u00e4tzte Lesezeit":"3\u00a0Minuten"},"schema":{"@context":"https:\/\/schema.org","@graph":[{"@type":"WebPage","@id":"https:\/\/blog.zeit.de\/teilchen\/2017\/12\/13\/afd-bundestag-sitzungen-facebook-post\/","url":"https:\/\/blog.zeit.de\/teilchen\/2017\/12\/13\/afd-bundestag-sitzungen-facebook-post\/","name":"AfD \u2013 einsam im Bundestag","isPartOf":{"@id":"https:\/\/blog.zeit.de\/teilchen\/#website"},"datePublished":"2017-12-13T11:50:39+00:00","dateModified":"2017-12-13T12:26:04+00:00","author":{"@id":"https:\/\/blog.zeit.de\/teilchen\/#\/schema\/person\/e90ba849254185115fd919d4fad07dc0"},"description":"Mit seinem Facebook-Post m\u00f6chte ein AfD-Politiker den Eindruck erwecken, die anderen Parteien w\u00fcrden Bundestagssitzung schw\u00e4nzen. Doch das ist falsch.","breadcrumb":{"@id":"https:\/\/blog.zeit.de\/teilchen\/2017\/12\/13\/afd-bundestag-sitzungen-facebook-post\/#breadcrumb"},"inLanguage":"de","potentialAction":[{"@type":"ReadAction","target":["https:\/\/blog.zeit.de\/teilchen\/2017\/12\/13\/afd-bundestag-sitzungen-facebook-post\/"]}]},{"@type":"BreadcrumbList","@id":"https:\/\/blog.zeit.de\/teilchen\/2017\/12\/13\/afd-bundestag-sitzungen-facebook-post\/#breadcrumb","itemListElement":[{"@type":"ListItem","position":1,"name":"Startseite","item":"https:\/\/blog.zeit.de\/teilchen\/"},{"@type":"ListItem","position":2,"name":"AfD \u2013 einsam im Bundestag"}]},{"@type":"WebSite","@id":"https:\/\/blog.zeit.de\/teilchen\/#website","url":"https:\/\/blog.zeit.de\/teilchen\/","name":"Teilchen","description":"Im Netz verstecken sich kleine Sch\u00e4tze - ZEIT ONLINE findet sie.","potentialAction":[{"@type":"SearchAction","target":{"@type":"EntryPoint","urlTemplate":"https:\/\/blog.zeit.de\/teilchen\/?s={search_term_string}"},"query-input":"required name=search_term_string"}],"inLanguage":"de"},{"@type":"Person","@id":"https:\/\/blog.zeit.de\/teilchen\/#\/schema\/person\/e90ba849254185115fd919d4fad07dc0","name":"Tobias Dorfer","image":{"@type":"ImageObject","inLanguage":"de","@id":"https:\/\/blog.zeit.de\/teilchen\/#\/schema\/person\/image\/","url":"https:\/\/secure.gravatar.com\/avatar\/0021e1a3fe9f799912804bcca6f1bcbbe58ee3bf29c8f714a0f453695a888d0a?s=96&d=mm&r=g","contentUrl":"https:\/\/secure.gravatar.com\/avatar\/0021e1a3fe9f799912804bcca6f1bcbbe58ee3bf29c8f714a0f453695a888d0a?s=96&d=mm&r=g","caption":"Tobias Dorfer"},"description":"Teamleiter Social Media bei ZEIT ONLINE. Zuvor sieben Jahre bei S\u00fcddeutsche.de, als Redakteur im Wirtschafts- und Regional-Ressort sowie Editorial SEO. Ausbildung an der Deutschen Journalistenschule in M\u00fcnchen mit Hospitanzen bei S\u00fcddeutsche Zeitung, SPIEGEL und SPIEGEL Online.","sameAs":["https:\/\/twitter.com\/tobiasdorfer"],"url":"https:\/\/blog.zeit.de\/teilchen\/author\/tdorfer\/"}]}},"jetpack_featured_media_url":"https:\/\/blog.zeit.de\/teilchen\/files\/2017\/12\/Bildschirmfoto-2017-12-13-um-11.49.57.png","jetpack_sharing_enabled":true,"_links":{"self":[{"href":"https:\/\/blog.zeit.de\/teilchen\/wp-json\/wp\/v2\/posts\/17889","targetHints":{"allow":["GET"]}}],"collection":[{"href":"https:\/\/blog.zeit.de\/teilchen\/wp-json\/wp\/v2\/posts"}],"about":[{"href":"https:\/\/blog.zeit.de\/teilchen\/wp-json\/wp\/v2\/types\/post"}],"author":[{"embeddable":true,"href":"https:\/\/blog.zeit.de\/teilchen\/wp-json\/wp\/v2\/users\/556"}],"replies":[{"embeddable":true,"href":"https:\/\/blog.zeit.de\/teilchen\/wp-json\/wp\/v2\/comments?post=17889"}],"version-history":[{"count":8,"href":"https:\/\/blog.zeit.de\/teilchen\/wp-json\/wp\/v2\/posts\/17889\/revisions"}],"predecessor-version":[{"id":17920,"href":"https:\/\/blog.zeit.de\/teilchen\/wp-json\/wp\/v2\/posts\/17889\/revisions\/17920"}],"wp:featuredmedia":[{"embeddable":true,"href":"https:\/\/blog.zeit.de\/teilchen\/wp-json\/wp\/v2\/media\/17902"}],"wp:attachment":[{"href":"https:\/\/blog.zeit.de\/teilchen\/wp-json\/wp\/v2\/media?parent=17889"}],"wp:term":[{"taxonomy":"category","embeddable":true,"href":"https:\/\/blog.zeit.de\/teilchen\/wp-json\/wp\/v2\/categories?post=17889"},{"taxonomy":"post_tag","embeddable":true,"href":"https:\/\/blog.zeit.de\/teilchen\/wp-json\/wp\/v2\/tags?post=17889"}],"curies":[{"name":"wp","href":"https:\/\/api.w.org\/{rel}","templated":true}]}}