{"id":17944,"date":"2017-12-19T18:06:38","date_gmt":"2017-12-19T17:06:38","guid":{"rendered":"http:\/\/blog.zeit.de\/teilchen\/?p=17944"},"modified":"2017-12-19T18:32:46","modified_gmt":"2017-12-19T17:32:46","slug":"fpoe-minister-herbert-kickl-facebook-gratulation-verwandtschaft","status":"publish","type":"post","link":"https:\/\/blog.zeit.de\/teilchen\/2017\/12\/19\/fpoe-minister-herbert-kickl-facebook-gratulation-verwandtschaft\/","title":{"rendered":"Wenn die Verwandtschaft dem FP\u00d6-Minister &#8222;gratuliert&#8220;"},"content":{"rendered":"\n<div class=\"embed-wrapper embed-wrapper--blocked js-embed-consent\" data-method=\"iframe\">\n<script class=\"raw__source\" type=\"text\/template\"><iframe loading=\"lazy\" style=\"border: none; overflow: hidden;\" frameborder=\"0\" height=\"303\" scrolling=\"no\" src=\"https:\/\/www.facebook.com\/plugins\/post.php?href=https%3A%2F%2Fwww.facebook.com%2FDanielaKickl%2Fposts%2F1027050967446391&amp;width=500\" width=\"500\"><\/iframe><\/script>\n<div class=\"embed-wrapper__inner\">\n<div class=\"embed-wrapper__text\">\n<h3>Empfohlener redaktioneller Inhalt<\/h3>\n<p data-replace=\"no\">An dieser Stelle finden Sie externen Inhalt, der den Artikel erg\u00e4nzt. Sie k\u00f6nnen sich externe Inhalte mit einem Klick anzeigen lassen und wieder ausblenden.<noscript>Bitte aktivieren Sie JavaScript damit Sie diesen Inhalt anzeigen k\u00f6nnen.<\/noscript><\/p>\n<\/div>\n<div class=\"embed-consent\">\n<label class=\"embed-consent__toggle\">\n<input class=\"js-embed-consent__toggle\" type=\"checkbox\" autocomplete=\"off\">\n<span><\/span>\nExterner Inhalt\n<\/label>\n<a href=\"https:\/\/www.zeit.de\/hilfe\/datenschutz\" target=\"_blank\" class=\"embed-consent__datalink-when-active\">Datenschutzerkl\u00e4rung<\/a>\n<\/div>\n<div class=\"embed-wrapper__footer\">\n<p data-replace=\"no\">\nIch bin damit einverstanden, dass mir externe Inhalte angezeigt werden. Damit k\u00f6nnen personenbezogene Daten an Drittplattformen \u00fcbermittelt werden. <a href=\"https:\/\/www.zeit.de\/hilfe\/datenschutz\" target=\"_blank\">Mehr dazu in unserer Datenschutzerkl\u00e4rung.<\/a>\n<\/p>\n<\/div>\n<\/div>\n<\/div>\n<p>Fast jeder kennt in seinem Umfeld Menschen, die politisch anders denken. Linksliberale Gro\u00dfst\u00e4dter \u00e4rgern sich \u00fcber fr\u00fchere Klassenkameraden in der Provinz, die pl\u00f6tzlich bei Pegida mitlaufen. Rechtskonservative Mittelst\u00e4ndler beargw\u00f6hnen ihre Nichten und Neffen, die sich f\u00fcr Oxfam engagieren, statt den Familienbetrieb zu \u00fcbernehmen. Auch die Mitgliedschaft in einer Partei kann Familien spalten und Freundschaften vernichten. Beim Familientreffen setzt man sich an der Kaffeetafel lieber weit voneinander weg und schleicht sich beizeiten von dannen, um nicht mit dem von der AfD oder der Linksjugend reden zu m\u00fcssen. Besichtigen l\u00e4sst sich dieses Ph\u00e4nomen nun ziemlich \u00f6ffentlich in \u00d6sterreich, wo die \u00d6VP und die rechtspopulistische FP\u00d6 neuerdings gemeinsam regieren.<\/p>\n<p><!--more--> FP\u00d6-Spitzenpolitiker Herbert Kickl wurde am Montag zum Innenminister berufen. Der 49-J\u00e4hrige hat eine Cousine. <a href=\"https:\/\/www.facebook.com\/DanielaKickl\/posts\/1027050967446391\" target=\"_blank\" rel=\"noopener\">Sie gratulierte ihm auf Facebook zur Ernennung<\/a>. &#8222;Heute bist du endlich, als Erster in unserer Familie, zum Minister unserer sch\u00f6nen Alpenrepublik angelobt worden&#8220;, schrieb Daniela Kickl. &#8222;Wir sind alle sehr stolz auf Dich. Na ja fast.&#8220; Und damit war der sch\u00f6ne Teil schon vorbei.<\/p>\n<p>Die Frau rechnet dann in deutlichen Worten mit den Freiheitlichen und ihrer Politik ab. Im Regierungsprogramm sei ja \u2013 im Gegensatz zu den Ank\u00fcndigungen \u2013 rein gar nichts mehr \u00fcbrig von den Versprechungen der FP\u00d6, sich um den &#8222;kleinen Mann&#8220; zu k\u00fcmmern. In mehreren Fragen illustriert sie die Widerspr\u00fcche: &#8222;Wie genau profitiert der kleine Mann von der K\u00fcrzung des Arbeitslosengeldes, wenn er sich f\u00fcr l\u00e4ngere Zeit keine Arbeit gefunden hat?&#8220;, schreibt sie in ihrem Posting. Sie fragt nach dem Nutzen von Studiengeb\u00fchren oder marktkonformen Mieten \u2013 alles Dinge, gegen die sich die FP\u00d6 nicht oder nicht mehr stellt.<\/p>\n<p>Vielleicht sei das alles ja auch &#8222;auf Bastis Mist gewachsen&#8220; \u2013 kommt also von der \u00d6VP um Kanzler Sebastian Kurz. Und die FP\u00d6 k\u00f6nne gar nichts daf\u00fcr. &#8222;K\u00f6nnte sein, wer wei\u00df das schon.&#8220; Am Ende der Wahlperiode, so schlie\u00dft Daniela Kickl, seien f\u00fcr die FP\u00d6 sowieso wieder die Ausl\u00e4nder schuld.<\/p>\n<p>Am Ende schreibt sie:<\/p>\n<p>&#8222;Ich will dir ja jetzt sicher nicht den Spa\u00df verderben, aber es wird sie geben &#8230;<br \/>\n&#8211; diejenigen, die nicht vergessen werden<br \/>\n&#8211; diejenigen, die die anderen daran erinnern werden<br \/>\n&#8211; diejenigen, die aus dem blauen Scherbenhaufen eine bessere Welt basteln werden&#8220;<\/p>\n<p>Beim n\u00e4chsten Familientreffen der Kickls w\u00e4re einiges zu kl\u00e4ren.<\/p>\n<ul>\n<li><em>Wie <a href=\"http:\/\/www.zeit.de\/politik\/ausland\/2017-12\/oevp-fpoe-oesterreich-regierung-minister-asyl-europa\" target=\"_blank\" rel=\"noopener\">\u00d6sterreich in diesen Tagen nach rechts r\u00fcckt, k\u00f6nnen Sie hier nachlesen<\/a>.<\/em><\/li>\n<li><em>Und <a href=\"https:\/\/blog.zeit.de\/teilchen\/\" target=\"_blank\" rel=\"noopener\">weitere Netzfundst\u00fccke gibt&#8217;s im Teilchen-Blog<\/a>.<\/em><\/li>\n<\/ul>\n","protected":false},"excerpt":{"rendered":"<p>Empfohlener redaktioneller Inhalt An dieser Stelle finden Sie externen Inhalt, der den Artikel erg\u00e4nzt. Sie k\u00f6nnen sich externe Inhalte mit einem Klick anzeigen lassen [\u2026]<\/p>\n","protected":false},"author":191,"featured_media":17946,"comment_status":"open","ping_status":"closed","sticky":false,"template":"","format":"standard","meta":{"_jetpack_memberships_contains_paid_content":false,"footnotes":""},"categories":[29747],"tags":[],"class_list":["post-17944","post","type-post","status-publish","format-standard","has-post-thumbnail","hentry","category-geschichten"],"yoast_head":"<!-- This site is optimized with the Yoast SEO plugin v21.0 - https:\/\/yoast.com\/wordpress\/plugins\/seo\/ -->\n<title>Wenn die Verwandtschaft dem FP\u00d6-Minister &quot;gratuliert&quot;<\/title>\n<meta name=\"description\" content=\"FP\u00d6-Politiker Herbert Kickl wurde am Montag zum Innenminister berufen. Seine Cousine gratulierte ihm auf Facebook und kritisiert die Politik seiner Partei.\" \/>\n<meta name=\"robots\" content=\"index, follow, max-snippet:-1, max-image-preview:large, max-video-preview:-1\" \/>\n<link rel=\"canonical\" href=\"https:\/\/blog.zeit.de\/teilchen\/2017\/12\/19\/fpoe-minister-herbert-kickl-facebook-gratulation-verwandtschaft\/\" \/>\n<meta property=\"og:locale\" content=\"de_DE\" \/>\n<meta property=\"og:type\" content=\"article\" \/>\n<meta property=\"og:title\" content=\"Wenn die Verwandtschaft dem FP\u00d6-Minister &quot;gratuliert&quot;\" \/>\n<meta property=\"og:description\" content=\"FP\u00d6-Politiker Herbert Kickl wurde am Montag zum Innenminister berufen. Seine Cousine gratulierte ihm auf Facebook und kritisiert die Politik seiner Partei.\" \/>\n<meta property=\"og:url\" content=\"https:\/\/blog.zeit.de\/teilchen\/2017\/12\/19\/fpoe-minister-herbert-kickl-facebook-gratulation-verwandtschaft\/\" \/>\n<meta property=\"og:site_name\" content=\"Teilchen\" \/>\n<meta property=\"article:published_time\" content=\"2017-12-19T17:06:38+00:00\" \/>\n<meta property=\"article:modified_time\" content=\"2017-12-19T17:32:46+00:00\" \/>\n<meta property=\"og:image\" content=\"https:\/\/blog.zeit.de\/teilchen\/files\/2017\/12\/Bildschirmfoto-2017-12-19-um-17.23.23.png\" \/>\n\t<meta property=\"og:image:width\" content=\"472\" \/>\n\t<meta property=\"og:image:height\" content=\"238\" \/>\n\t<meta property=\"og:image:type\" content=\"image\/png\" \/>\n<meta name=\"author\" content=\"Tilman Steffen\" \/>\n<meta name=\"twitter:card\" content=\"summary_large_image\" \/>\n<meta name=\"twitter:image\" content=\"https:\/\/blog.zeit.de\/teilchen\/files\/2017\/12\/Bildschirmfoto-2017-12-19-um-17.23.23.png\" \/>\n<meta name=\"twitter:creator\" content=\"@zeitonline\" \/>\n<meta name=\"twitter:site\" content=\"@zeitonline\" \/>\n<meta name=\"twitter:label1\" content=\"Geschrieben von\" \/>\n\t<meta name=\"twitter:data1\" content=\"Tilman Steffen\" \/>\n\t<meta name=\"twitter:label2\" content=\"Gesch\u00e4tzte Lesezeit\" \/>\n\t<meta name=\"twitter:data2\" content=\"2\u00a0Minuten\" \/>\n<script type=\"application\/ld+json\" class=\"yoast-schema-graph\">{\"@context\":\"https:\/\/schema.org\",\"@graph\":[{\"@type\":\"WebPage\",\"@id\":\"https:\/\/blog.zeit.de\/teilchen\/2017\/12\/19\/fpoe-minister-herbert-kickl-facebook-gratulation-verwandtschaft\/\",\"url\":\"https:\/\/blog.zeit.de\/teilchen\/2017\/12\/19\/fpoe-minister-herbert-kickl-facebook-gratulation-verwandtschaft\/\",\"name\":\"Wenn die Verwandtschaft dem FP\u00d6-Minister \\\"gratuliert\\\"\",\"isPartOf\":{\"@id\":\"https:\/\/blog.zeit.de\/teilchen\/#website\"},\"datePublished\":\"2017-12-19T17:06:38+00:00\",\"dateModified\":\"2017-12-19T17:32:46+00:00\",\"author\":{\"@id\":\"https:\/\/blog.zeit.de\/teilchen\/#\/schema\/person\/110e2fe4d5ec4e01f71931b64f570c54\"},\"description\":\"FP\u00d6-Politiker Herbert Kickl wurde am Montag zum Innenminister berufen. Seine Cousine gratulierte ihm auf Facebook und kritisiert die Politik seiner Partei.\",\"breadcrumb\":{\"@id\":\"https:\/\/blog.zeit.de\/teilchen\/2017\/12\/19\/fpoe-minister-herbert-kickl-facebook-gratulation-verwandtschaft\/#breadcrumb\"},\"inLanguage\":\"de\",\"potentialAction\":[{\"@type\":\"ReadAction\",\"target\":[\"https:\/\/blog.zeit.de\/teilchen\/2017\/12\/19\/fpoe-minister-herbert-kickl-facebook-gratulation-verwandtschaft\/\"]}]},{\"@type\":\"BreadcrumbList\",\"@id\":\"https:\/\/blog.zeit.de\/teilchen\/2017\/12\/19\/fpoe-minister-herbert-kickl-facebook-gratulation-verwandtschaft\/#breadcrumb\",\"itemListElement\":[{\"@type\":\"ListItem\",\"position\":1,\"name\":\"Startseite\",\"item\":\"https:\/\/blog.zeit.de\/teilchen\/\"},{\"@type\":\"ListItem\",\"position\":2,\"name\":\"Wenn die Verwandtschaft dem FP\u00d6-Minister &#8222;gratuliert&#8220;\"}]},{\"@type\":\"WebSite\",\"@id\":\"https:\/\/blog.zeit.de\/teilchen\/#website\",\"url\":\"https:\/\/blog.zeit.de\/teilchen\/\",\"name\":\"Teilchen\",\"description\":\"Im Netz verstecken sich kleine Sch\u00e4tze - ZEIT ONLINE findet sie.\",\"potentialAction\":[{\"@type\":\"SearchAction\",\"target\":{\"@type\":\"EntryPoint\",\"urlTemplate\":\"https:\/\/blog.zeit.de\/teilchen\/?s={search_term_string}\"},\"query-input\":\"required name=search_term_string\"}],\"inLanguage\":\"de\"},{\"@type\":\"Person\",\"@id\":\"https:\/\/blog.zeit.de\/teilchen\/#\/schema\/person\/110e2fe4d5ec4e01f71931b64f570c54\",\"name\":\"Tilman Steffen\",\"image\":{\"@type\":\"ImageObject\",\"inLanguage\":\"de\",\"@id\":\"https:\/\/blog.zeit.de\/teilchen\/#\/schema\/person\/image\/\",\"url\":\"https:\/\/secure.gravatar.com\/avatar\/8c4becdd9d412e3bd74354093718744070721ed0cb4054b7a8b7b12fa1a4b347?s=96&d=mm&r=g\",\"contentUrl\":\"https:\/\/secure.gravatar.com\/avatar\/8c4becdd9d412e3bd74354093718744070721ed0cb4054b7a8b7b12fa1a4b347?s=96&d=mm&r=g\",\"caption\":\"Tilman Steffen\"},\"description\":\"Redakteur bei ZEIT ONLINE seit 2009. Zuvor bei der Netzeitung. Nach der Journalistenschule Arbeit als Printautor und Fotograf; Redakteur und Reporter f\u00fcr epd, Beitr\u00e4ge f\u00fcr ZDF, n-tv, XXP, Mitarbeiter bei Reuters TV. \u2013 Orgelbauer, Kulturmanager, Journalist. Geboren, als Willy Brandt die deutsche Teilung anerkannte. Gro\u00df geworden in Deutschlands S\u00fcdosten \u2013 erwachsen seit dem Mauerfall. Drei Berufe gelernt, zwei Kinder gezeugt, ein Kulturzentrum gegr\u00fcndet \u2013 und dabei zum Journalisten geworden.\",\"sameAs\":[\"http:\/\/www.tilmansteffen.de\"],\"url\":\"https:\/\/blog.zeit.de\/teilchen\/author\/tilman-steffen\/\"}]}<\/script>\n<!-- \/ Yoast SEO plugin. -->","yoast_head_json":{"title":"Wenn die Verwandtschaft dem FP\u00d6-Minister \"gratuliert\"","description":"FP\u00d6-Politiker Herbert Kickl wurde am Montag zum Innenminister berufen. Seine Cousine gratulierte ihm auf Facebook und kritisiert die Politik seiner Partei.","robots":{"index":"index","follow":"follow","max-snippet":"max-snippet:-1","max-image-preview":"max-image-preview:large","max-video-preview":"max-video-preview:-1"},"canonical":"https:\/\/blog.zeit.de\/teilchen\/2017\/12\/19\/fpoe-minister-herbert-kickl-facebook-gratulation-verwandtschaft\/","og_locale":"de_DE","og_type":"article","og_title":"Wenn die Verwandtschaft dem FP\u00d6-Minister \"gratuliert\"","og_description":"FP\u00d6-Politiker Herbert Kickl wurde am Montag zum Innenminister berufen. Seine Cousine gratulierte ihm auf Facebook und kritisiert die Politik seiner Partei.","og_url":"https:\/\/blog.zeit.de\/teilchen\/2017\/12\/19\/fpoe-minister-herbert-kickl-facebook-gratulation-verwandtschaft\/","og_site_name":"Teilchen","article_published_time":"2017-12-19T17:06:38+00:00","article_modified_time":"2017-12-19T17:32:46+00:00","og_image":[{"width":472,"height":238,"url":"https:\/\/blog.zeit.de\/teilchen\/files\/2017\/12\/Bildschirmfoto-2017-12-19-um-17.23.23.png","type":"image\/png"}],"author":"Tilman Steffen","twitter_card":"summary_large_image","twitter_image":"https:\/\/blog.zeit.de\/teilchen\/files\/2017\/12\/Bildschirmfoto-2017-12-19-um-17.23.23.png","twitter_creator":"@zeitonline","twitter_site":"@zeitonline","twitter_misc":{"Geschrieben von":"Tilman Steffen","Gesch\u00e4tzte Lesezeit":"2\u00a0Minuten"},"schema":{"@context":"https:\/\/schema.org","@graph":[{"@type":"WebPage","@id":"https:\/\/blog.zeit.de\/teilchen\/2017\/12\/19\/fpoe-minister-herbert-kickl-facebook-gratulation-verwandtschaft\/","url":"https:\/\/blog.zeit.de\/teilchen\/2017\/12\/19\/fpoe-minister-herbert-kickl-facebook-gratulation-verwandtschaft\/","name":"Wenn die Verwandtschaft dem FP\u00d6-Minister \"gratuliert\"","isPartOf":{"@id":"https:\/\/blog.zeit.de\/teilchen\/#website"},"datePublished":"2017-12-19T17:06:38+00:00","dateModified":"2017-12-19T17:32:46+00:00","author":{"@id":"https:\/\/blog.zeit.de\/teilchen\/#\/schema\/person\/110e2fe4d5ec4e01f71931b64f570c54"},"description":"FP\u00d6-Politiker Herbert Kickl wurde am Montag zum Innenminister berufen. Seine Cousine gratulierte ihm auf Facebook und kritisiert die Politik seiner Partei.","breadcrumb":{"@id":"https:\/\/blog.zeit.de\/teilchen\/2017\/12\/19\/fpoe-minister-herbert-kickl-facebook-gratulation-verwandtschaft\/#breadcrumb"},"inLanguage":"de","potentialAction":[{"@type":"ReadAction","target":["https:\/\/blog.zeit.de\/teilchen\/2017\/12\/19\/fpoe-minister-herbert-kickl-facebook-gratulation-verwandtschaft\/"]}]},{"@type":"BreadcrumbList","@id":"https:\/\/blog.zeit.de\/teilchen\/2017\/12\/19\/fpoe-minister-herbert-kickl-facebook-gratulation-verwandtschaft\/#breadcrumb","itemListElement":[{"@type":"ListItem","position":1,"name":"Startseite","item":"https:\/\/blog.zeit.de\/teilchen\/"},{"@type":"ListItem","position":2,"name":"Wenn die Verwandtschaft dem FP\u00d6-Minister &#8222;gratuliert&#8220;"}]},{"@type":"WebSite","@id":"https:\/\/blog.zeit.de\/teilchen\/#website","url":"https:\/\/blog.zeit.de\/teilchen\/","name":"Teilchen","description":"Im Netz verstecken sich kleine Sch\u00e4tze - ZEIT ONLINE findet sie.","potentialAction":[{"@type":"SearchAction","target":{"@type":"EntryPoint","urlTemplate":"https:\/\/blog.zeit.de\/teilchen\/?s={search_term_string}"},"query-input":"required name=search_term_string"}],"inLanguage":"de"},{"@type":"Person","@id":"https:\/\/blog.zeit.de\/teilchen\/#\/schema\/person\/110e2fe4d5ec4e01f71931b64f570c54","name":"Tilman Steffen","image":{"@type":"ImageObject","inLanguage":"de","@id":"https:\/\/blog.zeit.de\/teilchen\/#\/schema\/person\/image\/","url":"https:\/\/secure.gravatar.com\/avatar\/8c4becdd9d412e3bd74354093718744070721ed0cb4054b7a8b7b12fa1a4b347?s=96&d=mm&r=g","contentUrl":"https:\/\/secure.gravatar.com\/avatar\/8c4becdd9d412e3bd74354093718744070721ed0cb4054b7a8b7b12fa1a4b347?s=96&d=mm&r=g","caption":"Tilman Steffen"},"description":"Redakteur bei ZEIT ONLINE seit 2009. Zuvor bei der Netzeitung. Nach der Journalistenschule Arbeit als Printautor und Fotograf; Redakteur und Reporter f\u00fcr epd, Beitr\u00e4ge f\u00fcr ZDF, n-tv, XXP, Mitarbeiter bei Reuters TV. \u2013 Orgelbauer, Kulturmanager, Journalist. Geboren, als Willy Brandt die deutsche Teilung anerkannte. Gro\u00df geworden in Deutschlands S\u00fcdosten \u2013 erwachsen seit dem Mauerfall. Drei Berufe gelernt, zwei Kinder gezeugt, ein Kulturzentrum gegr\u00fcndet \u2013 und dabei zum Journalisten geworden.","sameAs":["http:\/\/www.tilmansteffen.de"],"url":"https:\/\/blog.zeit.de\/teilchen\/author\/tilman-steffen\/"}]}},"jetpack_featured_media_url":"https:\/\/blog.zeit.de\/teilchen\/files\/2017\/12\/Bildschirmfoto-2017-12-19-um-17.23.23.png","jetpack_sharing_enabled":true,"_links":{"self":[{"href":"https:\/\/blog.zeit.de\/teilchen\/wp-json\/wp\/v2\/posts\/17944","targetHints":{"allow":["GET"]}}],"collection":[{"href":"https:\/\/blog.zeit.de\/teilchen\/wp-json\/wp\/v2\/posts"}],"about":[{"href":"https:\/\/blog.zeit.de\/teilchen\/wp-json\/wp\/v2\/types\/post"}],"author":[{"embeddable":true,"href":"https:\/\/blog.zeit.de\/teilchen\/wp-json\/wp\/v2\/users\/191"}],"replies":[{"embeddable":true,"href":"https:\/\/blog.zeit.de\/teilchen\/wp-json\/wp\/v2\/comments?post=17944"}],"version-history":[{"count":4,"href":"https:\/\/blog.zeit.de\/teilchen\/wp-json\/wp\/v2\/posts\/17944\/revisions"}],"predecessor-version":[{"id":17949,"href":"https:\/\/blog.zeit.de\/teilchen\/wp-json\/wp\/v2\/posts\/17944\/revisions\/17949"}],"wp:featuredmedia":[{"embeddable":true,"href":"https:\/\/blog.zeit.de\/teilchen\/wp-json\/wp\/v2\/media\/17946"}],"wp:attachment":[{"href":"https:\/\/blog.zeit.de\/teilchen\/wp-json\/wp\/v2\/media?parent=17944"}],"wp:term":[{"taxonomy":"category","embeddable":true,"href":"https:\/\/blog.zeit.de\/teilchen\/wp-json\/wp\/v2\/categories?post=17944"},{"taxonomy":"post_tag","embeddable":true,"href":"https:\/\/blog.zeit.de\/teilchen\/wp-json\/wp\/v2\/tags?post=17944"}],"curies":[{"name":"wp","href":"https:\/\/api.w.org\/{rel}","templated":true}]}}