{"id":18198,"date":"2018-02-21T11:33:14","date_gmt":"2018-02-21T10:33:14","guid":{"rendered":"http:\/\/blog.zeit.de\/teilchen\/?p=18198"},"modified":"2018-02-21T12:07:35","modified_gmt":"2018-02-21T11:07:35","slug":"glaserei-suche-azubis-ausbildung-facebookvideo","status":"publish","type":"post","link":"https:\/\/blog.zeit.de\/teilchen\/2018\/02\/21\/glaserei-suche-azubis-ausbildung-facebookvideo\/","title":{"rendered":"Du bist p\u00fcnktlich und arbeitest sauber? Dann hat Herr Sterz einen Job f\u00fcr dich"},"content":{"rendered":"<div class=\"embed-container\">\n\n<div class=\"embed-wrapper embed-wrapper--blocked js-embed-consent\" data-method=\"iframe\">\n<script class=\"raw__source\" type=\"text\/template\"><iframe loading=\"lazy\" style=\"border: none; overflow: hidden;\" frameborder=\"0\" height=\"315\" scrolling=\"no\" src=\"https:\/\/www.facebook.com\/plugins\/video.php?href=https%3A%2F%2Fwww.facebook.com%2Fglaserei.sterz%2Fvideos%2F1625119947569928%2F&amp;show_text=0&amp;width=560\" width=\"560\"><\/iframe><\/script>\n<div class=\"embed-wrapper__inner\">\n<div class=\"embed-wrapper__text\">\n<h3>Empfohlener redaktioneller Inhalt<\/h3>\n<p data-replace=\"no\">An dieser Stelle finden Sie externen Inhalt, der den Artikel erg\u00e4nzt. Sie k\u00f6nnen sich externe Inhalte mit einem Klick anzeigen lassen und wieder ausblenden.<noscript>Bitte aktivieren Sie JavaScript damit Sie diesen Inhalt anzeigen k\u00f6nnen.<\/noscript><\/p>\n<\/div>\n<div class=\"embed-consent\">\n<label class=\"embed-consent__toggle\">\n<input class=\"js-embed-consent__toggle\" type=\"checkbox\" autocomplete=\"off\">\n<span><\/span>\nExterner Inhalt\n<\/label>\n<a href=\"https:\/\/www.zeit.de\/hilfe\/datenschutz\" target=\"_blank\" class=\"embed-consent__datalink-when-active\">Datenschutzerkl\u00e4rung<\/a>\n<\/div>\n<div class=\"embed-wrapper__footer\">\n<p data-replace=\"no\">\nIch bin damit einverstanden, dass mir externe Inhalte angezeigt werden. Damit k\u00f6nnen personenbezogene Daten an Drittplattformen \u00fcbermittelt werden. <a href=\"https:\/\/www.zeit.de\/hilfe\/datenschutz\" target=\"_blank\">Mehr dazu in unserer Datenschutzerkl\u00e4rung.<\/a>\n<\/p>\n<\/div>\n<\/div>\n<\/div>\n<\/div>\n<p>Wer dringend einen Handwerker braucht, wartet oft vergeblich. Mindestens drei Monate dauert es, bis ein Maurer oder Klempner ins Haus kommt. Die Auftr\u00e4ge boomen, aber der Nachwuchs fehlt. Die Jugend will lieber an die Uni oder in die Industrie, eine Ausbildung zum Handwerker halten offenbar viele f\u00fcr uncool. Betriebe m\u00fcssen kreativ werden, um geeignete Bewerber zu finden \u2013 so wie die <a href=\"http:\/\/www.glaserei-sterz.de\/\">Glaserei Sterz<\/a> aus dem nieders\u00e4chsischen Langen. Sie sucht mit einem Facebook-Video Azubis.<\/p>\n<p><!--more--><\/p>\n<p>Mehr als 1,6 Millionen Mal wurde der Clip mittlerweile abgerufen. Ein Gl\u00fcck, denn auf eine Zeitungsanzeige kam im vergangenen Jahr keine einzige R\u00fcckmeldung, wie Claudia Sterz, verantwortlich f\u00fcr die Koordination und Planung im Betrieb, ZEIT ONLINE berichtet. Also habe sich ihr Mann gedacht: &#8222;Irgendwie muss ich ja die Jugend erreichen.&#8220;<\/p>\n<p>Das Video steht f\u00fcr ein Dilemma der Branche: &#8222;Der Handwerkermarkt in Deutschland ist wie leergefegt&#8220;, schrieb <a href=\"http:\/\/www.zeit.de\/wirtschaft\/2017-11\/bauboom-deutschland-handwerkermangel-fachkraefte\">Nadine Oberhuber k\u00fcrzlich auf ZEIT ONLINE<\/a>. Es krankt vor allem am Nachwuchs. Die Auftragsb\u00fccher seien voll, doch 40 Prozent der freien Stellen blieben unbesetzt. Laut Statistischem Bundesamt gibt es 43 Prozent weniger Lehrlinge als noch vor 20 Jahren. Damals wurden 633.000 Auszubildende gez\u00e4hlt, im vergangenen Jahr gerade mal 363.000. <a href=\"http:\/\/www.zeit.de\/karriere\/2017-03\/handwerk-ausbildung-lehrlinge-demografischer-wandel\">Jede zehnte Ausbildungsstelle bleibt dem Zentralverband des Deutschen Handwerks (ZDH) zufolge unbesetzt<\/a>.<\/p>\n<p>Die Glaserei Sterz hat ihre Anspr\u00fcche an Azubis runtergeschraubt, und bietet zugleich besondere Anreize: &#8222;Mich interessiert nicht, wo du herkommst oder welche Schulbildung du hast. Ich bin immer f\u00fcr dich da&#8220;, sagt Gesch\u00e4ftsf\u00fchrer Sven Sterz im Video. Der Betrieb zahle 100 Euro mehr als die regul\u00e4re Ausbildungsverg\u00fctung, \u00fcbernehme die Reisekosten zur Berufsschule in Bremen und unterst\u00fctze finanziell beim F\u00fchrerschein. Aufgeben oder Abbrechen der Ausbildung aber sei keine Option.<\/p>\n<p>Das Video wurde Freitagabend ver\u00f6ffentlicht, Montagmorgen standen bereits vor \u00d6ffnung des Betriebs die ersten Interessenten Schlange. Mittlerweile haben 17 pers\u00f6nlich ihre Bewerbung abgegeben, hinzu kommen etliche Mails und Einsendungen. &#8222;Sie haben das Gef\u00fchl, da ist jemand, der ihnen eine Chance gibt, auch wenn die Noten nicht so gut sind&#8220;, sagt Claudia Sterz. Viele der Bewerber h\u00e4tten Potenzial, Zeugnisse allein seien wenig aussagekr\u00e4ftig. Schlie\u00dflich k\u00f6nne jeder Mal Mist in der Jugend gebaut haben.<\/p>\n<p>Vielmehr lege sie Wert auf pers\u00f6nliche Gespr\u00e4che, die n\u00f6tige Motivation und eine positive Einstellung gegen\u00fcber dem Betrieb. Das komme bei den Bewerbern an, besonders bei jenen, die bereits R\u00fcckschl\u00e4ge eingesteckt h\u00e4tten oder aus schwierigen Verh\u00e4ltnissen stammten. Sie f\u00fchlten sich ernst genommen und f\u00e4nden neuen Mut, sagt Sterz. Vielleicht braucht es genau das, um das Handwerk wieder attraktiv zu machen: eine Chance auch f\u00fcr die, die nicht an sich glauben.<\/p>\n<ul>\n<li><em>Mehr zum <a href=\"http:\/\/www.zeit.de\/thema\/handwerk\">Handwerk erfahren Sie auf unserer Themenseite<\/a>.<\/em><\/li>\n<li><em>Weitere <a href=\"https:\/\/blog.zeit.de\/teilchen\/\" target=\"_blank\" rel=\"noopener\">Netzfundst\u00fccke gibt&#8217;s im Teilchen-Blog<\/a>.<\/em><\/li>\n<\/ul>\n","protected":false},"excerpt":{"rendered":"<p>Empfohlener redaktioneller Inhalt An dieser Stelle finden Sie externen Inhalt, der den Artikel erg\u00e4nzt. Sie k\u00f6nnen sich externe Inhalte mit einem Klick anzeigen lassen [\u2026]<\/p>\n","protected":false},"author":684,"featured_media":18209,"comment_status":"open","ping_status":"closed","sticky":false,"template":"","format":"standard","meta":{"_jetpack_memberships_contains_paid_content":false,"footnotes":""},"categories":[28],"tags":[],"class_list":["post-18198","post","type-post","status-publish","format-standard","has-post-thumbnail","hentry","category-video"],"yoast_head":"<!-- This site is optimized with the Yoast SEO plugin v21.0 - https:\/\/yoast.com\/wordpress\/plugins\/seo\/ -->\n<title>Glaserei: Du bist p\u00fcnktlich und arbeitest sauber? Hier ist dein Job<\/title>\n<meta name=\"description\" content=\"Weil eine Glaserei in der N\u00e4he von Bremerhaven keine Auszubildende findet, dreht sie ein Video und l\u00e4dt es bei Facebook hoch. Nun stehen die Bewerber Schlange.\" \/>\n<meta name=\"robots\" content=\"index, follow, max-snippet:-1, max-image-preview:large, max-video-preview:-1\" \/>\n<link rel=\"canonical\" href=\"https:\/\/blog.zeit.de\/teilchen\/2018\/02\/21\/glaserei-suche-azubis-ausbildung-facebookvideo\/\" \/>\n<meta property=\"og:locale\" content=\"de_DE\" \/>\n<meta property=\"og:type\" content=\"article\" \/>\n<meta property=\"og:title\" content=\"Glaserei: Du bist p\u00fcnktlich und arbeitest sauber? Hier ist dein Job\" \/>\n<meta property=\"og:description\" content=\"Weil eine Glaserei in der N\u00e4he von Bremerhaven keine Auszubildende findet, dreht sie ein Video und l\u00e4dt es bei Facebook hoch. Nun stehen die Bewerber Schlange.\" \/>\n<meta property=\"og:url\" content=\"https:\/\/blog.zeit.de\/teilchen\/2018\/02\/21\/glaserei-suche-azubis-ausbildung-facebookvideo\/\" \/>\n<meta property=\"og:site_name\" content=\"Teilchen\" \/>\n<meta property=\"article:published_time\" content=\"2018-02-21T10:33:14+00:00\" \/>\n<meta property=\"article:modified_time\" content=\"2018-02-21T11:07:35+00:00\" \/>\n<meta property=\"og:image\" content=\"https:\/\/blog.zeit.de\/teilchen\/files\/2018\/02\/preview.jpg\" \/>\n\t<meta property=\"og:image:width\" content=\"500\" \/>\n\t<meta property=\"og:image:height\" content=\"333\" \/>\n\t<meta property=\"og:image:type\" content=\"image\/jpeg\" \/>\n<meta name=\"author\" content=\"Hanna Lauwitz\" \/>\n<meta name=\"twitter:card\" content=\"summary_large_image\" \/>\n<meta name=\"twitter:creator\" content=\"@hannamariarosa\" \/>\n<meta name=\"twitter:site\" content=\"@zeitonline\" \/>\n<meta name=\"twitter:label1\" content=\"Geschrieben von\" \/>\n\t<meta name=\"twitter:data1\" content=\"Hanna Lauwitz\" \/>\n\t<meta name=\"twitter:label2\" content=\"Gesch\u00e4tzte Lesezeit\" \/>\n\t<meta name=\"twitter:data2\" content=\"2\u00a0Minuten\" \/>\n<script type=\"application\/ld+json\" class=\"yoast-schema-graph\">{\"@context\":\"https:\/\/schema.org\",\"@graph\":[{\"@type\":\"WebPage\",\"@id\":\"https:\/\/blog.zeit.de\/teilchen\/2018\/02\/21\/glaserei-suche-azubis-ausbildung-facebookvideo\/\",\"url\":\"https:\/\/blog.zeit.de\/teilchen\/2018\/02\/21\/glaserei-suche-azubis-ausbildung-facebookvideo\/\",\"name\":\"Glaserei: Du bist p\u00fcnktlich und arbeitest sauber? Hier ist dein Job\",\"isPartOf\":{\"@id\":\"https:\/\/blog.zeit.de\/teilchen\/#website\"},\"datePublished\":\"2018-02-21T10:33:14+00:00\",\"dateModified\":\"2018-02-21T11:07:35+00:00\",\"author\":{\"@id\":\"https:\/\/blog.zeit.de\/teilchen\/#\/schema\/person\/835c07f25a4cf509c1f669cd01218106\"},\"description\":\"Weil eine Glaserei in der N\u00e4he von Bremerhaven keine Auszubildende findet, dreht sie ein Video und l\u00e4dt es bei Facebook hoch. Nun stehen die Bewerber Schlange.\",\"breadcrumb\":{\"@id\":\"https:\/\/blog.zeit.de\/teilchen\/2018\/02\/21\/glaserei-suche-azubis-ausbildung-facebookvideo\/#breadcrumb\"},\"inLanguage\":\"de\",\"potentialAction\":[{\"@type\":\"ReadAction\",\"target\":[\"https:\/\/blog.zeit.de\/teilchen\/2018\/02\/21\/glaserei-suche-azubis-ausbildung-facebookvideo\/\"]}]},{\"@type\":\"BreadcrumbList\",\"@id\":\"https:\/\/blog.zeit.de\/teilchen\/2018\/02\/21\/glaserei-suche-azubis-ausbildung-facebookvideo\/#breadcrumb\",\"itemListElement\":[{\"@type\":\"ListItem\",\"position\":1,\"name\":\"Startseite\",\"item\":\"https:\/\/blog.zeit.de\/teilchen\/\"},{\"@type\":\"ListItem\",\"position\":2,\"name\":\"Du bist p\u00fcnktlich und arbeitest sauber? Dann hat Herr Sterz einen Job f\u00fcr dich\"}]},{\"@type\":\"WebSite\",\"@id\":\"https:\/\/blog.zeit.de\/teilchen\/#website\",\"url\":\"https:\/\/blog.zeit.de\/teilchen\/\",\"name\":\"Teilchen\",\"description\":\"Im Netz verstecken sich kleine Sch\u00e4tze - ZEIT ONLINE findet sie.\",\"potentialAction\":[{\"@type\":\"SearchAction\",\"target\":{\"@type\":\"EntryPoint\",\"urlTemplate\":\"https:\/\/blog.zeit.de\/teilchen\/?s={search_term_string}\"},\"query-input\":\"required name=search_term_string\"}],\"inLanguage\":\"de\"},{\"@type\":\"Person\",\"@id\":\"https:\/\/blog.zeit.de\/teilchen\/#\/schema\/person\/835c07f25a4cf509c1f669cd01218106\",\"name\":\"Hanna Lauwitz\",\"image\":{\"@type\":\"ImageObject\",\"inLanguage\":\"de\",\"@id\":\"https:\/\/blog.zeit.de\/teilchen\/#\/schema\/person\/image\/\",\"url\":\"https:\/\/secure.gravatar.com\/avatar\/a2058e8325b0c0f790e8ffc10cfad6a35ffeb4907f706f757da2927d3aaa6443?s=96&d=mm&r=g\",\"contentUrl\":\"https:\/\/secure.gravatar.com\/avatar\/a2058e8325b0c0f790e8ffc10cfad6a35ffeb4907f706f757da2927d3aaa6443?s=96&d=mm&r=g\",\"caption\":\"Hanna Lauwitz\"},\"description\":\"Redakteurin Social Media bei ZEIT ONLINE\",\"sameAs\":[\"https:\/\/twitter.com\/hannamariarosa\"],\"url\":\"https:\/\/blog.zeit.de\/teilchen\/author\/hlauwitz\/\"}]}<\/script>\n<!-- \/ Yoast SEO plugin. -->","yoast_head_json":{"title":"Glaserei: Du bist p\u00fcnktlich und arbeitest sauber? Hier ist dein Job","description":"Weil eine Glaserei in der N\u00e4he von Bremerhaven keine Auszubildende findet, dreht sie ein Video und l\u00e4dt es bei Facebook hoch. Nun stehen die Bewerber Schlange.","robots":{"index":"index","follow":"follow","max-snippet":"max-snippet:-1","max-image-preview":"max-image-preview:large","max-video-preview":"max-video-preview:-1"},"canonical":"https:\/\/blog.zeit.de\/teilchen\/2018\/02\/21\/glaserei-suche-azubis-ausbildung-facebookvideo\/","og_locale":"de_DE","og_type":"article","og_title":"Glaserei: Du bist p\u00fcnktlich und arbeitest sauber? Hier ist dein Job","og_description":"Weil eine Glaserei in der N\u00e4he von Bremerhaven keine Auszubildende findet, dreht sie ein Video und l\u00e4dt es bei Facebook hoch. Nun stehen die Bewerber Schlange.","og_url":"https:\/\/blog.zeit.de\/teilchen\/2018\/02\/21\/glaserei-suche-azubis-ausbildung-facebookvideo\/","og_site_name":"Teilchen","article_published_time":"2018-02-21T10:33:14+00:00","article_modified_time":"2018-02-21T11:07:35+00:00","og_image":[{"width":500,"height":333,"url":"https:\/\/blog.zeit.de\/teilchen\/files\/2018\/02\/preview.jpg","type":"image\/jpeg"}],"author":"Hanna Lauwitz","twitter_card":"summary_large_image","twitter_creator":"@hannamariarosa","twitter_site":"@zeitonline","twitter_misc":{"Geschrieben von":"Hanna Lauwitz","Gesch\u00e4tzte Lesezeit":"2\u00a0Minuten"},"schema":{"@context":"https:\/\/schema.org","@graph":[{"@type":"WebPage","@id":"https:\/\/blog.zeit.de\/teilchen\/2018\/02\/21\/glaserei-suche-azubis-ausbildung-facebookvideo\/","url":"https:\/\/blog.zeit.de\/teilchen\/2018\/02\/21\/glaserei-suche-azubis-ausbildung-facebookvideo\/","name":"Glaserei: Du bist p\u00fcnktlich und arbeitest sauber? Hier ist dein Job","isPartOf":{"@id":"https:\/\/blog.zeit.de\/teilchen\/#website"},"datePublished":"2018-02-21T10:33:14+00:00","dateModified":"2018-02-21T11:07:35+00:00","author":{"@id":"https:\/\/blog.zeit.de\/teilchen\/#\/schema\/person\/835c07f25a4cf509c1f669cd01218106"},"description":"Weil eine Glaserei in der N\u00e4he von Bremerhaven keine Auszubildende findet, dreht sie ein Video und l\u00e4dt es bei Facebook hoch. Nun stehen die Bewerber Schlange.","breadcrumb":{"@id":"https:\/\/blog.zeit.de\/teilchen\/2018\/02\/21\/glaserei-suche-azubis-ausbildung-facebookvideo\/#breadcrumb"},"inLanguage":"de","potentialAction":[{"@type":"ReadAction","target":["https:\/\/blog.zeit.de\/teilchen\/2018\/02\/21\/glaserei-suche-azubis-ausbildung-facebookvideo\/"]}]},{"@type":"BreadcrumbList","@id":"https:\/\/blog.zeit.de\/teilchen\/2018\/02\/21\/glaserei-suche-azubis-ausbildung-facebookvideo\/#breadcrumb","itemListElement":[{"@type":"ListItem","position":1,"name":"Startseite","item":"https:\/\/blog.zeit.de\/teilchen\/"},{"@type":"ListItem","position":2,"name":"Du bist p\u00fcnktlich und arbeitest sauber? Dann hat Herr Sterz einen Job f\u00fcr dich"}]},{"@type":"WebSite","@id":"https:\/\/blog.zeit.de\/teilchen\/#website","url":"https:\/\/blog.zeit.de\/teilchen\/","name":"Teilchen","description":"Im Netz verstecken sich kleine Sch\u00e4tze - ZEIT ONLINE findet sie.","potentialAction":[{"@type":"SearchAction","target":{"@type":"EntryPoint","urlTemplate":"https:\/\/blog.zeit.de\/teilchen\/?s={search_term_string}"},"query-input":"required name=search_term_string"}],"inLanguage":"de"},{"@type":"Person","@id":"https:\/\/blog.zeit.de\/teilchen\/#\/schema\/person\/835c07f25a4cf509c1f669cd01218106","name":"Hanna Lauwitz","image":{"@type":"ImageObject","inLanguage":"de","@id":"https:\/\/blog.zeit.de\/teilchen\/#\/schema\/person\/image\/","url":"https:\/\/secure.gravatar.com\/avatar\/a2058e8325b0c0f790e8ffc10cfad6a35ffeb4907f706f757da2927d3aaa6443?s=96&d=mm&r=g","contentUrl":"https:\/\/secure.gravatar.com\/avatar\/a2058e8325b0c0f790e8ffc10cfad6a35ffeb4907f706f757da2927d3aaa6443?s=96&d=mm&r=g","caption":"Hanna Lauwitz"},"description":"Redakteurin Social Media bei ZEIT ONLINE","sameAs":["https:\/\/twitter.com\/hannamariarosa"],"url":"https:\/\/blog.zeit.de\/teilchen\/author\/hlauwitz\/"}]}},"jetpack_featured_media_url":"https:\/\/blog.zeit.de\/teilchen\/files\/2018\/02\/preview.jpg","jetpack_sharing_enabled":true,"_links":{"self":[{"href":"https:\/\/blog.zeit.de\/teilchen\/wp-json\/wp\/v2\/posts\/18198","targetHints":{"allow":["GET"]}}],"collection":[{"href":"https:\/\/blog.zeit.de\/teilchen\/wp-json\/wp\/v2\/posts"}],"about":[{"href":"https:\/\/blog.zeit.de\/teilchen\/wp-json\/wp\/v2\/types\/post"}],"author":[{"embeddable":true,"href":"https:\/\/blog.zeit.de\/teilchen\/wp-json\/wp\/v2\/users\/684"}],"replies":[{"embeddable":true,"href":"https:\/\/blog.zeit.de\/teilchen\/wp-json\/wp\/v2\/comments?post=18198"}],"version-history":[{"count":14,"href":"https:\/\/blog.zeit.de\/teilchen\/wp-json\/wp\/v2\/posts\/18198\/revisions"}],"predecessor-version":[{"id":18213,"href":"https:\/\/blog.zeit.de\/teilchen\/wp-json\/wp\/v2\/posts\/18198\/revisions\/18213"}],"wp:featuredmedia":[{"embeddable":true,"href":"https:\/\/blog.zeit.de\/teilchen\/wp-json\/wp\/v2\/media\/18209"}],"wp:attachment":[{"href":"https:\/\/blog.zeit.de\/teilchen\/wp-json\/wp\/v2\/media?parent=18198"}],"wp:term":[{"taxonomy":"category","embeddable":true,"href":"https:\/\/blog.zeit.de\/teilchen\/wp-json\/wp\/v2\/categories?post=18198"},{"taxonomy":"post_tag","embeddable":true,"href":"https:\/\/blog.zeit.de\/teilchen\/wp-json\/wp\/v2\/tags?post=18198"}],"curies":[{"name":"wp","href":"https:\/\/api.w.org\/{rel}","templated":true}]}}