{"id":18498,"date":"2018-05-16T18:11:23","date_gmt":"2018-05-16T16:11:23","guid":{"rendered":"https:\/\/blog.zeit.de\/teilchen\/?p=18498"},"modified":"2018-05-16T19:23:17","modified_gmt":"2018-05-16T17:23:17","slug":"kaderpraesentation-fussball-wm-england","status":"publish","type":"post","link":"https:\/\/blog.zeit.de\/teilchen\/2018\/05\/16\/kaderpraesentation-fussball-wm-england\/","title":{"rendered":"Die Engl\u00e4nder zeigen uns, wie eine gute WM-Kaderpr\u00e4sentation geht"},"content":{"rendered":"\n<div class=\"embed-wrapper embed-wrapper--blocked js-embed-consent\" data-method=\"embed\">\n<script class=\"raw__source\" type=\"text\/template\"><iframe loading=\"lazy\" title=\"England\u2019s World Cup Squad Revealed! | World Cup 2018\" width=\"640\" height=\"360\" src=\"https:\/\/www.youtube-nocookie.com\/embed\/xGZ_SQswAdk?feature=oembed\" frameborder=\"0\" allow=\"accelerometer; autoplay; clipboard-write; encrypted-media; gyroscope; picture-in-picture; web-share\" referrerpolicy=\"strict-origin-when-cross-origin\" allowfullscreen><\/iframe><\/script>\n<div class=\"embed-wrapper__inner\">\n<div class=\"embed-wrapper__text\">\n<h3>Empfohlener redaktioneller Inhalt<\/h3>\n<p data-replace=\"no\">An dieser Stelle finden Sie externen Inhalt, der den Artikel erg\u00e4nzt. Sie k\u00f6nnen sich externe Inhalte mit einem Klick anzeigen lassen und wieder ausblenden.<noscript>Bitte aktivieren Sie JavaScript damit Sie diesen Inhalt anzeigen k\u00f6nnen.<\/noscript><\/p>\n<\/div>\n<div class=\"embed-consent\">\n<label class=\"embed-consent__toggle\">\n<input class=\"js-embed-consent__toggle\" type=\"checkbox\" autocomplete=\"off\">\n<span><\/span>\nExterner Inhalt\n<\/label>\n<a href=\"https:\/\/www.zeit.de\/hilfe\/datenschutz\" target=\"_blank\" class=\"embed-consent__datalink-when-active\">Datenschutzerkl\u00e4rung<\/a>\n<\/div>\n<div class=\"embed-wrapper__footer\">\n<p data-replace=\"no\">\nIch bin damit einverstanden, dass mir externe Inhalte angezeigt werden. Damit k\u00f6nnen personenbezogene Daten an Drittplattformen \u00fcbermittelt werden. <a href=\"https:\/\/www.zeit.de\/hilfe\/datenschutz\" target=\"_blank\">Mehr dazu in unserer Datenschutzerkl\u00e4rung.<\/a>\n<\/p>\n<\/div>\n<\/div>\n<\/div>\n<p>England hat seinen Kader f\u00fcr die anstehende Fu\u00dfball-Weltmeisterschaft bekannt gegeben. Das ist soweit nichts Ungew\u00f6hnliches, 31 andere Nationen taten in diesen Tagen dasselbe. Statt eine fade Kaderliste zu ver\u00f6ffentlichen, lie\u00df der englische Fu\u00dfball-Verband jedoch junge Fans die Spielernamen in einem Video verk\u00fcnden.<\/p>\n<p><!--more--><a href=\"https:\/\/www.zeit.de\/news\/2015-07\/15\/fussball-raheem-sterling-vom-problemkind-zum-rekordtransfer-15142618\" target=\"_blank\" rel=\"noopener\">&#8222;Raheem Sterling&#8220;<\/a>, ruft ein Junge mit ausgepr\u00e4gtem Londoner Akzent und wirkt dabei fast so aufgeregt, als ob er im Juli selbst nach Russland fahren w\u00fcrde. &#8222;Nat\u00fcrlich kommt er mit&#8220;, pflichtet ihm sein Nebenmann bei. Die Gruppe Jugendlicher in einer Imbissbude bricht in Jubel aus. Auf \u00e4hnliche Weise werden so alle 23 Spieler, die Trainer Gareth Southgate nominiert hat, preisgegeben. Vor dem Wembley Stadion in London, aber auch in zahlreichen anderen St\u00e4dten in England freuen sich die &#8222;Youngster&#8220; f\u00fcr ihre Idole. Die meisten von ihnen sind selbst Spieler und Spielerinnen bei Amateurvereinen.<\/p>\n<p><a href=\"https:\/\/www.zeit.de\/sport\/2018-05\/dfb-wm-kader-russland-wm-2018\" target=\"_blank\" rel=\"noopener\">Bereits gestern gab der Deutsche Fu\u00dfball-Bund seinen vorl\u00e4ufigen WM-Kader bekannt<\/a> und setzte dabei auf etwas mehr Contenance. Joachim L\u00f6w wurde im Fu\u00dfballmuseum in Dortmund interviewt, auch Pr\u00e4sident Reinhard Grindel durfte sich ausf\u00fchrlich \u00e4u\u00dfern. Einzig der Auftritt vom russischen Nationaltrainer Stanislav Cherchesov, der per Hologramm auf die B\u00fchne projiziert wurde, sorgte f\u00fcr ein wenig Pep. Vielleicht steht in vier Jahren ja ein Jugendlicher vor dem Olympiastadion und ruft mit Berliner Dialekt in die Kamera: &#8222;Antonio R\u00fcdiger, biste dabei, wa?&#8220;. Unterhaltsamer als das aktuelle Video w\u00e4re das allemal.<\/p>\n\n<div class=\"embed-wrapper embed-wrapper--blocked js-embed-consent\" data-method=\"embed\">\n<script class=\"raw__source\" type=\"text\/template\"><iframe loading=\"lazy\" title=\"Die Mannschaft: Das ist der vorl\u00e4ufige WM-Kader\" width=\"640\" height=\"360\" src=\"https:\/\/www.youtube-nocookie.com\/embed\/49FsA03dZCA?feature=oembed\" frameborder=\"0\" allow=\"accelerometer; autoplay; clipboard-write; encrypted-media; gyroscope; picture-in-picture; web-share\" referrerpolicy=\"strict-origin-when-cross-origin\" allowfullscreen><\/iframe><\/script>\n<div class=\"embed-wrapper__inner\">\n<div class=\"embed-wrapper__text\">\n<h3>Empfohlener redaktioneller Inhalt<\/h3>\n<p data-replace=\"no\">An dieser Stelle finden Sie externen Inhalt, der den Artikel erg\u00e4nzt. Sie k\u00f6nnen sich externe Inhalte mit einem Klick anzeigen lassen und wieder ausblenden.<noscript>Bitte aktivieren Sie JavaScript damit Sie diesen Inhalt anzeigen k\u00f6nnen.<\/noscript><\/p>\n<\/div>\n<div class=\"embed-consent\">\n<label class=\"embed-consent__toggle\">\n<input class=\"js-embed-consent__toggle\" type=\"checkbox\" autocomplete=\"off\">\n<span><\/span>\nExterner Inhalt\n<\/label>\n<a href=\"https:\/\/www.zeit.de\/hilfe\/datenschutz\" target=\"_blank\" class=\"embed-consent__datalink-when-active\">Datenschutzerkl\u00e4rung<\/a>\n<\/div>\n<div class=\"embed-wrapper__footer\">\n<p data-replace=\"no\">\nIch bin damit einverstanden, dass mir externe Inhalte angezeigt werden. Damit k\u00f6nnen personenbezogene Daten an Drittplattformen \u00fcbermittelt werden. <a href=\"https:\/\/www.zeit.de\/hilfe\/datenschutz\" target=\"_blank\">Mehr dazu in unserer Datenschutzerkl\u00e4rung.<\/a>\n<\/p>\n<\/div>\n<\/div>\n<\/div>\n<p><em>Weitere <a href=\"https:\/\/blog.zeit.de\/teilchen\/\" target=\"_blank\" rel=\"noopener\">Netzfundst\u00fccke gibt&#8217;s im Teilchen-Blog<\/a>.<\/em><\/p>\n<p><em>Mehr zur <a href=\"https:\/\/www.zeit.de\/thema\/fussball-wm\" target=\"_blank\" rel=\"noopener\">Fu\u00dfball-WM in Russland erfahren Sie hier<\/a>.<\/em><\/p>\n","protected":false},"excerpt":{"rendered":"<p>Empfohlener redaktioneller Inhalt An dieser Stelle finden Sie externen Inhalt, der den Artikel erg\u00e4nzt. Sie k\u00f6nnen sich externe Inhalte mit einem Klick anzeigen lassen [\u2026]<\/p>\n","protected":false},"author":724,"featured_media":18500,"comment_status":"open","ping_status":"closed","sticky":false,"template":"","format":"standard","meta":{"_jetpack_memberships_contains_paid_content":false,"footnotes":""},"categories":[28],"tags":[],"class_list":["post-18498","post","type-post","status-publish","format-standard","has-post-thumbnail","hentry","category-video"],"yoast_head":"<!-- This site is optimized with the Yoast SEO plugin v21.0 - https:\/\/yoast.com\/wordpress\/plugins\/seo\/ -->\n<title>So geht eine gute Kaderpr\u00e4sentation f\u00fcr die Fu\u00dfball-WM<\/title>\n<meta name=\"description\" content=\"England hat uns gezeigt, wie eine Kaderpr\u00e4sentation f\u00fcr die Fu\u00dfball-WM aussehen sollte: Man nehme ein paar junge Fu\u00dfballfans und lasse sie die Namen der Spieler vorlesen. Authentischer geht es kaum.\" \/>\n<meta name=\"robots\" content=\"index, follow, max-snippet:-1, max-image-preview:large, max-video-preview:-1\" \/>\n<link rel=\"canonical\" href=\"https:\/\/blog.zeit.de\/teilchen\/2018\/05\/16\/kaderpraesentation-fussball-wm-england\/\" \/>\n<meta property=\"og:locale\" content=\"de_DE\" \/>\n<meta property=\"og:type\" content=\"article\" \/>\n<meta property=\"og:title\" content=\"So geht eine gute Kaderpr\u00e4sentation f\u00fcr die Fu\u00dfball-WM\" \/>\n<meta property=\"og:description\" content=\"England hat uns gezeigt, wie eine Kaderpr\u00e4sentation f\u00fcr die Fu\u00dfball-WM aussehen sollte: Man nehme ein paar junge Fu\u00dfballfans und lasse sie die Namen der Spieler vorlesen. Authentischer geht es kaum.\" \/>\n<meta property=\"og:url\" content=\"https:\/\/blog.zeit.de\/teilchen\/2018\/05\/16\/kaderpraesentation-fussball-wm-england\/\" \/>\n<meta property=\"og:site_name\" content=\"Teilchen\" \/>\n<meta property=\"article:published_time\" content=\"2018-05-16T16:11:23+00:00\" \/>\n<meta property=\"article:modified_time\" content=\"2018-05-16T17:23:17+00:00\" \/>\n<meta property=\"og:image\" content=\"https:\/\/blog.zeit.de\/teilchen\/files\/2018\/05\/Bildschirmfoto-2018-05-16-um-17.55.29.png\" \/>\n\t<meta property=\"og:image:width\" content=\"844\" \/>\n\t<meta property=\"og:image:height\" content=\"469\" \/>\n\t<meta property=\"og:image:type\" content=\"image\/png\" \/>\n<meta name=\"author\" content=\"Lukas Brems\" \/>\n<meta name=\"twitter:card\" content=\"summary_large_image\" \/>\n<meta name=\"twitter:image\" content=\"https:\/\/blog.zeit.de\/teilchen\/files\/2018\/05\/Bildschirmfoto-2018-05-16-um-17.55.29.png\" \/>\n<meta name=\"twitter:creator\" content=\"@zeitonline\" \/>\n<meta name=\"twitter:site\" content=\"@zeitonline\" \/>\n<meta name=\"twitter:label1\" content=\"Geschrieben von\" \/>\n\t<meta name=\"twitter:data1\" content=\"Lukas Brems\" \/>\n\t<meta name=\"twitter:label2\" content=\"Gesch\u00e4tzte Lesezeit\" \/>\n\t<meta name=\"twitter:data2\" content=\"1\u00a0Minute\" \/>\n<script type=\"application\/ld+json\" class=\"yoast-schema-graph\">{\"@context\":\"https:\/\/schema.org\",\"@graph\":[{\"@type\":\"WebPage\",\"@id\":\"https:\/\/blog.zeit.de\/teilchen\/2018\/05\/16\/kaderpraesentation-fussball-wm-england\/\",\"url\":\"https:\/\/blog.zeit.de\/teilchen\/2018\/05\/16\/kaderpraesentation-fussball-wm-england\/\",\"name\":\"So geht eine gute Kaderpr\u00e4sentation f\u00fcr die Fu\u00dfball-WM\",\"isPartOf\":{\"@id\":\"https:\/\/blog.zeit.de\/teilchen\/#website\"},\"datePublished\":\"2018-05-16T16:11:23+00:00\",\"dateModified\":\"2018-05-16T17:23:17+00:00\",\"author\":{\"@id\":\"https:\/\/blog.zeit.de\/teilchen\/#\/schema\/person\/35c856c60da8e8d1441b2bfdb38a58fd\"},\"description\":\"England hat uns gezeigt, wie eine Kaderpr\u00e4sentation f\u00fcr die Fu\u00dfball-WM aussehen sollte: Man nehme ein paar junge Fu\u00dfballfans und lasse sie die Namen der Spieler vorlesen. Authentischer geht es kaum.\",\"breadcrumb\":{\"@id\":\"https:\/\/blog.zeit.de\/teilchen\/2018\/05\/16\/kaderpraesentation-fussball-wm-england\/#breadcrumb\"},\"inLanguage\":\"de\",\"potentialAction\":[{\"@type\":\"ReadAction\",\"target\":[\"https:\/\/blog.zeit.de\/teilchen\/2018\/05\/16\/kaderpraesentation-fussball-wm-england\/\"]}]},{\"@type\":\"BreadcrumbList\",\"@id\":\"https:\/\/blog.zeit.de\/teilchen\/2018\/05\/16\/kaderpraesentation-fussball-wm-england\/#breadcrumb\",\"itemListElement\":[{\"@type\":\"ListItem\",\"position\":1,\"name\":\"Startseite\",\"item\":\"https:\/\/blog.zeit.de\/teilchen\/\"},{\"@type\":\"ListItem\",\"position\":2,\"name\":\"Die Engl\u00e4nder zeigen uns, wie eine gute WM-Kaderpr\u00e4sentation geht\"}]},{\"@type\":\"WebSite\",\"@id\":\"https:\/\/blog.zeit.de\/teilchen\/#website\",\"url\":\"https:\/\/blog.zeit.de\/teilchen\/\",\"name\":\"Teilchen\",\"description\":\"Im Netz verstecken sich kleine Sch\u00e4tze - ZEIT ONLINE findet sie.\",\"potentialAction\":[{\"@type\":\"SearchAction\",\"target\":{\"@type\":\"EntryPoint\",\"urlTemplate\":\"https:\/\/blog.zeit.de\/teilchen\/?s={search_term_string}\"},\"query-input\":\"required name=search_term_string\"}],\"inLanguage\":\"de\"},{\"@type\":\"Person\",\"@id\":\"https:\/\/blog.zeit.de\/teilchen\/#\/schema\/person\/35c856c60da8e8d1441b2bfdb38a58fd\",\"name\":\"Lukas Brems\",\"image\":{\"@type\":\"ImageObject\",\"inLanguage\":\"de\",\"@id\":\"https:\/\/blog.zeit.de\/teilchen\/#\/schema\/person\/image\/\",\"url\":\"https:\/\/secure.gravatar.com\/avatar\/cdb4f0b58a4fd472599986e8a622184e9a0f082de79ab9ff9b9e35e5c098f743?s=96&d=mm&r=g\",\"contentUrl\":\"https:\/\/secure.gravatar.com\/avatar\/cdb4f0b58a4fd472599986e8a622184e9a0f082de79ab9ff9b9e35e5c098f743?s=96&d=mm&r=g\",\"caption\":\"Lukas Brems\"},\"description\":\"Lukas Brems ist Hospitant im Sport bei ZEIT ONLINE. Er studiert an der Deutschen Sporthochschule K\u00f6ln.\",\"url\":\"https:\/\/blog.zeit.de\/teilchen\/author\/lbrems\/\"}]}<\/script>\n<!-- \/ Yoast SEO plugin. -->","yoast_head_json":{"title":"So geht eine gute Kaderpr\u00e4sentation f\u00fcr die Fu\u00dfball-WM","description":"England hat uns gezeigt, wie eine Kaderpr\u00e4sentation f\u00fcr die Fu\u00dfball-WM aussehen sollte: Man nehme ein paar junge Fu\u00dfballfans und lasse sie die Namen der Spieler vorlesen. Authentischer geht es kaum.","robots":{"index":"index","follow":"follow","max-snippet":"max-snippet:-1","max-image-preview":"max-image-preview:large","max-video-preview":"max-video-preview:-1"},"canonical":"https:\/\/blog.zeit.de\/teilchen\/2018\/05\/16\/kaderpraesentation-fussball-wm-england\/","og_locale":"de_DE","og_type":"article","og_title":"So geht eine gute Kaderpr\u00e4sentation f\u00fcr die Fu\u00dfball-WM","og_description":"England hat uns gezeigt, wie eine Kaderpr\u00e4sentation f\u00fcr die Fu\u00dfball-WM aussehen sollte: Man nehme ein paar junge Fu\u00dfballfans und lasse sie die Namen der Spieler vorlesen. Authentischer geht es kaum.","og_url":"https:\/\/blog.zeit.de\/teilchen\/2018\/05\/16\/kaderpraesentation-fussball-wm-england\/","og_site_name":"Teilchen","article_published_time":"2018-05-16T16:11:23+00:00","article_modified_time":"2018-05-16T17:23:17+00:00","og_image":[{"width":844,"height":469,"url":"https:\/\/blog.zeit.de\/teilchen\/files\/2018\/05\/Bildschirmfoto-2018-05-16-um-17.55.29.png","type":"image\/png"}],"author":"Lukas Brems","twitter_card":"summary_large_image","twitter_image":"https:\/\/blog.zeit.de\/teilchen\/files\/2018\/05\/Bildschirmfoto-2018-05-16-um-17.55.29.png","twitter_creator":"@zeitonline","twitter_site":"@zeitonline","twitter_misc":{"Geschrieben von":"Lukas Brems","Gesch\u00e4tzte Lesezeit":"1\u00a0Minute"},"schema":{"@context":"https:\/\/schema.org","@graph":[{"@type":"WebPage","@id":"https:\/\/blog.zeit.de\/teilchen\/2018\/05\/16\/kaderpraesentation-fussball-wm-england\/","url":"https:\/\/blog.zeit.de\/teilchen\/2018\/05\/16\/kaderpraesentation-fussball-wm-england\/","name":"So geht eine gute Kaderpr\u00e4sentation f\u00fcr die Fu\u00dfball-WM","isPartOf":{"@id":"https:\/\/blog.zeit.de\/teilchen\/#website"},"datePublished":"2018-05-16T16:11:23+00:00","dateModified":"2018-05-16T17:23:17+00:00","author":{"@id":"https:\/\/blog.zeit.de\/teilchen\/#\/schema\/person\/35c856c60da8e8d1441b2bfdb38a58fd"},"description":"England hat uns gezeigt, wie eine Kaderpr\u00e4sentation f\u00fcr die Fu\u00dfball-WM aussehen sollte: Man nehme ein paar junge Fu\u00dfballfans und lasse sie die Namen der Spieler vorlesen. Authentischer geht es kaum.","breadcrumb":{"@id":"https:\/\/blog.zeit.de\/teilchen\/2018\/05\/16\/kaderpraesentation-fussball-wm-england\/#breadcrumb"},"inLanguage":"de","potentialAction":[{"@type":"ReadAction","target":["https:\/\/blog.zeit.de\/teilchen\/2018\/05\/16\/kaderpraesentation-fussball-wm-england\/"]}]},{"@type":"BreadcrumbList","@id":"https:\/\/blog.zeit.de\/teilchen\/2018\/05\/16\/kaderpraesentation-fussball-wm-england\/#breadcrumb","itemListElement":[{"@type":"ListItem","position":1,"name":"Startseite","item":"https:\/\/blog.zeit.de\/teilchen\/"},{"@type":"ListItem","position":2,"name":"Die Engl\u00e4nder zeigen uns, wie eine gute WM-Kaderpr\u00e4sentation geht"}]},{"@type":"WebSite","@id":"https:\/\/blog.zeit.de\/teilchen\/#website","url":"https:\/\/blog.zeit.de\/teilchen\/","name":"Teilchen","description":"Im Netz verstecken sich kleine Sch\u00e4tze - ZEIT ONLINE findet sie.","potentialAction":[{"@type":"SearchAction","target":{"@type":"EntryPoint","urlTemplate":"https:\/\/blog.zeit.de\/teilchen\/?s={search_term_string}"},"query-input":"required name=search_term_string"}],"inLanguage":"de"},{"@type":"Person","@id":"https:\/\/blog.zeit.de\/teilchen\/#\/schema\/person\/35c856c60da8e8d1441b2bfdb38a58fd","name":"Lukas Brems","image":{"@type":"ImageObject","inLanguage":"de","@id":"https:\/\/blog.zeit.de\/teilchen\/#\/schema\/person\/image\/","url":"https:\/\/secure.gravatar.com\/avatar\/cdb4f0b58a4fd472599986e8a622184e9a0f082de79ab9ff9b9e35e5c098f743?s=96&d=mm&r=g","contentUrl":"https:\/\/secure.gravatar.com\/avatar\/cdb4f0b58a4fd472599986e8a622184e9a0f082de79ab9ff9b9e35e5c098f743?s=96&d=mm&r=g","caption":"Lukas Brems"},"description":"Lukas Brems ist Hospitant im Sport bei ZEIT ONLINE. Er studiert an der Deutschen Sporthochschule K\u00f6ln.","url":"https:\/\/blog.zeit.de\/teilchen\/author\/lbrems\/"}]}},"jetpack_featured_media_url":"https:\/\/blog.zeit.de\/teilchen\/files\/2018\/05\/Bildschirmfoto-2018-05-16-um-17.55.29.png","jetpack_sharing_enabled":true,"_links":{"self":[{"href":"https:\/\/blog.zeit.de\/teilchen\/wp-json\/wp\/v2\/posts\/18498","targetHints":{"allow":["GET"]}}],"collection":[{"href":"https:\/\/blog.zeit.de\/teilchen\/wp-json\/wp\/v2\/posts"}],"about":[{"href":"https:\/\/blog.zeit.de\/teilchen\/wp-json\/wp\/v2\/types\/post"}],"author":[{"embeddable":true,"href":"https:\/\/blog.zeit.de\/teilchen\/wp-json\/wp\/v2\/users\/724"}],"replies":[{"embeddable":true,"href":"https:\/\/blog.zeit.de\/teilchen\/wp-json\/wp\/v2\/comments?post=18498"}],"version-history":[{"count":5,"href":"https:\/\/blog.zeit.de\/teilchen\/wp-json\/wp\/v2\/posts\/18498\/revisions"}],"predecessor-version":[{"id":18506,"href":"https:\/\/blog.zeit.de\/teilchen\/wp-json\/wp\/v2\/posts\/18498\/revisions\/18506"}],"wp:featuredmedia":[{"embeddable":true,"href":"https:\/\/blog.zeit.de\/teilchen\/wp-json\/wp\/v2\/media\/18500"}],"wp:attachment":[{"href":"https:\/\/blog.zeit.de\/teilchen\/wp-json\/wp\/v2\/media?parent=18498"}],"wp:term":[{"taxonomy":"category","embeddable":true,"href":"https:\/\/blog.zeit.de\/teilchen\/wp-json\/wp\/v2\/categories?post=18498"},{"taxonomy":"post_tag","embeddable":true,"href":"https:\/\/blog.zeit.de\/teilchen\/wp-json\/wp\/v2\/tags?post=18498"}],"curies":[{"name":"wp","href":"https:\/\/api.w.org\/{rel}","templated":true}]}}